{"id":950389,"date":"2025-09-05T14:22:23","date_gmt":"2025-09-05T12:22:23","guid":{"rendered":"https:\/\/dmcsrb.com\/uncategorized\/mkm-iznenadjeni-smo-nemilim-dogadjajem-na-zabjelu-tuzilastvo-da-procesuira-odgovorne\/"},"modified":"2025-09-05T14:22:23","modified_gmt":"2025-09-05T12:22:23","slug":"mkm-iznenadjeni-smo-nemilim-dogadjajem-na-zabjelu-tuzilastvo-da-procesuira-odgovorne","status":"publish","type":"post","link":"https:\/\/dmcsrb.com\/en\/drustvo\/mkm-iznenadjeni-smo-nemilim-dogadjajem-na-zabjelu-tuzilastvo-da-procesuira-odgovorne\/","title":{"rendered":"MKM: Iznena\u0111eni smo nemilim doga\u0111ajem na Zabjelu, tu\u017eila\u0161tvo da procesuira odgovorne"},"content":{"rendered":"<p><\/p>\n\n\n\n<p><br><\/p>\n\n\n\n<p><\/p>\n\n\n\n<p>Saop\u0161tenje MKM prenosimo integralno:<\/p>\n\n\n\n<p>&#8220;Iznena\u0111eni smo i zabrinuti zbog nemilog doga\u0111aja na Zabjelu, gdje je prekinuta projekcija filma \u201eRoda\u201c, u re\u017eiji Ise \u0106osje, u okviru D\u017eada Film Fest-a.<\/p>\n\n\n\n<p>Umjetnost, a naro\u010dito filmska umjetnost, uvijek je bila i mora ostati prostor dijaloga, slobode izraza i suo\u010davanja sa pitanjima i izazovima dru\u0161tva u kojem \u017eivimo.<\/p>\n\n\n\n<p>Nakon uspje\u0161ne svjetske premijere i otvaranja pro\u0161logodi\u0161njeg PriFest-a, film Roda je 3. decembra 2024. godine imao podgori\u010dku premijeru u prepunoj sali Muzi\u010dkog centra Crne Gore, a potom i distribucija u svim digitalizovanim bioskopima u Crnoj Gori.<br><\/p>\n\n\n\n<p>Filmski festivali jedan su od najzna\u010dajnijih na\u010dina da se te teme predstave javnosti. O tome svjedo\u010di i ovogodi\u0161nji 38. Filmski festival u Herceg Novom, gdje je \u201eRoda\u201c prikazana i do\u010dekana sa velikom pa\u017enjom i toplim reakcijama publike.<\/p>\n\n\n\n<p>Posebno smo ponosni na \u010dinjenicu da je film \u201eRoda\u201c crnogorska produkcija. Upravo jezici koji se u filmu koriste odra\u017eavaju ono \u0161to Crna Gora jeste &#8211; bogatstvo jezika i autenti\u010dnih pri\u010da koje mo\u017ee iznjedriti samo multikonfesionalna sredina. Na to smo posebno ponosni.<\/p>\n\n\n\n<p>Upravo zato je nedopustivo da se u zemlji doma\u0107inu jednog od najzna\u010dajnijih regionalnih susreta filma, i u zemlji koja stvara uslove za \u0161to sna\u017eniju me\u0111unarodnu saradnju i koprodukcije, na ovakav na\u010din prekida emitovanje (projekcija) filma.<\/p>\n\n\n\n<p>Pozdravljamo brzu reakciju policije i o\u010dekujemo da tu\u017eila\u0161tvo procesuira odgovorne, kako bi se poslala jasna poruka da u Crnoj Gori nema mjesta prijetnjama, netoleranciji i uskra\u0107ivanju prava gra\u0111ana da u\u010destvuju u kulturnom \u017eivotu zajednice.<\/p>\n\n\n\n<p>U tom duhu, D\u017eada Film Fest mora nastaviti da donosi ovakve vrijedne procese na na\u0161e ulice, jer upravo kroz njih Podgorica i Crna Gora potvr\u0111uju svoju otvorenost i kulturnu vitalnost.<\/p>\n\n\n\n<p>Izra\u017eavamo podr\u0161ku organizatorima nudeci dodatne projekcije u na\u0161im ustanovama kulture,a filmu &#8220;Roda&#8221; uspje\u0161an festivalski \u017eivot \u0161irom svijeta.&#8221;<\/p>","protected":false},"excerpt":{"rendered":"<p>Iz Ministarstva kulture i medija oglasili su se povodom prekidanje projekcije filma albanskog re\u017eisera Ise \u0106osje na D\u017eada film festu u Podgorici.<\/p>","protected":false},"author":1,"featured_media":912704,"comment_status":"open","ping_status":"open","sticky":false,"template":"","format":"standard","meta":{"_acf_changed":false,"footnotes":""},"categories":[2],"tags":[7026,7027],"naslovna":[],"class_list":["post-950389","post","type-post","status-publish","format-standard","has-post-thumbnail","hentry","category-drustvo","tag-film-roda","tag-ministartvo-kulture-i-medija"],"acf":[],"yoast_head":"<!-- This site is optimized with the Yoast SEO plugin v27.0 - https:\/\/yoast.com\/product\/yoast-seo-wordpress\/ -->\n<title>MKM: Iznena\u0111eni smo nemilim doga\u0111ajem na Zabjelu, tu\u017eila\u0161tvo da procesuira odgovorne - dmcsrb.com<\/title>\n<meta name=\"robots\" content=\"index, follow, max-snippet:-1, max-image-preview:large, max-video-preview:-1\" \/>\n<link rel=\"canonical\" href=\"https:\/\/dmcsrb.com\/en\/drustvo\/mkm-iznenadjeni-smo-nemilim-dogadjajem-na-zabjelu-tuzilastvo-da-procesuira-odgovorne\/\" \/>\n<meta property=\"og:locale\" content=\"en_GB\" \/>\n<meta property=\"og:type\" content=\"article\" \/>\n<meta property=\"og:title\" content=\"MKM: Iznena\u0111eni smo nemilim doga\u0111ajem na Zabjelu, tu\u017eila\u0161tvo da procesuira odgovorne - dmcsrb.com\" \/>\n<meta property=\"og:description\" content=\"Iz Ministarstva kulture i medija oglasili su se povodom prekidanje projekcije filma albanskog re\u017eisera Ise \u0106osje na D\u017eada film festu u Podgorici.\" \/>\n<meta property=\"og:url\" content=\"https:\/\/dmcsrb.com\/en\/drustvo\/mkm-iznenadjeni-smo-nemilim-dogadjajem-na-zabjelu-tuzilastvo-da-procesuira-odgovorne\/\" \/>\n<meta property=\"og:site_name\" content=\"dmcsrb.com\" \/>\n<meta property=\"article:published_time\" content=\"2025-09-05T12:22:23+00:00\" \/>\n<meta property=\"og:image\" content=\"https:\/\/dmcsrb.com\/wp-content\/uploads\/2026\/01\/Tamara-Vujovic-ministarka-foto-pr-centar.jpg\" \/>\n\t<meta property=\"og:image:width\" content=\"1041\" \/>\n\t<meta property=\"og:image:height\" content=\"618\" \/>\n\t<meta property=\"og:image:type\" content=\"image\/jpeg\" \/>\n<meta name=\"author\" content=\"dmcsrbija.com@gmail.com\" \/>\n<meta name=\"twitter:card\" content=\"summary_large_image\" \/>\n<meta name=\"twitter:label1\" content=\"Written by\" \/>\n\t<meta name=\"twitter:data1\" content=\"dmcsrbija.com@gmail.com\" \/>\n\t<meta name=\"twitter:label2\" content=\"Estimated reading time\" \/>\n\t<meta name=\"twitter:data2\" content=\"2 minutes\" \/>\n<script type=\"application\/ld+json\" class=\"yoast-schema-graph\">{\"@context\":\"https:\/\/schema.org\",\"@graph\":[{\"@type\":\"Article\",\"@id\":\"https:\/\/dmcsrb.com\/drustvo\/mkm-iznenadjeni-smo-nemilim-dogadjajem-na-zabjelu-tuzilastvo-da-procesuira-odgovorne\/#article\",\"isPartOf\":{\"@id\":\"https:\/\/dmcsrb.com\/drustvo\/mkm-iznenadjeni-smo-nemilim-dogadjajem-na-zabjelu-tuzilastvo-da-procesuira-odgovorne\/\"},\"author\":{\"name\":\"dmcsrbija.com@gmail.com\",\"@id\":\"https:\/\/dmcsrb.com\/#\/schema\/person\/5c39170f12db1b8b457732d0b5c854e2\"},\"headline\":\"MKM: Iznena\u0111eni smo nemilim doga\u0111ajem na Zabjelu, tu\u017eila\u0161tvo da procesuira odgovorne\",\"datePublished\":\"2025-09-05T12:22:23+00:00\",\"mainEntityOfPage\":{\"@id\":\"https:\/\/dmcsrb.com\/drustvo\/mkm-iznenadjeni-smo-nemilim-dogadjajem-na-zabjelu-tuzilastvo-da-procesuira-odgovorne\/\"},\"wordCount\":337,\"commentCount\":0,\"image\":{\"@id\":\"https:\/\/dmcsrb.com\/drustvo\/mkm-iznenadjeni-smo-nemilim-dogadjajem-na-zabjelu-tuzilastvo-da-procesuira-odgovorne\/#primaryimage\"},\"thumbnailUrl\":\"https:\/\/dmcsrb.com\/wp-content\/uploads\/2026\/01\/Tamara-Vujovic-ministarka-foto-pr-centar.jpg\",\"keywords\":[\"Film \\\"Roda\\\"\",\"Ministartvo kulture i medija\"],\"articleSection\":[\"Dru\u0161tvo\"],\"inLanguage\":\"en-GB\",\"potentialAction\":[{\"@type\":\"CommentAction\",\"name\":\"Comment\",\"target\":[\"https:\/\/dmcsrb.com\/drustvo\/mkm-iznenadjeni-smo-nemilim-dogadjajem-na-zabjelu-tuzilastvo-da-procesuira-odgovorne\/#respond\"]}]},{\"@type\":\"WebPage\",\"@id\":\"https:\/\/dmcsrb.com\/drustvo\/mkm-iznenadjeni-smo-nemilim-dogadjajem-na-zabjelu-tuzilastvo-da-procesuira-odgovorne\/\",\"url\":\"https:\/\/dmcsrb.com\/drustvo\/mkm-iznenadjeni-smo-nemilim-dogadjajem-na-zabjelu-tuzilastvo-da-procesuira-odgovorne\/\",\"name\":\"MKM: Iznena\u0111eni smo nemilim doga\u0111ajem na Zabjelu, tu\u017eila\u0161tvo da procesuira odgovorne - dmcsrb.com\",\"isPartOf\":{\"@id\":\"https:\/\/dmcsrb.com\/#website\"},\"primaryImageOfPage\":{\"@id\":\"https:\/\/dmcsrb.com\/drustvo\/mkm-iznenadjeni-smo-nemilim-dogadjajem-na-zabjelu-tuzilastvo-da-procesuira-odgovorne\/#primaryimage\"},\"image\":{\"@id\":\"https:\/\/dmcsrb.com\/drustvo\/mkm-iznenadjeni-smo-nemilim-dogadjajem-na-zabjelu-tuzilastvo-da-procesuira-odgovorne\/#primaryimage\"},\"thumbnailUrl\":\"https:\/\/dmcsrb.com\/wp-content\/uploads\/2026\/01\/Tamara-Vujovic-ministarka-foto-pr-centar.jpg\",\"datePublished\":\"2025-09-05T12:22:23+00:00\",\"author\":{\"@id\":\"https:\/\/dmcsrb.com\/#\/schema\/person\/5c39170f12db1b8b457732d0b5c854e2\"},\"breadcrumb\":{\"@id\":\"https:\/\/dmcsrb.com\/drustvo\/mkm-iznenadjeni-smo-nemilim-dogadjajem-na-zabjelu-tuzilastvo-da-procesuira-odgovorne\/#breadcrumb\"},\"inLanguage\":\"en-GB\",\"potentialAction\":[{\"@type\":\"ReadAction\",\"target\":[\"https:\/\/dmcsrb.com\/drustvo\/mkm-iznenadjeni-smo-nemilim-dogadjajem-na-zabjelu-tuzilastvo-da-procesuira-odgovorne\/\"]}]},{\"@type\":\"ImageObject\",\"inLanguage\":\"en-GB\",\"@id\":\"https:\/\/dmcsrb.com\/drustvo\/mkm-iznenadjeni-smo-nemilim-dogadjajem-na-zabjelu-tuzilastvo-da-procesuira-odgovorne\/#primaryimage\",\"url\":\"https:\/\/dmcsrb.com\/wp-content\/uploads\/2026\/01\/Tamara-Vujovic-ministarka-foto-pr-centar.jpg\",\"contentUrl\":\"https:\/\/dmcsrb.com\/wp-content\/uploads\/2026\/01\/Tamara-Vujovic-ministarka-foto-pr-centar.jpg\",\"width\":1041,\"height\":618},{\"@type\":\"BreadcrumbList\",\"@id\":\"https:\/\/dmcsrb.com\/drustvo\/mkm-iznenadjeni-smo-nemilim-dogadjajem-na-zabjelu-tuzilastvo-da-procesuira-odgovorne\/#breadcrumb\",\"itemListElement\":[{\"@type\":\"ListItem\",\"position\":1,\"name\":\"Home\",\"item\":\"https:\/\/dmcsrb.com\/\"},{\"@type\":\"ListItem\",\"position\":2,\"name\":\"MKM: Iznena\u0111eni smo nemilim doga\u0111ajem na Zabjelu, tu\u017eila\u0161tvo da procesuira odgovorne\"}]},{\"@type\":\"WebSite\",\"@id\":\"https:\/\/dmcsrb.com\/#website\",\"url\":\"https:\/\/dmcsrb.com\/\",\"name\":\"dmcsrb.com\",\"description\":\"\",\"potentialAction\":[{\"@type\":\"SearchAction\",\"target\":{\"@type\":\"EntryPoint\",\"urlTemplate\":\"https:\/\/dmcsrb.com\/?s={search_term_string}\"},\"query-input\":{\"@type\":\"PropertyValueSpecification\",\"valueRequired\":true,\"valueName\":\"search_term_string\"}}],\"inLanguage\":\"en-GB\"},{\"@type\":\"Person\",\"@id\":\"https:\/\/dmcsrb.com\/#\/schema\/person\/5c39170f12db1b8b457732d0b5c854e2\",\"name\":\"dmcsrbija.com@gmail.com\",\"image\":{\"@type\":\"ImageObject\",\"inLanguage\":\"en-GB\",\"@id\":\"https:\/\/dmcsrb.com\/#\/schema\/person\/image\/\",\"url\":\"https:\/\/secure.gravatar.com\/avatar\/68592660ad6347fad0fb587f8d5d8f1a7b44961362f56e4f2cd524feb87e9069?s=96&d=mm&r=g\",\"contentUrl\":\"https:\/\/secure.gravatar.com\/avatar\/68592660ad6347fad0fb587f8d5d8f1a7b44961362f56e4f2cd524feb87e9069?s=96&d=mm&r=g\",\"caption\":\"dmcsrbija.com@gmail.com\"},\"sameAs\":[\"https:\/\/dmcsrb.com\"],\"url\":\"https:\/\/dmcsrb.com\/en\/author\/dmcsrbija-comgmail-com\/\"}]}<\/script>\n<!-- \/ Yoast SEO plugin. -->","yoast_head_json":{"title":"MKM: Iznena\u0111eni smo nemilim doga\u0111ajem na Zabjelu, tu\u017eila\u0161tvo da procesuira odgovorne - dmcsrb.com","robots":{"index":"index","follow":"follow","max-snippet":"max-snippet:-1","max-image-preview":"max-image-preview:large","max-video-preview":"max-video-preview:-1"},"canonical":"https:\/\/dmcsrb.com\/en\/drustvo\/mkm-iznenadjeni-smo-nemilim-dogadjajem-na-zabjelu-tuzilastvo-da-procesuira-odgovorne\/","og_locale":"en_GB","og_type":"article","og_title":"MKM: Iznena\u0111eni smo nemilim doga\u0111ajem na Zabjelu, tu\u017eila\u0161tvo da procesuira odgovorne - dmcsrb.com","og_description":"Iz Ministarstva kulture i medija oglasili su se povodom prekidanje projekcije filma albanskog re\u017eisera Ise \u0106osje na D\u017eada film festu u Podgorici.","og_url":"https:\/\/dmcsrb.com\/en\/drustvo\/mkm-iznenadjeni-smo-nemilim-dogadjajem-na-zabjelu-tuzilastvo-da-procesuira-odgovorne\/","og_site_name":"dmcsrb.com","article_published_time":"2025-09-05T12:22:23+00:00","og_image":[{"width":1041,"height":618,"url":"https:\/\/dmcsrb.com\/wp-content\/uploads\/2026\/01\/Tamara-Vujovic-ministarka-foto-pr-centar.jpg","type":"image\/jpeg"}],"author":"dmcsrbija.com@gmail.com","twitter_card":"summary_large_image","twitter_misc":{"Written by":"dmcsrbija.com@gmail.com","Estimated reading time":"2 minutes"},"schema":{"@context":"https:\/\/schema.org","@graph":[{"@type":"Article","@id":"https:\/\/dmcsrb.com\/drustvo\/mkm-iznenadjeni-smo-nemilim-dogadjajem-na-zabjelu-tuzilastvo-da-procesuira-odgovorne\/#article","isPartOf":{"@id":"https:\/\/dmcsrb.com\/drustvo\/mkm-iznenadjeni-smo-nemilim-dogadjajem-na-zabjelu-tuzilastvo-da-procesuira-odgovorne\/"},"author":{"name":"dmcsrbija.com@gmail.com","@id":"https:\/\/dmcsrb.com\/#\/schema\/person\/5c39170f12db1b8b457732d0b5c854e2"},"headline":"MKM: Iznena\u0111eni smo nemilim doga\u0111ajem na Zabjelu, tu\u017eila\u0161tvo da procesuira odgovorne","datePublished":"2025-09-05T12:22:23+00:00","mainEntityOfPage":{"@id":"https:\/\/dmcsrb.com\/drustvo\/mkm-iznenadjeni-smo-nemilim-dogadjajem-na-zabjelu-tuzilastvo-da-procesuira-odgovorne\/"},"wordCount":337,"commentCount":0,"image":{"@id":"https:\/\/dmcsrb.com\/drustvo\/mkm-iznenadjeni-smo-nemilim-dogadjajem-na-zabjelu-tuzilastvo-da-procesuira-odgovorne\/#primaryimage"},"thumbnailUrl":"https:\/\/dmcsrb.com\/wp-content\/uploads\/2026\/01\/Tamara-Vujovic-ministarka-foto-pr-centar.jpg","keywords":["Film \"Roda\"","Ministartvo kulture i medija"],"articleSection":["Dru\u0161tvo"],"inLanguage":"en-GB","potentialAction":[{"@type":"CommentAction","name":"Comment","target":["https:\/\/dmcsrb.com\/drustvo\/mkm-iznenadjeni-smo-nemilim-dogadjajem-na-zabjelu-tuzilastvo-da-procesuira-odgovorne\/#respond"]}]},{"@type":"WebPage","@id":"https:\/\/dmcsrb.com\/drustvo\/mkm-iznenadjeni-smo-nemilim-dogadjajem-na-zabjelu-tuzilastvo-da-procesuira-odgovorne\/","url":"https:\/\/dmcsrb.com\/drustvo\/mkm-iznenadjeni-smo-nemilim-dogadjajem-na-zabjelu-tuzilastvo-da-procesuira-odgovorne\/","name":"MKM: Iznena\u0111eni smo nemilim doga\u0111ajem na Zabjelu, tu\u017eila\u0161tvo da procesuira odgovorne - dmcsrb.com","isPartOf":{"@id":"https:\/\/dmcsrb.com\/#website"},"primaryImageOfPage":{"@id":"https:\/\/dmcsrb.com\/drustvo\/mkm-iznenadjeni-smo-nemilim-dogadjajem-na-zabjelu-tuzilastvo-da-procesuira-odgovorne\/#primaryimage"},"image":{"@id":"https:\/\/dmcsrb.com\/drustvo\/mkm-iznenadjeni-smo-nemilim-dogadjajem-na-zabjelu-tuzilastvo-da-procesuira-odgovorne\/#primaryimage"},"thumbnailUrl":"https:\/\/dmcsrb.com\/wp-content\/uploads\/2026\/01\/Tamara-Vujovic-ministarka-foto-pr-centar.jpg","datePublished":"2025-09-05T12:22:23+00:00","author":{"@id":"https:\/\/dmcsrb.com\/#\/schema\/person\/5c39170f12db1b8b457732d0b5c854e2"},"breadcrumb":{"@id":"https:\/\/dmcsrb.com\/drustvo\/mkm-iznenadjeni-smo-nemilim-dogadjajem-na-zabjelu-tuzilastvo-da-procesuira-odgovorne\/#breadcrumb"},"inLanguage":"en-GB","potentialAction":[{"@type":"ReadAction","target":["https:\/\/dmcsrb.com\/drustvo\/mkm-iznenadjeni-smo-nemilim-dogadjajem-na-zabjelu-tuzilastvo-da-procesuira-odgovorne\/"]}]},{"@type":"ImageObject","inLanguage":"en-GB","@id":"https:\/\/dmcsrb.com\/drustvo\/mkm-iznenadjeni-smo-nemilim-dogadjajem-na-zabjelu-tuzilastvo-da-procesuira-odgovorne\/#primaryimage","url":"https:\/\/dmcsrb.com\/wp-content\/uploads\/2026\/01\/Tamara-Vujovic-ministarka-foto-pr-centar.jpg","contentUrl":"https:\/\/dmcsrb.com\/wp-content\/uploads\/2026\/01\/Tamara-Vujovic-ministarka-foto-pr-centar.jpg","width":1041,"height":618},{"@type":"BreadcrumbList","@id":"https:\/\/dmcsrb.com\/drustvo\/mkm-iznenadjeni-smo-nemilim-dogadjajem-na-zabjelu-tuzilastvo-da-procesuira-odgovorne\/#breadcrumb","itemListElement":[{"@type":"ListItem","position":1,"name":"Home","item":"https:\/\/dmcsrb.com\/"},{"@type":"ListItem","position":2,"name":"MKM: Iznena\u0111eni smo nemilim doga\u0111ajem na Zabjelu, tu\u017eila\u0161tvo da procesuira odgovorne"}]},{"@type":"WebSite","@id":"https:\/\/dmcsrb.com\/#website","url":"https:\/\/dmcsrb.com\/","name":"dmcsrb.com","description":"","potentialAction":[{"@type":"SearchAction","target":{"@type":"EntryPoint","urlTemplate":"https:\/\/dmcsrb.com\/?s={search_term_string}"},"query-input":{"@type":"PropertyValueSpecification","valueRequired":true,"valueName":"search_term_string"}}],"inLanguage":"en-GB"},{"@type":"Person","@id":"https:\/\/dmcsrb.com\/#\/schema\/person\/5c39170f12db1b8b457732d0b5c854e2","name":"dmcsrbija.com@gmail.com","image":{"@type":"ImageObject","inLanguage":"en-GB","@id":"https:\/\/dmcsrb.com\/#\/schema\/person\/image\/","url":"https:\/\/secure.gravatar.com\/avatar\/68592660ad6347fad0fb587f8d5d8f1a7b44961362f56e4f2cd524feb87e9069?s=96&d=mm&r=g","contentUrl":"https:\/\/secure.gravatar.com\/avatar\/68592660ad6347fad0fb587f8d5d8f1a7b44961362f56e4f2cd524feb87e9069?s=96&d=mm&r=g","caption":"dmcsrbija.com@gmail.com"},"sameAs":["https:\/\/dmcsrb.com"],"url":"https:\/\/dmcsrb.com\/en\/author\/dmcsrbija-comgmail-com\/"}]}},"_links":{"self":[{"href":"https:\/\/dmcsrb.com\/en\/wp-json\/wp\/v2\/posts\/950389","targetHints":{"allow":["GET"]}}],"collection":[{"href":"https:\/\/dmcsrb.com\/en\/wp-json\/wp\/v2\/posts"}],"about":[{"href":"https:\/\/dmcsrb.com\/en\/wp-json\/wp\/v2\/types\/post"}],"author":[{"embeddable":true,"href":"https:\/\/dmcsrb.com\/en\/wp-json\/wp\/v2\/users\/1"}],"replies":[{"embeddable":true,"href":"https:\/\/dmcsrb.com\/en\/wp-json\/wp\/v2\/comments?post=950389"}],"version-history":[{"count":0,"href":"https:\/\/dmcsrb.com\/en\/wp-json\/wp\/v2\/posts\/950389\/revisions"}],"wp:featuredmedia":[{"embeddable":true,"href":"https:\/\/dmcsrb.com\/en\/wp-json\/wp\/v2\/media\/912704"}],"wp:attachment":[{"href":"https:\/\/dmcsrb.com\/en\/wp-json\/wp\/v2\/media?parent=950389"}],"wp:term":[{"taxonomy":"category","embeddable":true,"href":"https:\/\/dmcsrb.com\/en\/wp-json\/wp\/v2\/categories?post=950389"},{"taxonomy":"post_tag","embeddable":true,"href":"https:\/\/dmcsrb.com\/en\/wp-json\/wp\/v2\/tags?post=950389"},{"taxonomy":"naslovna","embeddable":true,"href":"https:\/\/dmcsrb.com\/en\/wp-json\/wp\/v2\/naslovna?post=950389"}],"curies":[{"name":"wp","href":"https:\/\/api.w.org\/{rel}","templated":true}]}}