{"id":950347,"date":"2025-09-05T14:09:00","date_gmt":"2025-09-05T12:09:00","guid":{"rendered":"https:\/\/dmcsrb.com\/uncategorized\/objavljeno-iz-kojih-drzava-su-poginuli-nesreci-u-lisabonu\/"},"modified":"2025-09-05T14:09:00","modified_gmt":"2025-09-05T12:09:00","slug":"objavljeno-iz-kojih-drzava-su-poginuli-nesreci-u-lisabonu","status":"publish","type":"post","link":"https:\/\/dmcsrb.com\/en\/svijet\/objavljeno-iz-kojih-drzava-su-poginuli-nesreci-u-lisabonu\/","title":{"rendered":"Objavljeno iz kojih dr\u017eava su poginuli nesre\u0107i u Lisabonu"},"content":{"rendered":"<p><\/p>\n\n\n\n<p><\/p>\n\n\n\n<p><\/p>\n\n\n\n<p>Me\u0111u \u017ertvama su pet dr\u017eavljana Portugala, tri Velike Britanije, dva Ju\u017ene Koreje, dva Kanade, kao i po jedan dr\u017eavljanin \u0160vajcarske, Ukrajine, Sjedinjenih Ameri\u010dkih Dr\u017eava i Francuske, prenosi Radio-televizija Portugala.<\/p>\n\n\n\n<p>Policija je, tako\u0111e, precizirala da je njema\u010dki dr\u017eavljanin koji je prethodno progla\u0161en mrtvim ipak \u017eiv i hospitalizovan je u bolnici \u201cSao Hoze\u201d, a u pitanju je mu\u0161karac koji je izvu\u010den iz ru\u0161evina.<\/p>\n\n\n\n<p>Broj \u017ertava je tako zvani\u010dno 16, umjesto 17 kako su ranije izvje\u0161tavali mediji.<\/p>\n\n\n\n<p>Prema navodima PJ, \u017ertve su identifikovane na osnovu nau\u010dnih metoda u saradnji sa Nacionalnim institutom za sudsku medicinu i forenzi\u010dke nauke.<\/p>\n\n\n\n<p>\u017duti tramvaj-uspinja\u010da isko\u010dio je iz \u0161ina tokom ve\u010dernjeg \u0161pica u srijedu, 3. septembra oko 18 \u010dasova po lokalnom vremenu i udario u zgradu, u centru portugalske prijestonice, u trenutku kada je prevozio vi\u0161e od 40 ljudi.<\/p>\n\n\n\n<p>Tramvaj-uspinja\u010da u centru portugalske prijestonice, poznat kao Elevador da Gloria, popularna je turisti\u010dka atrakcija, posebno tokom ljetnje sezone.<\/p>","protected":false},"excerpt":{"rendered":"<p>Portugalska policija saop\u0161tila je da su potvr\u0111ene nacionalnosti svih 16 osoba koje su smrtno stradale u nesre\u0107i uspinja\u010de Glorija u Lisabonu, prenosi N1 Beograd.<\/p>","protected":false},"author":1,"featured_media":950019,"comment_status":"open","ping_status":"open","sticky":false,"template":"","format":"standard","meta":{"_acf_changed":false,"footnotes":""},"categories":[144],"tags":[6822,1941],"naslovna":[],"class_list":["post-950347","post","type-post","status-publish","format-standard","has-post-thumbnail","hentry","category-svijet","tag-lisabon","tag-nesreca"],"acf":[],"yoast_head":"<!-- This site is optimized with the Yoast SEO plugin v27.0 - https:\/\/yoast.com\/product\/yoast-seo-wordpress\/ -->\n<title>Objavljeno iz kojih dr\u017eava su poginuli nesre\u0107i u Lisabonu - dmcsrb.com<\/title>\n<meta name=\"robots\" content=\"index, follow, max-snippet:-1, max-image-preview:large, max-video-preview:-1\" \/>\n<link rel=\"canonical\" href=\"https:\/\/dmcsrb.com\/en\/svijet\/objavljeno-iz-kojih-drzava-su-poginuli-nesreci-u-lisabonu\/\" \/>\n<meta property=\"og:locale\" content=\"en_GB\" \/>\n<meta property=\"og:type\" content=\"article\" \/>\n<meta property=\"og:title\" content=\"Objavljeno iz kojih dr\u017eava su poginuli nesre\u0107i u Lisabonu - dmcsrb.com\" \/>\n<meta property=\"og:description\" content=\"Portugalska policija saop\u0161tila je da su potvr\u0111ene nacionalnosti svih 16 osoba koje su smrtno stradale u nesre\u0107i uspinja\u010de Glorija u Lisabonu, prenosi N1 Beograd.\" \/>\n<meta property=\"og:url\" content=\"https:\/\/dmcsrb.com\/en\/svijet\/objavljeno-iz-kojih-drzava-su-poginuli-nesreci-u-lisabonu\/\" \/>\n<meta property=\"og:site_name\" content=\"dmcsrb.com\" \/>\n<meta property=\"article:published_time\" content=\"2025-09-05T12:09:00+00:00\" \/>\n<meta property=\"og:image\" content=\"https:\/\/dmcsrb.com\/wp-content\/uploads\/2026\/01\/uspinjaca-lisabon-foto-ss-x.webp\" \/>\n\t<meta property=\"og:image:width\" content=\"1146\" \/>\n\t<meta property=\"og:image:height\" content=\"627\" \/>\n\t<meta property=\"og:image:type\" content=\"image\/jpeg\" \/>\n<meta name=\"author\" content=\"dmcsrbija.com@gmail.com\" \/>\n<meta name=\"twitter:card\" content=\"summary_large_image\" \/>\n<meta name=\"twitter:label1\" content=\"Written by\" \/>\n\t<meta name=\"twitter:data1\" content=\"dmcsrbija.com@gmail.com\" \/>\n\t<meta name=\"twitter:label2\" content=\"Estimated reading time\" \/>\n\t<meta name=\"twitter:data2\" content=\"1 minute\" \/>\n<script type=\"application\/ld+json\" class=\"yoast-schema-graph\">{\"@context\":\"https:\/\/schema.org\",\"@graph\":[{\"@type\":\"Article\",\"@id\":\"https:\/\/dmcsrb.com\/en\/svijet\/objavljeno-iz-kojih-drzava-su-poginuli-nesreci-u-lisabonu\/#article\",\"isPartOf\":{\"@id\":\"https:\/\/dmcsrb.com\/en\/svijet\/objavljeno-iz-kojih-drzava-su-poginuli-nesreci-u-lisabonu\/\"},\"author\":{\"name\":\"dmcsrbija.com@gmail.com\",\"@id\":\"https:\/\/dmcsrb.com\/#\/schema\/person\/5c39170f12db1b8b457732d0b5c854e2\"},\"headline\":\"Objavljeno iz kojih dr\u017eava su poginuli nesre\u0107i u Lisabonu\",\"datePublished\":\"2025-09-05T12:09:00+00:00\",\"mainEntityOfPage\":{\"@id\":\"https:\/\/dmcsrb.com\/en\/svijet\/objavljeno-iz-kojih-drzava-su-poginuli-nesreci-u-lisabonu\/\"},\"wordCount\":178,\"commentCount\":0,\"image\":{\"@id\":\"https:\/\/dmcsrb.com\/en\/svijet\/objavljeno-iz-kojih-drzava-su-poginuli-nesreci-u-lisabonu\/#primaryimage\"},\"thumbnailUrl\":\"https:\/\/dmcsrb.com\/wp-content\/uploads\/2026\/01\/uspinjaca-lisabon-foto-ss-x.webp\",\"keywords\":[\"Lisabon\",\"nesreca\"],\"articleSection\":[\"Svijet\"],\"inLanguage\":\"en-GB\",\"potentialAction\":[{\"@type\":\"CommentAction\",\"name\":\"Comment\",\"target\":[\"https:\/\/dmcsrb.com\/en\/svijet\/objavljeno-iz-kojih-drzava-su-poginuli-nesreci-u-lisabonu\/#respond\"]}]},{\"@type\":\"WebPage\",\"@id\":\"https:\/\/dmcsrb.com\/en\/svijet\/objavljeno-iz-kojih-drzava-su-poginuli-nesreci-u-lisabonu\/\",\"url\":\"https:\/\/dmcsrb.com\/en\/svijet\/objavljeno-iz-kojih-drzava-su-poginuli-nesreci-u-lisabonu\/\",\"name\":\"Objavljeno iz kojih dr\u017eava su poginuli nesre\u0107i u Lisabonu - dmcsrb.com\",\"isPartOf\":{\"@id\":\"https:\/\/dmcsrb.com\/#website\"},\"primaryImageOfPage\":{\"@id\":\"https:\/\/dmcsrb.com\/en\/svijet\/objavljeno-iz-kojih-drzava-su-poginuli-nesreci-u-lisabonu\/#primaryimage\"},\"image\":{\"@id\":\"https:\/\/dmcsrb.com\/en\/svijet\/objavljeno-iz-kojih-drzava-su-poginuli-nesreci-u-lisabonu\/#primaryimage\"},\"thumbnailUrl\":\"https:\/\/dmcsrb.com\/wp-content\/uploads\/2026\/01\/uspinjaca-lisabon-foto-ss-x.webp\",\"datePublished\":\"2025-09-05T12:09:00+00:00\",\"author\":{\"@id\":\"https:\/\/dmcsrb.com\/#\/schema\/person\/5c39170f12db1b8b457732d0b5c854e2\"},\"breadcrumb\":{\"@id\":\"https:\/\/dmcsrb.com\/en\/svijet\/objavljeno-iz-kojih-drzava-su-poginuli-nesreci-u-lisabonu\/#breadcrumb\"},\"inLanguage\":\"en-GB\",\"potentialAction\":[{\"@type\":\"ReadAction\",\"target\":[\"https:\/\/dmcsrb.com\/en\/svijet\/objavljeno-iz-kojih-drzava-su-poginuli-nesreci-u-lisabonu\/\"]}]},{\"@type\":\"ImageObject\",\"inLanguage\":\"en-GB\",\"@id\":\"https:\/\/dmcsrb.com\/en\/svijet\/objavljeno-iz-kojih-drzava-su-poginuli-nesreci-u-lisabonu\/#primaryimage\",\"url\":\"https:\/\/dmcsrb.com\/wp-content\/uploads\/2026\/01\/uspinjaca-lisabon-foto-ss-x.webp\",\"contentUrl\":\"https:\/\/dmcsrb.com\/wp-content\/uploads\/2026\/01\/uspinjaca-lisabon-foto-ss-x.webp\",\"width\":1146,\"height\":627},{\"@type\":\"BreadcrumbList\",\"@id\":\"https:\/\/dmcsrb.com\/en\/svijet\/objavljeno-iz-kojih-drzava-su-poginuli-nesreci-u-lisabonu\/#breadcrumb\",\"itemListElement\":[{\"@type\":\"ListItem\",\"position\":1,\"name\":\"Home\",\"item\":\"https:\/\/dmcsrb.com\/\"},{\"@type\":\"ListItem\",\"position\":2,\"name\":\"Objavljeno iz kojih dr\u017eava su poginuli nesre\u0107i u Lisabonu\"}]},{\"@type\":\"WebSite\",\"@id\":\"https:\/\/dmcsrb.com\/#website\",\"url\":\"https:\/\/dmcsrb.com\/\",\"name\":\"dmcsrb.com\",\"description\":\"\",\"potentialAction\":[{\"@type\":\"SearchAction\",\"target\":{\"@type\":\"EntryPoint\",\"urlTemplate\":\"https:\/\/dmcsrb.com\/?s={search_term_string}\"},\"query-input\":{\"@type\":\"PropertyValueSpecification\",\"valueRequired\":true,\"valueName\":\"search_term_string\"}}],\"inLanguage\":\"en-GB\"},{\"@type\":\"Person\",\"@id\":\"https:\/\/dmcsrb.com\/#\/schema\/person\/5c39170f12db1b8b457732d0b5c854e2\",\"name\":\"dmcsrbija.com@gmail.com\",\"image\":{\"@type\":\"ImageObject\",\"inLanguage\":\"en-GB\",\"@id\":\"https:\/\/dmcsrb.com\/#\/schema\/person\/image\/\",\"url\":\"https:\/\/secure.gravatar.com\/avatar\/68592660ad6347fad0fb587f8d5d8f1a7b44961362f56e4f2cd524feb87e9069?s=96&d=mm&r=g\",\"contentUrl\":\"https:\/\/secure.gravatar.com\/avatar\/68592660ad6347fad0fb587f8d5d8f1a7b44961362f56e4f2cd524feb87e9069?s=96&d=mm&r=g\",\"caption\":\"dmcsrbija.com@gmail.com\"},\"sameAs\":[\"https:\/\/dmcsrb.com\"],\"url\":\"https:\/\/dmcsrb.com\/en\/author\/dmcsrbija-comgmail-com\/\"}]}<\/script>\n<!-- \/ Yoast SEO plugin. -->","yoast_head_json":{"title":"Objavljeno iz kojih dr\u017eava su poginuli nesre\u0107i u Lisabonu - dmcsrb.com","robots":{"index":"index","follow":"follow","max-snippet":"max-snippet:-1","max-image-preview":"max-image-preview:large","max-video-preview":"max-video-preview:-1"},"canonical":"https:\/\/dmcsrb.com\/en\/svijet\/objavljeno-iz-kojih-drzava-su-poginuli-nesreci-u-lisabonu\/","og_locale":"en_GB","og_type":"article","og_title":"Objavljeno iz kojih dr\u017eava su poginuli nesre\u0107i u Lisabonu - dmcsrb.com","og_description":"Portugalska policija saop\u0161tila je da su potvr\u0111ene nacionalnosti svih 16 osoba koje su smrtno stradale u nesre\u0107i uspinja\u010de Glorija u Lisabonu, prenosi N1 Beograd.","og_url":"https:\/\/dmcsrb.com\/en\/svijet\/objavljeno-iz-kojih-drzava-su-poginuli-nesreci-u-lisabonu\/","og_site_name":"dmcsrb.com","article_published_time":"2025-09-05T12:09:00+00:00","og_image":[{"width":1146,"height":627,"url":"https:\/\/dmcsrb.com\/wp-content\/uploads\/2026\/01\/uspinjaca-lisabon-foto-ss-x.webp","type":"image\/jpeg"}],"author":"dmcsrbija.com@gmail.com","twitter_card":"summary_large_image","twitter_misc":{"Written by":"dmcsrbija.com@gmail.com","Estimated reading time":"1 minute"},"schema":{"@context":"https:\/\/schema.org","@graph":[{"@type":"Article","@id":"https:\/\/dmcsrb.com\/en\/svijet\/objavljeno-iz-kojih-drzava-su-poginuli-nesreci-u-lisabonu\/#article","isPartOf":{"@id":"https:\/\/dmcsrb.com\/en\/svijet\/objavljeno-iz-kojih-drzava-su-poginuli-nesreci-u-lisabonu\/"},"author":{"name":"dmcsrbija.com@gmail.com","@id":"https:\/\/dmcsrb.com\/#\/schema\/person\/5c39170f12db1b8b457732d0b5c854e2"},"headline":"Objavljeno iz kojih dr\u017eava su poginuli nesre\u0107i u Lisabonu","datePublished":"2025-09-05T12:09:00+00:00","mainEntityOfPage":{"@id":"https:\/\/dmcsrb.com\/en\/svijet\/objavljeno-iz-kojih-drzava-su-poginuli-nesreci-u-lisabonu\/"},"wordCount":178,"commentCount":0,"image":{"@id":"https:\/\/dmcsrb.com\/en\/svijet\/objavljeno-iz-kojih-drzava-su-poginuli-nesreci-u-lisabonu\/#primaryimage"},"thumbnailUrl":"https:\/\/dmcsrb.com\/wp-content\/uploads\/2026\/01\/uspinjaca-lisabon-foto-ss-x.webp","keywords":["Lisabon","nesreca"],"articleSection":["Svijet"],"inLanguage":"en-GB","potentialAction":[{"@type":"CommentAction","name":"Comment","target":["https:\/\/dmcsrb.com\/en\/svijet\/objavljeno-iz-kojih-drzava-su-poginuli-nesreci-u-lisabonu\/#respond"]}]},{"@type":"WebPage","@id":"https:\/\/dmcsrb.com\/en\/svijet\/objavljeno-iz-kojih-drzava-su-poginuli-nesreci-u-lisabonu\/","url":"https:\/\/dmcsrb.com\/en\/svijet\/objavljeno-iz-kojih-drzava-su-poginuli-nesreci-u-lisabonu\/","name":"Objavljeno iz kojih dr\u017eava su poginuli nesre\u0107i u Lisabonu - dmcsrb.com","isPartOf":{"@id":"https:\/\/dmcsrb.com\/#website"},"primaryImageOfPage":{"@id":"https:\/\/dmcsrb.com\/en\/svijet\/objavljeno-iz-kojih-drzava-su-poginuli-nesreci-u-lisabonu\/#primaryimage"},"image":{"@id":"https:\/\/dmcsrb.com\/en\/svijet\/objavljeno-iz-kojih-drzava-su-poginuli-nesreci-u-lisabonu\/#primaryimage"},"thumbnailUrl":"https:\/\/dmcsrb.com\/wp-content\/uploads\/2026\/01\/uspinjaca-lisabon-foto-ss-x.webp","datePublished":"2025-09-05T12:09:00+00:00","author":{"@id":"https:\/\/dmcsrb.com\/#\/schema\/person\/5c39170f12db1b8b457732d0b5c854e2"},"breadcrumb":{"@id":"https:\/\/dmcsrb.com\/en\/svijet\/objavljeno-iz-kojih-drzava-su-poginuli-nesreci-u-lisabonu\/#breadcrumb"},"inLanguage":"en-GB","potentialAction":[{"@type":"ReadAction","target":["https:\/\/dmcsrb.com\/en\/svijet\/objavljeno-iz-kojih-drzava-su-poginuli-nesreci-u-lisabonu\/"]}]},{"@type":"ImageObject","inLanguage":"en-GB","@id":"https:\/\/dmcsrb.com\/en\/svijet\/objavljeno-iz-kojih-drzava-su-poginuli-nesreci-u-lisabonu\/#primaryimage","url":"https:\/\/dmcsrb.com\/wp-content\/uploads\/2026\/01\/uspinjaca-lisabon-foto-ss-x.webp","contentUrl":"https:\/\/dmcsrb.com\/wp-content\/uploads\/2026\/01\/uspinjaca-lisabon-foto-ss-x.webp","width":1146,"height":627},{"@type":"BreadcrumbList","@id":"https:\/\/dmcsrb.com\/en\/svijet\/objavljeno-iz-kojih-drzava-su-poginuli-nesreci-u-lisabonu\/#breadcrumb","itemListElement":[{"@type":"ListItem","position":1,"name":"Home","item":"https:\/\/dmcsrb.com\/"},{"@type":"ListItem","position":2,"name":"Objavljeno iz kojih dr\u017eava su poginuli nesre\u0107i u Lisabonu"}]},{"@type":"WebSite","@id":"https:\/\/dmcsrb.com\/#website","url":"https:\/\/dmcsrb.com\/","name":"dmcsrb.com","description":"","potentialAction":[{"@type":"SearchAction","target":{"@type":"EntryPoint","urlTemplate":"https:\/\/dmcsrb.com\/?s={search_term_string}"},"query-input":{"@type":"PropertyValueSpecification","valueRequired":true,"valueName":"search_term_string"}}],"inLanguage":"en-GB"},{"@type":"Person","@id":"https:\/\/dmcsrb.com\/#\/schema\/person\/5c39170f12db1b8b457732d0b5c854e2","name":"dmcsrbija.com@gmail.com","image":{"@type":"ImageObject","inLanguage":"en-GB","@id":"https:\/\/dmcsrb.com\/#\/schema\/person\/image\/","url":"https:\/\/secure.gravatar.com\/avatar\/68592660ad6347fad0fb587f8d5d8f1a7b44961362f56e4f2cd524feb87e9069?s=96&d=mm&r=g","contentUrl":"https:\/\/secure.gravatar.com\/avatar\/68592660ad6347fad0fb587f8d5d8f1a7b44961362f56e4f2cd524feb87e9069?s=96&d=mm&r=g","caption":"dmcsrbija.com@gmail.com"},"sameAs":["https:\/\/dmcsrb.com"],"url":"https:\/\/dmcsrb.com\/en\/author\/dmcsrbija-comgmail-com\/"}]}},"_links":{"self":[{"href":"https:\/\/dmcsrb.com\/en\/wp-json\/wp\/v2\/posts\/950347","targetHints":{"allow":["GET"]}}],"collection":[{"href":"https:\/\/dmcsrb.com\/en\/wp-json\/wp\/v2\/posts"}],"about":[{"href":"https:\/\/dmcsrb.com\/en\/wp-json\/wp\/v2\/types\/post"}],"author":[{"embeddable":true,"href":"https:\/\/dmcsrb.com\/en\/wp-json\/wp\/v2\/users\/1"}],"replies":[{"embeddable":true,"href":"https:\/\/dmcsrb.com\/en\/wp-json\/wp\/v2\/comments?post=950347"}],"version-history":[{"count":0,"href":"https:\/\/dmcsrb.com\/en\/wp-json\/wp\/v2\/posts\/950347\/revisions"}],"wp:featuredmedia":[{"embeddable":true,"href":"https:\/\/dmcsrb.com\/en\/wp-json\/wp\/v2\/media\/950019"}],"wp:attachment":[{"href":"https:\/\/dmcsrb.com\/en\/wp-json\/wp\/v2\/media?parent=950347"}],"wp:term":[{"taxonomy":"category","embeddable":true,"href":"https:\/\/dmcsrb.com\/en\/wp-json\/wp\/v2\/categories?post=950347"},{"taxonomy":"post_tag","embeddable":true,"href":"https:\/\/dmcsrb.com\/en\/wp-json\/wp\/v2\/tags?post=950347"},{"taxonomy":"naslovna","embeddable":true,"href":"https:\/\/dmcsrb.com\/en\/wp-json\/wp\/v2\/naslovna?post=950347"}],"curies":[{"name":"wp","href":"https:\/\/api.w.org\/{rel}","templated":true}]}}