{"id":950300,"date":"2025-09-05T09:43:00","date_gmt":"2025-09-05T07:43:00","guid":{"rendered":"https:\/\/dmcsrb.com\/uncategorized\/culafic-novo-plovilo-za-np-skadarsko-jezero-novi-impuls-u-zastiti-prirode-i-biodiverziteta\/"},"modified":"2025-09-05T09:43:00","modified_gmt":"2025-09-05T07:43:00","slug":"culafic-novo-plovilo-za-np-skadarsko-jezero-novi-impuls-u-zastiti-prirode-i-biodiverziteta","status":"publish","type":"post","link":"https:\/\/dmcsrb.com\/en\/drustvo\/culafic-novo-plovilo-za-np-skadarsko-jezero-novi-impuls-u-zastiti-prirode-i-biodiverziteta\/","title":{"rendered":"\u0106ulafi\u0107: Novo plovilo za NP Skadarsko jezero, novi impuls u za\u0161titi prirode i biodiverziteta"},"content":{"rendered":"<p>Ministar \u0106ulafi\u0107 i direktorica \u0110ureti\u0107 su izrazili zadovoljstvo povodom zavr\u0161etka projekta, isti\u010du\u0107i da on predstavlja zna\u010dajan korak u ja\u010danju prekograni\u010dne saradnje izme\u0111u Crne Gore i Albanije, sa zajedni\u010dkim ciljem o\u010duvanja i odr\u017eivog upravljanja jednim od najdragocjenijih ekosistema u regionu \u2013 slivom Skadarskog jezera.<\/p>\n\n\n\n<p>\u201cMinistarstvo ekologije, odr\u017eivog razvoja i razvoja sjevera, kao nosilac nominacije za UNESCO prekograni\u010dni rezervat biosfere u crnogorskom dijelu sliva, sna\u017eno promovi\u0161e sinergiju izme\u0111u za\u0161tite prirodnih vrijednosti i odr\u017eivog razvoja lokalnih zajednica. Upravo je ta paradigma o\u010duvanja biodiverziteta i prirodnih stani\u0161ta u srcu savremene ekolo\u0161ke politike, koja nam omogu\u0107ava da o\u010duvamo jedinstvene pejza\u017ee i bogatstvo prirode za budu\u0107e generacije\u201d, ocijenio je \u0106ulafi\u0107.<\/p>\n\n\n\n<p>Prema njegovim rije\u010dima, Skadarsko jezero, kao najve\u0107e jezero na Balkanskom poluostrvu, bogato je neprocjenjivim prirodnim resursima i predstavlja stani\u0161te izuzetne biolo\u0161ke raznolikosti.<\/p>\n\n\n\n<p>\u201cO\u010duvanje njegovog ekolo\u0161kog integriteta neodvojivo je od kvaliteta \u017eivota lokalnog stanovni\u0161tva, \u010dije blagostanje i ekonomske \u0161anse zavise od stabilnog i odr\u017eivog upravljanja ovim prirodnim bogatstvom. Ova vrijedna nabavka predstavlja ne samo dodatak tehni\u010dkim kapacitetima parka, ve\u0107 i va\u017ean alat za za\u0161titu prirode, a bi\u0107e, uvjeren sam, i nova snaga u nastavku borbe prtiv ekolo\u0161kog kriminala\u201d, naveo je ministar \u0106ulafi\u0107.<\/p>\n\n\n\n<p>Direktorica JPNPCG Marinela \u0110ureti\u0107 istakla je da je projekat \u201cSliv Skadarskog jezera \u2013 prekograni\u010dni rezervat biosfere\u201d zavr\u0161en pro\u0161log mjeseca i da su u okviru njega realizovane brojne aktivnosti sa ciljem o\u010duvanja i zajedni\u010dkog upravljanja prostorom parka.<\/p>\n\n\n\n<p>\u201cPosebno smo ponosni \u0161to je kroz projekat obezbije\u0111eno novo plovilo za Nacionalni park Skadarsko jezero \u2013 prvo nakon 2010. godine. Nabavka ovako vrijednog sredstva za rad od posebnog je zna\u010daja za Slu\u017ebu za\u0161tite, ali i za ostale slu\u017ebe nacionalnih parkova. Ono \u0107e nam omogu\u0107iti efikasniji nadzor, monitoring i istra\u017eivanja \u0161to je klju\u010dno za za\u0161titu prirode i razvoj odr\u017eivog turizma. Zahvaljujem Evropskoj uniji i svim partnerima na podr\u0161ci, jer ovaj projekat pokazuje da zajedni\u010dkim radom mo\u017eemo obezbijediti bolju budu\u0107nost za Skadarsko jezero i lokalne zajednice koje od njega \u017eive\u201d, kazala je \u0110ureti\u0107.<\/p>\n\n\n\n<p>Partneri na projektu bili su EnvPro \u2013 Program za \u017eivotnu sredinu, Javno preduze\u0107e za nacionalne parkove Crne Gore, EDEN centar iz Albanije, Regionalna jedinica \u0160kodra\/Nacionalna agencija za za\u0161ti\u0107ena podru\u010dja Albanije (NAPA), a projekat je finansiran iz EU IPA programa prekograni\u010dne saradnje Crna Gora \u2013 Albanija 2014\u20132020 i trajao je 30 mjeseci.<\/p>","protected":false},"excerpt":{"rendered":"<p>Ministar ekologije, odr\u017eivog razvoja i razvoja sjevera Damjan \u0106ulafi\u0107 i direktorica Javnog preduze\u0107a za nacionalne parkove Crne Gore (JPNPCG) Marinela \u0110ureti\u0107, sa saradncima, zvani\u010dno su obilje\u017eili zavr\u0161etak projekta \u201cSliv Skadarskog jezera \u2013 prekograni\u010dni rezervat biosfere\u201c u okviru kojeg je i nabavljeno novo plovilo, koje \u0107e u narednom periodu biti kori\u0161\u0107eno za nadzor, kontrolu, ali i nau\u010dno\u2013istra\u017eiva\u010dke djelatnosti zaposlenih u JPNPCG, saop\u0161teno je iz Ministarstva ekologoije, odr\u017eivog razvoja i razvoja sjevera.<\/p>","protected":false},"author":1,"featured_media":950301,"comment_status":"open","ping_status":"open","sticky":false,"template":"","format":"standard","meta":{"_acf_changed":false,"footnotes":""},"categories":[2],"tags":[6980,1103,4360],"naslovna":[],"class_list":["post-950300","post","type-post","status-publish","format-standard","has-post-thumbnail","hentry","category-drustvo","tag-brodic","tag-damjan-culafic","tag-np-skadarsko-jezero"],"acf":[],"yoast_head":"<!-- This site is optimized with the Yoast SEO plugin v27.4 - https:\/\/yoast.com\/product\/yoast-seo-wordpress\/ -->\n<title>\u0106ulafi\u0107: Novo plovilo za NP Skadarsko jezero, novi impuls u za\u0161titi prirode i biodiverziteta - dmcsrb.com<\/title>\n<meta name=\"robots\" content=\"index, follow, max-snippet:-1, max-image-preview:large, max-video-preview:-1\" \/>\n<link rel=\"canonical\" href=\"https:\/\/dmcsrb.com\/en\/drustvo\/culafic-novo-plovilo-za-np-skadarsko-jezero-novi-impuls-u-zastiti-prirode-i-biodiverziteta\/\" \/>\n<meta property=\"og:locale\" content=\"en_GB\" \/>\n<meta property=\"og:type\" content=\"article\" \/>\n<meta property=\"og:title\" content=\"\u0106ulafi\u0107: Novo plovilo za NP Skadarsko jezero, novi impuls u za\u0161titi prirode i biodiverziteta - dmcsrb.com\" \/>\n<meta property=\"og:description\" content=\"Ministar ekologije, odr\u017eivog razvoja i razvoja sjevera Damjan \u0106ulafi\u0107 i direktorica Javnog preduze\u0107a za nacionalne parkove Crne Gore (JPNPCG) Marinela \u0110ureti\u0107, sa saradncima, zvani\u010dno su obilje\u017eili zavr\u0161etak projekta \u201cSliv Skadarskog jezera \u2013 prekograni\u010dni rezervat biosfere\u201c u okviru kojeg je i nabavljeno novo plovilo, koje \u0107e u narednom periodu biti kori\u0161\u0107eno za nadzor, kontrolu, ali i nau\u010dno\u2013istra\u017eiva\u010dke djelatnosti zaposlenih u JPNPCG, saop\u0161teno je iz Ministarstva ekologoije, odr\u017eivog razvoja i razvoja sjevera.\" \/>\n<meta property=\"og:url\" content=\"https:\/\/dmcsrb.com\/en\/drustvo\/culafic-novo-plovilo-za-np-skadarsko-jezero-novi-impuls-u-zastiti-prirode-i-biodiverziteta\/\" \/>\n<meta property=\"og:site_name\" content=\"dmcsrb.com\" \/>\n<meta property=\"article:published_time\" content=\"2025-09-05T07:43:00+00:00\" \/>\n<meta property=\"og:image\" content=\"https:\/\/dmcsrb.com\/wp-content\/uploads\/2026\/01\/Brodic-Skadarsko-jezero.webp\" \/>\n\t<meta property=\"og:image:width\" content=\"2400\" \/>\n\t<meta property=\"og:image:height\" content=\"1601\" \/>\n\t<meta property=\"og:image:type\" content=\"image\/jpeg\" \/>\n<meta name=\"author\" content=\"dmcsrbija.com@gmail.com\" \/>\n<meta name=\"twitter:card\" content=\"summary_large_image\" \/>\n<meta name=\"twitter:label1\" content=\"Written by\" \/>\n\t<meta name=\"twitter:data1\" content=\"dmcsrbija.com@gmail.com\" \/>\n\t<meta name=\"twitter:label2\" content=\"Estimated reading time\" \/>\n\t<meta name=\"twitter:data2\" content=\"2 minutes\" \/>\n<script type=\"application\/ld+json\" class=\"yoast-schema-graph\">{\"@context\":\"https:\\\/\\\/schema.org\",\"@graph\":[{\"@type\":\"Article\",\"@id\":\"https:\\\/\\\/dmcsrb.com\\\/drustvo\\\/culafic-novo-plovilo-za-np-skadarsko-jezero-novi-impuls-u-zastiti-prirode-i-biodiverziteta\\\/#article\",\"isPartOf\":{\"@id\":\"https:\\\/\\\/dmcsrb.com\\\/drustvo\\\/culafic-novo-plovilo-za-np-skadarsko-jezero-novi-impuls-u-zastiti-prirode-i-biodiverziteta\\\/\"},\"author\":{\"name\":\"dmcsrbija.com@gmail.com\",\"@id\":\"https:\\\/\\\/dmcsrb.com\\\/#\\\/schema\\\/person\\\/5c39170f12db1b8b457732d0b5c854e2\"},\"headline\":\"\u0106ulafi\u0107: Novo plovilo za NP Skadarsko jezero, novi impuls u za\u0161titi prirode i biodiverziteta\",\"datePublished\":\"2025-09-05T07:43:00+00:00\",\"mainEntityOfPage\":{\"@id\":\"https:\\\/\\\/dmcsrb.com\\\/drustvo\\\/culafic-novo-plovilo-za-np-skadarsko-jezero-novi-impuls-u-zastiti-prirode-i-biodiverziteta\\\/\"},\"wordCount\":432,\"commentCount\":0,\"image\":{\"@id\":\"https:\\\/\\\/dmcsrb.com\\\/drustvo\\\/culafic-novo-plovilo-za-np-skadarsko-jezero-novi-impuls-u-zastiti-prirode-i-biodiverziteta\\\/#primaryimage\"},\"thumbnailUrl\":\"https:\\\/\\\/dmcsrb.com\\\/wp-content\\\/uploads\\\/2026\\\/01\\\/Brodic-Skadarsko-jezero.webp\",\"keywords\":[\"Brodi\u0107\",\"damjan \u0107ulafi\u0107\",\"NP Skadarsko jezero\"],\"articleSection\":[\"Dru\u0161tvo\"],\"inLanguage\":\"en-GB\",\"potentialAction\":[{\"@type\":\"CommentAction\",\"name\":\"Comment\",\"target\":[\"https:\\\/\\\/dmcsrb.com\\\/drustvo\\\/culafic-novo-plovilo-za-np-skadarsko-jezero-novi-impuls-u-zastiti-prirode-i-biodiverziteta\\\/#respond\"]}]},{\"@type\":\"WebPage\",\"@id\":\"https:\\\/\\\/dmcsrb.com\\\/drustvo\\\/culafic-novo-plovilo-za-np-skadarsko-jezero-novi-impuls-u-zastiti-prirode-i-biodiverziteta\\\/\",\"url\":\"https:\\\/\\\/dmcsrb.com\\\/drustvo\\\/culafic-novo-plovilo-za-np-skadarsko-jezero-novi-impuls-u-zastiti-prirode-i-biodiverziteta\\\/\",\"name\":\"\u0106ulafi\u0107: Novo plovilo za NP Skadarsko jezero, novi impuls u za\u0161titi prirode i biodiverziteta - dmcsrb.com\",\"isPartOf\":{\"@id\":\"https:\\\/\\\/dmcsrb.com\\\/#website\"},\"primaryImageOfPage\":{\"@id\":\"https:\\\/\\\/dmcsrb.com\\\/drustvo\\\/culafic-novo-plovilo-za-np-skadarsko-jezero-novi-impuls-u-zastiti-prirode-i-biodiverziteta\\\/#primaryimage\"},\"image\":{\"@id\":\"https:\\\/\\\/dmcsrb.com\\\/drustvo\\\/culafic-novo-plovilo-za-np-skadarsko-jezero-novi-impuls-u-zastiti-prirode-i-biodiverziteta\\\/#primaryimage\"},\"thumbnailUrl\":\"https:\\\/\\\/dmcsrb.com\\\/wp-content\\\/uploads\\\/2026\\\/01\\\/Brodic-Skadarsko-jezero.webp\",\"datePublished\":\"2025-09-05T07:43:00+00:00\",\"author\":{\"@id\":\"https:\\\/\\\/dmcsrb.com\\\/#\\\/schema\\\/person\\\/5c39170f12db1b8b457732d0b5c854e2\"},\"breadcrumb\":{\"@id\":\"https:\\\/\\\/dmcsrb.com\\\/drustvo\\\/culafic-novo-plovilo-za-np-skadarsko-jezero-novi-impuls-u-zastiti-prirode-i-biodiverziteta\\\/#breadcrumb\"},\"inLanguage\":\"en-GB\",\"potentialAction\":[{\"@type\":\"ReadAction\",\"target\":[\"https:\\\/\\\/dmcsrb.com\\\/drustvo\\\/culafic-novo-plovilo-za-np-skadarsko-jezero-novi-impuls-u-zastiti-prirode-i-biodiverziteta\\\/\"]}]},{\"@type\":\"ImageObject\",\"inLanguage\":\"en-GB\",\"@id\":\"https:\\\/\\\/dmcsrb.com\\\/drustvo\\\/culafic-novo-plovilo-za-np-skadarsko-jezero-novi-impuls-u-zastiti-prirode-i-biodiverziteta\\\/#primaryimage\",\"url\":\"https:\\\/\\\/dmcsrb.com\\\/wp-content\\\/uploads\\\/2026\\\/01\\\/Brodic-Skadarsko-jezero.webp\",\"contentUrl\":\"https:\\\/\\\/dmcsrb.com\\\/wp-content\\\/uploads\\\/2026\\\/01\\\/Brodic-Skadarsko-jezero.webp\",\"width\":2400,\"height\":1601},{\"@type\":\"BreadcrumbList\",\"@id\":\"https:\\\/\\\/dmcsrb.com\\\/drustvo\\\/culafic-novo-plovilo-za-np-skadarsko-jezero-novi-impuls-u-zastiti-prirode-i-biodiverziteta\\\/#breadcrumb\",\"itemListElement\":[{\"@type\":\"ListItem\",\"position\":1,\"name\":\"Home\",\"item\":\"https:\\\/\\\/dmcsrb.com\\\/\"},{\"@type\":\"ListItem\",\"position\":2,\"name\":\"\u0106ulafi\u0107: Novo plovilo za NP Skadarsko jezero, novi impuls u za\u0161titi prirode i biodiverziteta\"}]},{\"@type\":\"WebSite\",\"@id\":\"https:\\\/\\\/dmcsrb.com\\\/#website\",\"url\":\"https:\\\/\\\/dmcsrb.com\\\/\",\"name\":\"dmcsrb.com\",\"description\":\"\",\"potentialAction\":[{\"@type\":\"SearchAction\",\"target\":{\"@type\":\"EntryPoint\",\"urlTemplate\":\"https:\\\/\\\/dmcsrb.com\\\/?s={search_term_string}\"},\"query-input\":{\"@type\":\"PropertyValueSpecification\",\"valueRequired\":true,\"valueName\":\"search_term_string\"}}],\"inLanguage\":\"en-GB\"},{\"@type\":\"Person\",\"@id\":\"https:\\\/\\\/dmcsrb.com\\\/#\\\/schema\\\/person\\\/5c39170f12db1b8b457732d0b5c854e2\",\"name\":\"dmcsrbija.com@gmail.com\",\"image\":{\"@type\":\"ImageObject\",\"inLanguage\":\"en-GB\",\"@id\":\"https:\\\/\\\/secure.gravatar.com\\\/avatar\\\/68592660ad6347fad0fb587f8d5d8f1a7b44961362f56e4f2cd524feb87e9069?s=96&d=mm&r=g\",\"url\":\"https:\\\/\\\/secure.gravatar.com\\\/avatar\\\/68592660ad6347fad0fb587f8d5d8f1a7b44961362f56e4f2cd524feb87e9069?s=96&d=mm&r=g\",\"contentUrl\":\"https:\\\/\\\/secure.gravatar.com\\\/avatar\\\/68592660ad6347fad0fb587f8d5d8f1a7b44961362f56e4f2cd524feb87e9069?s=96&d=mm&r=g\",\"caption\":\"dmcsrbija.com@gmail.com\"},\"sameAs\":[\"https:\\\/\\\/dmcsrb.com\"],\"url\":\"https:\\\/\\\/dmcsrb.com\\\/en\\\/author\\\/dmcsrbija-comgmail-com\\\/\"}]}<\/script>\n<!-- \/ Yoast SEO plugin. -->","yoast_head_json":{"title":"\u0106ulafi\u0107: Novo plovilo za NP Skadarsko jezero, novi impuls u za\u0161titi prirode i biodiverziteta - dmcsrb.com","robots":{"index":"index","follow":"follow","max-snippet":"max-snippet:-1","max-image-preview":"max-image-preview:large","max-video-preview":"max-video-preview:-1"},"canonical":"https:\/\/dmcsrb.com\/en\/drustvo\/culafic-novo-plovilo-za-np-skadarsko-jezero-novi-impuls-u-zastiti-prirode-i-biodiverziteta\/","og_locale":"en_GB","og_type":"article","og_title":"\u0106ulafi\u0107: Novo plovilo za NP Skadarsko jezero, novi impuls u za\u0161titi prirode i biodiverziteta - dmcsrb.com","og_description":"Ministar ekologije, odr\u017eivog razvoja i razvoja sjevera Damjan \u0106ulafi\u0107 i direktorica Javnog preduze\u0107a za nacionalne parkove Crne Gore (JPNPCG) Marinela \u0110ureti\u0107, sa saradncima, zvani\u010dno su obilje\u017eili zavr\u0161etak projekta \u201cSliv Skadarskog jezera \u2013 prekograni\u010dni rezervat biosfere\u201c u okviru kojeg je i nabavljeno novo plovilo, koje \u0107e u narednom periodu biti kori\u0161\u0107eno za nadzor, kontrolu, ali i nau\u010dno\u2013istra\u017eiva\u010dke djelatnosti zaposlenih u JPNPCG, saop\u0161teno je iz Ministarstva ekologoije, odr\u017eivog razvoja i razvoja sjevera.","og_url":"https:\/\/dmcsrb.com\/en\/drustvo\/culafic-novo-plovilo-za-np-skadarsko-jezero-novi-impuls-u-zastiti-prirode-i-biodiverziteta\/","og_site_name":"dmcsrb.com","article_published_time":"2025-09-05T07:43:00+00:00","og_image":[{"width":2400,"height":1601,"url":"https:\/\/dmcsrb.com\/wp-content\/uploads\/2026\/01\/Brodic-Skadarsko-jezero.webp","type":"image\/jpeg"}],"author":"dmcsrbija.com@gmail.com","twitter_card":"summary_large_image","twitter_misc":{"Written by":"dmcsrbija.com@gmail.com","Estimated reading time":"2 minutes"},"schema":{"@context":"https:\/\/schema.org","@graph":[{"@type":"Article","@id":"https:\/\/dmcsrb.com\/drustvo\/culafic-novo-plovilo-za-np-skadarsko-jezero-novi-impuls-u-zastiti-prirode-i-biodiverziteta\/#article","isPartOf":{"@id":"https:\/\/dmcsrb.com\/drustvo\/culafic-novo-plovilo-za-np-skadarsko-jezero-novi-impuls-u-zastiti-prirode-i-biodiverziteta\/"},"author":{"name":"dmcsrbija.com@gmail.com","@id":"https:\/\/dmcsrb.com\/#\/schema\/person\/5c39170f12db1b8b457732d0b5c854e2"},"headline":"\u0106ulafi\u0107: Novo plovilo za NP Skadarsko jezero, novi impuls u za\u0161titi prirode i biodiverziteta","datePublished":"2025-09-05T07:43:00+00:00","mainEntityOfPage":{"@id":"https:\/\/dmcsrb.com\/drustvo\/culafic-novo-plovilo-za-np-skadarsko-jezero-novi-impuls-u-zastiti-prirode-i-biodiverziteta\/"},"wordCount":432,"commentCount":0,"image":{"@id":"https:\/\/dmcsrb.com\/drustvo\/culafic-novo-plovilo-za-np-skadarsko-jezero-novi-impuls-u-zastiti-prirode-i-biodiverziteta\/#primaryimage"},"thumbnailUrl":"https:\/\/dmcsrb.com\/wp-content\/uploads\/2026\/01\/Brodic-Skadarsko-jezero.webp","keywords":["Brodi\u0107","damjan \u0107ulafi\u0107","NP Skadarsko jezero"],"articleSection":["Dru\u0161tvo"],"inLanguage":"en-GB","potentialAction":[{"@type":"CommentAction","name":"Comment","target":["https:\/\/dmcsrb.com\/drustvo\/culafic-novo-plovilo-za-np-skadarsko-jezero-novi-impuls-u-zastiti-prirode-i-biodiverziteta\/#respond"]}]},{"@type":"WebPage","@id":"https:\/\/dmcsrb.com\/drustvo\/culafic-novo-plovilo-za-np-skadarsko-jezero-novi-impuls-u-zastiti-prirode-i-biodiverziteta\/","url":"https:\/\/dmcsrb.com\/drustvo\/culafic-novo-plovilo-za-np-skadarsko-jezero-novi-impuls-u-zastiti-prirode-i-biodiverziteta\/","name":"\u0106ulafi\u0107: Novo plovilo za NP Skadarsko jezero, novi impuls u za\u0161titi prirode i biodiverziteta - dmcsrb.com","isPartOf":{"@id":"https:\/\/dmcsrb.com\/#website"},"primaryImageOfPage":{"@id":"https:\/\/dmcsrb.com\/drustvo\/culafic-novo-plovilo-za-np-skadarsko-jezero-novi-impuls-u-zastiti-prirode-i-biodiverziteta\/#primaryimage"},"image":{"@id":"https:\/\/dmcsrb.com\/drustvo\/culafic-novo-plovilo-za-np-skadarsko-jezero-novi-impuls-u-zastiti-prirode-i-biodiverziteta\/#primaryimage"},"thumbnailUrl":"https:\/\/dmcsrb.com\/wp-content\/uploads\/2026\/01\/Brodic-Skadarsko-jezero.webp","datePublished":"2025-09-05T07:43:00+00:00","author":{"@id":"https:\/\/dmcsrb.com\/#\/schema\/person\/5c39170f12db1b8b457732d0b5c854e2"},"breadcrumb":{"@id":"https:\/\/dmcsrb.com\/drustvo\/culafic-novo-plovilo-za-np-skadarsko-jezero-novi-impuls-u-zastiti-prirode-i-biodiverziteta\/#breadcrumb"},"inLanguage":"en-GB","potentialAction":[{"@type":"ReadAction","target":["https:\/\/dmcsrb.com\/drustvo\/culafic-novo-plovilo-za-np-skadarsko-jezero-novi-impuls-u-zastiti-prirode-i-biodiverziteta\/"]}]},{"@type":"ImageObject","inLanguage":"en-GB","@id":"https:\/\/dmcsrb.com\/drustvo\/culafic-novo-plovilo-za-np-skadarsko-jezero-novi-impuls-u-zastiti-prirode-i-biodiverziteta\/#primaryimage","url":"https:\/\/dmcsrb.com\/wp-content\/uploads\/2026\/01\/Brodic-Skadarsko-jezero.webp","contentUrl":"https:\/\/dmcsrb.com\/wp-content\/uploads\/2026\/01\/Brodic-Skadarsko-jezero.webp","width":2400,"height":1601},{"@type":"BreadcrumbList","@id":"https:\/\/dmcsrb.com\/drustvo\/culafic-novo-plovilo-za-np-skadarsko-jezero-novi-impuls-u-zastiti-prirode-i-biodiverziteta\/#breadcrumb","itemListElement":[{"@type":"ListItem","position":1,"name":"Home","item":"https:\/\/dmcsrb.com\/"},{"@type":"ListItem","position":2,"name":"\u0106ulafi\u0107: Novo plovilo za NP Skadarsko jezero, novi impuls u za\u0161titi prirode i biodiverziteta"}]},{"@type":"WebSite","@id":"https:\/\/dmcsrb.com\/#website","url":"https:\/\/dmcsrb.com\/","name":"dmcsrb.com","description":"","potentialAction":[{"@type":"SearchAction","target":{"@type":"EntryPoint","urlTemplate":"https:\/\/dmcsrb.com\/?s={search_term_string}"},"query-input":{"@type":"PropertyValueSpecification","valueRequired":true,"valueName":"search_term_string"}}],"inLanguage":"en-GB"},{"@type":"Person","@id":"https:\/\/dmcsrb.com\/#\/schema\/person\/5c39170f12db1b8b457732d0b5c854e2","name":"dmcsrbija.com@gmail.com","image":{"@type":"ImageObject","inLanguage":"en-GB","@id":"https:\/\/secure.gravatar.com\/avatar\/68592660ad6347fad0fb587f8d5d8f1a7b44961362f56e4f2cd524feb87e9069?s=96&d=mm&r=g","url":"https:\/\/secure.gravatar.com\/avatar\/68592660ad6347fad0fb587f8d5d8f1a7b44961362f56e4f2cd524feb87e9069?s=96&d=mm&r=g","contentUrl":"https:\/\/secure.gravatar.com\/avatar\/68592660ad6347fad0fb587f8d5d8f1a7b44961362f56e4f2cd524feb87e9069?s=96&d=mm&r=g","caption":"dmcsrbija.com@gmail.com"},"sameAs":["https:\/\/dmcsrb.com"],"url":"https:\/\/dmcsrb.com\/en\/author\/dmcsrbija-comgmail-com\/"}]}},"_links":{"self":[{"href":"https:\/\/dmcsrb.com\/en\/wp-json\/wp\/v2\/posts\/950300","targetHints":{"allow":["GET"]}}],"collection":[{"href":"https:\/\/dmcsrb.com\/en\/wp-json\/wp\/v2\/posts"}],"about":[{"href":"https:\/\/dmcsrb.com\/en\/wp-json\/wp\/v2\/types\/post"}],"author":[{"embeddable":true,"href":"https:\/\/dmcsrb.com\/en\/wp-json\/wp\/v2\/users\/1"}],"replies":[{"embeddable":true,"href":"https:\/\/dmcsrb.com\/en\/wp-json\/wp\/v2\/comments?post=950300"}],"version-history":[{"count":0,"href":"https:\/\/dmcsrb.com\/en\/wp-json\/wp\/v2\/posts\/950300\/revisions"}],"wp:featuredmedia":[{"embeddable":true,"href":"https:\/\/dmcsrb.com\/en\/wp-json\/wp\/v2\/media\/950301"}],"wp:attachment":[{"href":"https:\/\/dmcsrb.com\/en\/wp-json\/wp\/v2\/media?parent=950300"}],"wp:term":[{"taxonomy":"category","embeddable":true,"href":"https:\/\/dmcsrb.com\/en\/wp-json\/wp\/v2\/categories?post=950300"},{"taxonomy":"post_tag","embeddable":true,"href":"https:\/\/dmcsrb.com\/en\/wp-json\/wp\/v2\/tags?post=950300"},{"taxonomy":"naslovna","embeddable":true,"href":"https:\/\/dmcsrb.com\/en\/wp-json\/wp\/v2\/naslovna?post=950300"}],"curies":[{"name":"wp","href":"https:\/\/api.w.org\/{rel}","templated":true}]}}