{"id":950234,"date":"2025-09-04T19:53:00","date_gmt":"2025-09-04T17:53:00","guid":{"rendered":"https:\/\/dmcsrb.com\/uncategorized\/balic-nema-gasenja-srednje-skole-u-gusinju-dps-da-prestane-sa-sirenjem-dezinformacija-i-politizacijom-obrazovanja\/"},"modified":"2025-09-04T19:53:00","modified_gmt":"2025-09-04T17:53:00","slug":"balic-nema-gasenja-srednje-skole-u-gusinju-dps-da-prestane-sa-sirenjem-dezinformacija-i-politizacijom-obrazovanja","status":"publish","type":"post","link":"https:\/\/dmcsrb.com\/en\/drustvo\/balic-nema-gasenja-srednje-skole-u-gusinju-dps-da-prestane-sa-sirenjem-dezinformacija-i-politizacijom-obrazovanja\/","title":{"rendered":"Bali\u0107: Nema ga\u0161enja srednje \u0161kole u Gusinju, DPS da prestane sa \u0161irenjem dezinformacija i politizacijom obrazovanja"},"content":{"rendered":"<p><\/p>\n\n\n\n<p><\/p>\n\n\n\n<p><\/p>\n\n\n\n<p><\/p>\n\n\n\n<p>\u201cPovodom neta\u010dnih i tendencioznih navoda iz saop\u0161tenja Op\u0161tinskog odbora DPS Gusinje, osje\u0107am obavezu da javnost upoznam sa stvarnim \u010dinjenicama u vezi sa funkcionisanjem podru\u010dnog odjeljenja JU SM\u0160 \u201cBe\u0107o Ba\u0161i\u0107\u201d u Gusinju.&nbsp;Prije svega, tvrdnje o \u201cga\u0161enju srednje \u0161kole\u201d su neosnovane i neistinite i predstavljaju poku\u0161aj politizacije jednog kompleksnog pitanja koje zahtijeva odgovoran pristup, a ne populisti\u010dke poruke\u201d, istakao je Bali\u0107.<\/p>\n\n\n\n<p>Prema njegovim rije\u010dima, podru\u010dno odjeljenje Srednje mje\u0161ovite \u0161kole \u201cBe\u0107o Ba\u0161i\u0107\u201d u Gusinju nije uga\u0161eno, ve\u0107 se suo\u010dava sa objektivnim izazovima \u2013 prije svega, nedovoljnim brojem zainteresovanih u\u010denika za formiranje novih odjeljenja.<\/p>\n\n\n\n<p>\u201cPodru\u010dno odjeljenje u Gusinju nastavlja sa radom, a nastava za u\u010denike II i IV razreda se i dalje odvija u Gusinju, u skladu sa planom i organizacijom \u0161kole. Odjeljenje I razreda nije formirano, jer nije bilo prijavljenih u\u010denika, uprkos tome \u0161to je konkurs za upis bio raspisivan dva puta\u201d, naveo je.<\/p>\n\n\n\n<p>Poru\u010dio je da ova situacija nije rezultat politi\u010dke odluke, ve\u0107 odraz stvarnog interesa u\u010denika i roditelja.<\/p>\n\n\n\n<p>\u201cSuprotno navodima u saop\u0161tenju DPS-a, Uprava \u0161kole i Ministarstvo prosvjete, nauke i inovacija, vode\u0107i se isklju\u010divo interesima u\u010denika i kvalitetom obrazovanja, su u skladu sa svojim nadle\u017enostima Planom upisa u I razred za \u0161kolsku 2025\/26 godinu za PO Gusinje planirali odjeljenje \u010detvrtog stepena obrazovnog programa Elektrotehni\u010dar za razvoj veb i mobilnih aplikacija.&nbsp;Na\u017ealost nije bilo zainteresovanih u\u010denika i samim tim odjeljenje I razreda nije formirano\u201d, naglasio je.<\/p>\n\n\n\n<p>Ukazao je da u odgovoru na pitanje povodom vra\u0107anja dva odjeljenja u mati\u010dnu \u0161kolu, od strane uprave \u0161kole su upoznati da u okviru redovnih aktivnosti pred po\u010detak \u0161kolske godine na sjednici NV imaju\u0107i u vidu \u010dinjenicu da nije bilo zainteresovanih za upis u I razred u PO Gusinje, dio kolektiva je pokrenuo inicijativu da se, u cilju obavljanja \u0161to kvalitetnijeg obrazovno vaspitnog procesa, razmotri mogu\u0107nost vra\u0107anja dva odjeljenja iz PO Gusinje za ovu \u0161kolsku godinu, \u0161to je nastavni\u010dko vije\u0107e podr\u017ealo.<\/p>\n\n\n\n<p>\u201cS tim u vezi a sve u cilju kvalitetnije organizacije nastave done\u0161ena je odluka da u\u010denici dva odjeljenja (IV\/2 i II\/2) ukupno 29 u\u010denika od \u010dega 11 u\u010denika iz Plava koji su upisali pro\u0161le godine smjer Elektrotehni\u010dar za razvoj veb i mobilnih aplikacija \u0161kolsku 2025\/26 godinu zapo\u010dnu u mati\u010dnoj \u0161koli u Plavu, dok se ne saglase \u0161kolski odbor i Ministarstvo\u201d, dodao je Bali\u0107.<\/p>\n\n\n\n<p>Prema njegovim rije\u010dima, inicijativa je upu\u0107ena \u0161kolskom odboru na razmatranje i \u0161kolski odbor je donio odluku da u\u010denici koji su upisani u PO Gusinje, tamo i nastave obrazovanje.<\/p>\n\n\n\n<p>\u201cNapominju da je osniva\u010d, u ovom slu\u010daju Ministarstvo prosvjete nauke i inovacija jedini nadle\u017ean organ za osnivanje ili \u201ega\u0161enje\u201c podru\u010dnog odjeljenja \u0161kole. Lokalna uprava Gusinje, na \u010delu sa Bo\u0161nja\u010dkom strankom i koalicionim partnerima i Vlada Crne Gore, ostaje posve\u0107ena razvoju obrazovne infrastrukture i stvaranju uslova za obrazovanje u skladu sa potrebama zajednice\u201d, jasan je on.<\/p>\n\n\n\n<p>Bali\u0107 navodi da dijaspora i Fondacija Gusinje ostaju va\u017eni partneri u tim procesima, i njihova podr\u0161ka se visoko cijeni.<\/p>\n\n\n\n<p>\u201cPozivam DPS Gusinje da prestane sa \u0161irenjem dezinformacija i politizacijom obrazovanja, te da se uklju\u010di u konstruktivan dijalog u interesu mladih i njihove budu\u0107nosti\u201d, zaklju\u010dio je.<\/p>","protected":false},"excerpt":{"rendered":"<p>Predsjednik Op\u0161tine Gusinje, Sanel Bali\u0107, reagovao je povodom tvrdnji DPS Gusinje o radu srednje \u0161kole \u201cBe\u0107o Ba\u0161i\u0107\u201d u ovoj op\u0161tini i kazao da ne\u0107e do\u0107i do njenog ga\u0161enja. Demokratskoj partiji socijalista poru\u010dio je da prestane sa \u0161irenjem dezinformacija i politizacijom obrazovanja.<\/p>","protected":false},"author":1,"featured_media":950235,"comment_status":"open","ping_status":"open","sticky":false,"template":"","format":"standard","meta":{"_acf_changed":false,"footnotes":""},"categories":[2],"tags":[6890,3728],"naslovna":[],"class_list":["post-950234","post","type-post","status-publish","format-standard","has-post-thumbnail","hentry","category-drustvo","tag-gusinje","tag-srednja-skola"],"acf":[],"yoast_head":"<!-- This site is optimized with the Yoast SEO plugin v27.4 - https:\/\/yoast.com\/product\/yoast-seo-wordpress\/ -->\n<title>Bali\u0107: Nema ga\u0161enja srednje \u0161kole u Gusinju, DPS da prestane sa \u0161irenjem dezinformacija i politizacijom obrazovanja - dmcsrb.com<\/title>\n<meta name=\"robots\" content=\"index, follow, max-snippet:-1, max-image-preview:large, max-video-preview:-1\" \/>\n<link rel=\"canonical\" href=\"https:\/\/dmcsrb.com\/en\/drustvo\/balic-nema-gasenja-srednje-skole-u-gusinju-dps-da-prestane-sa-sirenjem-dezinformacija-i-politizacijom-obrazovanja\/\" \/>\n<meta property=\"og:locale\" content=\"en_GB\" \/>\n<meta property=\"og:type\" content=\"article\" \/>\n<meta property=\"og:title\" content=\"Bali\u0107: Nema ga\u0161enja srednje \u0161kole u Gusinju, DPS da prestane sa \u0161irenjem dezinformacija i politizacijom obrazovanja - dmcsrb.com\" \/>\n<meta property=\"og:description\" content=\"Predsjednik Op\u0161tine Gusinje, Sanel Bali\u0107, reagovao je povodom tvrdnji DPS Gusinje o radu srednje \u0161kole \u201cBe\u0107o Ba\u0161i\u0107\u201d u ovoj op\u0161tini i kazao da ne\u0107e do\u0107i do njenog ga\u0161enja. Demokratskoj partiji socijalista poru\u010dio je da prestane sa \u0161irenjem dezinformacija i politizacijom obrazovanja.\" \/>\n<meta property=\"og:url\" content=\"https:\/\/dmcsrb.com\/en\/drustvo\/balic-nema-gasenja-srednje-skole-u-gusinju-dps-da-prestane-sa-sirenjem-dezinformacija-i-politizacijom-obrazovanja\/\" \/>\n<meta property=\"og:site_name\" content=\"dmcsrb.com\" \/>\n<meta property=\"article:published_time\" content=\"2025-09-04T17:53:00+00:00\" \/>\n<meta property=\"og:image\" content=\"https:\/\/dmcsrb.com\/wp-content\/uploads\/2026\/01\/balic.webp\" \/>\n\t<meta property=\"og:image:width\" content=\"782\" \/>\n\t<meta property=\"og:image:height\" content=\"555\" \/>\n\t<meta property=\"og:image:type\" content=\"image\/jpeg\" \/>\n<meta name=\"author\" content=\"dmcsrbija.com@gmail.com\" \/>\n<meta name=\"twitter:card\" content=\"summary_large_image\" \/>\n<meta name=\"twitter:label1\" content=\"Written by\" \/>\n\t<meta name=\"twitter:data1\" content=\"dmcsrbija.com@gmail.com\" \/>\n\t<meta name=\"twitter:label2\" content=\"Estimated reading time\" \/>\n\t<meta name=\"twitter:data2\" content=\"3 minutes\" \/>\n<script type=\"application\/ld+json\" class=\"yoast-schema-graph\">{\"@context\":\"https:\\\/\\\/schema.org\",\"@graph\":[{\"@type\":\"Article\",\"@id\":\"https:\\\/\\\/dmcsrb.com\\\/drustvo\\\/balic-nema-gasenja-srednje-skole-u-gusinju-dps-da-prestane-sa-sirenjem-dezinformacija-i-politizacijom-obrazovanja\\\/#article\",\"isPartOf\":{\"@id\":\"https:\\\/\\\/dmcsrb.com\\\/drustvo\\\/balic-nema-gasenja-srednje-skole-u-gusinju-dps-da-prestane-sa-sirenjem-dezinformacija-i-politizacijom-obrazovanja\\\/\"},\"author\":{\"name\":\"dmcsrbija.com@gmail.com\",\"@id\":\"https:\\\/\\\/dmcsrb.com\\\/#\\\/schema\\\/person\\\/5c39170f12db1b8b457732d0b5c854e2\"},\"headline\":\"Bali\u0107: Nema ga\u0161enja srednje \u0161kole u Gusinju, DPS da prestane sa \u0161irenjem dezinformacija i politizacijom obrazovanja\",\"datePublished\":\"2025-09-04T17:53:00+00:00\",\"mainEntityOfPage\":{\"@id\":\"https:\\\/\\\/dmcsrb.com\\\/drustvo\\\/balic-nema-gasenja-srednje-skole-u-gusinju-dps-da-prestane-sa-sirenjem-dezinformacija-i-politizacijom-obrazovanja\\\/\"},\"wordCount\":574,\"commentCount\":0,\"image\":{\"@id\":\"https:\\\/\\\/dmcsrb.com\\\/drustvo\\\/balic-nema-gasenja-srednje-skole-u-gusinju-dps-da-prestane-sa-sirenjem-dezinformacija-i-politizacijom-obrazovanja\\\/#primaryimage\"},\"thumbnailUrl\":\"https:\\\/\\\/dmcsrb.com\\\/wp-content\\\/uploads\\\/2026\\\/01\\\/balic.webp\",\"keywords\":[\"Gusinje\",\"srednja \u0161kola\"],\"articleSection\":[\"Dru\u0161tvo\"],\"inLanguage\":\"en-GB\",\"potentialAction\":[{\"@type\":\"CommentAction\",\"name\":\"Comment\",\"target\":[\"https:\\\/\\\/dmcsrb.com\\\/drustvo\\\/balic-nema-gasenja-srednje-skole-u-gusinju-dps-da-prestane-sa-sirenjem-dezinformacija-i-politizacijom-obrazovanja\\\/#respond\"]}]},{\"@type\":\"WebPage\",\"@id\":\"https:\\\/\\\/dmcsrb.com\\\/drustvo\\\/balic-nema-gasenja-srednje-skole-u-gusinju-dps-da-prestane-sa-sirenjem-dezinformacija-i-politizacijom-obrazovanja\\\/\",\"url\":\"https:\\\/\\\/dmcsrb.com\\\/drustvo\\\/balic-nema-gasenja-srednje-skole-u-gusinju-dps-da-prestane-sa-sirenjem-dezinformacija-i-politizacijom-obrazovanja\\\/\",\"name\":\"Bali\u0107: Nema ga\u0161enja srednje \u0161kole u Gusinju, DPS da prestane sa \u0161irenjem dezinformacija i politizacijom obrazovanja - dmcsrb.com\",\"isPartOf\":{\"@id\":\"https:\\\/\\\/dmcsrb.com\\\/#website\"},\"primaryImageOfPage\":{\"@id\":\"https:\\\/\\\/dmcsrb.com\\\/drustvo\\\/balic-nema-gasenja-srednje-skole-u-gusinju-dps-da-prestane-sa-sirenjem-dezinformacija-i-politizacijom-obrazovanja\\\/#primaryimage\"},\"image\":{\"@id\":\"https:\\\/\\\/dmcsrb.com\\\/drustvo\\\/balic-nema-gasenja-srednje-skole-u-gusinju-dps-da-prestane-sa-sirenjem-dezinformacija-i-politizacijom-obrazovanja\\\/#primaryimage\"},\"thumbnailUrl\":\"https:\\\/\\\/dmcsrb.com\\\/wp-content\\\/uploads\\\/2026\\\/01\\\/balic.webp\",\"datePublished\":\"2025-09-04T17:53:00+00:00\",\"author\":{\"@id\":\"https:\\\/\\\/dmcsrb.com\\\/#\\\/schema\\\/person\\\/5c39170f12db1b8b457732d0b5c854e2\"},\"breadcrumb\":{\"@id\":\"https:\\\/\\\/dmcsrb.com\\\/drustvo\\\/balic-nema-gasenja-srednje-skole-u-gusinju-dps-da-prestane-sa-sirenjem-dezinformacija-i-politizacijom-obrazovanja\\\/#breadcrumb\"},\"inLanguage\":\"en-GB\",\"potentialAction\":[{\"@type\":\"ReadAction\",\"target\":[\"https:\\\/\\\/dmcsrb.com\\\/drustvo\\\/balic-nema-gasenja-srednje-skole-u-gusinju-dps-da-prestane-sa-sirenjem-dezinformacija-i-politizacijom-obrazovanja\\\/\"]}]},{\"@type\":\"ImageObject\",\"inLanguage\":\"en-GB\",\"@id\":\"https:\\\/\\\/dmcsrb.com\\\/drustvo\\\/balic-nema-gasenja-srednje-skole-u-gusinju-dps-da-prestane-sa-sirenjem-dezinformacija-i-politizacijom-obrazovanja\\\/#primaryimage\",\"url\":\"https:\\\/\\\/dmcsrb.com\\\/wp-content\\\/uploads\\\/2026\\\/01\\\/balic.webp\",\"contentUrl\":\"https:\\\/\\\/dmcsrb.com\\\/wp-content\\\/uploads\\\/2026\\\/01\\\/balic.webp\",\"width\":782,\"height\":555},{\"@type\":\"BreadcrumbList\",\"@id\":\"https:\\\/\\\/dmcsrb.com\\\/drustvo\\\/balic-nema-gasenja-srednje-skole-u-gusinju-dps-da-prestane-sa-sirenjem-dezinformacija-i-politizacijom-obrazovanja\\\/#breadcrumb\",\"itemListElement\":[{\"@type\":\"ListItem\",\"position\":1,\"name\":\"Home\",\"item\":\"https:\\\/\\\/dmcsrb.com\\\/\"},{\"@type\":\"ListItem\",\"position\":2,\"name\":\"Bali\u0107: Nema ga\u0161enja srednje \u0161kole u Gusinju, DPS da prestane sa \u0161irenjem dezinformacija i politizacijom obrazovanja\"}]},{\"@type\":\"WebSite\",\"@id\":\"https:\\\/\\\/dmcsrb.com\\\/#website\",\"url\":\"https:\\\/\\\/dmcsrb.com\\\/\",\"name\":\"dmcsrb.com\",\"description\":\"\",\"potentialAction\":[{\"@type\":\"SearchAction\",\"target\":{\"@type\":\"EntryPoint\",\"urlTemplate\":\"https:\\\/\\\/dmcsrb.com\\\/?s={search_term_string}\"},\"query-input\":{\"@type\":\"PropertyValueSpecification\",\"valueRequired\":true,\"valueName\":\"search_term_string\"}}],\"inLanguage\":\"en-GB\"},{\"@type\":\"Person\",\"@id\":\"https:\\\/\\\/dmcsrb.com\\\/#\\\/schema\\\/person\\\/5c39170f12db1b8b457732d0b5c854e2\",\"name\":\"dmcsrbija.com@gmail.com\",\"image\":{\"@type\":\"ImageObject\",\"inLanguage\":\"en-GB\",\"@id\":\"https:\\\/\\\/secure.gravatar.com\\\/avatar\\\/68592660ad6347fad0fb587f8d5d8f1a7b44961362f56e4f2cd524feb87e9069?s=96&d=mm&r=g\",\"url\":\"https:\\\/\\\/secure.gravatar.com\\\/avatar\\\/68592660ad6347fad0fb587f8d5d8f1a7b44961362f56e4f2cd524feb87e9069?s=96&d=mm&r=g\",\"contentUrl\":\"https:\\\/\\\/secure.gravatar.com\\\/avatar\\\/68592660ad6347fad0fb587f8d5d8f1a7b44961362f56e4f2cd524feb87e9069?s=96&d=mm&r=g\",\"caption\":\"dmcsrbija.com@gmail.com\"},\"sameAs\":[\"https:\\\/\\\/dmcsrb.com\"],\"url\":\"https:\\\/\\\/dmcsrb.com\\\/en\\\/author\\\/dmcsrbija-comgmail-com\\\/\"}]}<\/script>\n<!-- \/ Yoast SEO plugin. -->","yoast_head_json":{"title":"Bali\u0107: Nema ga\u0161enja srednje \u0161kole u Gusinju, DPS da prestane sa \u0161irenjem dezinformacija i politizacijom obrazovanja - dmcsrb.com","robots":{"index":"index","follow":"follow","max-snippet":"max-snippet:-1","max-image-preview":"max-image-preview:large","max-video-preview":"max-video-preview:-1"},"canonical":"https:\/\/dmcsrb.com\/en\/drustvo\/balic-nema-gasenja-srednje-skole-u-gusinju-dps-da-prestane-sa-sirenjem-dezinformacija-i-politizacijom-obrazovanja\/","og_locale":"en_GB","og_type":"article","og_title":"Bali\u0107: Nema ga\u0161enja srednje \u0161kole u Gusinju, DPS da prestane sa \u0161irenjem dezinformacija i politizacijom obrazovanja - dmcsrb.com","og_description":"Predsjednik Op\u0161tine Gusinje, Sanel Bali\u0107, reagovao je povodom tvrdnji DPS Gusinje o radu srednje \u0161kole \u201cBe\u0107o Ba\u0161i\u0107\u201d u ovoj op\u0161tini i kazao da ne\u0107e do\u0107i do njenog ga\u0161enja. Demokratskoj partiji socijalista poru\u010dio je da prestane sa \u0161irenjem dezinformacija i politizacijom obrazovanja.","og_url":"https:\/\/dmcsrb.com\/en\/drustvo\/balic-nema-gasenja-srednje-skole-u-gusinju-dps-da-prestane-sa-sirenjem-dezinformacija-i-politizacijom-obrazovanja\/","og_site_name":"dmcsrb.com","article_published_time":"2025-09-04T17:53:00+00:00","og_image":[{"width":782,"height":555,"url":"https:\/\/dmcsrb.com\/wp-content\/uploads\/2026\/01\/balic.webp","type":"image\/jpeg"}],"author":"dmcsrbija.com@gmail.com","twitter_card":"summary_large_image","twitter_misc":{"Written by":"dmcsrbija.com@gmail.com","Estimated reading time":"3 minutes"},"schema":{"@context":"https:\/\/schema.org","@graph":[{"@type":"Article","@id":"https:\/\/dmcsrb.com\/drustvo\/balic-nema-gasenja-srednje-skole-u-gusinju-dps-da-prestane-sa-sirenjem-dezinformacija-i-politizacijom-obrazovanja\/#article","isPartOf":{"@id":"https:\/\/dmcsrb.com\/drustvo\/balic-nema-gasenja-srednje-skole-u-gusinju-dps-da-prestane-sa-sirenjem-dezinformacija-i-politizacijom-obrazovanja\/"},"author":{"name":"dmcsrbija.com@gmail.com","@id":"https:\/\/dmcsrb.com\/#\/schema\/person\/5c39170f12db1b8b457732d0b5c854e2"},"headline":"Bali\u0107: Nema ga\u0161enja srednje \u0161kole u Gusinju, DPS da prestane sa \u0161irenjem dezinformacija i politizacijom obrazovanja","datePublished":"2025-09-04T17:53:00+00:00","mainEntityOfPage":{"@id":"https:\/\/dmcsrb.com\/drustvo\/balic-nema-gasenja-srednje-skole-u-gusinju-dps-da-prestane-sa-sirenjem-dezinformacija-i-politizacijom-obrazovanja\/"},"wordCount":574,"commentCount":0,"image":{"@id":"https:\/\/dmcsrb.com\/drustvo\/balic-nema-gasenja-srednje-skole-u-gusinju-dps-da-prestane-sa-sirenjem-dezinformacija-i-politizacijom-obrazovanja\/#primaryimage"},"thumbnailUrl":"https:\/\/dmcsrb.com\/wp-content\/uploads\/2026\/01\/balic.webp","keywords":["Gusinje","srednja \u0161kola"],"articleSection":["Dru\u0161tvo"],"inLanguage":"en-GB","potentialAction":[{"@type":"CommentAction","name":"Comment","target":["https:\/\/dmcsrb.com\/drustvo\/balic-nema-gasenja-srednje-skole-u-gusinju-dps-da-prestane-sa-sirenjem-dezinformacija-i-politizacijom-obrazovanja\/#respond"]}]},{"@type":"WebPage","@id":"https:\/\/dmcsrb.com\/drustvo\/balic-nema-gasenja-srednje-skole-u-gusinju-dps-da-prestane-sa-sirenjem-dezinformacija-i-politizacijom-obrazovanja\/","url":"https:\/\/dmcsrb.com\/drustvo\/balic-nema-gasenja-srednje-skole-u-gusinju-dps-da-prestane-sa-sirenjem-dezinformacija-i-politizacijom-obrazovanja\/","name":"Bali\u0107: Nema ga\u0161enja srednje \u0161kole u Gusinju, DPS da prestane sa \u0161irenjem dezinformacija i politizacijom obrazovanja - dmcsrb.com","isPartOf":{"@id":"https:\/\/dmcsrb.com\/#website"},"primaryImageOfPage":{"@id":"https:\/\/dmcsrb.com\/drustvo\/balic-nema-gasenja-srednje-skole-u-gusinju-dps-da-prestane-sa-sirenjem-dezinformacija-i-politizacijom-obrazovanja\/#primaryimage"},"image":{"@id":"https:\/\/dmcsrb.com\/drustvo\/balic-nema-gasenja-srednje-skole-u-gusinju-dps-da-prestane-sa-sirenjem-dezinformacija-i-politizacijom-obrazovanja\/#primaryimage"},"thumbnailUrl":"https:\/\/dmcsrb.com\/wp-content\/uploads\/2026\/01\/balic.webp","datePublished":"2025-09-04T17:53:00+00:00","author":{"@id":"https:\/\/dmcsrb.com\/#\/schema\/person\/5c39170f12db1b8b457732d0b5c854e2"},"breadcrumb":{"@id":"https:\/\/dmcsrb.com\/drustvo\/balic-nema-gasenja-srednje-skole-u-gusinju-dps-da-prestane-sa-sirenjem-dezinformacija-i-politizacijom-obrazovanja\/#breadcrumb"},"inLanguage":"en-GB","potentialAction":[{"@type":"ReadAction","target":["https:\/\/dmcsrb.com\/drustvo\/balic-nema-gasenja-srednje-skole-u-gusinju-dps-da-prestane-sa-sirenjem-dezinformacija-i-politizacijom-obrazovanja\/"]}]},{"@type":"ImageObject","inLanguage":"en-GB","@id":"https:\/\/dmcsrb.com\/drustvo\/balic-nema-gasenja-srednje-skole-u-gusinju-dps-da-prestane-sa-sirenjem-dezinformacija-i-politizacijom-obrazovanja\/#primaryimage","url":"https:\/\/dmcsrb.com\/wp-content\/uploads\/2026\/01\/balic.webp","contentUrl":"https:\/\/dmcsrb.com\/wp-content\/uploads\/2026\/01\/balic.webp","width":782,"height":555},{"@type":"BreadcrumbList","@id":"https:\/\/dmcsrb.com\/drustvo\/balic-nema-gasenja-srednje-skole-u-gusinju-dps-da-prestane-sa-sirenjem-dezinformacija-i-politizacijom-obrazovanja\/#breadcrumb","itemListElement":[{"@type":"ListItem","position":1,"name":"Home","item":"https:\/\/dmcsrb.com\/"},{"@type":"ListItem","position":2,"name":"Bali\u0107: Nema ga\u0161enja srednje \u0161kole u Gusinju, DPS da prestane sa \u0161irenjem dezinformacija i politizacijom obrazovanja"}]},{"@type":"WebSite","@id":"https:\/\/dmcsrb.com\/#website","url":"https:\/\/dmcsrb.com\/","name":"dmcsrb.com","description":"","potentialAction":[{"@type":"SearchAction","target":{"@type":"EntryPoint","urlTemplate":"https:\/\/dmcsrb.com\/?s={search_term_string}"},"query-input":{"@type":"PropertyValueSpecification","valueRequired":true,"valueName":"search_term_string"}}],"inLanguage":"en-GB"},{"@type":"Person","@id":"https:\/\/dmcsrb.com\/#\/schema\/person\/5c39170f12db1b8b457732d0b5c854e2","name":"dmcsrbija.com@gmail.com","image":{"@type":"ImageObject","inLanguage":"en-GB","@id":"https:\/\/secure.gravatar.com\/avatar\/68592660ad6347fad0fb587f8d5d8f1a7b44961362f56e4f2cd524feb87e9069?s=96&d=mm&r=g","url":"https:\/\/secure.gravatar.com\/avatar\/68592660ad6347fad0fb587f8d5d8f1a7b44961362f56e4f2cd524feb87e9069?s=96&d=mm&r=g","contentUrl":"https:\/\/secure.gravatar.com\/avatar\/68592660ad6347fad0fb587f8d5d8f1a7b44961362f56e4f2cd524feb87e9069?s=96&d=mm&r=g","caption":"dmcsrbija.com@gmail.com"},"sameAs":["https:\/\/dmcsrb.com"],"url":"https:\/\/dmcsrb.com\/en\/author\/dmcsrbija-comgmail-com\/"}]}},"_links":{"self":[{"href":"https:\/\/dmcsrb.com\/en\/wp-json\/wp\/v2\/posts\/950234","targetHints":{"allow":["GET"]}}],"collection":[{"href":"https:\/\/dmcsrb.com\/en\/wp-json\/wp\/v2\/posts"}],"about":[{"href":"https:\/\/dmcsrb.com\/en\/wp-json\/wp\/v2\/types\/post"}],"author":[{"embeddable":true,"href":"https:\/\/dmcsrb.com\/en\/wp-json\/wp\/v2\/users\/1"}],"replies":[{"embeddable":true,"href":"https:\/\/dmcsrb.com\/en\/wp-json\/wp\/v2\/comments?post=950234"}],"version-history":[{"count":0,"href":"https:\/\/dmcsrb.com\/en\/wp-json\/wp\/v2\/posts\/950234\/revisions"}],"wp:featuredmedia":[{"embeddable":true,"href":"https:\/\/dmcsrb.com\/en\/wp-json\/wp\/v2\/media\/950235"}],"wp:attachment":[{"href":"https:\/\/dmcsrb.com\/en\/wp-json\/wp\/v2\/media?parent=950234"}],"wp:term":[{"taxonomy":"category","embeddable":true,"href":"https:\/\/dmcsrb.com\/en\/wp-json\/wp\/v2\/categories?post=950234"},{"taxonomy":"post_tag","embeddable":true,"href":"https:\/\/dmcsrb.com\/en\/wp-json\/wp\/v2\/tags?post=950234"},{"taxonomy":"naslovna","embeddable":true,"href":"https:\/\/dmcsrb.com\/en\/wp-json\/wp\/v2\/naslovna?post=950234"}],"curies":[{"name":"wp","href":"https:\/\/api.w.org\/{rel}","templated":true}]}}