{"id":950207,"date":"2025-09-04T16:34:00","date_gmt":"2025-09-04T14:34:00","guid":{"rendered":"https:\/\/dmcsrb.com\/uncategorized\/perisic-italija-je-favorit-ali-morace-to-da-dokaze-na-terenu\/"},"modified":"2025-09-04T16:34:00","modified_gmt":"2025-09-04T14:34:00","slug":"perisic-italija-je-favorit-ali-morace-to-da-dokaze-na-terenu","status":"publish","type":"post","link":"https:\/\/dmcsrb.com\/en\/sport\/perisic-italija-je-favorit-ali-morace-to-da-dokaze-na-terenu\/","title":{"rendered":"Peri\u0161i\u0107: Italija je favorit, ali mora\u0107e to da doka\u017ee na terenu"},"content":{"rendered":"<p>Izabranici selektora Gorana Peri\u0161i\u0107a gostuju sjutra Italiji u Speciji u okviru prvog kola grupe E.<\/p>\n\n\n\n<p>&#8220;Jedva \u010dekamo kvalifikacije, devet mjeseci se pripremamo za to. Imali smo dva okupljanja, u martu i junu, gdje smo odigrali tri utakmice, pobijedili Bosnu i Hercegovinu, a igrali nerije\u0161eno sa Turskom i Azerbejd\u017eanom&#8221;, kazao je Peri\u0161i\u0107. <\/p>\n\n\n\n<p>Pored Italije, u na\u0161oj grupi nalaze se jo\u0161 Sjeverna Makedonija, Poljska, \u0160vedska i Jermenija.<\/p>\n\n\n\n<p>\u201cO\u010dekuje nas te\u0161ka grupa, a realno nismo imali sre\u0107e na \u017erebu. Nije alibi, ali \u0160vedska, Italija i Poljska su favoriti u ovoj grupi. Raduje me atmosfera i rad sa momcima koji su se u\u017eeljeli rada u reprezentaciji&#8221;, kazao je Peri\u0161i\u0107, <\/p>\n\n\n\n<p>Prvi protivnik je najte\u017ei mogu\u0107i. <\/p>\n\n\n\n<p>\u201cO selekciji Italije ne bih puno tro\u0161io rije\u010di. Dobra ekipa, individualno su mnogo dobri, ve\u0107ina igra\u010da nastupa u Italiji. \u017delimo da pru\u017eimo dobru igru, ostvarimo \u0161to bolji rezultat i kvalifikacije otvorimo na pravi na\u010din&#8221;, istakao je Peri\u0161i\u0107. <\/p>\n\n\n\n<p>Napad &#8220;crvenih&#8221; predvodi\u0107e napada\u010d Partizana, Andrej Kosti\u0107 koji je u odli\u010dnoj formi, a Peri\u0161i\u0107 najavljuje da se ne\u0107e braniti iako je rival favorit. <\/p>\n\n\n\n<p>\u201cKod mene nema defanzivnog bloka. Iza\u0107i \u0107emo visoko, ali da ne otkrivam sada sve karte. Ono sto je sigurno jeste da \u0107emo igrati napada\u010dki, imamo ubojite \u0161piceve kojo ove godine re\u0161eta mre\u017ee u svojom klubovima. To mi daje samopouzdanje da probamo da napravimo ne\u0161to vi\u0161e. Ponavljam, jesu favoriti, ali je teren jedino merilo svega. Igra\u010de ne \u017eelim da optere\u0107ujem, samo tra\u017eim od njih da igraju i daju svoj maksimum&#8221;, zaklju\u010dio je Peri\u0161i\u0107. <\/p>\n\n\n\n<p>Utakmica je na programu od 18 sati i 15 minuta. <\/p>","protected":false},"excerpt":{"rendered":"<p>Dok su sve o\u010di uprte u sjutra\u0161nji me\u010d seniorske fudbalske reprezentacije Crne Gore protiv \u010ce\u0161ke, na\u0161a mlada selekcija tako\u0111e u petak zapo\u010dinje kvalifikacije za Evropsko prvenstvo.<\/p>","protected":false},"author":1,"featured_media":950208,"comment_status":"open","ping_status":"open","sticky":false,"template":"","format":"standard","meta":{"_acf_changed":false,"footnotes":""},"categories":[148],"tags":[6937,6807,6808],"naslovna":[],"class_list":["post-950207","post","type-post","status-publish","format-standard","has-post-thumbnail","hentry","category-sport","tag-goran-perisic","tag-mlada-fudbalska-reprezentacija-crne-gore","tag-mlada-fudbalska-reprezentacija-italije"],"acf":[],"yoast_head":"<!-- This site is optimized with the Yoast SEO plugin v27.4 - https:\/\/yoast.com\/product\/yoast-seo-wordpress\/ -->\n<title>Peri\u0161i\u0107: Italija je favorit, ali mora\u0107e to da doka\u017ee na terenu - dmcsrb.com<\/title>\n<meta name=\"robots\" content=\"index, follow, max-snippet:-1, max-image-preview:large, max-video-preview:-1\" \/>\n<link rel=\"canonical\" href=\"https:\/\/dmcsrb.com\/en\/sport\/perisic-italija-je-favorit-ali-morace-to-da-dokaze-na-terenu\/\" \/>\n<meta property=\"og:locale\" content=\"en_GB\" \/>\n<meta property=\"og:type\" content=\"article\" \/>\n<meta property=\"og:title\" content=\"Peri\u0161i\u0107: Italija je favorit, ali mora\u0107e to da doka\u017ee na terenu - dmcsrb.com\" \/>\n<meta property=\"og:description\" content=\"Dok su sve o\u010di uprte u sjutra\u0161nji me\u010d seniorske fudbalske reprezentacije Crne Gore protiv \u010ce\u0161ke, na\u0161a mlada selekcija tako\u0111e u petak zapo\u010dinje kvalifikacije za Evropsko prvenstvo.\" \/>\n<meta property=\"og:url\" content=\"https:\/\/dmcsrb.com\/en\/sport\/perisic-italija-je-favorit-ali-morace-to-da-dokaze-na-terenu\/\" \/>\n<meta property=\"og:site_name\" content=\"dmcsrb.com\" \/>\n<meta property=\"article:published_time\" content=\"2025-09-04T14:34:00+00:00\" \/>\n<meta property=\"og:image\" content=\"https:\/\/dmcsrb.com\/wp-content\/uploads\/2026\/01\/Goran-Perisic-FSCG.webp\" \/>\n\t<meta property=\"og:image:width\" content=\"1050\" \/>\n\t<meta property=\"og:image:height\" content=\"624\" \/>\n\t<meta property=\"og:image:type\" content=\"image\/jpeg\" \/>\n<meta name=\"author\" content=\"dmcsrbija.com@gmail.com\" \/>\n<meta name=\"twitter:card\" content=\"summary_large_image\" \/>\n<meta name=\"twitter:label1\" content=\"Written by\" \/>\n\t<meta name=\"twitter:data1\" content=\"dmcsrbija.com@gmail.com\" \/>\n\t<meta name=\"twitter:label2\" content=\"Estimated reading time\" \/>\n\t<meta name=\"twitter:data2\" content=\"1 minute\" \/>\n<script type=\"application\/ld+json\" class=\"yoast-schema-graph\">{\"@context\":\"https:\\\/\\\/schema.org\",\"@graph\":[{\"@type\":\"Article\",\"@id\":\"https:\\\/\\\/dmcsrb.com\\\/sport\\\/perisic-italija-je-favorit-ali-morace-to-da-dokaze-na-terenu\\\/#article\",\"isPartOf\":{\"@id\":\"https:\\\/\\\/dmcsrb.com\\\/sport\\\/perisic-italija-je-favorit-ali-morace-to-da-dokaze-na-terenu\\\/\"},\"author\":{\"name\":\"dmcsrbija.com@gmail.com\",\"@id\":\"https:\\\/\\\/dmcsrb.com\\\/#\\\/schema\\\/person\\\/5c39170f12db1b8b457732d0b5c854e2\"},\"headline\":\"Peri\u0161i\u0107: Italija je favorit, ali mora\u0107e to da doka\u017ee na terenu\",\"datePublished\":\"2025-09-04T14:34:00+00:00\",\"mainEntityOfPage\":{\"@id\":\"https:\\\/\\\/dmcsrb.com\\\/sport\\\/perisic-italija-je-favorit-ali-morace-to-da-dokaze-na-terenu\\\/\"},\"wordCount\":299,\"commentCount\":0,\"image\":{\"@id\":\"https:\\\/\\\/dmcsrb.com\\\/sport\\\/perisic-italija-je-favorit-ali-morace-to-da-dokaze-na-terenu\\\/#primaryimage\"},\"thumbnailUrl\":\"https:\\\/\\\/dmcsrb.com\\\/wp-content\\\/uploads\\\/2026\\\/01\\\/Goran-Perisic-FSCG.webp\",\"keywords\":[\"Goran Peri\u0161i\u0107\",\"Mlada fudbalska reprezentacija Crne Gore\",\"Mlada fudbalska reprezentacija Italije\"],\"articleSection\":[\"Sport\"],\"inLanguage\":\"en-GB\",\"potentialAction\":[{\"@type\":\"CommentAction\",\"name\":\"Comment\",\"target\":[\"https:\\\/\\\/dmcsrb.com\\\/sport\\\/perisic-italija-je-favorit-ali-morace-to-da-dokaze-na-terenu\\\/#respond\"]}]},{\"@type\":\"WebPage\",\"@id\":\"https:\\\/\\\/dmcsrb.com\\\/sport\\\/perisic-italija-je-favorit-ali-morace-to-da-dokaze-na-terenu\\\/\",\"url\":\"https:\\\/\\\/dmcsrb.com\\\/sport\\\/perisic-italija-je-favorit-ali-morace-to-da-dokaze-na-terenu\\\/\",\"name\":\"Peri\u0161i\u0107: Italija je favorit, ali mora\u0107e to da doka\u017ee na terenu - dmcsrb.com\",\"isPartOf\":{\"@id\":\"https:\\\/\\\/dmcsrb.com\\\/#website\"},\"primaryImageOfPage\":{\"@id\":\"https:\\\/\\\/dmcsrb.com\\\/sport\\\/perisic-italija-je-favorit-ali-morace-to-da-dokaze-na-terenu\\\/#primaryimage\"},\"image\":{\"@id\":\"https:\\\/\\\/dmcsrb.com\\\/sport\\\/perisic-italija-je-favorit-ali-morace-to-da-dokaze-na-terenu\\\/#primaryimage\"},\"thumbnailUrl\":\"https:\\\/\\\/dmcsrb.com\\\/wp-content\\\/uploads\\\/2026\\\/01\\\/Goran-Perisic-FSCG.webp\",\"datePublished\":\"2025-09-04T14:34:00+00:00\",\"author\":{\"@id\":\"https:\\\/\\\/dmcsrb.com\\\/#\\\/schema\\\/person\\\/5c39170f12db1b8b457732d0b5c854e2\"},\"breadcrumb\":{\"@id\":\"https:\\\/\\\/dmcsrb.com\\\/sport\\\/perisic-italija-je-favorit-ali-morace-to-da-dokaze-na-terenu\\\/#breadcrumb\"},\"inLanguage\":\"en-GB\",\"potentialAction\":[{\"@type\":\"ReadAction\",\"target\":[\"https:\\\/\\\/dmcsrb.com\\\/sport\\\/perisic-italija-je-favorit-ali-morace-to-da-dokaze-na-terenu\\\/\"]}]},{\"@type\":\"ImageObject\",\"inLanguage\":\"en-GB\",\"@id\":\"https:\\\/\\\/dmcsrb.com\\\/sport\\\/perisic-italija-je-favorit-ali-morace-to-da-dokaze-na-terenu\\\/#primaryimage\",\"url\":\"https:\\\/\\\/dmcsrb.com\\\/wp-content\\\/uploads\\\/2026\\\/01\\\/Goran-Perisic-FSCG.webp\",\"contentUrl\":\"https:\\\/\\\/dmcsrb.com\\\/wp-content\\\/uploads\\\/2026\\\/01\\\/Goran-Perisic-FSCG.webp\",\"width\":1050,\"height\":624},{\"@type\":\"BreadcrumbList\",\"@id\":\"https:\\\/\\\/dmcsrb.com\\\/sport\\\/perisic-italija-je-favorit-ali-morace-to-da-dokaze-na-terenu\\\/#breadcrumb\",\"itemListElement\":[{\"@type\":\"ListItem\",\"position\":1,\"name\":\"Home\",\"item\":\"https:\\\/\\\/dmcsrb.com\\\/\"},{\"@type\":\"ListItem\",\"position\":2,\"name\":\"Peri\u0161i\u0107: Italija je favorit, ali mora\u0107e to da doka\u017ee na terenu\"}]},{\"@type\":\"WebSite\",\"@id\":\"https:\\\/\\\/dmcsrb.com\\\/#website\",\"url\":\"https:\\\/\\\/dmcsrb.com\\\/\",\"name\":\"dmcsrb.com\",\"description\":\"\",\"potentialAction\":[{\"@type\":\"SearchAction\",\"target\":{\"@type\":\"EntryPoint\",\"urlTemplate\":\"https:\\\/\\\/dmcsrb.com\\\/?s={search_term_string}\"},\"query-input\":{\"@type\":\"PropertyValueSpecification\",\"valueRequired\":true,\"valueName\":\"search_term_string\"}}],\"inLanguage\":\"en-GB\"},{\"@type\":\"Person\",\"@id\":\"https:\\\/\\\/dmcsrb.com\\\/#\\\/schema\\\/person\\\/5c39170f12db1b8b457732d0b5c854e2\",\"name\":\"dmcsrbija.com@gmail.com\",\"image\":{\"@type\":\"ImageObject\",\"inLanguage\":\"en-GB\",\"@id\":\"https:\\\/\\\/secure.gravatar.com\\\/avatar\\\/68592660ad6347fad0fb587f8d5d8f1a7b44961362f56e4f2cd524feb87e9069?s=96&d=mm&r=g\",\"url\":\"https:\\\/\\\/secure.gravatar.com\\\/avatar\\\/68592660ad6347fad0fb587f8d5d8f1a7b44961362f56e4f2cd524feb87e9069?s=96&d=mm&r=g\",\"contentUrl\":\"https:\\\/\\\/secure.gravatar.com\\\/avatar\\\/68592660ad6347fad0fb587f8d5d8f1a7b44961362f56e4f2cd524feb87e9069?s=96&d=mm&r=g\",\"caption\":\"dmcsrbija.com@gmail.com\"},\"sameAs\":[\"https:\\\/\\\/dmcsrb.com\"],\"url\":\"https:\\\/\\\/dmcsrb.com\\\/en\\\/author\\\/dmcsrbija-comgmail-com\\\/\"}]}<\/script>\n<!-- \/ Yoast SEO plugin. -->","yoast_head_json":{"title":"Peri\u0161i\u0107: Italija je favorit, ali mora\u0107e to da doka\u017ee na terenu - dmcsrb.com","robots":{"index":"index","follow":"follow","max-snippet":"max-snippet:-1","max-image-preview":"max-image-preview:large","max-video-preview":"max-video-preview:-1"},"canonical":"https:\/\/dmcsrb.com\/en\/sport\/perisic-italija-je-favorit-ali-morace-to-da-dokaze-na-terenu\/","og_locale":"en_GB","og_type":"article","og_title":"Peri\u0161i\u0107: Italija je favorit, ali mora\u0107e to da doka\u017ee na terenu - dmcsrb.com","og_description":"Dok su sve o\u010di uprte u sjutra\u0161nji me\u010d seniorske fudbalske reprezentacije Crne Gore protiv \u010ce\u0161ke, na\u0161a mlada selekcija tako\u0111e u petak zapo\u010dinje kvalifikacije za Evropsko prvenstvo.","og_url":"https:\/\/dmcsrb.com\/en\/sport\/perisic-italija-je-favorit-ali-morace-to-da-dokaze-na-terenu\/","og_site_name":"dmcsrb.com","article_published_time":"2025-09-04T14:34:00+00:00","og_image":[{"width":1050,"height":624,"url":"https:\/\/dmcsrb.com\/wp-content\/uploads\/2026\/01\/Goran-Perisic-FSCG.webp","type":"image\/jpeg"}],"author":"dmcsrbija.com@gmail.com","twitter_card":"summary_large_image","twitter_misc":{"Written by":"dmcsrbija.com@gmail.com","Estimated reading time":"1 minute"},"schema":{"@context":"https:\/\/schema.org","@graph":[{"@type":"Article","@id":"https:\/\/dmcsrb.com\/sport\/perisic-italija-je-favorit-ali-morace-to-da-dokaze-na-terenu\/#article","isPartOf":{"@id":"https:\/\/dmcsrb.com\/sport\/perisic-italija-je-favorit-ali-morace-to-da-dokaze-na-terenu\/"},"author":{"name":"dmcsrbija.com@gmail.com","@id":"https:\/\/dmcsrb.com\/#\/schema\/person\/5c39170f12db1b8b457732d0b5c854e2"},"headline":"Peri\u0161i\u0107: Italija je favorit, ali mora\u0107e to da doka\u017ee na terenu","datePublished":"2025-09-04T14:34:00+00:00","mainEntityOfPage":{"@id":"https:\/\/dmcsrb.com\/sport\/perisic-italija-je-favorit-ali-morace-to-da-dokaze-na-terenu\/"},"wordCount":299,"commentCount":0,"image":{"@id":"https:\/\/dmcsrb.com\/sport\/perisic-italija-je-favorit-ali-morace-to-da-dokaze-na-terenu\/#primaryimage"},"thumbnailUrl":"https:\/\/dmcsrb.com\/wp-content\/uploads\/2026\/01\/Goran-Perisic-FSCG.webp","keywords":["Goran Peri\u0161i\u0107","Mlada fudbalska reprezentacija Crne Gore","Mlada fudbalska reprezentacija Italije"],"articleSection":["Sport"],"inLanguage":"en-GB","potentialAction":[{"@type":"CommentAction","name":"Comment","target":["https:\/\/dmcsrb.com\/sport\/perisic-italija-je-favorit-ali-morace-to-da-dokaze-na-terenu\/#respond"]}]},{"@type":"WebPage","@id":"https:\/\/dmcsrb.com\/sport\/perisic-italija-je-favorit-ali-morace-to-da-dokaze-na-terenu\/","url":"https:\/\/dmcsrb.com\/sport\/perisic-italija-je-favorit-ali-morace-to-da-dokaze-na-terenu\/","name":"Peri\u0161i\u0107: Italija je favorit, ali mora\u0107e to da doka\u017ee na terenu - dmcsrb.com","isPartOf":{"@id":"https:\/\/dmcsrb.com\/#website"},"primaryImageOfPage":{"@id":"https:\/\/dmcsrb.com\/sport\/perisic-italija-je-favorit-ali-morace-to-da-dokaze-na-terenu\/#primaryimage"},"image":{"@id":"https:\/\/dmcsrb.com\/sport\/perisic-italija-je-favorit-ali-morace-to-da-dokaze-na-terenu\/#primaryimage"},"thumbnailUrl":"https:\/\/dmcsrb.com\/wp-content\/uploads\/2026\/01\/Goran-Perisic-FSCG.webp","datePublished":"2025-09-04T14:34:00+00:00","author":{"@id":"https:\/\/dmcsrb.com\/#\/schema\/person\/5c39170f12db1b8b457732d0b5c854e2"},"breadcrumb":{"@id":"https:\/\/dmcsrb.com\/sport\/perisic-italija-je-favorit-ali-morace-to-da-dokaze-na-terenu\/#breadcrumb"},"inLanguage":"en-GB","potentialAction":[{"@type":"ReadAction","target":["https:\/\/dmcsrb.com\/sport\/perisic-italija-je-favorit-ali-morace-to-da-dokaze-na-terenu\/"]}]},{"@type":"ImageObject","inLanguage":"en-GB","@id":"https:\/\/dmcsrb.com\/sport\/perisic-italija-je-favorit-ali-morace-to-da-dokaze-na-terenu\/#primaryimage","url":"https:\/\/dmcsrb.com\/wp-content\/uploads\/2026\/01\/Goran-Perisic-FSCG.webp","contentUrl":"https:\/\/dmcsrb.com\/wp-content\/uploads\/2026\/01\/Goran-Perisic-FSCG.webp","width":1050,"height":624},{"@type":"BreadcrumbList","@id":"https:\/\/dmcsrb.com\/sport\/perisic-italija-je-favorit-ali-morace-to-da-dokaze-na-terenu\/#breadcrumb","itemListElement":[{"@type":"ListItem","position":1,"name":"Home","item":"https:\/\/dmcsrb.com\/"},{"@type":"ListItem","position":2,"name":"Peri\u0161i\u0107: Italija je favorit, ali mora\u0107e to da doka\u017ee na terenu"}]},{"@type":"WebSite","@id":"https:\/\/dmcsrb.com\/#website","url":"https:\/\/dmcsrb.com\/","name":"dmcsrb.com","description":"","potentialAction":[{"@type":"SearchAction","target":{"@type":"EntryPoint","urlTemplate":"https:\/\/dmcsrb.com\/?s={search_term_string}"},"query-input":{"@type":"PropertyValueSpecification","valueRequired":true,"valueName":"search_term_string"}}],"inLanguage":"en-GB"},{"@type":"Person","@id":"https:\/\/dmcsrb.com\/#\/schema\/person\/5c39170f12db1b8b457732d0b5c854e2","name":"dmcsrbija.com@gmail.com","image":{"@type":"ImageObject","inLanguage":"en-GB","@id":"https:\/\/secure.gravatar.com\/avatar\/68592660ad6347fad0fb587f8d5d8f1a7b44961362f56e4f2cd524feb87e9069?s=96&d=mm&r=g","url":"https:\/\/secure.gravatar.com\/avatar\/68592660ad6347fad0fb587f8d5d8f1a7b44961362f56e4f2cd524feb87e9069?s=96&d=mm&r=g","contentUrl":"https:\/\/secure.gravatar.com\/avatar\/68592660ad6347fad0fb587f8d5d8f1a7b44961362f56e4f2cd524feb87e9069?s=96&d=mm&r=g","caption":"dmcsrbija.com@gmail.com"},"sameAs":["https:\/\/dmcsrb.com"],"url":"https:\/\/dmcsrb.com\/en\/author\/dmcsrbija-comgmail-com\/"}]}},"_links":{"self":[{"href":"https:\/\/dmcsrb.com\/en\/wp-json\/wp\/v2\/posts\/950207","targetHints":{"allow":["GET"]}}],"collection":[{"href":"https:\/\/dmcsrb.com\/en\/wp-json\/wp\/v2\/posts"}],"about":[{"href":"https:\/\/dmcsrb.com\/en\/wp-json\/wp\/v2\/types\/post"}],"author":[{"embeddable":true,"href":"https:\/\/dmcsrb.com\/en\/wp-json\/wp\/v2\/users\/1"}],"replies":[{"embeddable":true,"href":"https:\/\/dmcsrb.com\/en\/wp-json\/wp\/v2\/comments?post=950207"}],"version-history":[{"count":0,"href":"https:\/\/dmcsrb.com\/en\/wp-json\/wp\/v2\/posts\/950207\/revisions"}],"wp:featuredmedia":[{"embeddable":true,"href":"https:\/\/dmcsrb.com\/en\/wp-json\/wp\/v2\/media\/950208"}],"wp:attachment":[{"href":"https:\/\/dmcsrb.com\/en\/wp-json\/wp\/v2\/media?parent=950207"}],"wp:term":[{"taxonomy":"category","embeddable":true,"href":"https:\/\/dmcsrb.com\/en\/wp-json\/wp\/v2\/categories?post=950207"},{"taxonomy":"post_tag","embeddable":true,"href":"https:\/\/dmcsrb.com\/en\/wp-json\/wp\/v2\/tags?post=950207"},{"taxonomy":"naslovna","embeddable":true,"href":"https:\/\/dmcsrb.com\/en\/wp-json\/wp\/v2\/naslovna?post=950207"}],"curies":[{"name":"wp","href":"https:\/\/api.w.org\/{rel}","templated":true}]}}