{"id":950162,"date":"2025-09-04T14:18:00","date_gmt":"2025-09-04T12:18:00","guid":{"rendered":"https:\/\/dmcsrb.com\/uncategorized\/odrzan-sastanak-odbora-za-medjunarodne-odnose-i-iseljenike-i-grupe-prijateljstva-sa-delegacijom-odbora-za-evropske-poslove-slovacke\/"},"modified":"2025-09-04T14:18:00","modified_gmt":"2025-09-04T12:18:00","slug":"odrzan-sastanak-odbora-za-medjunarodne-odnose-i-iseljenike-i-grupe-prijateljstva-sa-delegacijom-odbora-za-evropske-poslove-slovacke","status":"publish","type":"post","link":"https:\/\/dmcsrb.com\/en\/politika\/odrzan-sastanak-odbora-za-medjunarodne-odnose-i-iseljenike-i-grupe-prijateljstva-sa-delegacijom-odbora-za-evropske-poslove-slovacke\/","title":{"rendered":"Odr\u017ean sastanak Odbora za me\u0111unarodne odnose i iseljenike i Grupe prijateljstva sa delegacijom Odbora za Evropske poslove Slova\u010dke"},"content":{"rendered":"<p><\/p>\n\n\n\n<p>Jasna vizija i opredijeljenost ne samo politi\u010dkih lidera, ve\u0107 i crnogorske javnosti, kada je rije\u010d o pristupanju na\u0161e dr\u017eave Evropskoj uniji, oslikava nastojanja dr\u017eave da standard gra\u0111ana bude prevashodni prioritet, naglasio je <strong>Admir Adrovi\u0107<\/strong>. On je dodao da \u010dvrsto postoje\u0107a saradnja izme\u0111u Crne Gore i Slova\u010dke stvara temelje za budu\u0107e ravnopravno partnerstvo, omogu\u0107avaju\u0107i nastavak vi\u0161edecenijskih odnosa. Adrovi\u0107 je posebno istakao zna\u010daj ja\u010danja turizma kao jednog od klju\u010dnih segmenta saradnje, nagla\u0161avaju\u0107i potrebu otvaranja direktne avionske linije izme\u0111u glavnih gradova, \u0161to \u0107e dodatno unaprijediti mobilnost gra\u0111ana, poslovnu razmjenu i razvoj turisti\u010dkih potencijala, ja\u010daju\u0107i ekonomske i kulturne veze na obostrano zadovoljstvo.<\/p>\n\n\n\n<p>Predsjednik Odbora za Evropske poslove Slova\u010dke<strong> Jan Feren\u010dak<\/strong> naveo je da primjeri dobre prakse Crne Gore u procesu pregovora sa Evropskom unijom, kao i njena izvjesna perspektiva naredne \u010dlanice EU, predstavljaju inspiraciju i podsticaj ostalim dr\u017eavama Zapadnog Balkana da nastave sna\u017ean progres u procesu pristupanja zajednici evropskih naroda, bez kojih EU ne mo\u017ee biti bezbjedna, ujedinjena i cjelovita. Feren\u010dak je dodao da je kontinuirana posve\u0107enost svih aktera aktuelnog saziva Skup\u0161tine prepoznata kao iskreno zalaganje za ubrzanje procesa evropskih integracija \u0161to potvr\u0111uje da Crna Gora, kao i do sada, mo\u017ee ra\u010dunati na svaku politi\u010dku, ekspertsku i svaku drugu vrstu podr\u0161ke Slova\u010dke u nastavku njene evropske perspektive i op\u0161teg prosperitata.<\/p>\n\n\n\n<p><strong>Andrija Nikoli\u0107<\/strong> je dodao da izvrsni bilateralni i multilateralni odnosi mogu biti dodatno podstaknuti parlamentarnom diplomatijom, koja predstavlja prakti\u010dan mehanizam za sna\u017eenje dijaloga na nivou predstavni\u010dkih tijela. Nikoli\u0107 je naglasio da su istorijski sna\u017ene veze dvije prijateljske dr\u017eave i danas jako prisutne, upravo zahvaljuju\u0107i otvorenoj podr\u0161ci Slova\u010dke integracionim procesima na\u0161e dr\u017eave, \u0161to nam daje podstek da jo\u0161 sna\u017enije sprovedemo neophodne reforme u pristupim procesima i zatvaranju preostalih poglavlja.<\/p>\n\n\n\n<p><strong>Beata Jurik <\/strong>(<em>Be\u00e1ta Jur\u00edk<\/em>), potpredsjednica Odbora za evropske poslove Slova\u010dke i \u010dlanica Grupe prijateljstva sa Crnom Gorom, istakla je da je prepoznato da ve\u0107 du\u017ei period u Crnoj Gori postoji sna\u017ena i dugotrajna podr\u0161ka evropskom putu, \u010dime se jasno potvr\u0111uje odlu\u010dnost gra\u0111ana da Crna Gora bude dio evropske porodice. Ona je dodala da je u posljednjem istra\u017eivanju me\u0111u gra\u0111anima Evropske unije, \u010dak 67% ispitanika izrazilo podr\u0161ku \u010dlanstvu na\u0161oj dr\u017eavi u EU \u2013 \u0161to je najve\u0107i procenat podr\u0161ke u pore\u0111enju sa ostalim dr\u017eavama sa istim integracionim aspiracijama. Juruk je naglasila da Slova\u010dka ostaje otvorena da, na nivou potpredsjednika Evropskog parlamenta <strong>Martina<\/strong><strong> <\/strong><strong>Hojs<\/strong><strong>\u00ed<\/strong><strong>ka<\/strong> (<em>Martina<\/em><em> <\/em><em>Hojs<\/em><em>i<\/em><em>ka<\/em>) i ostalih struktura u evropskim institucijama, prenese va\u017ene poruke koje Crna Gora namjerava da afirmi\u0161e u finalnoj fazi procesa pristupanja evropskoj zajednici najrazvijenijih dr\u017eava kontinenta.<\/p>\n\n\n\n<p><strong>Abaz Dizdarevi\u0107<\/strong> je naglasio da ga raduje nastavak saradnje sa \u010dlanicom EU, kakva je Slova\u010dka, koju Crna Gora prepoznaje kao permanentnog prijatelja. Dizdarevi\u0107 je istakao da na\u0161a dr\u017eava, sa razlogom, ima pravo da me\u0111u evropskim partnerima ra\u010duna na otvorenog i pouzdanog podr\u017eavaoca ispunjenja strate\u0161kog cilja na\u0161e dr\u017eave, a to je punopravno \u010dlanstvo u EU. Bratimljenje gradova, kao i sna\u017ene istorijske i politi\u010dke veze, dodatno potvr\u0111uju \u010dvrstinu i dugotrajnost na\u0161ih relacija.<\/p>\n\n\n\n<p><strong>Radinka \u0106in\u0107ur<\/strong> je istakla da su saradnja u okviru kulture i prosvjete, poljoprivrede, a posebno ekologije u izazovnom Poglavlju 27, od klju\u010dne va\u017enosti. Ona je istakla da su iskustva Slova\u010dke od klju\u010dnog zna\u010daja kako bi se unaprijedili ovi segmenti dru\u0161tva, a ujedno oja\u010dala me\u0111usobna saradnja i povjerenje gra\u0111ana i institucija.<\/p>\n\n\n\n<p>I pored odli\u010dnih me\u0111usobnih politi\u010dkih odnosa, sagovornici su se saglasili da obim ekonomske razmjene izme\u0111u Crne Gore i Slova\u010dke ne prati u potpunosti kvalitet diplomatskih veza. Istaknuto je da je neophodno dodatno podsticanje privredne saradnje, posebno u sektorima turizma i investicija, \u0161to u kona\u010dnom potvr\u0111uje jasno izra\u017eenu spremnost obje strane da nastave ja\u010danje sveukupne saradnje \u2013 na obostrano zadovoljstvo dvije dr\u017eave i njenih naroda.<\/p>","protected":false},"excerpt":{"rendered":"<p>Dinami\u010dna i konstruktivna politi\u010dka komunikacija izme\u0111u dvije prijateljske dr\u017eave, koje njeguju bogatu tradiciju me\u0111udr\u017eavnih odnosa, naro\u010dito od obnove crnogorske dr\u017eavnosti, potvr\u0111uje duboko me\u0111usobno razumijevanje, sna\u017eno partnerstvo i spremnost na zajedni\u010dko djelovanje u razli\u010ditim me\u0111unarodnim formatima, \u0161to je istaknuto kao klju\u010dna poruka sa sastanka zamjenika predsjednika Odbora za me\u0111unarodne odnose i iseljenike\u00a0Admira Adrovi\u0107a, \u010dlana Odbora Abaza Dizdarevi\u0107a, \u010dlana i \u010dlanice Grupe prijateljstva Andrije Nikoli\u0107a i Radinke \u0106in\u0107ur, sa delegacijom Odbora za evropske poslove Slova\u010dke, na \u010delu sa predsjednikom Janom Feren\u010dakom (J\u00e1n Feren\u010d\u00e1k).<\/p>","protected":false},"author":1,"featured_media":950163,"comment_status":"open","ping_status":"open","sticky":false,"template":"","format":"standard","meta":{"_acf_changed":false,"footnotes":""},"categories":[12],"tags":[1488,2386,6909,6910,1578],"naslovna":[],"class_list":["post-950162","post","type-post","status-publish","format-standard","has-post-thumbnail","hentry","category-politika","tag-delegacija","tag-grupa-prijateljstva","tag-odbor-za-evropske-poslove-slovacka","tag-odbor-za-medjunarodne-odnose-i-iseljenike","tag-sastanak"],"acf":[],"yoast_head":"<!-- This site is optimized with the Yoast SEO plugin v27.0 - https:\/\/yoast.com\/product\/yoast-seo-wordpress\/ -->\n<title>Odr\u017ean sastanak Odbora za me\u0111unarodne odnose i iseljenike i Grupe prijateljstva sa delegacijom Odbora za Evropske poslove Slova\u010dke - dmcsrb.com<\/title>\n<meta name=\"robots\" content=\"index, follow, max-snippet:-1, max-image-preview:large, max-video-preview:-1\" \/>\n<link rel=\"canonical\" href=\"https:\/\/dmcsrb.com\/en\/politika\/odrzan-sastanak-odbora-za-medjunarodne-odnose-i-iseljenike-i-grupe-prijateljstva-sa-delegacijom-odbora-za-evropske-poslove-slovacke\/\" \/>\n<meta property=\"og:locale\" content=\"en_GB\" \/>\n<meta property=\"og:type\" content=\"article\" \/>\n<meta property=\"og:title\" content=\"Odr\u017ean sastanak Odbora za me\u0111unarodne odnose i iseljenike i Grupe prijateljstva sa delegacijom Odbora za Evropske poslove Slova\u010dke - dmcsrb.com\" \/>\n<meta property=\"og:description\" content=\"Dinami\u010dna i konstruktivna politi\u010dka komunikacija izme\u0111u dvije prijateljske dr\u017eave, koje njeguju bogatu tradiciju me\u0111udr\u017eavnih odnosa, naro\u010dito od obnove crnogorske dr\u017eavnosti, potvr\u0111uje duboko me\u0111usobno razumijevanje, sna\u017eno partnerstvo i spremnost na zajedni\u010dko djelovanje u razli\u010ditim me\u0111unarodnim formatima, \u0161to je istaknuto kao klju\u010dna poruka sa sastanka zamjenika predsjednika Odbora za me\u0111unarodne odnose i iseljenike\u00a0Admira Adrovi\u0107a, \u010dlana Odbora Abaza Dizdarevi\u0107a, \u010dlana i \u010dlanice Grupe prijateljstva Andrije Nikoli\u0107a i Radinke \u0106in\u0107ur, sa delegacijom Odbora za evropske poslove Slova\u010dke, na \u010delu sa predsjednikom Janom Feren\u010dakom (J\u00e1n Feren\u010d\u00e1k).\" \/>\n<meta property=\"og:url\" content=\"https:\/\/dmcsrb.com\/en\/politika\/odrzan-sastanak-odbora-za-medjunarodne-odnose-i-iseljenike-i-grupe-prijateljstva-sa-delegacijom-odbora-za-evropske-poslove-slovacke\/\" \/>\n<meta property=\"og:site_name\" content=\"dmcsrb.com\" \/>\n<meta property=\"article:published_time\" content=\"2025-09-04T12:18:00+00:00\" \/>\n<meta property=\"og:image\" content=\"https:\/\/dmcsrb.com\/wp-content\/uploads\/2026\/01\/Naslovna-2.webp\" \/>\n\t<meta property=\"og:image:width\" content=\"1920\" \/>\n\t<meta property=\"og:image:height\" content=\"1280\" \/>\n\t<meta property=\"og:image:type\" content=\"image\/jpeg\" \/>\n<meta name=\"author\" content=\"dmcsrbija.com@gmail.com\" \/>\n<meta name=\"twitter:card\" content=\"summary_large_image\" \/>\n<meta name=\"twitter:label1\" content=\"Written by\" \/>\n\t<meta name=\"twitter:data1\" content=\"dmcsrbija.com@gmail.com\" \/>\n\t<meta name=\"twitter:label2\" content=\"Estimated reading time\" \/>\n\t<meta name=\"twitter:data2\" content=\"3 minutes\" \/>\n<script type=\"application\/ld+json\" class=\"yoast-schema-graph\">{\"@context\":\"https:\/\/schema.org\",\"@graph\":[{\"@type\":\"Article\",\"@id\":\"https:\/\/dmcsrb.com\/politika\/odrzan-sastanak-odbora-za-medjunarodne-odnose-i-iseljenike-i-grupe-prijateljstva-sa-delegacijom-odbora-za-evropske-poslove-slovacke\/#article\",\"isPartOf\":{\"@id\":\"https:\/\/dmcsrb.com\/politika\/odrzan-sastanak-odbora-za-medjunarodne-odnose-i-iseljenike-i-grupe-prijateljstva-sa-delegacijom-odbora-za-evropske-poslove-slovacke\/\"},\"author\":{\"name\":\"dmcsrbija.com@gmail.com\",\"@id\":\"https:\/\/dmcsrb.com\/#\/schema\/person\/5c39170f12db1b8b457732d0b5c854e2\"},\"headline\":\"Odr\u017ean sastanak Odbora za me\u0111unarodne odnose i iseljenike i Grupe prijateljstva sa delegacijom Odbora za Evropske poslove Slova\u010dke\",\"datePublished\":\"2025-09-04T12:18:00+00:00\",\"mainEntityOfPage\":{\"@id\":\"https:\/\/dmcsrb.com\/politika\/odrzan-sastanak-odbora-za-medjunarodne-odnose-i-iseljenike-i-grupe-prijateljstva-sa-delegacijom-odbora-za-evropske-poslove-slovacke\/\"},\"wordCount\":710,\"commentCount\":0,\"image\":{\"@id\":\"https:\/\/dmcsrb.com\/politika\/odrzan-sastanak-odbora-za-medjunarodne-odnose-i-iseljenike-i-grupe-prijateljstva-sa-delegacijom-odbora-za-evropske-poslove-slovacke\/#primaryimage\"},\"thumbnailUrl\":\"https:\/\/dmcsrb.com\/wp-content\/uploads\/2026\/01\/Naslovna-2.webp\",\"keywords\":[\"delegacija\",\"Grupa prijateljstva\",\"Odbor za Evropske poslove Slova\u010dka\",\"Odbor za me\u0111unarodne odnose i iseljenike\",\"sastanak\"],\"articleSection\":[\"Politika\"],\"inLanguage\":\"en-GB\",\"potentialAction\":[{\"@type\":\"CommentAction\",\"name\":\"Comment\",\"target\":[\"https:\/\/dmcsrb.com\/politika\/odrzan-sastanak-odbora-za-medjunarodne-odnose-i-iseljenike-i-grupe-prijateljstva-sa-delegacijom-odbora-za-evropske-poslove-slovacke\/#respond\"]}]},{\"@type\":\"WebPage\",\"@id\":\"https:\/\/dmcsrb.com\/politika\/odrzan-sastanak-odbora-za-medjunarodne-odnose-i-iseljenike-i-grupe-prijateljstva-sa-delegacijom-odbora-za-evropske-poslove-slovacke\/\",\"url\":\"https:\/\/dmcsrb.com\/politika\/odrzan-sastanak-odbora-za-medjunarodne-odnose-i-iseljenike-i-grupe-prijateljstva-sa-delegacijom-odbora-za-evropske-poslove-slovacke\/\",\"name\":\"Odr\u017ean sastanak Odbora za me\u0111unarodne odnose i iseljenike i Grupe prijateljstva sa delegacijom Odbora za Evropske poslove Slova\u010dke - dmcsrb.com\",\"isPartOf\":{\"@id\":\"https:\/\/dmcsrb.com\/#website\"},\"primaryImageOfPage\":{\"@id\":\"https:\/\/dmcsrb.com\/politika\/odrzan-sastanak-odbora-za-medjunarodne-odnose-i-iseljenike-i-grupe-prijateljstva-sa-delegacijom-odbora-za-evropske-poslove-slovacke\/#primaryimage\"},\"image\":{\"@id\":\"https:\/\/dmcsrb.com\/politika\/odrzan-sastanak-odbora-za-medjunarodne-odnose-i-iseljenike-i-grupe-prijateljstva-sa-delegacijom-odbora-za-evropske-poslove-slovacke\/#primaryimage\"},\"thumbnailUrl\":\"https:\/\/dmcsrb.com\/wp-content\/uploads\/2026\/01\/Naslovna-2.webp\",\"datePublished\":\"2025-09-04T12:18:00+00:00\",\"author\":{\"@id\":\"https:\/\/dmcsrb.com\/#\/schema\/person\/5c39170f12db1b8b457732d0b5c854e2\"},\"breadcrumb\":{\"@id\":\"https:\/\/dmcsrb.com\/politika\/odrzan-sastanak-odbora-za-medjunarodne-odnose-i-iseljenike-i-grupe-prijateljstva-sa-delegacijom-odbora-za-evropske-poslove-slovacke\/#breadcrumb\"},\"inLanguage\":\"en-GB\",\"potentialAction\":[{\"@type\":\"ReadAction\",\"target\":[\"https:\/\/dmcsrb.com\/politika\/odrzan-sastanak-odbora-za-medjunarodne-odnose-i-iseljenike-i-grupe-prijateljstva-sa-delegacijom-odbora-za-evropske-poslove-slovacke\/\"]}]},{\"@type\":\"ImageObject\",\"inLanguage\":\"en-GB\",\"@id\":\"https:\/\/dmcsrb.com\/politika\/odrzan-sastanak-odbora-za-medjunarodne-odnose-i-iseljenike-i-grupe-prijateljstva-sa-delegacijom-odbora-za-evropske-poslove-slovacke\/#primaryimage\",\"url\":\"https:\/\/dmcsrb.com\/wp-content\/uploads\/2026\/01\/Naslovna-2.webp\",\"contentUrl\":\"https:\/\/dmcsrb.com\/wp-content\/uploads\/2026\/01\/Naslovna-2.webp\",\"width\":1920,\"height\":1280},{\"@type\":\"BreadcrumbList\",\"@id\":\"https:\/\/dmcsrb.com\/politika\/odrzan-sastanak-odbora-za-medjunarodne-odnose-i-iseljenike-i-grupe-prijateljstva-sa-delegacijom-odbora-za-evropske-poslove-slovacke\/#breadcrumb\",\"itemListElement\":[{\"@type\":\"ListItem\",\"position\":1,\"name\":\"Home\",\"item\":\"https:\/\/dmcsrb.com\/\"},{\"@type\":\"ListItem\",\"position\":2,\"name\":\"Odr\u017ean sastanak Odbora za me\u0111unarodne odnose i iseljenike i Grupe prijateljstva sa delegacijom Odbora za Evropske poslove Slova\u010dke\"}]},{\"@type\":\"WebSite\",\"@id\":\"https:\/\/dmcsrb.com\/#website\",\"url\":\"https:\/\/dmcsrb.com\/\",\"name\":\"dmcsrb.com\",\"description\":\"\",\"potentialAction\":[{\"@type\":\"SearchAction\",\"target\":{\"@type\":\"EntryPoint\",\"urlTemplate\":\"https:\/\/dmcsrb.com\/?s={search_term_string}\"},\"query-input\":{\"@type\":\"PropertyValueSpecification\",\"valueRequired\":true,\"valueName\":\"search_term_string\"}}],\"inLanguage\":\"en-GB\"},{\"@type\":\"Person\",\"@id\":\"https:\/\/dmcsrb.com\/#\/schema\/person\/5c39170f12db1b8b457732d0b5c854e2\",\"name\":\"dmcsrbija.com@gmail.com\",\"image\":{\"@type\":\"ImageObject\",\"inLanguage\":\"en-GB\",\"@id\":\"https:\/\/dmcsrb.com\/#\/schema\/person\/image\/\",\"url\":\"https:\/\/secure.gravatar.com\/avatar\/68592660ad6347fad0fb587f8d5d8f1a7b44961362f56e4f2cd524feb87e9069?s=96&d=mm&r=g\",\"contentUrl\":\"https:\/\/secure.gravatar.com\/avatar\/68592660ad6347fad0fb587f8d5d8f1a7b44961362f56e4f2cd524feb87e9069?s=96&d=mm&r=g\",\"caption\":\"dmcsrbija.com@gmail.com\"},\"sameAs\":[\"https:\/\/dmcsrb.com\"],\"url\":\"https:\/\/dmcsrb.com\/en\/author\/dmcsrbija-comgmail-com\/\"}]}<\/script>\n<!-- \/ Yoast SEO plugin. -->","yoast_head_json":{"title":"Odr\u017ean sastanak Odbora za me\u0111unarodne odnose i iseljenike i Grupe prijateljstva sa delegacijom Odbora za Evropske poslove Slova\u010dke - dmcsrb.com","robots":{"index":"index","follow":"follow","max-snippet":"max-snippet:-1","max-image-preview":"max-image-preview:large","max-video-preview":"max-video-preview:-1"},"canonical":"https:\/\/dmcsrb.com\/en\/politika\/odrzan-sastanak-odbora-za-medjunarodne-odnose-i-iseljenike-i-grupe-prijateljstva-sa-delegacijom-odbora-za-evropske-poslove-slovacke\/","og_locale":"en_GB","og_type":"article","og_title":"Odr\u017ean sastanak Odbora za me\u0111unarodne odnose i iseljenike i Grupe prijateljstva sa delegacijom Odbora za Evropske poslove Slova\u010dke - dmcsrb.com","og_description":"Dinami\u010dna i konstruktivna politi\u010dka komunikacija izme\u0111u dvije prijateljske dr\u017eave, koje njeguju bogatu tradiciju me\u0111udr\u017eavnih odnosa, naro\u010dito od obnove crnogorske dr\u017eavnosti, potvr\u0111uje duboko me\u0111usobno razumijevanje, sna\u017eno partnerstvo i spremnost na zajedni\u010dko djelovanje u razli\u010ditim me\u0111unarodnim formatima, \u0161to je istaknuto kao klju\u010dna poruka sa sastanka zamjenika predsjednika Odbora za me\u0111unarodne odnose i iseljenike\u00a0Admira Adrovi\u0107a, \u010dlana Odbora Abaza Dizdarevi\u0107a, \u010dlana i \u010dlanice Grupe prijateljstva Andrije Nikoli\u0107a i Radinke \u0106in\u0107ur, sa delegacijom Odbora za evropske poslove Slova\u010dke, na \u010delu sa predsjednikom Janom Feren\u010dakom (J\u00e1n Feren\u010d\u00e1k).","og_url":"https:\/\/dmcsrb.com\/en\/politika\/odrzan-sastanak-odbora-za-medjunarodne-odnose-i-iseljenike-i-grupe-prijateljstva-sa-delegacijom-odbora-za-evropske-poslove-slovacke\/","og_site_name":"dmcsrb.com","article_published_time":"2025-09-04T12:18:00+00:00","og_image":[{"width":1920,"height":1280,"url":"https:\/\/dmcsrb.com\/wp-content\/uploads\/2026\/01\/Naslovna-2.webp","type":"image\/jpeg"}],"author":"dmcsrbija.com@gmail.com","twitter_card":"summary_large_image","twitter_misc":{"Written by":"dmcsrbija.com@gmail.com","Estimated reading time":"3 minutes"},"schema":{"@context":"https:\/\/schema.org","@graph":[{"@type":"Article","@id":"https:\/\/dmcsrb.com\/politika\/odrzan-sastanak-odbora-za-medjunarodne-odnose-i-iseljenike-i-grupe-prijateljstva-sa-delegacijom-odbora-za-evropske-poslove-slovacke\/#article","isPartOf":{"@id":"https:\/\/dmcsrb.com\/politika\/odrzan-sastanak-odbora-za-medjunarodne-odnose-i-iseljenike-i-grupe-prijateljstva-sa-delegacijom-odbora-za-evropske-poslove-slovacke\/"},"author":{"name":"dmcsrbija.com@gmail.com","@id":"https:\/\/dmcsrb.com\/#\/schema\/person\/5c39170f12db1b8b457732d0b5c854e2"},"headline":"Odr\u017ean sastanak Odbora za me\u0111unarodne odnose i iseljenike i Grupe prijateljstva sa delegacijom Odbora za Evropske poslove Slova\u010dke","datePublished":"2025-09-04T12:18:00+00:00","mainEntityOfPage":{"@id":"https:\/\/dmcsrb.com\/politika\/odrzan-sastanak-odbora-za-medjunarodne-odnose-i-iseljenike-i-grupe-prijateljstva-sa-delegacijom-odbora-za-evropske-poslove-slovacke\/"},"wordCount":710,"commentCount":0,"image":{"@id":"https:\/\/dmcsrb.com\/politika\/odrzan-sastanak-odbora-za-medjunarodne-odnose-i-iseljenike-i-grupe-prijateljstva-sa-delegacijom-odbora-za-evropske-poslove-slovacke\/#primaryimage"},"thumbnailUrl":"https:\/\/dmcsrb.com\/wp-content\/uploads\/2026\/01\/Naslovna-2.webp","keywords":["delegacija","Grupa prijateljstva","Odbor za Evropske poslove Slova\u010dka","Odbor za me\u0111unarodne odnose i iseljenike","sastanak"],"articleSection":["Politika"],"inLanguage":"en-GB","potentialAction":[{"@type":"CommentAction","name":"Comment","target":["https:\/\/dmcsrb.com\/politika\/odrzan-sastanak-odbora-za-medjunarodne-odnose-i-iseljenike-i-grupe-prijateljstva-sa-delegacijom-odbora-za-evropske-poslove-slovacke\/#respond"]}]},{"@type":"WebPage","@id":"https:\/\/dmcsrb.com\/politika\/odrzan-sastanak-odbora-za-medjunarodne-odnose-i-iseljenike-i-grupe-prijateljstva-sa-delegacijom-odbora-za-evropske-poslove-slovacke\/","url":"https:\/\/dmcsrb.com\/politika\/odrzan-sastanak-odbora-za-medjunarodne-odnose-i-iseljenike-i-grupe-prijateljstva-sa-delegacijom-odbora-za-evropske-poslove-slovacke\/","name":"Odr\u017ean sastanak Odbora za me\u0111unarodne odnose i iseljenike i Grupe prijateljstva sa delegacijom Odbora za Evropske poslove Slova\u010dke - dmcsrb.com","isPartOf":{"@id":"https:\/\/dmcsrb.com\/#website"},"primaryImageOfPage":{"@id":"https:\/\/dmcsrb.com\/politika\/odrzan-sastanak-odbora-za-medjunarodne-odnose-i-iseljenike-i-grupe-prijateljstva-sa-delegacijom-odbora-za-evropske-poslove-slovacke\/#primaryimage"},"image":{"@id":"https:\/\/dmcsrb.com\/politika\/odrzan-sastanak-odbora-za-medjunarodne-odnose-i-iseljenike-i-grupe-prijateljstva-sa-delegacijom-odbora-za-evropske-poslove-slovacke\/#primaryimage"},"thumbnailUrl":"https:\/\/dmcsrb.com\/wp-content\/uploads\/2026\/01\/Naslovna-2.webp","datePublished":"2025-09-04T12:18:00+00:00","author":{"@id":"https:\/\/dmcsrb.com\/#\/schema\/person\/5c39170f12db1b8b457732d0b5c854e2"},"breadcrumb":{"@id":"https:\/\/dmcsrb.com\/politika\/odrzan-sastanak-odbora-za-medjunarodne-odnose-i-iseljenike-i-grupe-prijateljstva-sa-delegacijom-odbora-za-evropske-poslove-slovacke\/#breadcrumb"},"inLanguage":"en-GB","potentialAction":[{"@type":"ReadAction","target":["https:\/\/dmcsrb.com\/politika\/odrzan-sastanak-odbora-za-medjunarodne-odnose-i-iseljenike-i-grupe-prijateljstva-sa-delegacijom-odbora-za-evropske-poslove-slovacke\/"]}]},{"@type":"ImageObject","inLanguage":"en-GB","@id":"https:\/\/dmcsrb.com\/politika\/odrzan-sastanak-odbora-za-medjunarodne-odnose-i-iseljenike-i-grupe-prijateljstva-sa-delegacijom-odbora-za-evropske-poslove-slovacke\/#primaryimage","url":"https:\/\/dmcsrb.com\/wp-content\/uploads\/2026\/01\/Naslovna-2.webp","contentUrl":"https:\/\/dmcsrb.com\/wp-content\/uploads\/2026\/01\/Naslovna-2.webp","width":1920,"height":1280},{"@type":"BreadcrumbList","@id":"https:\/\/dmcsrb.com\/politika\/odrzan-sastanak-odbora-za-medjunarodne-odnose-i-iseljenike-i-grupe-prijateljstva-sa-delegacijom-odbora-za-evropske-poslove-slovacke\/#breadcrumb","itemListElement":[{"@type":"ListItem","position":1,"name":"Home","item":"https:\/\/dmcsrb.com\/"},{"@type":"ListItem","position":2,"name":"Odr\u017ean sastanak Odbora za me\u0111unarodne odnose i iseljenike i Grupe prijateljstva sa delegacijom Odbora za Evropske poslove Slova\u010dke"}]},{"@type":"WebSite","@id":"https:\/\/dmcsrb.com\/#website","url":"https:\/\/dmcsrb.com\/","name":"dmcsrb.com","description":"","potentialAction":[{"@type":"SearchAction","target":{"@type":"EntryPoint","urlTemplate":"https:\/\/dmcsrb.com\/?s={search_term_string}"},"query-input":{"@type":"PropertyValueSpecification","valueRequired":true,"valueName":"search_term_string"}}],"inLanguage":"en-GB"},{"@type":"Person","@id":"https:\/\/dmcsrb.com\/#\/schema\/person\/5c39170f12db1b8b457732d0b5c854e2","name":"dmcsrbija.com@gmail.com","image":{"@type":"ImageObject","inLanguage":"en-GB","@id":"https:\/\/dmcsrb.com\/#\/schema\/person\/image\/","url":"https:\/\/secure.gravatar.com\/avatar\/68592660ad6347fad0fb587f8d5d8f1a7b44961362f56e4f2cd524feb87e9069?s=96&d=mm&r=g","contentUrl":"https:\/\/secure.gravatar.com\/avatar\/68592660ad6347fad0fb587f8d5d8f1a7b44961362f56e4f2cd524feb87e9069?s=96&d=mm&r=g","caption":"dmcsrbija.com@gmail.com"},"sameAs":["https:\/\/dmcsrb.com"],"url":"https:\/\/dmcsrb.com\/en\/author\/dmcsrbija-comgmail-com\/"}]}},"_links":{"self":[{"href":"https:\/\/dmcsrb.com\/en\/wp-json\/wp\/v2\/posts\/950162","targetHints":{"allow":["GET"]}}],"collection":[{"href":"https:\/\/dmcsrb.com\/en\/wp-json\/wp\/v2\/posts"}],"about":[{"href":"https:\/\/dmcsrb.com\/en\/wp-json\/wp\/v2\/types\/post"}],"author":[{"embeddable":true,"href":"https:\/\/dmcsrb.com\/en\/wp-json\/wp\/v2\/users\/1"}],"replies":[{"embeddable":true,"href":"https:\/\/dmcsrb.com\/en\/wp-json\/wp\/v2\/comments?post=950162"}],"version-history":[{"count":0,"href":"https:\/\/dmcsrb.com\/en\/wp-json\/wp\/v2\/posts\/950162\/revisions"}],"wp:featuredmedia":[{"embeddable":true,"href":"https:\/\/dmcsrb.com\/en\/wp-json\/wp\/v2\/media\/950163"}],"wp:attachment":[{"href":"https:\/\/dmcsrb.com\/en\/wp-json\/wp\/v2\/media?parent=950162"}],"wp:term":[{"taxonomy":"category","embeddable":true,"href":"https:\/\/dmcsrb.com\/en\/wp-json\/wp\/v2\/categories?post=950162"},{"taxonomy":"post_tag","embeddable":true,"href":"https:\/\/dmcsrb.com\/en\/wp-json\/wp\/v2\/tags?post=950162"},{"taxonomy":"naslovna","embeddable":true,"href":"https:\/\/dmcsrb.com\/en\/wp-json\/wp\/v2\/naslovna?post=950162"}],"curies":[{"name":"wp","href":"https:\/\/api.w.org\/{rel}","templated":true}]}}