{"id":950096,"date":"2025-09-04T10:08:31","date_gmt":"2025-09-04T08:08:31","guid":{"rendered":"https:\/\/dmcsrb.com\/uncategorized\/milatovic-duboko-me-je-potresla-vijest-o-tragediji-u-lisabonu\/"},"modified":"2025-09-04T10:08:31","modified_gmt":"2025-09-04T08:08:31","slug":"milatovic-duboko-me-je-potresla-vijest-o-tragediji-u-lisabonu","status":"publish","type":"post","link":"https:\/\/dmcsrb.com\/en\/drustvo\/milatovic-duboko-me-je-potresla-vijest-o-tragediji-u-lisabonu\/","title":{"rendered":"Milatovi\u0107: Duboko me je potresla vijest o tragediji u Lisabonu"},"content":{"rendered":"<p><\/p>\n\n\n\n<p>&#8220;Povrije\u0111enima \u017eelimo brz i potpun oporavak. U ovim te\u0161kim trenucima, Crna Gora stoji uz Portugal, dijele\u0107i njihovu bol i upu\u0107uju\u0107i im iskrenu podr\u0161ku&#8221;, naveo je Milatovi\u0107.<\/p>\n\n\n\n<figure class=\"wp-block-embed is-type-rich is-provider-twitter wp-block-embed-twitter\"><div class=\"wp-block-embed__wrapper\">\n<blockquote class=\"twitter-tweet\" data-width=\"500\" data-dnt=\"true\"><p lang=\"en\" dir=\"ltr\">I am deeply saddened by the tragic events in Lisbon. On behalf of the Montenegrin people, I extend my heartfelt condolences to President Marcelo Rebelo de Sousa, Prime Minister <a href=\"https:\/\/twitter.com\/LMontenegro_PT?ref_src=twsrc%5Etfw\">@LMontenegro_PT<\/a> , and to all families who are grieving. We also wish a swift and full recovery to those\u2026<\/p>&mdash; Jakov Milatovic \ud83c\uddf2\ud83c\uddea\ud83c\uddea\ud83c\uddfa (@JakovMilatovic) <a href=\"https:\/\/twitter.com\/JakovMilatovic\/status\/1963495081693814959?ref_src=twsrc%5Etfw\">September 4, 2025<\/a><\/blockquote><script async src=\"https:\/\/platform.twitter.com\/widgets.js\" charset=\"utf-8\"><\/script>\n<\/div><\/figure>","protected":false},"excerpt":{"rendered":"<p>Duboko me je potresla vijest o tragediji u Lisabonu. U ime gra\u0111ana Crne Gore, izra\u017eavam najdublje sau\u010de\u0161\u0107e predsjedniku Marcelu Rebelo de Sosi, premijeru Lu\u00edsu Montenegru i svim porodicama koje su izgubile svoje najmilije, saop\u0161tio je predsjednik Crne Gore Jakov Milatovi\u0107 putem dru\u0161tvene mre\u017ee &#8220;X&#8221;.<\/p>","protected":false},"author":1,"featured_media":909741,"comment_status":"open","ping_status":"open","sticky":false,"template":"","format":"standard","meta":{"_acf_changed":false,"footnotes":""},"categories":[2],"tags":[90,6822,6868],"naslovna":[],"class_list":["post-950096","post","type-post","status-publish","format-standard","has-post-thumbnail","hentry","category-drustvo","tag-jakov-milatovic","tag-lisabon","tag-predsjednik-cg"],"acf":[],"yoast_head":"<!-- This site is optimized with the Yoast SEO plugin v27.4 - https:\/\/yoast.com\/product\/yoast-seo-wordpress\/ -->\n<title>Milatovi\u0107: Duboko me je potresla vijest o tragediji u Lisabonu - dmcsrb.com<\/title>\n<meta name=\"robots\" content=\"index, follow, max-snippet:-1, max-image-preview:large, max-video-preview:-1\" \/>\n<link rel=\"canonical\" href=\"https:\/\/dmcsrb.com\/en\/drustvo\/milatovic-duboko-me-je-potresla-vijest-o-tragediji-u-lisabonu\/\" \/>\n<meta property=\"og:locale\" content=\"en_GB\" \/>\n<meta property=\"og:type\" content=\"article\" \/>\n<meta property=\"og:title\" content=\"Milatovi\u0107: Duboko me je potresla vijest o tragediji u Lisabonu - dmcsrb.com\" \/>\n<meta property=\"og:description\" content=\"Duboko me je potresla vijest o tragediji u Lisabonu. U ime gra\u0111ana Crne Gore, izra\u017eavam najdublje sau\u010de\u0161\u0107e predsjedniku Marcelu Rebelo de Sosi, premijeru Lu\u00edsu Montenegru i svim porodicama koje su izgubile svoje najmilije, saop\u0161tio je predsjednik Crne Gore Jakov Milatovi\u0107 putem dru\u0161tvene mre\u017ee &quot;X&quot;.\" \/>\n<meta property=\"og:url\" content=\"https:\/\/dmcsrb.com\/en\/drustvo\/milatovic-duboko-me-je-potresla-vijest-o-tragediji-u-lisabonu\/\" \/>\n<meta property=\"og:site_name\" content=\"dmcsrb.com\" \/>\n<meta property=\"article:published_time\" content=\"2025-09-04T08:08:31+00:00\" \/>\n<meta property=\"og:image\" content=\"https:\/\/dmcsrb.com\/wp-content\/uploads\/2026\/01\/milatovic-2.jpg\" \/>\n\t<meta property=\"og:image:width\" content=\"1600\" \/>\n\t<meta property=\"og:image:height\" content=\"1066\" \/>\n\t<meta property=\"og:image:type\" content=\"image\/jpeg\" \/>\n<meta name=\"author\" content=\"dmcsrbija.com@gmail.com\" \/>\n<meta name=\"twitter:card\" content=\"summary_large_image\" \/>\n<meta name=\"twitter:label1\" content=\"Written by\" \/>\n\t<meta name=\"twitter:data1\" content=\"dmcsrbija.com@gmail.com\" \/>\n<script type=\"application\/ld+json\" class=\"yoast-schema-graph\">{\"@context\":\"https:\\\/\\\/schema.org\",\"@graph\":[{\"@type\":\"Article\",\"@id\":\"https:\\\/\\\/dmcsrb.com\\\/en\\\/drustvo\\\/milatovic-duboko-me-je-potresla-vijest-o-tragediji-u-lisabonu\\\/#article\",\"isPartOf\":{\"@id\":\"https:\\\/\\\/dmcsrb.com\\\/en\\\/drustvo\\\/milatovic-duboko-me-je-potresla-vijest-o-tragediji-u-lisabonu\\\/\"},\"author\":{\"name\":\"dmcsrbija.com@gmail.com\",\"@id\":\"https:\\\/\\\/dmcsrb.com\\\/#\\\/schema\\\/person\\\/5c39170f12db1b8b457732d0b5c854e2\"},\"headline\":\"Milatovi\u0107: Duboko me je potresla vijest o tragediji u Lisabonu\",\"datePublished\":\"2025-09-04T08:08:31+00:00\",\"mainEntityOfPage\":{\"@id\":\"https:\\\/\\\/dmcsrb.com\\\/en\\\/drustvo\\\/milatovic-duboko-me-je-potresla-vijest-o-tragediji-u-lisabonu\\\/\"},\"wordCount\":47,\"commentCount\":0,\"image\":{\"@id\":\"https:\\\/\\\/dmcsrb.com\\\/en\\\/drustvo\\\/milatovic-duboko-me-je-potresla-vijest-o-tragediji-u-lisabonu\\\/#primaryimage\"},\"thumbnailUrl\":\"https:\\\/\\\/dmcsrb.com\\\/wp-content\\\/uploads\\\/2026\\\/01\\\/milatovic-2.jpg\",\"keywords\":[\"Jakov Milatovi\u0107\",\"Lisabon\",\"predsjednik cg\"],\"articleSection\":[\"Dru\u0161tvo\"],\"inLanguage\":\"en-GB\",\"potentialAction\":[{\"@type\":\"CommentAction\",\"name\":\"Comment\",\"target\":[\"https:\\\/\\\/dmcsrb.com\\\/en\\\/drustvo\\\/milatovic-duboko-me-je-potresla-vijest-o-tragediji-u-lisabonu\\\/#respond\"]}]},{\"@type\":\"WebPage\",\"@id\":\"https:\\\/\\\/dmcsrb.com\\\/en\\\/drustvo\\\/milatovic-duboko-me-je-potresla-vijest-o-tragediji-u-lisabonu\\\/\",\"url\":\"https:\\\/\\\/dmcsrb.com\\\/en\\\/drustvo\\\/milatovic-duboko-me-je-potresla-vijest-o-tragediji-u-lisabonu\\\/\",\"name\":\"Milatovi\u0107: Duboko me je potresla vijest o tragediji u Lisabonu - dmcsrb.com\",\"isPartOf\":{\"@id\":\"https:\\\/\\\/dmcsrb.com\\\/#website\"},\"primaryImageOfPage\":{\"@id\":\"https:\\\/\\\/dmcsrb.com\\\/en\\\/drustvo\\\/milatovic-duboko-me-je-potresla-vijest-o-tragediji-u-lisabonu\\\/#primaryimage\"},\"image\":{\"@id\":\"https:\\\/\\\/dmcsrb.com\\\/en\\\/drustvo\\\/milatovic-duboko-me-je-potresla-vijest-o-tragediji-u-lisabonu\\\/#primaryimage\"},\"thumbnailUrl\":\"https:\\\/\\\/dmcsrb.com\\\/wp-content\\\/uploads\\\/2026\\\/01\\\/milatovic-2.jpg\",\"datePublished\":\"2025-09-04T08:08:31+00:00\",\"author\":{\"@id\":\"https:\\\/\\\/dmcsrb.com\\\/#\\\/schema\\\/person\\\/5c39170f12db1b8b457732d0b5c854e2\"},\"breadcrumb\":{\"@id\":\"https:\\\/\\\/dmcsrb.com\\\/en\\\/drustvo\\\/milatovic-duboko-me-je-potresla-vijest-o-tragediji-u-lisabonu\\\/#breadcrumb\"},\"inLanguage\":\"en-GB\",\"potentialAction\":[{\"@type\":\"ReadAction\",\"target\":[\"https:\\\/\\\/dmcsrb.com\\\/en\\\/drustvo\\\/milatovic-duboko-me-je-potresla-vijest-o-tragediji-u-lisabonu\\\/\"]}]},{\"@type\":\"ImageObject\",\"inLanguage\":\"en-GB\",\"@id\":\"https:\\\/\\\/dmcsrb.com\\\/en\\\/drustvo\\\/milatovic-duboko-me-je-potresla-vijest-o-tragediji-u-lisabonu\\\/#primaryimage\",\"url\":\"https:\\\/\\\/dmcsrb.com\\\/wp-content\\\/uploads\\\/2026\\\/01\\\/milatovic-2.jpg\",\"contentUrl\":\"https:\\\/\\\/dmcsrb.com\\\/wp-content\\\/uploads\\\/2026\\\/01\\\/milatovic-2.jpg\",\"width\":1600,\"height\":1066},{\"@type\":\"BreadcrumbList\",\"@id\":\"https:\\\/\\\/dmcsrb.com\\\/en\\\/drustvo\\\/milatovic-duboko-me-je-potresla-vijest-o-tragediji-u-lisabonu\\\/#breadcrumb\",\"itemListElement\":[{\"@type\":\"ListItem\",\"position\":1,\"name\":\"Home\",\"item\":\"https:\\\/\\\/dmcsrb.com\\\/\"},{\"@type\":\"ListItem\",\"position\":2,\"name\":\"Milatovi\u0107: Duboko me je potresla vijest o tragediji u Lisabonu\"}]},{\"@type\":\"WebSite\",\"@id\":\"https:\\\/\\\/dmcsrb.com\\\/#website\",\"url\":\"https:\\\/\\\/dmcsrb.com\\\/\",\"name\":\"dmcsrb.com\",\"description\":\"\",\"potentialAction\":[{\"@type\":\"SearchAction\",\"target\":{\"@type\":\"EntryPoint\",\"urlTemplate\":\"https:\\\/\\\/dmcsrb.com\\\/?s={search_term_string}\"},\"query-input\":{\"@type\":\"PropertyValueSpecification\",\"valueRequired\":true,\"valueName\":\"search_term_string\"}}],\"inLanguage\":\"en-GB\"},{\"@type\":\"Person\",\"@id\":\"https:\\\/\\\/dmcsrb.com\\\/#\\\/schema\\\/person\\\/5c39170f12db1b8b457732d0b5c854e2\",\"name\":\"dmcsrbija.com@gmail.com\",\"image\":{\"@type\":\"ImageObject\",\"inLanguage\":\"en-GB\",\"@id\":\"https:\\\/\\\/secure.gravatar.com\\\/avatar\\\/68592660ad6347fad0fb587f8d5d8f1a7b44961362f56e4f2cd524feb87e9069?s=96&d=mm&r=g\",\"url\":\"https:\\\/\\\/secure.gravatar.com\\\/avatar\\\/68592660ad6347fad0fb587f8d5d8f1a7b44961362f56e4f2cd524feb87e9069?s=96&d=mm&r=g\",\"contentUrl\":\"https:\\\/\\\/secure.gravatar.com\\\/avatar\\\/68592660ad6347fad0fb587f8d5d8f1a7b44961362f56e4f2cd524feb87e9069?s=96&d=mm&r=g\",\"caption\":\"dmcsrbija.com@gmail.com\"},\"sameAs\":[\"https:\\\/\\\/dmcsrb.com\"],\"url\":\"https:\\\/\\\/dmcsrb.com\\\/en\\\/author\\\/dmcsrbija-comgmail-com\\\/\"}]}<\/script>\n<!-- \/ Yoast SEO plugin. -->","yoast_head_json":{"title":"Milatovi\u0107: Duboko me je potresla vijest o tragediji u Lisabonu - dmcsrb.com","robots":{"index":"index","follow":"follow","max-snippet":"max-snippet:-1","max-image-preview":"max-image-preview:large","max-video-preview":"max-video-preview:-1"},"canonical":"https:\/\/dmcsrb.com\/en\/drustvo\/milatovic-duboko-me-je-potresla-vijest-o-tragediji-u-lisabonu\/","og_locale":"en_GB","og_type":"article","og_title":"Milatovi\u0107: Duboko me je potresla vijest o tragediji u Lisabonu - dmcsrb.com","og_description":"Duboko me je potresla vijest o tragediji u Lisabonu. U ime gra\u0111ana Crne Gore, izra\u017eavam najdublje sau\u010de\u0161\u0107e predsjedniku Marcelu Rebelo de Sosi, premijeru Lu\u00edsu Montenegru i svim porodicama koje su izgubile svoje najmilije, saop\u0161tio je predsjednik Crne Gore Jakov Milatovi\u0107 putem dru\u0161tvene mre\u017ee \"X\".","og_url":"https:\/\/dmcsrb.com\/en\/drustvo\/milatovic-duboko-me-je-potresla-vijest-o-tragediji-u-lisabonu\/","og_site_name":"dmcsrb.com","article_published_time":"2025-09-04T08:08:31+00:00","og_image":[{"width":1600,"height":1066,"url":"https:\/\/dmcsrb.com\/wp-content\/uploads\/2026\/01\/milatovic-2.jpg","type":"image\/jpeg"}],"author":"dmcsrbija.com@gmail.com","twitter_card":"summary_large_image","twitter_misc":{"Written by":"dmcsrbija.com@gmail.com"},"schema":{"@context":"https:\/\/schema.org","@graph":[{"@type":"Article","@id":"https:\/\/dmcsrb.com\/en\/drustvo\/milatovic-duboko-me-je-potresla-vijest-o-tragediji-u-lisabonu\/#article","isPartOf":{"@id":"https:\/\/dmcsrb.com\/en\/drustvo\/milatovic-duboko-me-je-potresla-vijest-o-tragediji-u-lisabonu\/"},"author":{"name":"dmcsrbija.com@gmail.com","@id":"https:\/\/dmcsrb.com\/#\/schema\/person\/5c39170f12db1b8b457732d0b5c854e2"},"headline":"Milatovi\u0107: Duboko me je potresla vijest o tragediji u Lisabonu","datePublished":"2025-09-04T08:08:31+00:00","mainEntityOfPage":{"@id":"https:\/\/dmcsrb.com\/en\/drustvo\/milatovic-duboko-me-je-potresla-vijest-o-tragediji-u-lisabonu\/"},"wordCount":47,"commentCount":0,"image":{"@id":"https:\/\/dmcsrb.com\/en\/drustvo\/milatovic-duboko-me-je-potresla-vijest-o-tragediji-u-lisabonu\/#primaryimage"},"thumbnailUrl":"https:\/\/dmcsrb.com\/wp-content\/uploads\/2026\/01\/milatovic-2.jpg","keywords":["Jakov Milatovi\u0107","Lisabon","predsjednik cg"],"articleSection":["Dru\u0161tvo"],"inLanguage":"en-GB","potentialAction":[{"@type":"CommentAction","name":"Comment","target":["https:\/\/dmcsrb.com\/en\/drustvo\/milatovic-duboko-me-je-potresla-vijest-o-tragediji-u-lisabonu\/#respond"]}]},{"@type":"WebPage","@id":"https:\/\/dmcsrb.com\/en\/drustvo\/milatovic-duboko-me-je-potresla-vijest-o-tragediji-u-lisabonu\/","url":"https:\/\/dmcsrb.com\/en\/drustvo\/milatovic-duboko-me-je-potresla-vijest-o-tragediji-u-lisabonu\/","name":"Milatovi\u0107: Duboko me je potresla vijest o tragediji u Lisabonu - dmcsrb.com","isPartOf":{"@id":"https:\/\/dmcsrb.com\/#website"},"primaryImageOfPage":{"@id":"https:\/\/dmcsrb.com\/en\/drustvo\/milatovic-duboko-me-je-potresla-vijest-o-tragediji-u-lisabonu\/#primaryimage"},"image":{"@id":"https:\/\/dmcsrb.com\/en\/drustvo\/milatovic-duboko-me-je-potresla-vijest-o-tragediji-u-lisabonu\/#primaryimage"},"thumbnailUrl":"https:\/\/dmcsrb.com\/wp-content\/uploads\/2026\/01\/milatovic-2.jpg","datePublished":"2025-09-04T08:08:31+00:00","author":{"@id":"https:\/\/dmcsrb.com\/#\/schema\/person\/5c39170f12db1b8b457732d0b5c854e2"},"breadcrumb":{"@id":"https:\/\/dmcsrb.com\/en\/drustvo\/milatovic-duboko-me-je-potresla-vijest-o-tragediji-u-lisabonu\/#breadcrumb"},"inLanguage":"en-GB","potentialAction":[{"@type":"ReadAction","target":["https:\/\/dmcsrb.com\/en\/drustvo\/milatovic-duboko-me-je-potresla-vijest-o-tragediji-u-lisabonu\/"]}]},{"@type":"ImageObject","inLanguage":"en-GB","@id":"https:\/\/dmcsrb.com\/en\/drustvo\/milatovic-duboko-me-je-potresla-vijest-o-tragediji-u-lisabonu\/#primaryimage","url":"https:\/\/dmcsrb.com\/wp-content\/uploads\/2026\/01\/milatovic-2.jpg","contentUrl":"https:\/\/dmcsrb.com\/wp-content\/uploads\/2026\/01\/milatovic-2.jpg","width":1600,"height":1066},{"@type":"BreadcrumbList","@id":"https:\/\/dmcsrb.com\/en\/drustvo\/milatovic-duboko-me-je-potresla-vijest-o-tragediji-u-lisabonu\/#breadcrumb","itemListElement":[{"@type":"ListItem","position":1,"name":"Home","item":"https:\/\/dmcsrb.com\/"},{"@type":"ListItem","position":2,"name":"Milatovi\u0107: Duboko me je potresla vijest o tragediji u Lisabonu"}]},{"@type":"WebSite","@id":"https:\/\/dmcsrb.com\/#website","url":"https:\/\/dmcsrb.com\/","name":"dmcsrb.com","description":"","potentialAction":[{"@type":"SearchAction","target":{"@type":"EntryPoint","urlTemplate":"https:\/\/dmcsrb.com\/?s={search_term_string}"},"query-input":{"@type":"PropertyValueSpecification","valueRequired":true,"valueName":"search_term_string"}}],"inLanguage":"en-GB"},{"@type":"Person","@id":"https:\/\/dmcsrb.com\/#\/schema\/person\/5c39170f12db1b8b457732d0b5c854e2","name":"dmcsrbija.com@gmail.com","image":{"@type":"ImageObject","inLanguage":"en-GB","@id":"https:\/\/secure.gravatar.com\/avatar\/68592660ad6347fad0fb587f8d5d8f1a7b44961362f56e4f2cd524feb87e9069?s=96&d=mm&r=g","url":"https:\/\/secure.gravatar.com\/avatar\/68592660ad6347fad0fb587f8d5d8f1a7b44961362f56e4f2cd524feb87e9069?s=96&d=mm&r=g","contentUrl":"https:\/\/secure.gravatar.com\/avatar\/68592660ad6347fad0fb587f8d5d8f1a7b44961362f56e4f2cd524feb87e9069?s=96&d=mm&r=g","caption":"dmcsrbija.com@gmail.com"},"sameAs":["https:\/\/dmcsrb.com"],"url":"https:\/\/dmcsrb.com\/en\/author\/dmcsrbija-comgmail-com\/"}]}},"_links":{"self":[{"href":"https:\/\/dmcsrb.com\/en\/wp-json\/wp\/v2\/posts\/950096","targetHints":{"allow":["GET"]}}],"collection":[{"href":"https:\/\/dmcsrb.com\/en\/wp-json\/wp\/v2\/posts"}],"about":[{"href":"https:\/\/dmcsrb.com\/en\/wp-json\/wp\/v2\/types\/post"}],"author":[{"embeddable":true,"href":"https:\/\/dmcsrb.com\/en\/wp-json\/wp\/v2\/users\/1"}],"replies":[{"embeddable":true,"href":"https:\/\/dmcsrb.com\/en\/wp-json\/wp\/v2\/comments?post=950096"}],"version-history":[{"count":0,"href":"https:\/\/dmcsrb.com\/en\/wp-json\/wp\/v2\/posts\/950096\/revisions"}],"wp:featuredmedia":[{"embeddable":true,"href":"https:\/\/dmcsrb.com\/en\/wp-json\/wp\/v2\/media\/909741"}],"wp:attachment":[{"href":"https:\/\/dmcsrb.com\/en\/wp-json\/wp\/v2\/media?parent=950096"}],"wp:term":[{"taxonomy":"category","embeddable":true,"href":"https:\/\/dmcsrb.com\/en\/wp-json\/wp\/v2\/categories?post=950096"},{"taxonomy":"post_tag","embeddable":true,"href":"https:\/\/dmcsrb.com\/en\/wp-json\/wp\/v2\/tags?post=950096"},{"taxonomy":"naslovna","embeddable":true,"href":"https:\/\/dmcsrb.com\/en\/wp-json\/wp\/v2\/naslovna?post=950096"}],"curies":[{"name":"wp","href":"https:\/\/api.w.org\/{rel}","templated":true}]}}