{"id":950084,"date":"2025-09-04T10:49:00","date_gmt":"2025-09-04T08:49:00","guid":{"rendered":"https:\/\/dmcsrb.com\/uncategorized\/broj-zrtava-u-lisabonu-porastao-na-16-pet-osoba-u-teskom-stanju\/"},"modified":"2025-09-04T10:49:00","modified_gmt":"2025-09-04T08:49:00","slug":"broj-zrtava-u-lisabonu-porastao-na-16-pet-osoba-u-teskom-stanju","status":"publish","type":"post","link":"https:\/\/dmcsrb.com\/en\/svijet\/broj-zrtava-u-lisabonu-porastao-na-16-pet-osoba-u-teskom-stanju\/","title":{"rendered":"Broj \u017ertava u Lisabonu porastao na 16, pet osoba u te\u0161kom stanju"},"content":{"rendered":"<p><\/p>\n\n\n\n<p><\/p>\n\n\n\n<p>Najmanje 20 osoba je povrije\u0111eno, od kojih je pet u te\u0161kom stanju, a vlasti su sino\u0107 saop\u0161tile da je jedno dijete zadobilo \u201elak\u0161e povrede\u201c.<\/p>\n\n\n\n<p>Policija navodi da sara\u0111uje sa kompanijom koja upravlja \u017ei\u010darom Glorija kako bi se utvrdilo ko je sve bio u vagonu i \u0161ta je izazvalo nesre\u0107u.<\/p>\n\n\n\n<figure class=\"wp-block-image\"><a class=\"se__anchor image-popup-vertical-fit\" href=\"https:\/\/static.dan.co.me\/images\/slike\/new\/2025\/09\/04\/2023455.jpg\"><img decoding=\"async\" src=\"https:\/\/static.dan.co.me\/images\/slike\/new\/2025\/09\/04\/2023455.jpg?1756976753\" alt=\"image\"\/><\/a><\/figure>\n\n\n\n<p>Prema navodima lokalnih medija, sajla se otkinula, zbog \u010dega je vozilo izgubilo kontrolu.<\/p>\n\n\n\n<p>U Portugalu&nbsp;je progla\u0161en Dan \u017ealosti, a u Lisabonu trodnevna \u017ealost.<\/p>\n\n\n\n<p>\u017di\u010dara povezuje centar Lisabona sa gornjim kvartom i veoma je popularna me\u0111u turistima. Radi skoro 150 godina.<\/p>\n\n\n\n<figure class=\"wp-block-image\"><img decoding=\"async\" src=\"https:\/\/static.dan.co.me\/images\/slike\/new\/2025\/09\/04\/k_2023454_480.jpg?1756966011\" alt=\"image\"\/><\/figure>\n\n\n\n<p><a href=\"https:\/\/dan.co.me\/globus\/evropa\/u-lisabonu-proglasena-trodnevna-zalost-5313570\"><\/a><\/p>\n\n\n\n<p><a href=\"https:\/\/dan.co.me\/globus\/evropa\/u-lisabonu-proglasena-trodnevna-zalost-5313570\"><\/a><\/p>","protected":false},"excerpt":{"rendered":"<p>Istraga je u toku nakon \u0161to je najmanje 16 ljudi poginulo kada je \u017ei\u010dara sa uspinja\u010dom isko\u010dila iz \u0161ina i udarila u zgradu u Lisabonu.<\/p>","protected":false},"author":1,"featured_media":950085,"comment_status":"open","ping_status":"open","sticky":false,"template":"","format":"standard","meta":{"_acf_changed":false,"footnotes":""},"categories":[144],"tags":[6822,1941],"naslovna":[],"class_list":["post-950084","post","type-post","status-publish","format-standard","has-post-thumbnail","hentry","category-svijet","tag-lisabon","tag-nesreca"],"acf":[],"yoast_head":"<!-- This site is optimized with the Yoast SEO plugin v27.4 - https:\/\/yoast.com\/product\/yoast-seo-wordpress\/ -->\n<title>Broj \u017ertava u Lisabonu porastao na 16, pet osoba u te\u0161kom stanju - dmcsrb.com<\/title>\n<meta name=\"robots\" content=\"index, follow, max-snippet:-1, max-image-preview:large, max-video-preview:-1\" \/>\n<link rel=\"canonical\" href=\"https:\/\/dmcsrb.com\/en\/svijet\/broj-zrtava-u-lisabonu-porastao-na-16-pet-osoba-u-teskom-stanju\/\" \/>\n<meta property=\"og:locale\" content=\"en_GB\" \/>\n<meta property=\"og:type\" content=\"article\" \/>\n<meta property=\"og:title\" content=\"Broj \u017ertava u Lisabonu porastao na 16, pet osoba u te\u0161kom stanju - dmcsrb.com\" \/>\n<meta property=\"og:description\" content=\"Istraga je u toku nakon \u0161to je najmanje 16 ljudi poginulo kada je \u017ei\u010dara sa uspinja\u010dom isko\u010dila iz \u0161ina i udarila u zgradu u Lisabonu.\" \/>\n<meta property=\"og:url\" content=\"https:\/\/dmcsrb.com\/en\/svijet\/broj-zrtava-u-lisabonu-porastao-na-16-pet-osoba-u-teskom-stanju\/\" \/>\n<meta property=\"og:site_name\" content=\"dmcsrb.com\" \/>\n<meta property=\"article:published_time\" content=\"2025-09-04T08:49:00+00:00\" \/>\n<meta property=\"og:image\" content=\"https:\/\/dmcsrb.com\/wp-content\/uploads\/2026\/01\/2023455.webp\" \/>\n\t<meta property=\"og:image:width\" content=\"1920\" \/>\n\t<meta property=\"og:image:height\" content=\"1280\" \/>\n\t<meta property=\"og:image:type\" content=\"image\/jpeg\" \/>\n<meta name=\"author\" content=\"dmcsrbija.com@gmail.com\" \/>\n<meta name=\"twitter:card\" content=\"summary_large_image\" \/>\n<meta name=\"twitter:label1\" content=\"Written by\" \/>\n\t<meta name=\"twitter:data1\" content=\"dmcsrbija.com@gmail.com\" \/>\n<script type=\"application\/ld+json\" class=\"yoast-schema-graph\">{\"@context\":\"https:\\\/\\\/schema.org\",\"@graph\":[{\"@type\":\"Article\",\"@id\":\"https:\\\/\\\/dmcsrb.com\\\/en\\\/svijet\\\/broj-zrtava-u-lisabonu-porastao-na-16-pet-osoba-u-teskom-stanju\\\/#article\",\"isPartOf\":{\"@id\":\"https:\\\/\\\/dmcsrb.com\\\/en\\\/svijet\\\/broj-zrtava-u-lisabonu-porastao-na-16-pet-osoba-u-teskom-stanju\\\/\"},\"author\":{\"name\":\"dmcsrbija.com@gmail.com\",\"@id\":\"https:\\\/\\\/dmcsrb.com\\\/#\\\/schema\\\/person\\\/5c39170f12db1b8b457732d0b5c854e2\"},\"headline\":\"Broj \u017ertava u Lisabonu porastao na 16, pet osoba u te\u0161kom stanju\",\"datePublished\":\"2025-09-04T08:49:00+00:00\",\"mainEntityOfPage\":{\"@id\":\"https:\\\/\\\/dmcsrb.com\\\/en\\\/svijet\\\/broj-zrtava-u-lisabonu-porastao-na-16-pet-osoba-u-teskom-stanju\\\/\"},\"wordCount\":111,\"commentCount\":0,\"image\":{\"@id\":\"https:\\\/\\\/dmcsrb.com\\\/en\\\/svijet\\\/broj-zrtava-u-lisabonu-porastao-na-16-pet-osoba-u-teskom-stanju\\\/#primaryimage\"},\"thumbnailUrl\":\"https:\\\/\\\/dmcsrb.com\\\/wp-content\\\/uploads\\\/2026\\\/01\\\/2023455.webp\",\"keywords\":[\"Lisabon\",\"nesreca\"],\"articleSection\":[\"Svijet\"],\"inLanguage\":\"en-GB\",\"potentialAction\":[{\"@type\":\"CommentAction\",\"name\":\"Comment\",\"target\":[\"https:\\\/\\\/dmcsrb.com\\\/en\\\/svijet\\\/broj-zrtava-u-lisabonu-porastao-na-16-pet-osoba-u-teskom-stanju\\\/#respond\"]}]},{\"@type\":\"WebPage\",\"@id\":\"https:\\\/\\\/dmcsrb.com\\\/en\\\/svijet\\\/broj-zrtava-u-lisabonu-porastao-na-16-pet-osoba-u-teskom-stanju\\\/\",\"url\":\"https:\\\/\\\/dmcsrb.com\\\/en\\\/svijet\\\/broj-zrtava-u-lisabonu-porastao-na-16-pet-osoba-u-teskom-stanju\\\/\",\"name\":\"Broj \u017ertava u Lisabonu porastao na 16, pet osoba u te\u0161kom stanju - dmcsrb.com\",\"isPartOf\":{\"@id\":\"https:\\\/\\\/dmcsrb.com\\\/#website\"},\"primaryImageOfPage\":{\"@id\":\"https:\\\/\\\/dmcsrb.com\\\/en\\\/svijet\\\/broj-zrtava-u-lisabonu-porastao-na-16-pet-osoba-u-teskom-stanju\\\/#primaryimage\"},\"image\":{\"@id\":\"https:\\\/\\\/dmcsrb.com\\\/en\\\/svijet\\\/broj-zrtava-u-lisabonu-porastao-na-16-pet-osoba-u-teskom-stanju\\\/#primaryimage\"},\"thumbnailUrl\":\"https:\\\/\\\/dmcsrb.com\\\/wp-content\\\/uploads\\\/2026\\\/01\\\/2023455.webp\",\"datePublished\":\"2025-09-04T08:49:00+00:00\",\"author\":{\"@id\":\"https:\\\/\\\/dmcsrb.com\\\/#\\\/schema\\\/person\\\/5c39170f12db1b8b457732d0b5c854e2\"},\"breadcrumb\":{\"@id\":\"https:\\\/\\\/dmcsrb.com\\\/en\\\/svijet\\\/broj-zrtava-u-lisabonu-porastao-na-16-pet-osoba-u-teskom-stanju\\\/#breadcrumb\"},\"inLanguage\":\"en-GB\",\"potentialAction\":[{\"@type\":\"ReadAction\",\"target\":[\"https:\\\/\\\/dmcsrb.com\\\/en\\\/svijet\\\/broj-zrtava-u-lisabonu-porastao-na-16-pet-osoba-u-teskom-stanju\\\/\"]}]},{\"@type\":\"ImageObject\",\"inLanguage\":\"en-GB\",\"@id\":\"https:\\\/\\\/dmcsrb.com\\\/en\\\/svijet\\\/broj-zrtava-u-lisabonu-porastao-na-16-pet-osoba-u-teskom-stanju\\\/#primaryimage\",\"url\":\"https:\\\/\\\/dmcsrb.com\\\/wp-content\\\/uploads\\\/2026\\\/01\\\/2023455.webp\",\"contentUrl\":\"https:\\\/\\\/dmcsrb.com\\\/wp-content\\\/uploads\\\/2026\\\/01\\\/2023455.webp\",\"width\":1920,\"height\":1280},{\"@type\":\"BreadcrumbList\",\"@id\":\"https:\\\/\\\/dmcsrb.com\\\/en\\\/svijet\\\/broj-zrtava-u-lisabonu-porastao-na-16-pet-osoba-u-teskom-stanju\\\/#breadcrumb\",\"itemListElement\":[{\"@type\":\"ListItem\",\"position\":1,\"name\":\"Home\",\"item\":\"https:\\\/\\\/dmcsrb.com\\\/\"},{\"@type\":\"ListItem\",\"position\":2,\"name\":\"Broj \u017ertava u Lisabonu porastao na 16, pet osoba u te\u0161kom stanju\"}]},{\"@type\":\"WebSite\",\"@id\":\"https:\\\/\\\/dmcsrb.com\\\/#website\",\"url\":\"https:\\\/\\\/dmcsrb.com\\\/\",\"name\":\"dmcsrb.com\",\"description\":\"\",\"potentialAction\":[{\"@type\":\"SearchAction\",\"target\":{\"@type\":\"EntryPoint\",\"urlTemplate\":\"https:\\\/\\\/dmcsrb.com\\\/?s={search_term_string}\"},\"query-input\":{\"@type\":\"PropertyValueSpecification\",\"valueRequired\":true,\"valueName\":\"search_term_string\"}}],\"inLanguage\":\"en-GB\"},{\"@type\":\"Person\",\"@id\":\"https:\\\/\\\/dmcsrb.com\\\/#\\\/schema\\\/person\\\/5c39170f12db1b8b457732d0b5c854e2\",\"name\":\"dmcsrbija.com@gmail.com\",\"image\":{\"@type\":\"ImageObject\",\"inLanguage\":\"en-GB\",\"@id\":\"https:\\\/\\\/secure.gravatar.com\\\/avatar\\\/68592660ad6347fad0fb587f8d5d8f1a7b44961362f56e4f2cd524feb87e9069?s=96&d=mm&r=g\",\"url\":\"https:\\\/\\\/secure.gravatar.com\\\/avatar\\\/68592660ad6347fad0fb587f8d5d8f1a7b44961362f56e4f2cd524feb87e9069?s=96&d=mm&r=g\",\"contentUrl\":\"https:\\\/\\\/secure.gravatar.com\\\/avatar\\\/68592660ad6347fad0fb587f8d5d8f1a7b44961362f56e4f2cd524feb87e9069?s=96&d=mm&r=g\",\"caption\":\"dmcsrbija.com@gmail.com\"},\"sameAs\":[\"https:\\\/\\\/dmcsrb.com\"],\"url\":\"https:\\\/\\\/dmcsrb.com\\\/en\\\/author\\\/dmcsrbija-comgmail-com\\\/\"}]}<\/script>\n<!-- \/ Yoast SEO plugin. -->","yoast_head_json":{"title":"Broj \u017ertava u Lisabonu porastao na 16, pet osoba u te\u0161kom stanju - dmcsrb.com","robots":{"index":"index","follow":"follow","max-snippet":"max-snippet:-1","max-image-preview":"max-image-preview:large","max-video-preview":"max-video-preview:-1"},"canonical":"https:\/\/dmcsrb.com\/en\/svijet\/broj-zrtava-u-lisabonu-porastao-na-16-pet-osoba-u-teskom-stanju\/","og_locale":"en_GB","og_type":"article","og_title":"Broj \u017ertava u Lisabonu porastao na 16, pet osoba u te\u0161kom stanju - dmcsrb.com","og_description":"Istraga je u toku nakon \u0161to je najmanje 16 ljudi poginulo kada je \u017ei\u010dara sa uspinja\u010dom isko\u010dila iz \u0161ina i udarila u zgradu u Lisabonu.","og_url":"https:\/\/dmcsrb.com\/en\/svijet\/broj-zrtava-u-lisabonu-porastao-na-16-pet-osoba-u-teskom-stanju\/","og_site_name":"dmcsrb.com","article_published_time":"2025-09-04T08:49:00+00:00","og_image":[{"width":1920,"height":1280,"url":"https:\/\/dmcsrb.com\/wp-content\/uploads\/2026\/01\/2023455.webp","type":"image\/jpeg"}],"author":"dmcsrbija.com@gmail.com","twitter_card":"summary_large_image","twitter_misc":{"Written by":"dmcsrbija.com@gmail.com"},"schema":{"@context":"https:\/\/schema.org","@graph":[{"@type":"Article","@id":"https:\/\/dmcsrb.com\/en\/svijet\/broj-zrtava-u-lisabonu-porastao-na-16-pet-osoba-u-teskom-stanju\/#article","isPartOf":{"@id":"https:\/\/dmcsrb.com\/en\/svijet\/broj-zrtava-u-lisabonu-porastao-na-16-pet-osoba-u-teskom-stanju\/"},"author":{"name":"dmcsrbija.com@gmail.com","@id":"https:\/\/dmcsrb.com\/#\/schema\/person\/5c39170f12db1b8b457732d0b5c854e2"},"headline":"Broj \u017ertava u Lisabonu porastao na 16, pet osoba u te\u0161kom stanju","datePublished":"2025-09-04T08:49:00+00:00","mainEntityOfPage":{"@id":"https:\/\/dmcsrb.com\/en\/svijet\/broj-zrtava-u-lisabonu-porastao-na-16-pet-osoba-u-teskom-stanju\/"},"wordCount":111,"commentCount":0,"image":{"@id":"https:\/\/dmcsrb.com\/en\/svijet\/broj-zrtava-u-lisabonu-porastao-na-16-pet-osoba-u-teskom-stanju\/#primaryimage"},"thumbnailUrl":"https:\/\/dmcsrb.com\/wp-content\/uploads\/2026\/01\/2023455.webp","keywords":["Lisabon","nesreca"],"articleSection":["Svijet"],"inLanguage":"en-GB","potentialAction":[{"@type":"CommentAction","name":"Comment","target":["https:\/\/dmcsrb.com\/en\/svijet\/broj-zrtava-u-lisabonu-porastao-na-16-pet-osoba-u-teskom-stanju\/#respond"]}]},{"@type":"WebPage","@id":"https:\/\/dmcsrb.com\/en\/svijet\/broj-zrtava-u-lisabonu-porastao-na-16-pet-osoba-u-teskom-stanju\/","url":"https:\/\/dmcsrb.com\/en\/svijet\/broj-zrtava-u-lisabonu-porastao-na-16-pet-osoba-u-teskom-stanju\/","name":"Broj \u017ertava u Lisabonu porastao na 16, pet osoba u te\u0161kom stanju - dmcsrb.com","isPartOf":{"@id":"https:\/\/dmcsrb.com\/#website"},"primaryImageOfPage":{"@id":"https:\/\/dmcsrb.com\/en\/svijet\/broj-zrtava-u-lisabonu-porastao-na-16-pet-osoba-u-teskom-stanju\/#primaryimage"},"image":{"@id":"https:\/\/dmcsrb.com\/en\/svijet\/broj-zrtava-u-lisabonu-porastao-na-16-pet-osoba-u-teskom-stanju\/#primaryimage"},"thumbnailUrl":"https:\/\/dmcsrb.com\/wp-content\/uploads\/2026\/01\/2023455.webp","datePublished":"2025-09-04T08:49:00+00:00","author":{"@id":"https:\/\/dmcsrb.com\/#\/schema\/person\/5c39170f12db1b8b457732d0b5c854e2"},"breadcrumb":{"@id":"https:\/\/dmcsrb.com\/en\/svijet\/broj-zrtava-u-lisabonu-porastao-na-16-pet-osoba-u-teskom-stanju\/#breadcrumb"},"inLanguage":"en-GB","potentialAction":[{"@type":"ReadAction","target":["https:\/\/dmcsrb.com\/en\/svijet\/broj-zrtava-u-lisabonu-porastao-na-16-pet-osoba-u-teskom-stanju\/"]}]},{"@type":"ImageObject","inLanguage":"en-GB","@id":"https:\/\/dmcsrb.com\/en\/svijet\/broj-zrtava-u-lisabonu-porastao-na-16-pet-osoba-u-teskom-stanju\/#primaryimage","url":"https:\/\/dmcsrb.com\/wp-content\/uploads\/2026\/01\/2023455.webp","contentUrl":"https:\/\/dmcsrb.com\/wp-content\/uploads\/2026\/01\/2023455.webp","width":1920,"height":1280},{"@type":"BreadcrumbList","@id":"https:\/\/dmcsrb.com\/en\/svijet\/broj-zrtava-u-lisabonu-porastao-na-16-pet-osoba-u-teskom-stanju\/#breadcrumb","itemListElement":[{"@type":"ListItem","position":1,"name":"Home","item":"https:\/\/dmcsrb.com\/"},{"@type":"ListItem","position":2,"name":"Broj \u017ertava u Lisabonu porastao na 16, pet osoba u te\u0161kom stanju"}]},{"@type":"WebSite","@id":"https:\/\/dmcsrb.com\/#website","url":"https:\/\/dmcsrb.com\/","name":"dmcsrb.com","description":"","potentialAction":[{"@type":"SearchAction","target":{"@type":"EntryPoint","urlTemplate":"https:\/\/dmcsrb.com\/?s={search_term_string}"},"query-input":{"@type":"PropertyValueSpecification","valueRequired":true,"valueName":"search_term_string"}}],"inLanguage":"en-GB"},{"@type":"Person","@id":"https:\/\/dmcsrb.com\/#\/schema\/person\/5c39170f12db1b8b457732d0b5c854e2","name":"dmcsrbija.com@gmail.com","image":{"@type":"ImageObject","inLanguage":"en-GB","@id":"https:\/\/secure.gravatar.com\/avatar\/68592660ad6347fad0fb587f8d5d8f1a7b44961362f56e4f2cd524feb87e9069?s=96&d=mm&r=g","url":"https:\/\/secure.gravatar.com\/avatar\/68592660ad6347fad0fb587f8d5d8f1a7b44961362f56e4f2cd524feb87e9069?s=96&d=mm&r=g","contentUrl":"https:\/\/secure.gravatar.com\/avatar\/68592660ad6347fad0fb587f8d5d8f1a7b44961362f56e4f2cd524feb87e9069?s=96&d=mm&r=g","caption":"dmcsrbija.com@gmail.com"},"sameAs":["https:\/\/dmcsrb.com"],"url":"https:\/\/dmcsrb.com\/en\/author\/dmcsrbija-comgmail-com\/"}]}},"_links":{"self":[{"href":"https:\/\/dmcsrb.com\/en\/wp-json\/wp\/v2\/posts\/950084","targetHints":{"allow":["GET"]}}],"collection":[{"href":"https:\/\/dmcsrb.com\/en\/wp-json\/wp\/v2\/posts"}],"about":[{"href":"https:\/\/dmcsrb.com\/en\/wp-json\/wp\/v2\/types\/post"}],"author":[{"embeddable":true,"href":"https:\/\/dmcsrb.com\/en\/wp-json\/wp\/v2\/users\/1"}],"replies":[{"embeddable":true,"href":"https:\/\/dmcsrb.com\/en\/wp-json\/wp\/v2\/comments?post=950084"}],"version-history":[{"count":0,"href":"https:\/\/dmcsrb.com\/en\/wp-json\/wp\/v2\/posts\/950084\/revisions"}],"wp:featuredmedia":[{"embeddable":true,"href":"https:\/\/dmcsrb.com\/en\/wp-json\/wp\/v2\/media\/950085"}],"wp:attachment":[{"href":"https:\/\/dmcsrb.com\/en\/wp-json\/wp\/v2\/media?parent=950084"}],"wp:term":[{"taxonomy":"category","embeddable":true,"href":"https:\/\/dmcsrb.com\/en\/wp-json\/wp\/v2\/categories?post=950084"},{"taxonomy":"post_tag","embeddable":true,"href":"https:\/\/dmcsrb.com\/en\/wp-json\/wp\/v2\/tags?post=950084"},{"taxonomy":"naslovna","embeddable":true,"href":"https:\/\/dmcsrb.com\/en\/wp-json\/wp\/v2\/naslovna?post=950084"}],"curies":[{"name":"wp","href":"https:\/\/api.w.org\/{rel}","templated":true}]}}