{"id":950047,"date":"2025-09-04T07:18:00","date_gmt":"2025-09-04T05:18:00","guid":{"rendered":"https:\/\/dmcsrb.com\/uncategorized\/ministar-krapovic-u-radnoj-posjeti-sad-u\/"},"modified":"2025-09-04T07:18:00","modified_gmt":"2025-09-04T05:18:00","slug":"ministar-krapovic-u-radnoj-posjeti-sad-u","status":"publish","type":"post","link":"https:\/\/dmcsrb.com\/en\/drustvo\/ministar-krapovic-u-radnoj-posjeti-sad-u\/","title":{"rendered":"Ministar Krapovi\u0107 u radnoj posjeti SAD-u"},"content":{"rendered":"<p>Kako su saop\u0161tili iz tog Vladinog resora, povod radne posjete je odr\u017eavanje bilateralnih odbrambenih konsultacija sa predstavnicima Pentagona, koje se realizuju po prvi put nakon 2019. godine, a kojima \u0107e predsjedavati Dejvid Bejker, zamjenik pomo\u0107nika sekretara odbrane za evropsku i NATO politiku u Kancelariji podsekretara za odbrambenu politiku u Pentagonu.<\/p>\n\n\n\n<p>&#8220;Tom prilikom bi\u0107e organizovan sastanak ministra Krapovi\u0107a sa podsekretarom za odbrambenu politiku ameri\u010dkog Ministarstva odbrane, Elbrid\u017eem Kolbijem, te sastanci sa predstavnicima ameri\u010dkog Kongresa&#8221;, pi\u0161e u saop\u0161tenju.<\/p>\n\n\n\n<p>Iz Ministarstva navode da, bilateralni sastanci bi\u0107e prilika da ministar Krapovi\u0107 sa sagovornicima razmijeni mi\u0161ljenja o aktuelnim geopoliti\u010dkim kretanjima, reprekusijama po Alijansu, daljim koracima na planu prilago\u0111avanja savremenim prijetnjama i izazovima, kao i o potrebi daljeg ja\u010danja i modernizacije kapaciteta oru\u017eanih snaga.<\/p>\n\n\n\n<p>Dodatno, kako najavljuju, razgovara\u0107e i o regionu Zapadnog Balkana i zna\u010daju ja\u010danja povjerenja, dok \u0107e u fokusu biti i dosada\u0161nja odbrambena saradnja izme\u0111u Crne Gore i Sjedinjenih Ameri\u010dkih Dr\u017eava.<\/p>\n\n\n\n<p>&#8220;Tokom radne posjete, ministar \u0107e posjetiti i sjedi\u0161te Ujedinjenih nacija u Njujorku, gdje \u0107e se sastati sa podsekretarom za politiku i poslove izgradnje mira, g-\u0111om Rosemary DiCarlo i kao i sa ambasadorima i predstavnicima dr\u017eava \u010dlanica NATO pri UN. Posjeta ovoj me\u0111unarodnoj organizaciji i razgovori na visokom nivou bi\u0107e prilika da sa sagovornicima razmijeni mi\u0161ljenja o ulozi koju Crna Gora ima u odr\u017eavanju me\u0111unarodnog mira i stabilnosti, kao i o u\u010de\u0161\u0107u Vojske Crne Gore u mirovnim operacijama pod mandatom Ujedinjenih nacija&#8221;, najavili su iz tog Vladinog resora.<br><br>Dodaju da \u0107e ministar takodje obi\u0107i NATO Savezni\u010dku komandu za transformaciju u Norfolku, kada \u0107e se sastati sa vrhovnim komandantom Savezni\u010dke komande za transformaciju, admiralom Pjerom Vandijem.<\/p>","protected":false},"excerpt":{"rendered":"<p>Ministar odbrane, Dragan Krapovi\u0107, boravi\u0107e u radnoj posjeti Sjedinjenim Ameri\u010dkim Dr\u017eavama u periodu od 4. do 12. septembra 2025. godine, saop\u0161teno je iz Ministarstva odbrane.<\/p>","protected":false},"author":1,"featured_media":944112,"comment_status":"open","ping_status":"open","sticky":false,"template":"","format":"standard","meta":{"_acf_changed":false,"footnotes":""},"categories":[2],"tags":[60,61,195],"naslovna":[],"class_list":["post-950047","post","type-post","status-publish","format-standard","has-post-thumbnail","hentry","category-drustvo","tag-dragan-krapovic","tag-mod","tag-sad"],"acf":[],"yoast_head":"<!-- This site is optimized with the Yoast SEO plugin v27.4 - https:\/\/yoast.com\/product\/yoast-seo-wordpress\/ -->\n<title>Ministar Krapovi\u0107 u radnoj posjeti SAD-u - dmcsrb.com<\/title>\n<meta name=\"robots\" content=\"index, follow, max-snippet:-1, max-image-preview:large, max-video-preview:-1\" \/>\n<link rel=\"canonical\" href=\"https:\/\/dmcsrb.com\/en\/drustvo\/ministar-krapovic-u-radnoj-posjeti-sad-u\/\" \/>\n<meta property=\"og:locale\" content=\"en_GB\" \/>\n<meta property=\"og:type\" content=\"article\" \/>\n<meta property=\"og:title\" content=\"Ministar Krapovi\u0107 u radnoj posjeti SAD-u - dmcsrb.com\" \/>\n<meta property=\"og:description\" content=\"Ministar odbrane, Dragan Krapovi\u0107, boravi\u0107e u radnoj posjeti Sjedinjenim Ameri\u010dkim Dr\u017eavama u periodu od 4. do 12. septembra 2025. godine, saop\u0161teno je iz Ministarstva odbrane.\" \/>\n<meta property=\"og:url\" content=\"https:\/\/dmcsrb.com\/en\/drustvo\/ministar-krapovic-u-radnoj-posjeti-sad-u\/\" \/>\n<meta property=\"og:site_name\" content=\"dmcsrb.com\" \/>\n<meta property=\"article:published_time\" content=\"2025-09-04T05:18:00+00:00\" \/>\n<meta property=\"og:image\" content=\"https:\/\/dmcsrb.com\/wp-content\/uploads\/2026\/01\/Dragan-Krapovic-696x464-1.webp\" \/>\n\t<meta property=\"og:image:width\" content=\"696\" \/>\n\t<meta property=\"og:image:height\" content=\"464\" \/>\n\t<meta property=\"og:image:type\" content=\"image\/jpeg\" \/>\n<meta name=\"author\" content=\"dmcsrbija.com@gmail.com\" \/>\n<meta name=\"twitter:card\" content=\"summary_large_image\" \/>\n<meta name=\"twitter:label1\" content=\"Written by\" \/>\n\t<meta name=\"twitter:data1\" content=\"dmcsrbija.com@gmail.com\" \/>\n\t<meta name=\"twitter:label2\" content=\"Estimated reading time\" \/>\n\t<meta name=\"twitter:data2\" content=\"1 minute\" \/>\n<script type=\"application\/ld+json\" class=\"yoast-schema-graph\">{\"@context\":\"https:\\\/\\\/schema.org\",\"@graph\":[{\"@type\":\"Article\",\"@id\":\"https:\\\/\\\/dmcsrb.com\\\/drustvo\\\/ministar-krapovic-u-radnoj-posjeti-sad-u\\\/#article\",\"isPartOf\":{\"@id\":\"https:\\\/\\\/dmcsrb.com\\\/drustvo\\\/ministar-krapovic-u-radnoj-posjeti-sad-u\\\/\"},\"author\":{\"name\":\"dmcsrbija.com@gmail.com\",\"@id\":\"https:\\\/\\\/dmcsrb.com\\\/#\\\/schema\\\/person\\\/5c39170f12db1b8b457732d0b5c854e2\"},\"headline\":\"Ministar Krapovi\u0107 u radnoj posjeti SAD-u\",\"datePublished\":\"2025-09-04T05:18:00+00:00\",\"mainEntityOfPage\":{\"@id\":\"https:\\\/\\\/dmcsrb.com\\\/drustvo\\\/ministar-krapovic-u-radnoj-posjeti-sad-u\\\/\"},\"wordCount\":302,\"commentCount\":0,\"image\":{\"@id\":\"https:\\\/\\\/dmcsrb.com\\\/drustvo\\\/ministar-krapovic-u-radnoj-posjeti-sad-u\\\/#primaryimage\"},\"thumbnailUrl\":\"https:\\\/\\\/dmcsrb.com\\\/wp-content\\\/uploads\\\/2026\\\/01\\\/Dragan-Krapovic-696x464-1.webp\",\"keywords\":[\"Dragan Krapovi\u0107\",\"mod\",\"SAD\"],\"articleSection\":[\"Dru\u0161tvo\"],\"inLanguage\":\"en-GB\",\"potentialAction\":[{\"@type\":\"CommentAction\",\"name\":\"Comment\",\"target\":[\"https:\\\/\\\/dmcsrb.com\\\/drustvo\\\/ministar-krapovic-u-radnoj-posjeti-sad-u\\\/#respond\"]}]},{\"@type\":\"WebPage\",\"@id\":\"https:\\\/\\\/dmcsrb.com\\\/drustvo\\\/ministar-krapovic-u-radnoj-posjeti-sad-u\\\/\",\"url\":\"https:\\\/\\\/dmcsrb.com\\\/drustvo\\\/ministar-krapovic-u-radnoj-posjeti-sad-u\\\/\",\"name\":\"Ministar Krapovi\u0107 u radnoj posjeti SAD-u - dmcsrb.com\",\"isPartOf\":{\"@id\":\"https:\\\/\\\/dmcsrb.com\\\/#website\"},\"primaryImageOfPage\":{\"@id\":\"https:\\\/\\\/dmcsrb.com\\\/drustvo\\\/ministar-krapovic-u-radnoj-posjeti-sad-u\\\/#primaryimage\"},\"image\":{\"@id\":\"https:\\\/\\\/dmcsrb.com\\\/drustvo\\\/ministar-krapovic-u-radnoj-posjeti-sad-u\\\/#primaryimage\"},\"thumbnailUrl\":\"https:\\\/\\\/dmcsrb.com\\\/wp-content\\\/uploads\\\/2026\\\/01\\\/Dragan-Krapovic-696x464-1.webp\",\"datePublished\":\"2025-09-04T05:18:00+00:00\",\"author\":{\"@id\":\"https:\\\/\\\/dmcsrb.com\\\/#\\\/schema\\\/person\\\/5c39170f12db1b8b457732d0b5c854e2\"},\"breadcrumb\":{\"@id\":\"https:\\\/\\\/dmcsrb.com\\\/drustvo\\\/ministar-krapovic-u-radnoj-posjeti-sad-u\\\/#breadcrumb\"},\"inLanguage\":\"en-GB\",\"potentialAction\":[{\"@type\":\"ReadAction\",\"target\":[\"https:\\\/\\\/dmcsrb.com\\\/drustvo\\\/ministar-krapovic-u-radnoj-posjeti-sad-u\\\/\"]}]},{\"@type\":\"ImageObject\",\"inLanguage\":\"en-GB\",\"@id\":\"https:\\\/\\\/dmcsrb.com\\\/drustvo\\\/ministar-krapovic-u-radnoj-posjeti-sad-u\\\/#primaryimage\",\"url\":\"https:\\\/\\\/dmcsrb.com\\\/wp-content\\\/uploads\\\/2026\\\/01\\\/Dragan-Krapovic-696x464-1.webp\",\"contentUrl\":\"https:\\\/\\\/dmcsrb.com\\\/wp-content\\\/uploads\\\/2026\\\/01\\\/Dragan-Krapovic-696x464-1.webp\",\"width\":696,\"height\":464},{\"@type\":\"BreadcrumbList\",\"@id\":\"https:\\\/\\\/dmcsrb.com\\\/drustvo\\\/ministar-krapovic-u-radnoj-posjeti-sad-u\\\/#breadcrumb\",\"itemListElement\":[{\"@type\":\"ListItem\",\"position\":1,\"name\":\"Home\",\"item\":\"https:\\\/\\\/dmcsrb.com\\\/\"},{\"@type\":\"ListItem\",\"position\":2,\"name\":\"Ministar Krapovi\u0107 u radnoj posjeti SAD-u\"}]},{\"@type\":\"WebSite\",\"@id\":\"https:\\\/\\\/dmcsrb.com\\\/#website\",\"url\":\"https:\\\/\\\/dmcsrb.com\\\/\",\"name\":\"dmcsrb.com\",\"description\":\"\",\"potentialAction\":[{\"@type\":\"SearchAction\",\"target\":{\"@type\":\"EntryPoint\",\"urlTemplate\":\"https:\\\/\\\/dmcsrb.com\\\/?s={search_term_string}\"},\"query-input\":{\"@type\":\"PropertyValueSpecification\",\"valueRequired\":true,\"valueName\":\"search_term_string\"}}],\"inLanguage\":\"en-GB\"},{\"@type\":\"Person\",\"@id\":\"https:\\\/\\\/dmcsrb.com\\\/#\\\/schema\\\/person\\\/5c39170f12db1b8b457732d0b5c854e2\",\"name\":\"dmcsrbija.com@gmail.com\",\"image\":{\"@type\":\"ImageObject\",\"inLanguage\":\"en-GB\",\"@id\":\"https:\\\/\\\/secure.gravatar.com\\\/avatar\\\/68592660ad6347fad0fb587f8d5d8f1a7b44961362f56e4f2cd524feb87e9069?s=96&d=mm&r=g\",\"url\":\"https:\\\/\\\/secure.gravatar.com\\\/avatar\\\/68592660ad6347fad0fb587f8d5d8f1a7b44961362f56e4f2cd524feb87e9069?s=96&d=mm&r=g\",\"contentUrl\":\"https:\\\/\\\/secure.gravatar.com\\\/avatar\\\/68592660ad6347fad0fb587f8d5d8f1a7b44961362f56e4f2cd524feb87e9069?s=96&d=mm&r=g\",\"caption\":\"dmcsrbija.com@gmail.com\"},\"sameAs\":[\"https:\\\/\\\/dmcsrb.com\"],\"url\":\"https:\\\/\\\/dmcsrb.com\\\/en\\\/author\\\/dmcsrbija-comgmail-com\\\/\"}]}<\/script>\n<!-- \/ Yoast SEO plugin. -->","yoast_head_json":{"title":"Ministar Krapovi\u0107 u radnoj posjeti SAD-u - dmcsrb.com","robots":{"index":"index","follow":"follow","max-snippet":"max-snippet:-1","max-image-preview":"max-image-preview:large","max-video-preview":"max-video-preview:-1"},"canonical":"https:\/\/dmcsrb.com\/en\/drustvo\/ministar-krapovic-u-radnoj-posjeti-sad-u\/","og_locale":"en_GB","og_type":"article","og_title":"Ministar Krapovi\u0107 u radnoj posjeti SAD-u - dmcsrb.com","og_description":"Ministar odbrane, Dragan Krapovi\u0107, boravi\u0107e u radnoj posjeti Sjedinjenim Ameri\u010dkim Dr\u017eavama u periodu od 4. do 12. septembra 2025. godine, saop\u0161teno je iz Ministarstva odbrane.","og_url":"https:\/\/dmcsrb.com\/en\/drustvo\/ministar-krapovic-u-radnoj-posjeti-sad-u\/","og_site_name":"dmcsrb.com","article_published_time":"2025-09-04T05:18:00+00:00","og_image":[{"width":696,"height":464,"url":"https:\/\/dmcsrb.com\/wp-content\/uploads\/2026\/01\/Dragan-Krapovic-696x464-1.webp","type":"image\/jpeg"}],"author":"dmcsrbija.com@gmail.com","twitter_card":"summary_large_image","twitter_misc":{"Written by":"dmcsrbija.com@gmail.com","Estimated reading time":"1 minute"},"schema":{"@context":"https:\/\/schema.org","@graph":[{"@type":"Article","@id":"https:\/\/dmcsrb.com\/drustvo\/ministar-krapovic-u-radnoj-posjeti-sad-u\/#article","isPartOf":{"@id":"https:\/\/dmcsrb.com\/drustvo\/ministar-krapovic-u-radnoj-posjeti-sad-u\/"},"author":{"name":"dmcsrbija.com@gmail.com","@id":"https:\/\/dmcsrb.com\/#\/schema\/person\/5c39170f12db1b8b457732d0b5c854e2"},"headline":"Ministar Krapovi\u0107 u radnoj posjeti SAD-u","datePublished":"2025-09-04T05:18:00+00:00","mainEntityOfPage":{"@id":"https:\/\/dmcsrb.com\/drustvo\/ministar-krapovic-u-radnoj-posjeti-sad-u\/"},"wordCount":302,"commentCount":0,"image":{"@id":"https:\/\/dmcsrb.com\/drustvo\/ministar-krapovic-u-radnoj-posjeti-sad-u\/#primaryimage"},"thumbnailUrl":"https:\/\/dmcsrb.com\/wp-content\/uploads\/2026\/01\/Dragan-Krapovic-696x464-1.webp","keywords":["Dragan Krapovi\u0107","mod","SAD"],"articleSection":["Dru\u0161tvo"],"inLanguage":"en-GB","potentialAction":[{"@type":"CommentAction","name":"Comment","target":["https:\/\/dmcsrb.com\/drustvo\/ministar-krapovic-u-radnoj-posjeti-sad-u\/#respond"]}]},{"@type":"WebPage","@id":"https:\/\/dmcsrb.com\/drustvo\/ministar-krapovic-u-radnoj-posjeti-sad-u\/","url":"https:\/\/dmcsrb.com\/drustvo\/ministar-krapovic-u-radnoj-posjeti-sad-u\/","name":"Ministar Krapovi\u0107 u radnoj posjeti SAD-u - dmcsrb.com","isPartOf":{"@id":"https:\/\/dmcsrb.com\/#website"},"primaryImageOfPage":{"@id":"https:\/\/dmcsrb.com\/drustvo\/ministar-krapovic-u-radnoj-posjeti-sad-u\/#primaryimage"},"image":{"@id":"https:\/\/dmcsrb.com\/drustvo\/ministar-krapovic-u-radnoj-posjeti-sad-u\/#primaryimage"},"thumbnailUrl":"https:\/\/dmcsrb.com\/wp-content\/uploads\/2026\/01\/Dragan-Krapovic-696x464-1.webp","datePublished":"2025-09-04T05:18:00+00:00","author":{"@id":"https:\/\/dmcsrb.com\/#\/schema\/person\/5c39170f12db1b8b457732d0b5c854e2"},"breadcrumb":{"@id":"https:\/\/dmcsrb.com\/drustvo\/ministar-krapovic-u-radnoj-posjeti-sad-u\/#breadcrumb"},"inLanguage":"en-GB","potentialAction":[{"@type":"ReadAction","target":["https:\/\/dmcsrb.com\/drustvo\/ministar-krapovic-u-radnoj-posjeti-sad-u\/"]}]},{"@type":"ImageObject","inLanguage":"en-GB","@id":"https:\/\/dmcsrb.com\/drustvo\/ministar-krapovic-u-radnoj-posjeti-sad-u\/#primaryimage","url":"https:\/\/dmcsrb.com\/wp-content\/uploads\/2026\/01\/Dragan-Krapovic-696x464-1.webp","contentUrl":"https:\/\/dmcsrb.com\/wp-content\/uploads\/2026\/01\/Dragan-Krapovic-696x464-1.webp","width":696,"height":464},{"@type":"BreadcrumbList","@id":"https:\/\/dmcsrb.com\/drustvo\/ministar-krapovic-u-radnoj-posjeti-sad-u\/#breadcrumb","itemListElement":[{"@type":"ListItem","position":1,"name":"Home","item":"https:\/\/dmcsrb.com\/"},{"@type":"ListItem","position":2,"name":"Ministar Krapovi\u0107 u radnoj posjeti SAD-u"}]},{"@type":"WebSite","@id":"https:\/\/dmcsrb.com\/#website","url":"https:\/\/dmcsrb.com\/","name":"dmcsrb.com","description":"","potentialAction":[{"@type":"SearchAction","target":{"@type":"EntryPoint","urlTemplate":"https:\/\/dmcsrb.com\/?s={search_term_string}"},"query-input":{"@type":"PropertyValueSpecification","valueRequired":true,"valueName":"search_term_string"}}],"inLanguage":"en-GB"},{"@type":"Person","@id":"https:\/\/dmcsrb.com\/#\/schema\/person\/5c39170f12db1b8b457732d0b5c854e2","name":"dmcsrbija.com@gmail.com","image":{"@type":"ImageObject","inLanguage":"en-GB","@id":"https:\/\/secure.gravatar.com\/avatar\/68592660ad6347fad0fb587f8d5d8f1a7b44961362f56e4f2cd524feb87e9069?s=96&d=mm&r=g","url":"https:\/\/secure.gravatar.com\/avatar\/68592660ad6347fad0fb587f8d5d8f1a7b44961362f56e4f2cd524feb87e9069?s=96&d=mm&r=g","contentUrl":"https:\/\/secure.gravatar.com\/avatar\/68592660ad6347fad0fb587f8d5d8f1a7b44961362f56e4f2cd524feb87e9069?s=96&d=mm&r=g","caption":"dmcsrbija.com@gmail.com"},"sameAs":["https:\/\/dmcsrb.com"],"url":"https:\/\/dmcsrb.com\/en\/author\/dmcsrbija-comgmail-com\/"}]}},"_links":{"self":[{"href":"https:\/\/dmcsrb.com\/en\/wp-json\/wp\/v2\/posts\/950047","targetHints":{"allow":["GET"]}}],"collection":[{"href":"https:\/\/dmcsrb.com\/en\/wp-json\/wp\/v2\/posts"}],"about":[{"href":"https:\/\/dmcsrb.com\/en\/wp-json\/wp\/v2\/types\/post"}],"author":[{"embeddable":true,"href":"https:\/\/dmcsrb.com\/en\/wp-json\/wp\/v2\/users\/1"}],"replies":[{"embeddable":true,"href":"https:\/\/dmcsrb.com\/en\/wp-json\/wp\/v2\/comments?post=950047"}],"version-history":[{"count":0,"href":"https:\/\/dmcsrb.com\/en\/wp-json\/wp\/v2\/posts\/950047\/revisions"}],"wp:featuredmedia":[{"embeddable":true,"href":"https:\/\/dmcsrb.com\/en\/wp-json\/wp\/v2\/media\/944112"}],"wp:attachment":[{"href":"https:\/\/dmcsrb.com\/en\/wp-json\/wp\/v2\/media?parent=950047"}],"wp:term":[{"taxonomy":"category","embeddable":true,"href":"https:\/\/dmcsrb.com\/en\/wp-json\/wp\/v2\/categories?post=950047"},{"taxonomy":"post_tag","embeddable":true,"href":"https:\/\/dmcsrb.com\/en\/wp-json\/wp\/v2\/tags?post=950047"},{"taxonomy":"naslovna","embeddable":true,"href":"https:\/\/dmcsrb.com\/en\/wp-json\/wp\/v2\/naslovna?post=950047"}],"curies":[{"name":"wp","href":"https:\/\/api.w.org\/{rel}","templated":true}]}}