{"id":950044,"date":"2025-09-04T06:22:00","date_gmt":"2025-09-04T04:22:00","guid":{"rendered":"https:\/\/dmcsrb.com\/uncategorized\/zpcg-se-zaduzuje-65-miliona-eura-za-opravku-vozova\/"},"modified":"2025-09-04T06:22:00","modified_gmt":"2025-09-04T04:22:00","slug":"zpcg-se-zaduzuje-65-miliona-eura-za-opravku-vozova","status":"publish","type":"post","link":"https:\/\/dmcsrb.com\/en\/ekonomija\/zpcg-se-zaduzuje-65-miliona-eura-za-opravku-vozova\/","title":{"rendered":"\u017dPCG se zadu\u017euje 6,5 miliona eura za opravku vozova"},"content":{"rendered":"<p>Taj kredit \u0107e uzeti uz garancije Vlade, a novac \u0107e se iskoristiti za potrebe finansiranja opravke tri elektromotorna voza \u0161panskog proizvo\u0111a\u010da CAF i dvije elektrolokomotive.&nbsp;<\/p>\n\n\n\n<p>Tako je odlu\u010deno na skup\u0161tini akcionara dr\u017eavnog preduze\u0107a, koja je odobrila i dala saglasnost za kreditno zadu\u017eenje. Skup\u0161tina akcionara je ovlastila izvr\u0161nu direktoricu Draganu Luk\u0161i\u0107 da potpi\u0161e ugovor o kreditu izme\u0111u \u017dPCG i EUROFIMA.<\/p>\n\n\n\n<p>Kako su naveli iz \u017deljezni\u010dkog prevoza, Zakonom o bud\u017eetu za 2025. godinu planirano je izdavanje dr\u017eavnih garancija za \u017deljezni\u010dki prevoz, za potrebe finansiranja opravke tri elektromotorna voza proizvo\u0111a\u010da CAF i dvije elektrolokomotive u iznosu od 6,5 miliona eura.<\/p>\n\n\n\n<p>\u2013 Menad\u017ement \u017dPCG je u prethodnom periodu imao kontinuiranu saradnju sa predstavnicima EUROFIMA i resornim Ministarstvom saobra\u0107aja u dijelu realizacije predmetnog kreditnog aran\u017emana. Nakon zavr\u0161ene analize i operativne saglasnosti od strane banke, dobijeno je pozitivno mi\u0161ljenje od strane Agencije za za\u0161titu konkurentnosti po pitanju uskla\u0111enosti ovog kreditnog aran\u017emana sa Zakonom o dr\u017eavnoj pomo\u0107i. Predmetna odluka je potrebna kako bi Ministarstvo finansija postupalo u daljem procesu i donijelo Odluku o izdavanju dr\u017eavnih garancija za ovo kreditno zadu\u017eenje, te kako bi EUROFIMA donijela Odluku o odobrenju kreditnog zadu\u017eenja u okviru svojih organa \u2013 kazali su iz \u017dPCG.<\/p>\n\n\n\n<p>Za odluku o kreditnom aran\u017emanu glasalo je 96,34 odsto akcionara, dok je 0,0214 odsto vlasnika kapitala bilo protiv.<\/p>\n\n\n\n<p>Odluka o kreditnom zadu\u017eenju morala je da ide na skup\u0161tinu akcionara, jer na osnovu \u010dlana 133, stav 1, ta\u010dka 8 Zakona o privrednim dru\u0161tvima i \u010dlana 52, stav 1, ta\u010dka 7 Statuta \u017dPCG utvr\u0111eno je da skup\u0161tina akcionara donosi odluku o raspolaganju imovinom dru\u0161tva \u010dija je vrijednost ve\u0107a od 20 odsto od knjigovodstvene vrijednosti imovine.<\/p>\n\n\n\n<p>\u017dPCG je takozvane \u0161panske vozove kupio prije vi\u0161e od deceniju, ali je sa njima nastao problem zbog skupog i dalekog remonta. &#8220;Dan&#8221; je o tome pisao po\u010detkom godine, jer su u jednom momentu sva tri CAF-ova voza bila van saobra\u0107aja.<\/p>\n\n\n\n<p>Izabrali revizora za finansijske iskaze<\/p>\n\n\n\n<p>Skup\u0161tina akcionara je, osim kreditnog zadu\u017eenja, donijela i odluku o nezavisnom revizoru. Akcionari su za nezavisnog revizora za finansijske iskaze u 2025. godini izabrali ku\u0107u &#8220;Crowe MNE&#8221;.<\/p>\n\n\n\n<p>Odluku o izboru pomenute revizorske ku\u0107e najprije je utvrdio odbor direktora i predlo\u017eio skup\u0161tini akcionara da je usvoji.<\/p>\n\n\n\n<p>Revizorski izvje\u0161taj za 2025. godinu bi\u0107e razmatran polovinom 2026. godine, na redovnoj skup\u0161tini akcionara.<\/p>\n\n\n\n<p><\/p>","protected":false},"excerpt":{"rendered":"<p>\u017deljezni\u010dki prevoz (\u017dPCG) \u0107e se kreditno zadu\u017eiti u iznosu od 6,5 miliona eura kod Evropskog dru\u0161tva za finansiranje \u017eeljezni\u010dkih voznih sredstava (EUROFIMA), pi\u0161e Dan.<\/p>","protected":false},"author":1,"featured_media":950045,"comment_status":"open","ping_status":"open","sticky":false,"template":"","format":"standard","meta":{"_acf_changed":false,"footnotes":""},"categories":[27],"tags":[65,3820],"naslovna":[],"class_list":["post-950044","post","type-post","status-publish","format-standard","has-post-thumbnail","hentry","category-ekonomija","tag-zaduzenje","tag-zpcg"],"acf":[],"yoast_head":"<!-- This site is optimized with the Yoast SEO plugin v27.0 - https:\/\/yoast.com\/product\/yoast-seo-wordpress\/ -->\n<title>\u017dPCG se zadu\u017euje 6,5 miliona eura za opravku vozova - dmcsrb.com<\/title>\n<meta name=\"robots\" content=\"index, follow, max-snippet:-1, max-image-preview:large, max-video-preview:-1\" \/>\n<link rel=\"canonical\" href=\"https:\/\/dmcsrb.com\/en\/ekonomija\/zpcg-se-zaduzuje-65-miliona-eura-za-opravku-vozova\/\" \/>\n<meta property=\"og:locale\" content=\"en_GB\" \/>\n<meta property=\"og:type\" content=\"article\" \/>\n<meta property=\"og:title\" content=\"\u017dPCG se zadu\u017euje 6,5 miliona eura za opravku vozova - dmcsrb.com\" \/>\n<meta property=\"og:description\" content=\"\u017deljezni\u010dki prevoz (\u017dPCG) \u0107e se kreditno zadu\u017eiti u iznosu od 6,5 miliona eura kod Evropskog dru\u0161tva za finansiranje \u017eeljezni\u010dkih voznih sredstava (EUROFIMA), pi\u0161e Dan.\" \/>\n<meta property=\"og:url\" content=\"https:\/\/dmcsrb.com\/en\/ekonomija\/zpcg-se-zaduzuje-65-miliona-eura-za-opravku-vozova\/\" \/>\n<meta property=\"og:site_name\" content=\"dmcsrb.com\" \/>\n<meta property=\"article:published_time\" content=\"2025-09-04T04:22:00+00:00\" \/>\n<meta property=\"og:image\" content=\"https:\/\/dmcsrb.com\/wp-content\/uploads\/2026\/01\/1015560_530572143657254_483102832_o_646x900.webp\" \/>\n\t<meta property=\"og:image:width\" content=\"899\" \/>\n\t<meta property=\"og:image:height\" content=\"646\" \/>\n\t<meta property=\"og:image:type\" content=\"image\/jpeg\" \/>\n<meta name=\"author\" content=\"dmcsrbija.com@gmail.com\" \/>\n<meta name=\"twitter:card\" content=\"summary_large_image\" \/>\n<meta name=\"twitter:label1\" content=\"Written by\" \/>\n\t<meta name=\"twitter:data1\" content=\"dmcsrbija.com@gmail.com\" \/>\n\t<meta name=\"twitter:label2\" content=\"Estimated reading time\" \/>\n\t<meta name=\"twitter:data2\" content=\"2 minutes\" \/>\n<script type=\"application\/ld+json\" class=\"yoast-schema-graph\">{\"@context\":\"https:\/\/schema.org\",\"@graph\":[{\"@type\":\"Article\",\"@id\":\"https:\/\/dmcsrb.com\/ekonomija\/zpcg-se-zaduzuje-65-miliona-eura-za-opravku-vozova\/#article\",\"isPartOf\":{\"@id\":\"https:\/\/dmcsrb.com\/ekonomija\/zpcg-se-zaduzuje-65-miliona-eura-za-opravku-vozova\/\"},\"author\":{\"name\":\"dmcsrbija.com@gmail.com\",\"@id\":\"https:\/\/dmcsrb.com\/#\/schema\/person\/5c39170f12db1b8b457732d0b5c854e2\"},\"headline\":\"\u017dPCG se zadu\u017euje 6,5 miliona eura za opravku vozova\",\"datePublished\":\"2025-09-04T04:22:00+00:00\",\"mainEntityOfPage\":{\"@id\":\"https:\/\/dmcsrb.com\/ekonomija\/zpcg-se-zaduzuje-65-miliona-eura-za-opravku-vozova\/\"},\"wordCount\":416,\"commentCount\":0,\"image\":{\"@id\":\"https:\/\/dmcsrb.com\/ekonomija\/zpcg-se-zaduzuje-65-miliona-eura-za-opravku-vozova\/#primaryimage\"},\"thumbnailUrl\":\"https:\/\/dmcsrb.com\/wp-content\/uploads\/2026\/01\/1015560_530572143657254_483102832_o_646x900.webp\",\"keywords\":[\"zadu\u017eenje\",\"\u017dPCG\"],\"articleSection\":[\"Ekonomija\"],\"inLanguage\":\"en-GB\",\"potentialAction\":[{\"@type\":\"CommentAction\",\"name\":\"Comment\",\"target\":[\"https:\/\/dmcsrb.com\/ekonomija\/zpcg-se-zaduzuje-65-miliona-eura-za-opravku-vozova\/#respond\"]}]},{\"@type\":\"WebPage\",\"@id\":\"https:\/\/dmcsrb.com\/ekonomija\/zpcg-se-zaduzuje-65-miliona-eura-za-opravku-vozova\/\",\"url\":\"https:\/\/dmcsrb.com\/ekonomija\/zpcg-se-zaduzuje-65-miliona-eura-za-opravku-vozova\/\",\"name\":\"\u017dPCG se zadu\u017euje 6,5 miliona eura za opravku vozova - dmcsrb.com\",\"isPartOf\":{\"@id\":\"https:\/\/dmcsrb.com\/#website\"},\"primaryImageOfPage\":{\"@id\":\"https:\/\/dmcsrb.com\/ekonomija\/zpcg-se-zaduzuje-65-miliona-eura-za-opravku-vozova\/#primaryimage\"},\"image\":{\"@id\":\"https:\/\/dmcsrb.com\/ekonomija\/zpcg-se-zaduzuje-65-miliona-eura-za-opravku-vozova\/#primaryimage\"},\"thumbnailUrl\":\"https:\/\/dmcsrb.com\/wp-content\/uploads\/2026\/01\/1015560_530572143657254_483102832_o_646x900.webp\",\"datePublished\":\"2025-09-04T04:22:00+00:00\",\"author\":{\"@id\":\"https:\/\/dmcsrb.com\/#\/schema\/person\/5c39170f12db1b8b457732d0b5c854e2\"},\"breadcrumb\":{\"@id\":\"https:\/\/dmcsrb.com\/ekonomija\/zpcg-se-zaduzuje-65-miliona-eura-za-opravku-vozova\/#breadcrumb\"},\"inLanguage\":\"en-GB\",\"potentialAction\":[{\"@type\":\"ReadAction\",\"target\":[\"https:\/\/dmcsrb.com\/ekonomija\/zpcg-se-zaduzuje-65-miliona-eura-za-opravku-vozova\/\"]}]},{\"@type\":\"ImageObject\",\"inLanguage\":\"en-GB\",\"@id\":\"https:\/\/dmcsrb.com\/ekonomija\/zpcg-se-zaduzuje-65-miliona-eura-za-opravku-vozova\/#primaryimage\",\"url\":\"https:\/\/dmcsrb.com\/wp-content\/uploads\/2026\/01\/1015560_530572143657254_483102832_o_646x900.webp\",\"contentUrl\":\"https:\/\/dmcsrb.com\/wp-content\/uploads\/2026\/01\/1015560_530572143657254_483102832_o_646x900.webp\",\"width\":899,\"height\":646},{\"@type\":\"BreadcrumbList\",\"@id\":\"https:\/\/dmcsrb.com\/ekonomija\/zpcg-se-zaduzuje-65-miliona-eura-za-opravku-vozova\/#breadcrumb\",\"itemListElement\":[{\"@type\":\"ListItem\",\"position\":1,\"name\":\"Home\",\"item\":\"https:\/\/dmcsrb.com\/\"},{\"@type\":\"ListItem\",\"position\":2,\"name\":\"\u017dPCG se zadu\u017euje 6,5 miliona eura za opravku vozova\"}]},{\"@type\":\"WebSite\",\"@id\":\"https:\/\/dmcsrb.com\/#website\",\"url\":\"https:\/\/dmcsrb.com\/\",\"name\":\"dmcsrb.com\",\"description\":\"\",\"potentialAction\":[{\"@type\":\"SearchAction\",\"target\":{\"@type\":\"EntryPoint\",\"urlTemplate\":\"https:\/\/dmcsrb.com\/?s={search_term_string}\"},\"query-input\":{\"@type\":\"PropertyValueSpecification\",\"valueRequired\":true,\"valueName\":\"search_term_string\"}}],\"inLanguage\":\"en-GB\"},{\"@type\":\"Person\",\"@id\":\"https:\/\/dmcsrb.com\/#\/schema\/person\/5c39170f12db1b8b457732d0b5c854e2\",\"name\":\"dmcsrbija.com@gmail.com\",\"image\":{\"@type\":\"ImageObject\",\"inLanguage\":\"en-GB\",\"@id\":\"https:\/\/dmcsrb.com\/#\/schema\/person\/image\/\",\"url\":\"https:\/\/secure.gravatar.com\/avatar\/68592660ad6347fad0fb587f8d5d8f1a7b44961362f56e4f2cd524feb87e9069?s=96&d=mm&r=g\",\"contentUrl\":\"https:\/\/secure.gravatar.com\/avatar\/68592660ad6347fad0fb587f8d5d8f1a7b44961362f56e4f2cd524feb87e9069?s=96&d=mm&r=g\",\"caption\":\"dmcsrbija.com@gmail.com\"},\"sameAs\":[\"https:\/\/dmcsrb.com\"],\"url\":\"https:\/\/dmcsrb.com\/en\/author\/dmcsrbija-comgmail-com\/\"}]}<\/script>\n<!-- \/ Yoast SEO plugin. -->","yoast_head_json":{"title":"\u017dPCG se zadu\u017euje 6,5 miliona eura za opravku vozova - dmcsrb.com","robots":{"index":"index","follow":"follow","max-snippet":"max-snippet:-1","max-image-preview":"max-image-preview:large","max-video-preview":"max-video-preview:-1"},"canonical":"https:\/\/dmcsrb.com\/en\/ekonomija\/zpcg-se-zaduzuje-65-miliona-eura-za-opravku-vozova\/","og_locale":"en_GB","og_type":"article","og_title":"\u017dPCG se zadu\u017euje 6,5 miliona eura za opravku vozova - dmcsrb.com","og_description":"\u017deljezni\u010dki prevoz (\u017dPCG) \u0107e se kreditno zadu\u017eiti u iznosu od 6,5 miliona eura kod Evropskog dru\u0161tva za finansiranje \u017eeljezni\u010dkih voznih sredstava (EUROFIMA), pi\u0161e Dan.","og_url":"https:\/\/dmcsrb.com\/en\/ekonomija\/zpcg-se-zaduzuje-65-miliona-eura-za-opravku-vozova\/","og_site_name":"dmcsrb.com","article_published_time":"2025-09-04T04:22:00+00:00","og_image":[{"width":899,"height":646,"url":"https:\/\/dmcsrb.com\/wp-content\/uploads\/2026\/01\/1015560_530572143657254_483102832_o_646x900.webp","type":"image\/jpeg"}],"author":"dmcsrbija.com@gmail.com","twitter_card":"summary_large_image","twitter_misc":{"Written by":"dmcsrbija.com@gmail.com","Estimated reading time":"2 minutes"},"schema":{"@context":"https:\/\/schema.org","@graph":[{"@type":"Article","@id":"https:\/\/dmcsrb.com\/ekonomija\/zpcg-se-zaduzuje-65-miliona-eura-za-opravku-vozova\/#article","isPartOf":{"@id":"https:\/\/dmcsrb.com\/ekonomija\/zpcg-se-zaduzuje-65-miliona-eura-za-opravku-vozova\/"},"author":{"name":"dmcsrbija.com@gmail.com","@id":"https:\/\/dmcsrb.com\/#\/schema\/person\/5c39170f12db1b8b457732d0b5c854e2"},"headline":"\u017dPCG se zadu\u017euje 6,5 miliona eura za opravku vozova","datePublished":"2025-09-04T04:22:00+00:00","mainEntityOfPage":{"@id":"https:\/\/dmcsrb.com\/ekonomija\/zpcg-se-zaduzuje-65-miliona-eura-za-opravku-vozova\/"},"wordCount":416,"commentCount":0,"image":{"@id":"https:\/\/dmcsrb.com\/ekonomija\/zpcg-se-zaduzuje-65-miliona-eura-za-opravku-vozova\/#primaryimage"},"thumbnailUrl":"https:\/\/dmcsrb.com\/wp-content\/uploads\/2026\/01\/1015560_530572143657254_483102832_o_646x900.webp","keywords":["zadu\u017eenje","\u017dPCG"],"articleSection":["Ekonomija"],"inLanguage":"en-GB","potentialAction":[{"@type":"CommentAction","name":"Comment","target":["https:\/\/dmcsrb.com\/ekonomija\/zpcg-se-zaduzuje-65-miliona-eura-za-opravku-vozova\/#respond"]}]},{"@type":"WebPage","@id":"https:\/\/dmcsrb.com\/ekonomija\/zpcg-se-zaduzuje-65-miliona-eura-za-opravku-vozova\/","url":"https:\/\/dmcsrb.com\/ekonomija\/zpcg-se-zaduzuje-65-miliona-eura-za-opravku-vozova\/","name":"\u017dPCG se zadu\u017euje 6,5 miliona eura za opravku vozova - dmcsrb.com","isPartOf":{"@id":"https:\/\/dmcsrb.com\/#website"},"primaryImageOfPage":{"@id":"https:\/\/dmcsrb.com\/ekonomija\/zpcg-se-zaduzuje-65-miliona-eura-za-opravku-vozova\/#primaryimage"},"image":{"@id":"https:\/\/dmcsrb.com\/ekonomija\/zpcg-se-zaduzuje-65-miliona-eura-za-opravku-vozova\/#primaryimage"},"thumbnailUrl":"https:\/\/dmcsrb.com\/wp-content\/uploads\/2026\/01\/1015560_530572143657254_483102832_o_646x900.webp","datePublished":"2025-09-04T04:22:00+00:00","author":{"@id":"https:\/\/dmcsrb.com\/#\/schema\/person\/5c39170f12db1b8b457732d0b5c854e2"},"breadcrumb":{"@id":"https:\/\/dmcsrb.com\/ekonomija\/zpcg-se-zaduzuje-65-miliona-eura-za-opravku-vozova\/#breadcrumb"},"inLanguage":"en-GB","potentialAction":[{"@type":"ReadAction","target":["https:\/\/dmcsrb.com\/ekonomija\/zpcg-se-zaduzuje-65-miliona-eura-za-opravku-vozova\/"]}]},{"@type":"ImageObject","inLanguage":"en-GB","@id":"https:\/\/dmcsrb.com\/ekonomija\/zpcg-se-zaduzuje-65-miliona-eura-za-opravku-vozova\/#primaryimage","url":"https:\/\/dmcsrb.com\/wp-content\/uploads\/2026\/01\/1015560_530572143657254_483102832_o_646x900.webp","contentUrl":"https:\/\/dmcsrb.com\/wp-content\/uploads\/2026\/01\/1015560_530572143657254_483102832_o_646x900.webp","width":899,"height":646},{"@type":"BreadcrumbList","@id":"https:\/\/dmcsrb.com\/ekonomija\/zpcg-se-zaduzuje-65-miliona-eura-za-opravku-vozova\/#breadcrumb","itemListElement":[{"@type":"ListItem","position":1,"name":"Home","item":"https:\/\/dmcsrb.com\/"},{"@type":"ListItem","position":2,"name":"\u017dPCG se zadu\u017euje 6,5 miliona eura za opravku vozova"}]},{"@type":"WebSite","@id":"https:\/\/dmcsrb.com\/#website","url":"https:\/\/dmcsrb.com\/","name":"dmcsrb.com","description":"","potentialAction":[{"@type":"SearchAction","target":{"@type":"EntryPoint","urlTemplate":"https:\/\/dmcsrb.com\/?s={search_term_string}"},"query-input":{"@type":"PropertyValueSpecification","valueRequired":true,"valueName":"search_term_string"}}],"inLanguage":"en-GB"},{"@type":"Person","@id":"https:\/\/dmcsrb.com\/#\/schema\/person\/5c39170f12db1b8b457732d0b5c854e2","name":"dmcsrbija.com@gmail.com","image":{"@type":"ImageObject","inLanguage":"en-GB","@id":"https:\/\/dmcsrb.com\/#\/schema\/person\/image\/","url":"https:\/\/secure.gravatar.com\/avatar\/68592660ad6347fad0fb587f8d5d8f1a7b44961362f56e4f2cd524feb87e9069?s=96&d=mm&r=g","contentUrl":"https:\/\/secure.gravatar.com\/avatar\/68592660ad6347fad0fb587f8d5d8f1a7b44961362f56e4f2cd524feb87e9069?s=96&d=mm&r=g","caption":"dmcsrbija.com@gmail.com"},"sameAs":["https:\/\/dmcsrb.com"],"url":"https:\/\/dmcsrb.com\/en\/author\/dmcsrbija-comgmail-com\/"}]}},"_links":{"self":[{"href":"https:\/\/dmcsrb.com\/en\/wp-json\/wp\/v2\/posts\/950044","targetHints":{"allow":["GET"]}}],"collection":[{"href":"https:\/\/dmcsrb.com\/en\/wp-json\/wp\/v2\/posts"}],"about":[{"href":"https:\/\/dmcsrb.com\/en\/wp-json\/wp\/v2\/types\/post"}],"author":[{"embeddable":true,"href":"https:\/\/dmcsrb.com\/en\/wp-json\/wp\/v2\/users\/1"}],"replies":[{"embeddable":true,"href":"https:\/\/dmcsrb.com\/en\/wp-json\/wp\/v2\/comments?post=950044"}],"version-history":[{"count":0,"href":"https:\/\/dmcsrb.com\/en\/wp-json\/wp\/v2\/posts\/950044\/revisions"}],"wp:featuredmedia":[{"embeddable":true,"href":"https:\/\/dmcsrb.com\/en\/wp-json\/wp\/v2\/media\/950045"}],"wp:attachment":[{"href":"https:\/\/dmcsrb.com\/en\/wp-json\/wp\/v2\/media?parent=950044"}],"wp:term":[{"taxonomy":"category","embeddable":true,"href":"https:\/\/dmcsrb.com\/en\/wp-json\/wp\/v2\/categories?post=950044"},{"taxonomy":"post_tag","embeddable":true,"href":"https:\/\/dmcsrb.com\/en\/wp-json\/wp\/v2\/tags?post=950044"},{"taxonomy":"naslovna","embeddable":true,"href":"https:\/\/dmcsrb.com\/en\/wp-json\/wp\/v2\/naslovna?post=950044"}],"curies":[{"name":"wp","href":"https:\/\/api.w.org\/{rel}","templated":true}]}}