{"id":950042,"date":"2025-09-04T08:37:00","date_gmt":"2025-09-04T06:37:00","guid":{"rendered":"https:\/\/dmcsrb.com\/uncategorized\/u-lisabonu-proglasena-trodnevna-zalost\/"},"modified":"2025-09-04T08:37:00","modified_gmt":"2025-09-04T06:37:00","slug":"u-lisabonu-proglasena-trodnevna-zalost","status":"publish","type":"post","link":"https:\/\/dmcsrb.com\/en\/svijet\/u-lisabonu-proglasena-trodnevna-zalost\/","title":{"rendered":"U Lisabonu progla\u0161ena trodnevna \u017ealost"},"content":{"rendered":"<p><\/p>\n\n\n\n<p>Jo\u0161 18 osoba je prevezeno u bolnicu, od kojih je pet u te\u0161kom stanju, potvrdile su hitne slu\u017ebe.<\/p>\n\n\n\n<p>Vlasti su izvijestile da je me\u0111u poginulima u nesre\u0107i, koja se dogodila 3. septembra oko 18 sati po lokalnom vremenu, bilo i stranih dr\u017eavljana, ali njihove nacionalnosti jo\u0161 nijesu potvr\u0111ene.<\/p>\n\n\n\n<p>Gradona\u010delnik Lisabona<strong>&nbsp;Karlos Moedas<\/strong>&nbsp;je posjetio bolnicu i nesre\u0107u nazvao \u201ctragi\u010dnim trenutkom za grad\u201d.<\/p>\n\n\n\n<p>Predsjednik zemlje&nbsp;<strong>Marselo Rebelo de Sousa<\/strong>&nbsp;je izrazio sau\u010de\u0161\u0107e porodicama \u201ckoje je pogodila ova tragedija\u201d.<\/p>\n\n\n\n<p>Policija i hitne slu\u017ebe su provele sate na mjestu doga\u0111aja, a pokrenuto je nekoliko istraga o uzroku nesre\u0107e.<\/p>\n\n\n\n<p>Istragu sprovode kompanija koja upravlja uspinja\u010dom, nacionalna uprava zabezbjednost saobra\u0107aja i kriminalisti\u010dka policija.<\/p>\n\n\n\n<p>Iz lisabonskog javnog prevoznika Karis poru\u010dili su kako su na uspinja\u010di obavljeni svi redovni pregledi i provjere.<\/p>\n\n\n\n<p>Uprkos redovnim provjerama, izjave o\u010devidaca upu\u0107uju na to da je sistem za ko\u010denje otkazao, zbog \u010dega se uspinja\u010da nekontrolisano sjurila niz strmu ulicu i zabila u zgradu.<\/p>\n\n\n\n<p>Nekoliko ljudi je ostalo zarobljeno u olupini te su ih spasioci morali osloba\u0111ati.<\/p>\n\n\n\n<figure class=\"wp-block-image size-large\"><img decoding=\"async\" src=\"https:\/\/gradski.me\/wp-content\/uploads\/2025\/09\/2023453-1024x683.jpg\" alt=\"\" class=\"wp-image-826712\"\/><figcaption class=\"wp-element-caption\">foto: AP<\/figcaption><\/figure>\n\n\n\n<p>Snimci na dru\u0161tvenim mre\u017eama prikazuju jarko \u017eutu uspinja\u010du prevrnutu i uni\u0161tenu. Uspinja\u010da Gloria je jedna od najpoznatijih znamenitosti Lisabona. Njena \u010duvena \u017euta vozila klju\u010dan su dio prevoza u brdovitom dijelu prijestonice.<\/p>\n\n\n\n<p>Ruta na kojoj se dogodila nesre\u0107a duga je oko 275 metara i povezuje trg Restauradores sa Bairro Altom. Iako je koriste i lokalni stanovnici, veoma je popularna me\u0111u turistima.<\/p>\n\n\n\n<p>Na nesre\u0107u su reagovali i evropski \u010delnici. Predsjednica Evropske komisije&nbsp;<strong>Ursula von der Lajen<\/strong>&nbsp;izrazila je sau\u010de\u0161\u0107e porodicama \u017ertava, dok je premijer \u0160panije<strong>&nbsp;Pedro San\u010dez<\/strong>&nbsp;poru\u010dio da je \u201cu\u017easnut stra\u0161nom nesre\u0107om\u201d.<\/p>\n\n\n\n<figure class=\"wp-block-image size-large\"><img decoding=\"async\" src=\"https:\/\/gradski.me\/wp-content\/uploads\/2025\/09\/2023455-1024x683.jpg\" alt=\"\" class=\"wp-image-826702\"\/><figcaption class=\"wp-element-caption\">foto: AP<\/figcaption><\/figure>\n\n\n\n<p><\/p>\n\n\n\n<p><\/p>","protected":false},"excerpt":{"rendered":"<p>U Portugalu je 4. septembra dan \u017ealosti nakon \u0161to je 15 osoba poginulo u iskakanju iz \u0161ina 140 godina stare uspinja\u010de Gloria, jedne od glavnih turisti\u010dkih atrakcija u prijestolnici Lisabonu, prenosi Radio Slobodna Evropa RSE.<\/p>","protected":false},"author":1,"featured_media":950043,"comment_status":"open","ping_status":"open","sticky":false,"template":"","format":"standard","meta":{"_acf_changed":false,"footnotes":""},"categories":[144],"tags":[6833,6822,6834],"naslovna":[],"class_list":["post-950042","post","type-post","status-publish","format-standard","has-post-thumbnail","hentry","category-svijet","tag-dan-zalosti","tag-lisabon","tag-portugal"],"acf":[],"yoast_head":"<!-- This site is optimized with the Yoast SEO plugin v27.0 - https:\/\/yoast.com\/product\/yoast-seo-wordpress\/ -->\n<title>U Lisabonu progla\u0161ena trodnevna \u017ealost - dmcsrb.com<\/title>\n<meta name=\"robots\" content=\"index, follow, max-snippet:-1, max-image-preview:large, max-video-preview:-1\" \/>\n<link rel=\"canonical\" href=\"https:\/\/dmcsrb.com\/en\/svijet\/u-lisabonu-proglasena-trodnevna-zalost\/\" \/>\n<meta property=\"og:locale\" content=\"en_GB\" \/>\n<meta property=\"og:type\" content=\"article\" \/>\n<meta property=\"og:title\" content=\"U Lisabonu progla\u0161ena trodnevna \u017ealost - dmcsrb.com\" \/>\n<meta property=\"og:description\" content=\"U Portugalu je 4. septembra dan \u017ealosti nakon \u0161to je 15 osoba poginulo u iskakanju iz \u0161ina 140 godina stare uspinja\u010de Gloria, jedne od glavnih turisti\u010dkih atrakcija u prijestolnici Lisabonu, prenosi Radio Slobodna Evropa RSE.\" \/>\n<meta property=\"og:url\" content=\"https:\/\/dmcsrb.com\/en\/svijet\/u-lisabonu-proglasena-trodnevna-zalost\/\" \/>\n<meta property=\"og:site_name\" content=\"dmcsrb.com\" \/>\n<meta property=\"article:published_time\" content=\"2025-09-04T06:37:00+00:00\" \/>\n<meta property=\"og:image\" content=\"https:\/\/dmcsrb.com\/wp-content\/uploads\/2026\/01\/2023454.webp\" \/>\n\t<meta property=\"og:image:width\" content=\"1920\" \/>\n\t<meta property=\"og:image:height\" content=\"1280\" \/>\n\t<meta property=\"og:image:type\" content=\"image\/jpeg\" \/>\n<meta name=\"author\" content=\"dmcsrbija.com@gmail.com\" \/>\n<meta name=\"twitter:card\" content=\"summary_large_image\" \/>\n<meta name=\"twitter:label1\" content=\"Written by\" \/>\n\t<meta name=\"twitter:data1\" content=\"dmcsrbija.com@gmail.com\" \/>\n\t<meta name=\"twitter:label2\" content=\"Estimated reading time\" \/>\n\t<meta name=\"twitter:data2\" content=\"2 minutes\" \/>\n<script type=\"application\/ld+json\" class=\"yoast-schema-graph\">{\"@context\":\"https:\/\/schema.org\",\"@graph\":[{\"@type\":\"Article\",\"@id\":\"https:\/\/dmcsrb.com\/en\/svijet\/u-lisabonu-proglasena-trodnevna-zalost\/#article\",\"isPartOf\":{\"@id\":\"https:\/\/dmcsrb.com\/en\/svijet\/u-lisabonu-proglasena-trodnevna-zalost\/\"},\"author\":{\"name\":\"dmcsrbija.com@gmail.com\",\"@id\":\"https:\/\/dmcsrb.com\/#\/schema\/person\/5c39170f12db1b8b457732d0b5c854e2\"},\"headline\":\"U Lisabonu progla\u0161ena trodnevna \u017ealost\",\"datePublished\":\"2025-09-04T06:37:00+00:00\",\"mainEntityOfPage\":{\"@id\":\"https:\/\/dmcsrb.com\/en\/svijet\/u-lisabonu-proglasena-trodnevna-zalost\/\"},\"wordCount\":310,\"commentCount\":0,\"image\":{\"@id\":\"https:\/\/dmcsrb.com\/en\/svijet\/u-lisabonu-proglasena-trodnevna-zalost\/#primaryimage\"},\"thumbnailUrl\":\"https:\/\/dmcsrb.com\/wp-content\/uploads\/2026\/01\/2023454.webp\",\"keywords\":[\"dan \u017ealosti\",\"Lisabon\",\"Portugal\"],\"articleSection\":[\"Svijet\"],\"inLanguage\":\"en-GB\",\"potentialAction\":[{\"@type\":\"CommentAction\",\"name\":\"Comment\",\"target\":[\"https:\/\/dmcsrb.com\/en\/svijet\/u-lisabonu-proglasena-trodnevna-zalost\/#respond\"]}]},{\"@type\":\"WebPage\",\"@id\":\"https:\/\/dmcsrb.com\/en\/svijet\/u-lisabonu-proglasena-trodnevna-zalost\/\",\"url\":\"https:\/\/dmcsrb.com\/en\/svijet\/u-lisabonu-proglasena-trodnevna-zalost\/\",\"name\":\"U Lisabonu progla\u0161ena trodnevna \u017ealost - dmcsrb.com\",\"isPartOf\":{\"@id\":\"https:\/\/dmcsrb.com\/#website\"},\"primaryImageOfPage\":{\"@id\":\"https:\/\/dmcsrb.com\/en\/svijet\/u-lisabonu-proglasena-trodnevna-zalost\/#primaryimage\"},\"image\":{\"@id\":\"https:\/\/dmcsrb.com\/en\/svijet\/u-lisabonu-proglasena-trodnevna-zalost\/#primaryimage\"},\"thumbnailUrl\":\"https:\/\/dmcsrb.com\/wp-content\/uploads\/2026\/01\/2023454.webp\",\"datePublished\":\"2025-09-04T06:37:00+00:00\",\"author\":{\"@id\":\"https:\/\/dmcsrb.com\/#\/schema\/person\/5c39170f12db1b8b457732d0b5c854e2\"},\"breadcrumb\":{\"@id\":\"https:\/\/dmcsrb.com\/en\/svijet\/u-lisabonu-proglasena-trodnevna-zalost\/#breadcrumb\"},\"inLanguage\":\"en-GB\",\"potentialAction\":[{\"@type\":\"ReadAction\",\"target\":[\"https:\/\/dmcsrb.com\/en\/svijet\/u-lisabonu-proglasena-trodnevna-zalost\/\"]}]},{\"@type\":\"ImageObject\",\"inLanguage\":\"en-GB\",\"@id\":\"https:\/\/dmcsrb.com\/en\/svijet\/u-lisabonu-proglasena-trodnevna-zalost\/#primaryimage\",\"url\":\"https:\/\/dmcsrb.com\/wp-content\/uploads\/2026\/01\/2023454.webp\",\"contentUrl\":\"https:\/\/dmcsrb.com\/wp-content\/uploads\/2026\/01\/2023454.webp\",\"width\":1920,\"height\":1280},{\"@type\":\"BreadcrumbList\",\"@id\":\"https:\/\/dmcsrb.com\/en\/svijet\/u-lisabonu-proglasena-trodnevna-zalost\/#breadcrumb\",\"itemListElement\":[{\"@type\":\"ListItem\",\"position\":1,\"name\":\"Home\",\"item\":\"https:\/\/dmcsrb.com\/\"},{\"@type\":\"ListItem\",\"position\":2,\"name\":\"U Lisabonu progla\u0161ena trodnevna \u017ealost\"}]},{\"@type\":\"WebSite\",\"@id\":\"https:\/\/dmcsrb.com\/#website\",\"url\":\"https:\/\/dmcsrb.com\/\",\"name\":\"dmcsrb.com\",\"description\":\"\",\"potentialAction\":[{\"@type\":\"SearchAction\",\"target\":{\"@type\":\"EntryPoint\",\"urlTemplate\":\"https:\/\/dmcsrb.com\/?s={search_term_string}\"},\"query-input\":{\"@type\":\"PropertyValueSpecification\",\"valueRequired\":true,\"valueName\":\"search_term_string\"}}],\"inLanguage\":\"en-GB\"},{\"@type\":\"Person\",\"@id\":\"https:\/\/dmcsrb.com\/#\/schema\/person\/5c39170f12db1b8b457732d0b5c854e2\",\"name\":\"dmcsrbija.com@gmail.com\",\"image\":{\"@type\":\"ImageObject\",\"inLanguage\":\"en-GB\",\"@id\":\"https:\/\/dmcsrb.com\/#\/schema\/person\/image\/\",\"url\":\"https:\/\/secure.gravatar.com\/avatar\/68592660ad6347fad0fb587f8d5d8f1a7b44961362f56e4f2cd524feb87e9069?s=96&d=mm&r=g\",\"contentUrl\":\"https:\/\/secure.gravatar.com\/avatar\/68592660ad6347fad0fb587f8d5d8f1a7b44961362f56e4f2cd524feb87e9069?s=96&d=mm&r=g\",\"caption\":\"dmcsrbija.com@gmail.com\"},\"sameAs\":[\"https:\/\/dmcsrb.com\"],\"url\":\"https:\/\/dmcsrb.com\/en\/author\/dmcsrbija-comgmail-com\/\"}]}<\/script>\n<!-- \/ Yoast SEO plugin. -->","yoast_head_json":{"title":"U Lisabonu progla\u0161ena trodnevna \u017ealost - dmcsrb.com","robots":{"index":"index","follow":"follow","max-snippet":"max-snippet:-1","max-image-preview":"max-image-preview:large","max-video-preview":"max-video-preview:-1"},"canonical":"https:\/\/dmcsrb.com\/en\/svijet\/u-lisabonu-proglasena-trodnevna-zalost\/","og_locale":"en_GB","og_type":"article","og_title":"U Lisabonu progla\u0161ena trodnevna \u017ealost - dmcsrb.com","og_description":"U Portugalu je 4. septembra dan \u017ealosti nakon \u0161to je 15 osoba poginulo u iskakanju iz \u0161ina 140 godina stare uspinja\u010de Gloria, jedne od glavnih turisti\u010dkih atrakcija u prijestolnici Lisabonu, prenosi Radio Slobodna Evropa RSE.","og_url":"https:\/\/dmcsrb.com\/en\/svijet\/u-lisabonu-proglasena-trodnevna-zalost\/","og_site_name":"dmcsrb.com","article_published_time":"2025-09-04T06:37:00+00:00","og_image":[{"width":1920,"height":1280,"url":"https:\/\/dmcsrb.com\/wp-content\/uploads\/2026\/01\/2023454.webp","type":"image\/jpeg"}],"author":"dmcsrbija.com@gmail.com","twitter_card":"summary_large_image","twitter_misc":{"Written by":"dmcsrbija.com@gmail.com","Estimated reading time":"2 minutes"},"schema":{"@context":"https:\/\/schema.org","@graph":[{"@type":"Article","@id":"https:\/\/dmcsrb.com\/en\/svijet\/u-lisabonu-proglasena-trodnevna-zalost\/#article","isPartOf":{"@id":"https:\/\/dmcsrb.com\/en\/svijet\/u-lisabonu-proglasena-trodnevna-zalost\/"},"author":{"name":"dmcsrbija.com@gmail.com","@id":"https:\/\/dmcsrb.com\/#\/schema\/person\/5c39170f12db1b8b457732d0b5c854e2"},"headline":"U Lisabonu progla\u0161ena trodnevna \u017ealost","datePublished":"2025-09-04T06:37:00+00:00","mainEntityOfPage":{"@id":"https:\/\/dmcsrb.com\/en\/svijet\/u-lisabonu-proglasena-trodnevna-zalost\/"},"wordCount":310,"commentCount":0,"image":{"@id":"https:\/\/dmcsrb.com\/en\/svijet\/u-lisabonu-proglasena-trodnevna-zalost\/#primaryimage"},"thumbnailUrl":"https:\/\/dmcsrb.com\/wp-content\/uploads\/2026\/01\/2023454.webp","keywords":["dan \u017ealosti","Lisabon","Portugal"],"articleSection":["Svijet"],"inLanguage":"en-GB","potentialAction":[{"@type":"CommentAction","name":"Comment","target":["https:\/\/dmcsrb.com\/en\/svijet\/u-lisabonu-proglasena-trodnevna-zalost\/#respond"]}]},{"@type":"WebPage","@id":"https:\/\/dmcsrb.com\/en\/svijet\/u-lisabonu-proglasena-trodnevna-zalost\/","url":"https:\/\/dmcsrb.com\/en\/svijet\/u-lisabonu-proglasena-trodnevna-zalost\/","name":"U Lisabonu progla\u0161ena trodnevna \u017ealost - dmcsrb.com","isPartOf":{"@id":"https:\/\/dmcsrb.com\/#website"},"primaryImageOfPage":{"@id":"https:\/\/dmcsrb.com\/en\/svijet\/u-lisabonu-proglasena-trodnevna-zalost\/#primaryimage"},"image":{"@id":"https:\/\/dmcsrb.com\/en\/svijet\/u-lisabonu-proglasena-trodnevna-zalost\/#primaryimage"},"thumbnailUrl":"https:\/\/dmcsrb.com\/wp-content\/uploads\/2026\/01\/2023454.webp","datePublished":"2025-09-04T06:37:00+00:00","author":{"@id":"https:\/\/dmcsrb.com\/#\/schema\/person\/5c39170f12db1b8b457732d0b5c854e2"},"breadcrumb":{"@id":"https:\/\/dmcsrb.com\/en\/svijet\/u-lisabonu-proglasena-trodnevna-zalost\/#breadcrumb"},"inLanguage":"en-GB","potentialAction":[{"@type":"ReadAction","target":["https:\/\/dmcsrb.com\/en\/svijet\/u-lisabonu-proglasena-trodnevna-zalost\/"]}]},{"@type":"ImageObject","inLanguage":"en-GB","@id":"https:\/\/dmcsrb.com\/en\/svijet\/u-lisabonu-proglasena-trodnevna-zalost\/#primaryimage","url":"https:\/\/dmcsrb.com\/wp-content\/uploads\/2026\/01\/2023454.webp","contentUrl":"https:\/\/dmcsrb.com\/wp-content\/uploads\/2026\/01\/2023454.webp","width":1920,"height":1280},{"@type":"BreadcrumbList","@id":"https:\/\/dmcsrb.com\/en\/svijet\/u-lisabonu-proglasena-trodnevna-zalost\/#breadcrumb","itemListElement":[{"@type":"ListItem","position":1,"name":"Home","item":"https:\/\/dmcsrb.com\/"},{"@type":"ListItem","position":2,"name":"U Lisabonu progla\u0161ena trodnevna \u017ealost"}]},{"@type":"WebSite","@id":"https:\/\/dmcsrb.com\/#website","url":"https:\/\/dmcsrb.com\/","name":"dmcsrb.com","description":"","potentialAction":[{"@type":"SearchAction","target":{"@type":"EntryPoint","urlTemplate":"https:\/\/dmcsrb.com\/?s={search_term_string}"},"query-input":{"@type":"PropertyValueSpecification","valueRequired":true,"valueName":"search_term_string"}}],"inLanguage":"en-GB"},{"@type":"Person","@id":"https:\/\/dmcsrb.com\/#\/schema\/person\/5c39170f12db1b8b457732d0b5c854e2","name":"dmcsrbija.com@gmail.com","image":{"@type":"ImageObject","inLanguage":"en-GB","@id":"https:\/\/dmcsrb.com\/#\/schema\/person\/image\/","url":"https:\/\/secure.gravatar.com\/avatar\/68592660ad6347fad0fb587f8d5d8f1a7b44961362f56e4f2cd524feb87e9069?s=96&d=mm&r=g","contentUrl":"https:\/\/secure.gravatar.com\/avatar\/68592660ad6347fad0fb587f8d5d8f1a7b44961362f56e4f2cd524feb87e9069?s=96&d=mm&r=g","caption":"dmcsrbija.com@gmail.com"},"sameAs":["https:\/\/dmcsrb.com"],"url":"https:\/\/dmcsrb.com\/en\/author\/dmcsrbija-comgmail-com\/"}]}},"_links":{"self":[{"href":"https:\/\/dmcsrb.com\/en\/wp-json\/wp\/v2\/posts\/950042","targetHints":{"allow":["GET"]}}],"collection":[{"href":"https:\/\/dmcsrb.com\/en\/wp-json\/wp\/v2\/posts"}],"about":[{"href":"https:\/\/dmcsrb.com\/en\/wp-json\/wp\/v2\/types\/post"}],"author":[{"embeddable":true,"href":"https:\/\/dmcsrb.com\/en\/wp-json\/wp\/v2\/users\/1"}],"replies":[{"embeddable":true,"href":"https:\/\/dmcsrb.com\/en\/wp-json\/wp\/v2\/comments?post=950042"}],"version-history":[{"count":0,"href":"https:\/\/dmcsrb.com\/en\/wp-json\/wp\/v2\/posts\/950042\/revisions"}],"wp:featuredmedia":[{"embeddable":true,"href":"https:\/\/dmcsrb.com\/en\/wp-json\/wp\/v2\/media\/950043"}],"wp:attachment":[{"href":"https:\/\/dmcsrb.com\/en\/wp-json\/wp\/v2\/media?parent=950042"}],"wp:term":[{"taxonomy":"category","embeddable":true,"href":"https:\/\/dmcsrb.com\/en\/wp-json\/wp\/v2\/categories?post=950042"},{"taxonomy":"post_tag","embeddable":true,"href":"https:\/\/dmcsrb.com\/en\/wp-json\/wp\/v2\/tags?post=950042"},{"taxonomy":"naslovna","embeddable":true,"href":"https:\/\/dmcsrb.com\/en\/wp-json\/wp\/v2\/naslovna?post=950042"}],"curies":[{"name":"wp","href":"https:\/\/api.w.org\/{rel}","templated":true}]}}