{"id":950033,"date":"2025-09-04T05:57:00","date_gmt":"2025-09-04T03:57:00","guid":{"rendered":"https:\/\/dmcsrb.com\/uncategorized\/balkanski-kartel-oslabljen-ali-kljucni-lideri-ostaju-na-slobodi\/"},"modified":"2025-09-04T05:57:00","modified_gmt":"2025-09-04T03:57:00","slug":"balkanski-kartel-oslabljen-ali-kljucni-lideri-ostaju-na-slobodi","status":"publish","type":"post","link":"https:\/\/dmcsrb.com\/en\/hronika\/balkanski-kartel-oslabljen-ali-kljucni-lideri-ostaju-na-slobodi\/","title":{"rendered":"Balkanski kartel oslabljen, ali klju\u010dni lideri ostaju na slobodi"},"content":{"rendered":"<p>Kriminalne grupe sa Balkana poslednjih godina sve vi\u0161e koriste Zapadnu Afriku, kao klju\u010dnu tranzitnu ta\u010dku za \u0161verc kokaina ka Evropi. Iako su do 2019. godine sporadi\u010dno prisutne na tom podru\u010dju, situacija se, kako pokazuju istra\u017eivanja, tada naglo promijenila.<\/p>\n\n\n\n<p>&#8220;Postoje tri klju\u010dna razloga za\u0161to je Zapadna Afrika postala zna\u010dajna\u201c, obja\u0161njava jedan od autora izvje\u0161taja Sa\u0161a \u0110or\u0111evi\u0107&nbsp; &nbsp;za &#8220;Svet i mi&#8221;.<\/p>\n\n\n\n<p>&#8220;Prvi je rast potra\u017enje za kokainom u Evropi. Analize otpadnih voda u glavnim evropskim gradovima pokazuju da je izme\u0111u 2011. i 2024. prisustvo ostataka kokaina sko\u010dilo za \u010dak 149% u komunalnim otpadnim vodama \u0161irom Evrope. Drugi razlog je geografska pozicija \u2013 region se nalazi izme\u0111u Latinske Amerike, gdje se koakin proizvodi, i Evrope, jednog od glavnih tr\u017ei\u0161ta. Tre\u0107i razlog su policijske operacije koje su od 2019. godine poja\u010dano ga\u0111ale direktne rute iz Latinske Amerike ka Evropi, \u0161to je krijum\u010dare natjeralo da tra\u017ee alternativne puteve,\u201d ka\u017ee \u0110or\u0111evi\u0107.<\/p>\n\n\n\n<p>Upravo tada na mapi organizovanog kriminala pojavljuje se Zapadna Afrika, ali i zemlje zapadnog Balkana. Kokain se naj\u010de\u0161\u0107e transportuje iz Brazila, prije svega iz luke Santos, gdje balkanske grupe imaju dugogodi\u0161nje upori\u0161te i jake veze sa lokalnim kartelima, poput mo\u0107nog Primera Comando de Capital (PCC).<\/p>\n\n\n\n<p>Iako je ruta preko Afrike aktivna ve\u0107 nekoliko godina, dugo je ostala van fokusa evropskih policija.<\/p>\n\n\n\n<p>&#8220;Od 2019. do 2024. glavni prioritet bile su po\u0161iljke koje iz Ekvadora i Kolumbije direktno sti\u017eu u evropske luke. Zapadna Afrika delovala je kao sporedna ruta, dok su kapaciteti policija bili usmereni na Latinsku Ameriku\u201c, ka\u017ee \u0110or\u0111evi\u0107.<\/p>\n\n\n\n<p>On dodaje da je spor razvoj me\u0111unarodnih mehanizama saradnje doprinio da se gre\u0161ke ponove, dok su karteli u me\u0111uvremenu ve\u0107 ukorijenili svoje operacije u Africi.<\/p>\n\n\n\n<p>Na novoj ruti aktivne su dvije mre\u017ee, grupe koje govore albanskim jezikom i one sa prostora biv\u0161e Jugoslavije. A, prema istra\u017eivanjima, jedna od najva\u017enijih figura tj. Lider je i dalje odbjegli vo\u0111a kava\u010dkog klana Radoje Zvicer, za kojim su raspisane me\u0111unarodne potjernice.<\/p>\n\n\n\n<p>&#8220;Struktura ima tri nivoa \u2013 lidere, brokere ili posrednike i lokalnu radnu snagu. Lideri nabavljaju kokain od proizvo\u0111a\u010da u Latinskoj Americi i zajedno sa brokerima osmi\u0161ljavaju rute. Brokeri su klju\u010dni, jer su fizi\u010dki prisutni u zapadnoafri\u010dkim lukama, gdje organizuju skladi\u0161tenje, ubacivanje u kontejnere i finansijske paravane. Na terenu sara\u0111uju sa lokalnim grupama koje obavljaju svakodnevne poslove krijum\u010darenja\u201c, poja\u0161njava sagovornik.<\/p>\n\n\n\n<p>Uprkos ratu izme\u0111u \u0161kaljarskog i kava\u010dkog klana koji traje vi\u0161e od decenije, obje grupe i dalje funkcioni\u0161u i \u0161ire poslove.<\/p>\n\n\n\n<p>&#8220;Vidimo da \u0161kaljarski klan u Africi djeluje preko saveznika iz Bosne i Hercegovine i delimi\u010dno Albanije. Oni i dalje opstaju jer su se organizovali kao preduze\u0107a, jedni ula\u017eu novac, drugi sprovode logistiku, tre\u0107i obavljaju transport i prodaju. Ako neko strada, postoji veliki broj mladih koji ulaze u posao. Zbog ogromne potra\u017enje i zarade, te\u0161ko je o\u010dekivati da \u0107e odustati\u201c, ka\u017ee na\u0161 sagovornik.<\/p>\n\n\n\n<p>Iako je \u201ebalkanski kartel\u201c oslabljen hap\u0161enjima i ubistvima, klju\u010dni lideri ostaju na slobodi, dok nova generacija regrutovanih \u010dlanova nastavlja posao.<\/p>\n\n\n\n<p>&#8220;Na\u0161a istra\u017eivanja pokazuju da su mnogi od njih veoma mladi, izme\u0111u 20 i 25 godina\u201c, upozorava Sa\u0161a \u0110or\u0111evi\u0107 iz Globalne inicijative protiv transnacionalnog organizovanog kriminala.<\/p>","protected":false},"excerpt":{"rendered":"<p>Prije nekoliko dana u luci u Antverpenu zaplijenjeno je 1,2 tone kokaina koji je brodom stigao upravo iz Afrike. Uhap\u0161eno je 10 osoba, sedam dr\u017eavljana Holandije i tri Belgije, a me\u0111u njima je i 14-godi\u0161nji dje\u010dak. Globalna situacija trgovine kokainom sve vi\u0161e se odvija kroz Afriku, koja postaje centralna ta\u010dka za skladi\u0161tenje i redistribuciju robe od Ju\u017ene Amerike ka Evropi i drugim tr\u017ei\u0161tima. A, novi izvje\u0161taj Globalne inicijative protiv transnacionalnog organizovanog kriminala pokazuje da i na toj ruti veliku ulogu imaju kriminalne grupe sa Balkana, a pominje se i jedno poznato ime &#8211; Radoje Zvicer. Prema dokumentu, Zvicer se u skaj prepisakama hvali da ima \u201cpotpunu kontrolu\u201d na aerodromu u Zambiji i da lako \u201cizvla\u010di\u201d kontejnere kroz luku Durban u Ju\u017enoj Africi.<\/p>","protected":false},"author":1,"featured_media":950034,"comment_status":"open","ping_status":"open","sticky":false,"template":"","format":"standard","meta":{"_acf_changed":false,"footnotes":""},"categories":[17],"tags":[6831,471],"naslovna":[],"class_list":["post-950033","post","type-post","status-publish","format-standard","has-post-thumbnail","hentry","category-hronika","tag-balkanski-kartel","tag-kriminal"],"acf":[],"yoast_head":"<!-- This site is optimized with the Yoast SEO plugin v27.4 - https:\/\/yoast.com\/product\/yoast-seo-wordpress\/ -->\n<title>Balkanski kartel oslabljen, ali klju\u010dni lideri ostaju na slobodi - dmcsrb.com<\/title>\n<meta name=\"robots\" content=\"index, follow, max-snippet:-1, max-image-preview:large, max-video-preview:-1\" \/>\n<link rel=\"canonical\" href=\"https:\/\/dmcsrb.com\/en\/hronika\/balkanski-kartel-oslabljen-ali-kljucni-lideri-ostaju-na-slobodi\/\" \/>\n<meta property=\"og:locale\" content=\"en_GB\" \/>\n<meta property=\"og:type\" content=\"article\" \/>\n<meta property=\"og:title\" content=\"Balkanski kartel oslabljen, ali klju\u010dni lideri ostaju na slobodi - dmcsrb.com\" \/>\n<meta property=\"og:description\" content=\"Prije nekoliko dana u luci u Antverpenu zaplijenjeno je 1,2 tone kokaina koji je brodom stigao upravo iz Afrike. Uhap\u0161eno je 10 osoba, sedam dr\u017eavljana Holandije i tri Belgije, a me\u0111u njima je i 14-godi\u0161nji dje\u010dak. Globalna situacija trgovine kokainom sve vi\u0161e se odvija kroz Afriku, koja postaje centralna ta\u010dka za skladi\u0161tenje i redistribuciju robe od Ju\u017ene Amerike ka Evropi i drugim tr\u017ei\u0161tima. A, novi izvje\u0161taj Globalne inicijative protiv transnacionalnog organizovanog kriminala pokazuje da i na toj ruti veliku ulogu imaju kriminalne grupe sa Balkana, a pominje se i jedno poznato ime - Radoje Zvicer. Prema dokumentu, Zvicer se u skaj prepisakama hvali da ima \u201cpotpunu kontrolu\u201d na aerodromu u Zambiji i da lako \u201cizvla\u010di\u201d kontejnere kroz luku Durban u Ju\u017enoj Africi.\" \/>\n<meta property=\"og:url\" content=\"https:\/\/dmcsrb.com\/en\/hronika\/balkanski-kartel-oslabljen-ali-kljucni-lideri-ostaju-na-slobodi\/\" \/>\n<meta property=\"og:site_name\" content=\"dmcsrb.com\" \/>\n<meta property=\"article:published_time\" content=\"2025-09-04T03:57:00+00:00\" \/>\n<meta property=\"og:image\" content=\"https:\/\/dmcsrb.com\/wp-content\/uploads\/2026\/01\/19175614037491_553x900.webp\" \/>\n\t<meta property=\"og:image:width\" content=\"899\" \/>\n\t<meta property=\"og:image:height\" content=\"553\" \/>\n\t<meta property=\"og:image:type\" content=\"image\/jpeg\" \/>\n<meta name=\"author\" content=\"dmcsrbija.com@gmail.com\" \/>\n<meta name=\"twitter:card\" content=\"summary_large_image\" \/>\n<meta name=\"twitter:label1\" content=\"Written by\" \/>\n\t<meta name=\"twitter:data1\" content=\"dmcsrbija.com@gmail.com\" \/>\n\t<meta name=\"twitter:label2\" content=\"Estimated reading time\" \/>\n\t<meta name=\"twitter:data2\" content=\"3 minutes\" \/>\n<script type=\"application\/ld+json\" class=\"yoast-schema-graph\">{\"@context\":\"https:\\\/\\\/schema.org\",\"@graph\":[{\"@type\":\"Article\",\"@id\":\"https:\\\/\\\/dmcsrb.com\\\/hronika\\\/balkanski-kartel-oslabljen-ali-kljucni-lideri-ostaju-na-slobodi\\\/#article\",\"isPartOf\":{\"@id\":\"https:\\\/\\\/dmcsrb.com\\\/hronika\\\/balkanski-kartel-oslabljen-ali-kljucni-lideri-ostaju-na-slobodi\\\/\"},\"author\":{\"name\":\"dmcsrbija.com@gmail.com\",\"@id\":\"https:\\\/\\\/dmcsrb.com\\\/#\\\/schema\\\/person\\\/5c39170f12db1b8b457732d0b5c854e2\"},\"headline\":\"Balkanski kartel oslabljen, ali klju\u010dni lideri ostaju na slobodi\",\"datePublished\":\"2025-09-04T03:57:00+00:00\",\"mainEntityOfPage\":{\"@id\":\"https:\\\/\\\/dmcsrb.com\\\/hronika\\\/balkanski-kartel-oslabljen-ali-kljucni-lideri-ostaju-na-slobodi\\\/\"},\"wordCount\":571,\"commentCount\":0,\"image\":{\"@id\":\"https:\\\/\\\/dmcsrb.com\\\/hronika\\\/balkanski-kartel-oslabljen-ali-kljucni-lideri-ostaju-na-slobodi\\\/#primaryimage\"},\"thumbnailUrl\":\"https:\\\/\\\/dmcsrb.com\\\/wp-content\\\/uploads\\\/2026\\\/01\\\/19175614037491_553x900.webp\",\"keywords\":[\"balkanski kartel\",\"kriminal\"],\"articleSection\":[\"Hronika\"],\"inLanguage\":\"en-GB\",\"potentialAction\":[{\"@type\":\"CommentAction\",\"name\":\"Comment\",\"target\":[\"https:\\\/\\\/dmcsrb.com\\\/hronika\\\/balkanski-kartel-oslabljen-ali-kljucni-lideri-ostaju-na-slobodi\\\/#respond\"]}]},{\"@type\":\"WebPage\",\"@id\":\"https:\\\/\\\/dmcsrb.com\\\/hronika\\\/balkanski-kartel-oslabljen-ali-kljucni-lideri-ostaju-na-slobodi\\\/\",\"url\":\"https:\\\/\\\/dmcsrb.com\\\/hronika\\\/balkanski-kartel-oslabljen-ali-kljucni-lideri-ostaju-na-slobodi\\\/\",\"name\":\"Balkanski kartel oslabljen, ali klju\u010dni lideri ostaju na slobodi - dmcsrb.com\",\"isPartOf\":{\"@id\":\"https:\\\/\\\/dmcsrb.com\\\/#website\"},\"primaryImageOfPage\":{\"@id\":\"https:\\\/\\\/dmcsrb.com\\\/hronika\\\/balkanski-kartel-oslabljen-ali-kljucni-lideri-ostaju-na-slobodi\\\/#primaryimage\"},\"image\":{\"@id\":\"https:\\\/\\\/dmcsrb.com\\\/hronika\\\/balkanski-kartel-oslabljen-ali-kljucni-lideri-ostaju-na-slobodi\\\/#primaryimage\"},\"thumbnailUrl\":\"https:\\\/\\\/dmcsrb.com\\\/wp-content\\\/uploads\\\/2026\\\/01\\\/19175614037491_553x900.webp\",\"datePublished\":\"2025-09-04T03:57:00+00:00\",\"author\":{\"@id\":\"https:\\\/\\\/dmcsrb.com\\\/#\\\/schema\\\/person\\\/5c39170f12db1b8b457732d0b5c854e2\"},\"breadcrumb\":{\"@id\":\"https:\\\/\\\/dmcsrb.com\\\/hronika\\\/balkanski-kartel-oslabljen-ali-kljucni-lideri-ostaju-na-slobodi\\\/#breadcrumb\"},\"inLanguage\":\"en-GB\",\"potentialAction\":[{\"@type\":\"ReadAction\",\"target\":[\"https:\\\/\\\/dmcsrb.com\\\/hronika\\\/balkanski-kartel-oslabljen-ali-kljucni-lideri-ostaju-na-slobodi\\\/\"]}]},{\"@type\":\"ImageObject\",\"inLanguage\":\"en-GB\",\"@id\":\"https:\\\/\\\/dmcsrb.com\\\/hronika\\\/balkanski-kartel-oslabljen-ali-kljucni-lideri-ostaju-na-slobodi\\\/#primaryimage\",\"url\":\"https:\\\/\\\/dmcsrb.com\\\/wp-content\\\/uploads\\\/2026\\\/01\\\/19175614037491_553x900.webp\",\"contentUrl\":\"https:\\\/\\\/dmcsrb.com\\\/wp-content\\\/uploads\\\/2026\\\/01\\\/19175614037491_553x900.webp\",\"width\":899,\"height\":553},{\"@type\":\"BreadcrumbList\",\"@id\":\"https:\\\/\\\/dmcsrb.com\\\/hronika\\\/balkanski-kartel-oslabljen-ali-kljucni-lideri-ostaju-na-slobodi\\\/#breadcrumb\",\"itemListElement\":[{\"@type\":\"ListItem\",\"position\":1,\"name\":\"Home\",\"item\":\"https:\\\/\\\/dmcsrb.com\\\/\"},{\"@type\":\"ListItem\",\"position\":2,\"name\":\"Balkanski kartel oslabljen, ali klju\u010dni lideri ostaju na slobodi\"}]},{\"@type\":\"WebSite\",\"@id\":\"https:\\\/\\\/dmcsrb.com\\\/#website\",\"url\":\"https:\\\/\\\/dmcsrb.com\\\/\",\"name\":\"dmcsrb.com\",\"description\":\"\",\"potentialAction\":[{\"@type\":\"SearchAction\",\"target\":{\"@type\":\"EntryPoint\",\"urlTemplate\":\"https:\\\/\\\/dmcsrb.com\\\/?s={search_term_string}\"},\"query-input\":{\"@type\":\"PropertyValueSpecification\",\"valueRequired\":true,\"valueName\":\"search_term_string\"}}],\"inLanguage\":\"en-GB\"},{\"@type\":\"Person\",\"@id\":\"https:\\\/\\\/dmcsrb.com\\\/#\\\/schema\\\/person\\\/5c39170f12db1b8b457732d0b5c854e2\",\"name\":\"dmcsrbija.com@gmail.com\",\"image\":{\"@type\":\"ImageObject\",\"inLanguage\":\"en-GB\",\"@id\":\"https:\\\/\\\/secure.gravatar.com\\\/avatar\\\/68592660ad6347fad0fb587f8d5d8f1a7b44961362f56e4f2cd524feb87e9069?s=96&d=mm&r=g\",\"url\":\"https:\\\/\\\/secure.gravatar.com\\\/avatar\\\/68592660ad6347fad0fb587f8d5d8f1a7b44961362f56e4f2cd524feb87e9069?s=96&d=mm&r=g\",\"contentUrl\":\"https:\\\/\\\/secure.gravatar.com\\\/avatar\\\/68592660ad6347fad0fb587f8d5d8f1a7b44961362f56e4f2cd524feb87e9069?s=96&d=mm&r=g\",\"caption\":\"dmcsrbija.com@gmail.com\"},\"sameAs\":[\"https:\\\/\\\/dmcsrb.com\"],\"url\":\"https:\\\/\\\/dmcsrb.com\\\/en\\\/author\\\/dmcsrbija-comgmail-com\\\/\"}]}<\/script>\n<!-- \/ Yoast SEO plugin. -->","yoast_head_json":{"title":"Balkanski kartel oslabljen, ali klju\u010dni lideri ostaju na slobodi - dmcsrb.com","robots":{"index":"index","follow":"follow","max-snippet":"max-snippet:-1","max-image-preview":"max-image-preview:large","max-video-preview":"max-video-preview:-1"},"canonical":"https:\/\/dmcsrb.com\/en\/hronika\/balkanski-kartel-oslabljen-ali-kljucni-lideri-ostaju-na-slobodi\/","og_locale":"en_GB","og_type":"article","og_title":"Balkanski kartel oslabljen, ali klju\u010dni lideri ostaju na slobodi - dmcsrb.com","og_description":"Prije nekoliko dana u luci u Antverpenu zaplijenjeno je 1,2 tone kokaina koji je brodom stigao upravo iz Afrike. Uhap\u0161eno je 10 osoba, sedam dr\u017eavljana Holandije i tri Belgije, a me\u0111u njima je i 14-godi\u0161nji dje\u010dak. Globalna situacija trgovine kokainom sve vi\u0161e se odvija kroz Afriku, koja postaje centralna ta\u010dka za skladi\u0161tenje i redistribuciju robe od Ju\u017ene Amerike ka Evropi i drugim tr\u017ei\u0161tima. A, novi izvje\u0161taj Globalne inicijative protiv transnacionalnog organizovanog kriminala pokazuje da i na toj ruti veliku ulogu imaju kriminalne grupe sa Balkana, a pominje se i jedno poznato ime - Radoje Zvicer. Prema dokumentu, Zvicer se u skaj prepisakama hvali da ima \u201cpotpunu kontrolu\u201d na aerodromu u Zambiji i da lako \u201cizvla\u010di\u201d kontejnere kroz luku Durban u Ju\u017enoj Africi.","og_url":"https:\/\/dmcsrb.com\/en\/hronika\/balkanski-kartel-oslabljen-ali-kljucni-lideri-ostaju-na-slobodi\/","og_site_name":"dmcsrb.com","article_published_time":"2025-09-04T03:57:00+00:00","og_image":[{"width":899,"height":553,"url":"https:\/\/dmcsrb.com\/wp-content\/uploads\/2026\/01\/19175614037491_553x900.webp","type":"image\/jpeg"}],"author":"dmcsrbija.com@gmail.com","twitter_card":"summary_large_image","twitter_misc":{"Written by":"dmcsrbija.com@gmail.com","Estimated reading time":"3 minutes"},"schema":{"@context":"https:\/\/schema.org","@graph":[{"@type":"Article","@id":"https:\/\/dmcsrb.com\/hronika\/balkanski-kartel-oslabljen-ali-kljucni-lideri-ostaju-na-slobodi\/#article","isPartOf":{"@id":"https:\/\/dmcsrb.com\/hronika\/balkanski-kartel-oslabljen-ali-kljucni-lideri-ostaju-na-slobodi\/"},"author":{"name":"dmcsrbija.com@gmail.com","@id":"https:\/\/dmcsrb.com\/#\/schema\/person\/5c39170f12db1b8b457732d0b5c854e2"},"headline":"Balkanski kartel oslabljen, ali klju\u010dni lideri ostaju na slobodi","datePublished":"2025-09-04T03:57:00+00:00","mainEntityOfPage":{"@id":"https:\/\/dmcsrb.com\/hronika\/balkanski-kartel-oslabljen-ali-kljucni-lideri-ostaju-na-slobodi\/"},"wordCount":571,"commentCount":0,"image":{"@id":"https:\/\/dmcsrb.com\/hronika\/balkanski-kartel-oslabljen-ali-kljucni-lideri-ostaju-na-slobodi\/#primaryimage"},"thumbnailUrl":"https:\/\/dmcsrb.com\/wp-content\/uploads\/2026\/01\/19175614037491_553x900.webp","keywords":["balkanski kartel","kriminal"],"articleSection":["Hronika"],"inLanguage":"en-GB","potentialAction":[{"@type":"CommentAction","name":"Comment","target":["https:\/\/dmcsrb.com\/hronika\/balkanski-kartel-oslabljen-ali-kljucni-lideri-ostaju-na-slobodi\/#respond"]}]},{"@type":"WebPage","@id":"https:\/\/dmcsrb.com\/hronika\/balkanski-kartel-oslabljen-ali-kljucni-lideri-ostaju-na-slobodi\/","url":"https:\/\/dmcsrb.com\/hronika\/balkanski-kartel-oslabljen-ali-kljucni-lideri-ostaju-na-slobodi\/","name":"Balkanski kartel oslabljen, ali klju\u010dni lideri ostaju na slobodi - dmcsrb.com","isPartOf":{"@id":"https:\/\/dmcsrb.com\/#website"},"primaryImageOfPage":{"@id":"https:\/\/dmcsrb.com\/hronika\/balkanski-kartel-oslabljen-ali-kljucni-lideri-ostaju-na-slobodi\/#primaryimage"},"image":{"@id":"https:\/\/dmcsrb.com\/hronika\/balkanski-kartel-oslabljen-ali-kljucni-lideri-ostaju-na-slobodi\/#primaryimage"},"thumbnailUrl":"https:\/\/dmcsrb.com\/wp-content\/uploads\/2026\/01\/19175614037491_553x900.webp","datePublished":"2025-09-04T03:57:00+00:00","author":{"@id":"https:\/\/dmcsrb.com\/#\/schema\/person\/5c39170f12db1b8b457732d0b5c854e2"},"breadcrumb":{"@id":"https:\/\/dmcsrb.com\/hronika\/balkanski-kartel-oslabljen-ali-kljucni-lideri-ostaju-na-slobodi\/#breadcrumb"},"inLanguage":"en-GB","potentialAction":[{"@type":"ReadAction","target":["https:\/\/dmcsrb.com\/hronika\/balkanski-kartel-oslabljen-ali-kljucni-lideri-ostaju-na-slobodi\/"]}]},{"@type":"ImageObject","inLanguage":"en-GB","@id":"https:\/\/dmcsrb.com\/hronika\/balkanski-kartel-oslabljen-ali-kljucni-lideri-ostaju-na-slobodi\/#primaryimage","url":"https:\/\/dmcsrb.com\/wp-content\/uploads\/2026\/01\/19175614037491_553x900.webp","contentUrl":"https:\/\/dmcsrb.com\/wp-content\/uploads\/2026\/01\/19175614037491_553x900.webp","width":899,"height":553},{"@type":"BreadcrumbList","@id":"https:\/\/dmcsrb.com\/hronika\/balkanski-kartel-oslabljen-ali-kljucni-lideri-ostaju-na-slobodi\/#breadcrumb","itemListElement":[{"@type":"ListItem","position":1,"name":"Home","item":"https:\/\/dmcsrb.com\/"},{"@type":"ListItem","position":2,"name":"Balkanski kartel oslabljen, ali klju\u010dni lideri ostaju na slobodi"}]},{"@type":"WebSite","@id":"https:\/\/dmcsrb.com\/#website","url":"https:\/\/dmcsrb.com\/","name":"dmcsrb.com","description":"","potentialAction":[{"@type":"SearchAction","target":{"@type":"EntryPoint","urlTemplate":"https:\/\/dmcsrb.com\/?s={search_term_string}"},"query-input":{"@type":"PropertyValueSpecification","valueRequired":true,"valueName":"search_term_string"}}],"inLanguage":"en-GB"},{"@type":"Person","@id":"https:\/\/dmcsrb.com\/#\/schema\/person\/5c39170f12db1b8b457732d0b5c854e2","name":"dmcsrbija.com@gmail.com","image":{"@type":"ImageObject","inLanguage":"en-GB","@id":"https:\/\/secure.gravatar.com\/avatar\/68592660ad6347fad0fb587f8d5d8f1a7b44961362f56e4f2cd524feb87e9069?s=96&d=mm&r=g","url":"https:\/\/secure.gravatar.com\/avatar\/68592660ad6347fad0fb587f8d5d8f1a7b44961362f56e4f2cd524feb87e9069?s=96&d=mm&r=g","contentUrl":"https:\/\/secure.gravatar.com\/avatar\/68592660ad6347fad0fb587f8d5d8f1a7b44961362f56e4f2cd524feb87e9069?s=96&d=mm&r=g","caption":"dmcsrbija.com@gmail.com"},"sameAs":["https:\/\/dmcsrb.com"],"url":"https:\/\/dmcsrb.com\/en\/author\/dmcsrbija-comgmail-com\/"}]}},"_links":{"self":[{"href":"https:\/\/dmcsrb.com\/en\/wp-json\/wp\/v2\/posts\/950033","targetHints":{"allow":["GET"]}}],"collection":[{"href":"https:\/\/dmcsrb.com\/en\/wp-json\/wp\/v2\/posts"}],"about":[{"href":"https:\/\/dmcsrb.com\/en\/wp-json\/wp\/v2\/types\/post"}],"author":[{"embeddable":true,"href":"https:\/\/dmcsrb.com\/en\/wp-json\/wp\/v2\/users\/1"}],"replies":[{"embeddable":true,"href":"https:\/\/dmcsrb.com\/en\/wp-json\/wp\/v2\/comments?post=950033"}],"version-history":[{"count":0,"href":"https:\/\/dmcsrb.com\/en\/wp-json\/wp\/v2\/posts\/950033\/revisions"}],"wp:featuredmedia":[{"embeddable":true,"href":"https:\/\/dmcsrb.com\/en\/wp-json\/wp\/v2\/media\/950034"}],"wp:attachment":[{"href":"https:\/\/dmcsrb.com\/en\/wp-json\/wp\/v2\/media?parent=950033"}],"wp:term":[{"taxonomy":"category","embeddable":true,"href":"https:\/\/dmcsrb.com\/en\/wp-json\/wp\/v2\/categories?post=950033"},{"taxonomy":"post_tag","embeddable":true,"href":"https:\/\/dmcsrb.com\/en\/wp-json\/wp\/v2\/tags?post=950033"},{"taxonomy":"naslovna","embeddable":true,"href":"https:\/\/dmcsrb.com\/en\/wp-json\/wp\/v2\/naslovna?post=950033"}],"curies":[{"name":"wp","href":"https:\/\/api.w.org\/{rel}","templated":true}]}}