{"id":950020,"date":"2025-09-03T20:20:00","date_gmt":"2025-09-03T18:20:00","guid":{"rendered":"https:\/\/dmcsrb.com\/uncategorized\/protesti-eskalirali-gori-u-jerusalimu-zapaljeni-automobili-kod-netanjahuove-rezidencije\/"},"modified":"2025-09-03T20:20:00","modified_gmt":"2025-09-03T18:20:00","slug":"protesti-eskalirali-gori-u-jerusalimu-zapaljeni-automobili-kod-netanjahuove-rezidencije","status":"publish","type":"post","link":"https:\/\/dmcsrb.com\/en\/svijet\/protesti-eskalirali-gori-u-jerusalimu-zapaljeni-automobili-kod-netanjahuove-rezidencije\/","title":{"rendered":"Protesti eskalirali, gori u Jerusalimu; Zapaljeni automobili kod Netanjahuove rezidencije"},"content":{"rendered":"<p><strong>Neredi i blokade \u0161irom grada<\/strong><\/p>\n\n\n\n<p>Demonstracije su odr\u017eane na nekoliko lokacija, uklju\u010duju\u0107i ispred Knesseta, Nacionalne knji\u017enice te rezidencija premijera Netanjahua i ministra za strate\u0161ka pitanja Rona Dermera. Demonstranti su se zabarikadirali na krovu Izraelske nacionalne knji\u017enice te blokirali auto-put 431 prema Jerusalemu.<\/p>\n\n\n\n<figure class=\"wp-block-embed is-type-rich is-provider-twitter wp-block-embed-twitter\"><div class=\"wp-block-embed__wrapper\">\n<blockquote class=\"twitter-tweet\" data-width=\"500\" data-dnt=\"true\"><p lang=\"en\" dir=\"ltr\">\u26a1\ufe0fJUST IN:<br><br>Israeli settlers burn cars in occupied Jerusalem in protest against the ongoing war on Gaza. <a href=\"https:\/\/t.co\/kw1ICvvuxd\">pic.twitter.com\/kw1ICvvuxd<\/a><\/p>&mdash; S2FUncensored (@S2FUncensored) <a href=\"https:\/\/twitter.com\/S2FUncensored\/status\/1963257236110631341?ref_src=twsrc%5Etfw\">September 3, 2025<\/a><\/blockquote><script async src=\"https:\/\/platform.twitter.com\/widgets.js\" charset=\"utf-8\"><\/script>\n<\/div><\/figure>\n\n\n\n<p><\/p>\n\n\n\n<figure class=\"wp-block-embed is-type-rich is-provider-twitter wp-block-embed-twitter\"><div class=\"wp-block-embed__wrapper\">\n<blockquote class=\"twitter-tweet\" data-width=\"500\" data-dnt=\"true\"><p lang=\"en\" dir=\"ltr\">Protesters barricade themselves on the roof of the National Library in Jerusalem, demanding a hostage deal, hanging signs saying, &quot;You abandoned and you killed!&quot; <a href=\"https:\/\/t.co\/tKQrHmBoO2\">pic.twitter.com\/tKQrHmBoO2<\/a><\/p>&mdash; i24NEWS English (@i24NEWS_EN) <a href=\"https:\/\/twitter.com\/i24NEWS_EN\/status\/1963138293325001158?ref_src=twsrc%5Etfw\">September 3, 2025<\/a><\/blockquote><script async src=\"https:\/\/platform.twitter.com\/widgets.js\" charset=\"utf-8\"><\/script>\n<\/div><\/figure>\n\n\n\n<p>Policija je izvijestila o zapaljenim kontejnerima i gumama u \u010detvrtima Rehavia i Givat Ram, nedaleko od Netanjahuove rezidencije, \u0161to je dovelo do o\u0161te\u0107enja parkiranih vozila. Zbog po\u017eara je evakuisano nekoliko stanara obli\u017enjih zgrada te nije bilo povrije\u0111enih. Uhap\u0161ena su dvojica mu\u0161karaca, u dobi od 60 i 80 godina, pod sumnjom da su podmetnuli po\u017eare.<\/p>\n\n\n\n<figure class=\"wp-block-embed is-type-rich is-provider-twitter wp-block-embed-twitter\"><div class=\"wp-block-embed__wrapper\">\n<blockquote class=\"twitter-tweet\" data-width=\"500\" data-dnt=\"true\"><p lang=\"en\" dir=\"ltr\">Activists set fire to garbage bins and tires near the PM&#39;s residence in Jerusalem during an organized day of protests for the return of the hostages<br>Video Credit: Moti Cohen <a href=\"https:\/\/t.co\/9BVKVhPScz\">pic.twitter.com\/9BVKVhPScz<\/a><\/p>&mdash; i24NEWS English (@i24NEWS_EN) <a href=\"https:\/\/twitter.com\/i24NEWS_EN\/status\/1963126219706179702?ref_src=twsrc%5Etfw\">September 3, 2025<\/a><\/blockquote><script async src=\"https:\/\/platform.twitter.com\/widgets.js\" charset=\"utf-8\"><\/script>\n<\/div><\/figure>\n\n\n\n<h3 class=\"wp-block-heading\">&#8220;Osu\u0111ujem po\u017eare, ali puno vi\u0161e osu\u0111ujem vladu&#8221;<\/h3>\n\n\n\n<p>Izraelska policija osudila je incidente poru\u010div\u0161i da &#8220;pravo na protest ne daje pravo na paljenje imovine ni nano\u0161enje ekonomske i zdravstvene \u0161tete javnosti&#8221;. Naglasili su da je po\u017earima pre\u0111ena &#8220;crvena linija&#8221; i da &#8220;nemaju veze&#8221; sa zakonitim protestom.<\/p>\n\n\n\n<p>Opozicioni \u010delnik Yair Lapid osudio je paljenje vozila u Jerusalimu, ali je na dru\u0161tvenim mre\u017eama dodao da puno vi\u0161e osu\u0111uje &#8220;vladu koja ostavlja taoce da umru u Gazi&#8221;. S druge strane, ministar nacionalne sigurnosti Itamar Ben-Gvir nazvao je incidente &#8220;teroristi\u010dkim pale\u017eom&#8221;.<\/p>\n\n\n\n<h3 class=\"wp-block-heading\">&#8220;48 talaca, Dermer 0&#8221;<\/h3>\n\n\n\n<p>Protestna organizacija &#8220;Bra\u0107a po oru\u017eju&#8221; saop\u0161tila je da su stotine demonstrirale ispred doma ministra Rona Dermera, gdje su istaknuli transparent s porukom: &#8220;48 talaca, Dermer 0.&#8221; Poruka navodi broj preostalih talaca u zato\u010deni\u0161tvu u pore\u0111enju s, kako navode, &#8220;Dermerovim rezultatima otkako je preuzeo odgovornost za njihov povratak&#8221;.<\/p>\n\n\n\n<p>&#8220;Dermer je dobio najte\u017eu odgovornost, da vrati taoce ku\u0107i. Rezultati govore sami za sebe: 48 talaca je jo\u0161 u tunelima, a nula talaca se vratilo pod njegovom odgovorno\u0161\u0107u&#8221;, dodali su.<\/p>","protected":false},"excerpt":{"rendered":"<p>Protesti u Jerusalimu kojima se poziva na kraj rata i osloba\u0111anje 48 talaca zato\u010denih u Gazi danas su eskalirali, a obilje\u017eili su ih podmetnuti po\u017eari u blizini rezidencije premijera Benjamina Netanyahua i hap\u0161enje trinaest demonstranata, javljaju izraelski mediji.<\/p>","protected":false},"author":1,"featured_media":950021,"comment_status":"open","ping_status":"open","sticky":false,"template":"","format":"standard","meta":{"_acf_changed":false,"footnotes":""},"categories":[144],"tags":[6824,751,5496,766],"naslovna":[],"class_list":["post-950020","post","type-post","status-publish","format-standard","has-post-thumbnail","hentry","category-svijet","tag-benjamin-natenjahu","tag-izrael","tag-jerusalim","tag-protesti"],"acf":[],"yoast_head":"<!-- This site is optimized with the Yoast SEO plugin v27.0 - https:\/\/yoast.com\/product\/yoast-seo-wordpress\/ -->\n<title>Protesti eskalirali, gori u Jerusalimu; Zapaljeni automobili kod Netanjahuove rezidencije - dmcsrb.com<\/title>\n<meta name=\"robots\" content=\"index, follow, max-snippet:-1, max-image-preview:large, max-video-preview:-1\" \/>\n<link rel=\"canonical\" href=\"https:\/\/dmcsrb.com\/en\/svijet\/protesti-eskalirali-gori-u-jerusalimu-zapaljeni-automobili-kod-netanjahuove-rezidencije\/\" \/>\n<meta property=\"og:locale\" content=\"en_GB\" \/>\n<meta property=\"og:type\" content=\"article\" \/>\n<meta property=\"og:title\" content=\"Protesti eskalirali, gori u Jerusalimu; Zapaljeni automobili kod Netanjahuove rezidencije - dmcsrb.com\" \/>\n<meta property=\"og:description\" content=\"Protesti u Jerusalimu kojima se poziva na kraj rata i osloba\u0111anje 48 talaca zato\u010denih u Gazi danas su eskalirali, a obilje\u017eili su ih podmetnuti po\u017eari u blizini rezidencije premijera Benjamina Netanyahua i hap\u0161enje trinaest demonstranata, javljaju izraelski mediji.\" \/>\n<meta property=\"og:url\" content=\"https:\/\/dmcsrb.com\/en\/svijet\/protesti-eskalirali-gori-u-jerusalimu-zapaljeni-automobili-kod-netanjahuove-rezidencije\/\" \/>\n<meta property=\"og:site_name\" content=\"dmcsrb.com\" \/>\n<meta property=\"article:published_time\" content=\"2025-09-03T18:20:00+00:00\" \/>\n<meta property=\"og:image\" content=\"https:\/\/dmcsrb.com\/wp-content\/uploads\/2026\/01\/Protesti-Izrael-foto-AP-septembar-2025.webp\" \/>\n\t<meta property=\"og:image:width\" content=\"969\" \/>\n\t<meta property=\"og:image:height\" content=\"620\" \/>\n\t<meta property=\"og:image:type\" content=\"image\/jpeg\" \/>\n<meta name=\"author\" content=\"dmcsrbija.com@gmail.com\" \/>\n<meta name=\"twitter:card\" content=\"summary_large_image\" \/>\n<meta name=\"twitter:label1\" content=\"Written by\" \/>\n\t<meta name=\"twitter:data1\" content=\"dmcsrbija.com@gmail.com\" \/>\n\t<meta name=\"twitter:label2\" content=\"Estimated reading time\" \/>\n\t<meta name=\"twitter:data2\" content=\"2 minutes\" \/>\n<script type=\"application\/ld+json\" class=\"yoast-schema-graph\">{\"@context\":\"https:\/\/schema.org\",\"@graph\":[{\"@type\":\"Article\",\"@id\":\"https:\/\/dmcsrb.com\/svijet\/protesti-eskalirali-gori-u-jerusalimu-zapaljeni-automobili-kod-netanjahuove-rezidencije\/#article\",\"isPartOf\":{\"@id\":\"https:\/\/dmcsrb.com\/svijet\/protesti-eskalirali-gori-u-jerusalimu-zapaljeni-automobili-kod-netanjahuove-rezidencije\/\"},\"author\":{\"name\":\"dmcsrbija.com@gmail.com\",\"@id\":\"https:\/\/dmcsrb.com\/#\/schema\/person\/5c39170f12db1b8b457732d0b5c854e2\"},\"headline\":\"Protesti eskalirali, gori u Jerusalimu; Zapaljeni automobili kod Netanjahuove rezidencije\",\"datePublished\":\"2025-09-03T18:20:00+00:00\",\"mainEntityOfPage\":{\"@id\":\"https:\/\/dmcsrb.com\/svijet\/protesti-eskalirali-gori-u-jerusalimu-zapaljeni-automobili-kod-netanjahuove-rezidencije\/\"},\"wordCount\":419,\"commentCount\":0,\"image\":{\"@id\":\"https:\/\/dmcsrb.com\/svijet\/protesti-eskalirali-gori-u-jerusalimu-zapaljeni-automobili-kod-netanjahuove-rezidencije\/#primaryimage\"},\"thumbnailUrl\":\"https:\/\/dmcsrb.com\/wp-content\/uploads\/2026\/01\/Protesti-Izrael-foto-AP-septembar-2025.webp\",\"keywords\":[\"Benjamin Natenjahu\",\"Izrael\",\"Jerusalim\",\"protesti\"],\"articleSection\":[\"Svijet\"],\"inLanguage\":\"en-GB\",\"potentialAction\":[{\"@type\":\"CommentAction\",\"name\":\"Comment\",\"target\":[\"https:\/\/dmcsrb.com\/svijet\/protesti-eskalirali-gori-u-jerusalimu-zapaljeni-automobili-kod-netanjahuove-rezidencije\/#respond\"]}]},{\"@type\":\"WebPage\",\"@id\":\"https:\/\/dmcsrb.com\/svijet\/protesti-eskalirali-gori-u-jerusalimu-zapaljeni-automobili-kod-netanjahuove-rezidencije\/\",\"url\":\"https:\/\/dmcsrb.com\/svijet\/protesti-eskalirali-gori-u-jerusalimu-zapaljeni-automobili-kod-netanjahuove-rezidencije\/\",\"name\":\"Protesti eskalirali, gori u Jerusalimu; Zapaljeni automobili kod Netanjahuove rezidencije - dmcsrb.com\",\"isPartOf\":{\"@id\":\"https:\/\/dmcsrb.com\/#website\"},\"primaryImageOfPage\":{\"@id\":\"https:\/\/dmcsrb.com\/svijet\/protesti-eskalirali-gori-u-jerusalimu-zapaljeni-automobili-kod-netanjahuove-rezidencije\/#primaryimage\"},\"image\":{\"@id\":\"https:\/\/dmcsrb.com\/svijet\/protesti-eskalirali-gori-u-jerusalimu-zapaljeni-automobili-kod-netanjahuove-rezidencije\/#primaryimage\"},\"thumbnailUrl\":\"https:\/\/dmcsrb.com\/wp-content\/uploads\/2026\/01\/Protesti-Izrael-foto-AP-septembar-2025.webp\",\"datePublished\":\"2025-09-03T18:20:00+00:00\",\"author\":{\"@id\":\"https:\/\/dmcsrb.com\/#\/schema\/person\/5c39170f12db1b8b457732d0b5c854e2\"},\"breadcrumb\":{\"@id\":\"https:\/\/dmcsrb.com\/svijet\/protesti-eskalirali-gori-u-jerusalimu-zapaljeni-automobili-kod-netanjahuove-rezidencije\/#breadcrumb\"},\"inLanguage\":\"en-GB\",\"potentialAction\":[{\"@type\":\"ReadAction\",\"target\":[\"https:\/\/dmcsrb.com\/svijet\/protesti-eskalirali-gori-u-jerusalimu-zapaljeni-automobili-kod-netanjahuove-rezidencije\/\"]}]},{\"@type\":\"ImageObject\",\"inLanguage\":\"en-GB\",\"@id\":\"https:\/\/dmcsrb.com\/svijet\/protesti-eskalirali-gori-u-jerusalimu-zapaljeni-automobili-kod-netanjahuove-rezidencije\/#primaryimage\",\"url\":\"https:\/\/dmcsrb.com\/wp-content\/uploads\/2026\/01\/Protesti-Izrael-foto-AP-septembar-2025.webp\",\"contentUrl\":\"https:\/\/dmcsrb.com\/wp-content\/uploads\/2026\/01\/Protesti-Izrael-foto-AP-septembar-2025.webp\",\"width\":969,\"height\":620},{\"@type\":\"BreadcrumbList\",\"@id\":\"https:\/\/dmcsrb.com\/svijet\/protesti-eskalirali-gori-u-jerusalimu-zapaljeni-automobili-kod-netanjahuove-rezidencije\/#breadcrumb\",\"itemListElement\":[{\"@type\":\"ListItem\",\"position\":1,\"name\":\"Home\",\"item\":\"https:\/\/dmcsrb.com\/\"},{\"@type\":\"ListItem\",\"position\":2,\"name\":\"Protesti eskalirali, gori u Jerusalimu; Zapaljeni automobili kod Netanjahuove rezidencije\"}]},{\"@type\":\"WebSite\",\"@id\":\"https:\/\/dmcsrb.com\/#website\",\"url\":\"https:\/\/dmcsrb.com\/\",\"name\":\"dmcsrb.com\",\"description\":\"\",\"potentialAction\":[{\"@type\":\"SearchAction\",\"target\":{\"@type\":\"EntryPoint\",\"urlTemplate\":\"https:\/\/dmcsrb.com\/?s={search_term_string}\"},\"query-input\":{\"@type\":\"PropertyValueSpecification\",\"valueRequired\":true,\"valueName\":\"search_term_string\"}}],\"inLanguage\":\"en-GB\"},{\"@type\":\"Person\",\"@id\":\"https:\/\/dmcsrb.com\/#\/schema\/person\/5c39170f12db1b8b457732d0b5c854e2\",\"name\":\"dmcsrbija.com@gmail.com\",\"image\":{\"@type\":\"ImageObject\",\"inLanguage\":\"en-GB\",\"@id\":\"https:\/\/dmcsrb.com\/#\/schema\/person\/image\/\",\"url\":\"https:\/\/secure.gravatar.com\/avatar\/68592660ad6347fad0fb587f8d5d8f1a7b44961362f56e4f2cd524feb87e9069?s=96&d=mm&r=g\",\"contentUrl\":\"https:\/\/secure.gravatar.com\/avatar\/68592660ad6347fad0fb587f8d5d8f1a7b44961362f56e4f2cd524feb87e9069?s=96&d=mm&r=g\",\"caption\":\"dmcsrbija.com@gmail.com\"},\"sameAs\":[\"https:\/\/dmcsrb.com\"],\"url\":\"https:\/\/dmcsrb.com\/en\/author\/dmcsrbija-comgmail-com\/\"}]}<\/script>\n<!-- \/ Yoast SEO plugin. -->","yoast_head_json":{"title":"Protesti eskalirali, gori u Jerusalimu; Zapaljeni automobili kod Netanjahuove rezidencije - dmcsrb.com","robots":{"index":"index","follow":"follow","max-snippet":"max-snippet:-1","max-image-preview":"max-image-preview:large","max-video-preview":"max-video-preview:-1"},"canonical":"https:\/\/dmcsrb.com\/en\/svijet\/protesti-eskalirali-gori-u-jerusalimu-zapaljeni-automobili-kod-netanjahuove-rezidencije\/","og_locale":"en_GB","og_type":"article","og_title":"Protesti eskalirali, gori u Jerusalimu; Zapaljeni automobili kod Netanjahuove rezidencije - dmcsrb.com","og_description":"Protesti u Jerusalimu kojima se poziva na kraj rata i osloba\u0111anje 48 talaca zato\u010denih u Gazi danas su eskalirali, a obilje\u017eili su ih podmetnuti po\u017eari u blizini rezidencije premijera Benjamina Netanyahua i hap\u0161enje trinaest demonstranata, javljaju izraelski mediji.","og_url":"https:\/\/dmcsrb.com\/en\/svijet\/protesti-eskalirali-gori-u-jerusalimu-zapaljeni-automobili-kod-netanjahuove-rezidencije\/","og_site_name":"dmcsrb.com","article_published_time":"2025-09-03T18:20:00+00:00","og_image":[{"width":969,"height":620,"url":"https:\/\/dmcsrb.com\/wp-content\/uploads\/2026\/01\/Protesti-Izrael-foto-AP-septembar-2025.webp","type":"image\/jpeg"}],"author":"dmcsrbija.com@gmail.com","twitter_card":"summary_large_image","twitter_misc":{"Written by":"dmcsrbija.com@gmail.com","Estimated reading time":"2 minutes"},"schema":{"@context":"https:\/\/schema.org","@graph":[{"@type":"Article","@id":"https:\/\/dmcsrb.com\/svijet\/protesti-eskalirali-gori-u-jerusalimu-zapaljeni-automobili-kod-netanjahuove-rezidencije\/#article","isPartOf":{"@id":"https:\/\/dmcsrb.com\/svijet\/protesti-eskalirali-gori-u-jerusalimu-zapaljeni-automobili-kod-netanjahuove-rezidencije\/"},"author":{"name":"dmcsrbija.com@gmail.com","@id":"https:\/\/dmcsrb.com\/#\/schema\/person\/5c39170f12db1b8b457732d0b5c854e2"},"headline":"Protesti eskalirali, gori u Jerusalimu; Zapaljeni automobili kod Netanjahuove rezidencije","datePublished":"2025-09-03T18:20:00+00:00","mainEntityOfPage":{"@id":"https:\/\/dmcsrb.com\/svijet\/protesti-eskalirali-gori-u-jerusalimu-zapaljeni-automobili-kod-netanjahuove-rezidencije\/"},"wordCount":419,"commentCount":0,"image":{"@id":"https:\/\/dmcsrb.com\/svijet\/protesti-eskalirali-gori-u-jerusalimu-zapaljeni-automobili-kod-netanjahuove-rezidencije\/#primaryimage"},"thumbnailUrl":"https:\/\/dmcsrb.com\/wp-content\/uploads\/2026\/01\/Protesti-Izrael-foto-AP-septembar-2025.webp","keywords":["Benjamin Natenjahu","Izrael","Jerusalim","protesti"],"articleSection":["Svijet"],"inLanguage":"en-GB","potentialAction":[{"@type":"CommentAction","name":"Comment","target":["https:\/\/dmcsrb.com\/svijet\/protesti-eskalirali-gori-u-jerusalimu-zapaljeni-automobili-kod-netanjahuove-rezidencije\/#respond"]}]},{"@type":"WebPage","@id":"https:\/\/dmcsrb.com\/svijet\/protesti-eskalirali-gori-u-jerusalimu-zapaljeni-automobili-kod-netanjahuove-rezidencije\/","url":"https:\/\/dmcsrb.com\/svijet\/protesti-eskalirali-gori-u-jerusalimu-zapaljeni-automobili-kod-netanjahuove-rezidencije\/","name":"Protesti eskalirali, gori u Jerusalimu; Zapaljeni automobili kod Netanjahuove rezidencije - dmcsrb.com","isPartOf":{"@id":"https:\/\/dmcsrb.com\/#website"},"primaryImageOfPage":{"@id":"https:\/\/dmcsrb.com\/svijet\/protesti-eskalirali-gori-u-jerusalimu-zapaljeni-automobili-kod-netanjahuove-rezidencije\/#primaryimage"},"image":{"@id":"https:\/\/dmcsrb.com\/svijet\/protesti-eskalirali-gori-u-jerusalimu-zapaljeni-automobili-kod-netanjahuove-rezidencije\/#primaryimage"},"thumbnailUrl":"https:\/\/dmcsrb.com\/wp-content\/uploads\/2026\/01\/Protesti-Izrael-foto-AP-septembar-2025.webp","datePublished":"2025-09-03T18:20:00+00:00","author":{"@id":"https:\/\/dmcsrb.com\/#\/schema\/person\/5c39170f12db1b8b457732d0b5c854e2"},"breadcrumb":{"@id":"https:\/\/dmcsrb.com\/svijet\/protesti-eskalirali-gori-u-jerusalimu-zapaljeni-automobili-kod-netanjahuove-rezidencije\/#breadcrumb"},"inLanguage":"en-GB","potentialAction":[{"@type":"ReadAction","target":["https:\/\/dmcsrb.com\/svijet\/protesti-eskalirali-gori-u-jerusalimu-zapaljeni-automobili-kod-netanjahuove-rezidencije\/"]}]},{"@type":"ImageObject","inLanguage":"en-GB","@id":"https:\/\/dmcsrb.com\/svijet\/protesti-eskalirali-gori-u-jerusalimu-zapaljeni-automobili-kod-netanjahuove-rezidencije\/#primaryimage","url":"https:\/\/dmcsrb.com\/wp-content\/uploads\/2026\/01\/Protesti-Izrael-foto-AP-septembar-2025.webp","contentUrl":"https:\/\/dmcsrb.com\/wp-content\/uploads\/2026\/01\/Protesti-Izrael-foto-AP-septembar-2025.webp","width":969,"height":620},{"@type":"BreadcrumbList","@id":"https:\/\/dmcsrb.com\/svijet\/protesti-eskalirali-gori-u-jerusalimu-zapaljeni-automobili-kod-netanjahuove-rezidencije\/#breadcrumb","itemListElement":[{"@type":"ListItem","position":1,"name":"Home","item":"https:\/\/dmcsrb.com\/"},{"@type":"ListItem","position":2,"name":"Protesti eskalirali, gori u Jerusalimu; Zapaljeni automobili kod Netanjahuove rezidencije"}]},{"@type":"WebSite","@id":"https:\/\/dmcsrb.com\/#website","url":"https:\/\/dmcsrb.com\/","name":"dmcsrb.com","description":"","potentialAction":[{"@type":"SearchAction","target":{"@type":"EntryPoint","urlTemplate":"https:\/\/dmcsrb.com\/?s={search_term_string}"},"query-input":{"@type":"PropertyValueSpecification","valueRequired":true,"valueName":"search_term_string"}}],"inLanguage":"en-GB"},{"@type":"Person","@id":"https:\/\/dmcsrb.com\/#\/schema\/person\/5c39170f12db1b8b457732d0b5c854e2","name":"dmcsrbija.com@gmail.com","image":{"@type":"ImageObject","inLanguage":"en-GB","@id":"https:\/\/dmcsrb.com\/#\/schema\/person\/image\/","url":"https:\/\/secure.gravatar.com\/avatar\/68592660ad6347fad0fb587f8d5d8f1a7b44961362f56e4f2cd524feb87e9069?s=96&d=mm&r=g","contentUrl":"https:\/\/secure.gravatar.com\/avatar\/68592660ad6347fad0fb587f8d5d8f1a7b44961362f56e4f2cd524feb87e9069?s=96&d=mm&r=g","caption":"dmcsrbija.com@gmail.com"},"sameAs":["https:\/\/dmcsrb.com"],"url":"https:\/\/dmcsrb.com\/en\/author\/dmcsrbija-comgmail-com\/"}]}},"_links":{"self":[{"href":"https:\/\/dmcsrb.com\/en\/wp-json\/wp\/v2\/posts\/950020","targetHints":{"allow":["GET"]}}],"collection":[{"href":"https:\/\/dmcsrb.com\/en\/wp-json\/wp\/v2\/posts"}],"about":[{"href":"https:\/\/dmcsrb.com\/en\/wp-json\/wp\/v2\/types\/post"}],"author":[{"embeddable":true,"href":"https:\/\/dmcsrb.com\/en\/wp-json\/wp\/v2\/users\/1"}],"replies":[{"embeddable":true,"href":"https:\/\/dmcsrb.com\/en\/wp-json\/wp\/v2\/comments?post=950020"}],"version-history":[{"count":0,"href":"https:\/\/dmcsrb.com\/en\/wp-json\/wp\/v2\/posts\/950020\/revisions"}],"wp:featuredmedia":[{"embeddable":true,"href":"https:\/\/dmcsrb.com\/en\/wp-json\/wp\/v2\/media\/950021"}],"wp:attachment":[{"href":"https:\/\/dmcsrb.com\/en\/wp-json\/wp\/v2\/media?parent=950020"}],"wp:term":[{"taxonomy":"category","embeddable":true,"href":"https:\/\/dmcsrb.com\/en\/wp-json\/wp\/v2\/categories?post=950020"},{"taxonomy":"post_tag","embeddable":true,"href":"https:\/\/dmcsrb.com\/en\/wp-json\/wp\/v2\/tags?post=950020"},{"taxonomy":"naslovna","embeddable":true,"href":"https:\/\/dmcsrb.com\/en\/wp-json\/wp\/v2\/naslovna?post=950020"}],"curies":[{"name":"wp","href":"https:\/\/api.w.org\/{rel}","templated":true}]}}