{"id":950018,"date":"2025-09-03T19:37:00","date_gmt":"2025-09-03T17:37:00","guid":{"rendered":"https:\/\/dmcsrb.com\/uncategorized\/video-uspinjaca-u-lisabonu-iskocila-iz-sina-najmanje-15-mrtvih-18-povrijedjenih\/"},"modified":"2025-09-03T19:37:00","modified_gmt":"2025-09-03T17:37:00","slug":"video-uspinjaca-u-lisabonu-iskocila-iz-sina-najmanje-15-mrtvih-18-povrijedjenih","status":"publish","type":"post","link":"https:\/\/dmcsrb.com\/en\/svijet\/video-uspinjaca-u-lisabonu-iskocila-iz-sina-najmanje-15-mrtvih-18-povrijedjenih\/","title":{"rendered":"(VIDEO) Uspinja\u010da u Lisabonu isko\u010dila iz \u0161ina: Najmanje 15 mrtvih, 18 povrije\u0111enih"},"content":{"rendered":"<p>Slavna \u017euta uspinja\u010da sli\u010dna tramvaju isko\u010dila je iz \u0161ina u poslijepodnevnim satima, prenosi CNN Portugal.<\/p>\n\n\n\n<p>Nesre\u0107a se dogodila oko 18.05 sati u blizini Avenide da Liberdade. Vjeruje se da su se u trenutku nesre\u0107e u uspinja\u010di nalazile 43 osobe. Jo\u0161 uvijek nije poznato jesu li poginuli portugalski dr\u017eavljani ili turisti.<\/p>\n\n\n\n<figure class=\"wp-block-embed is-type-rich is-provider-twitter wp-block-embed-twitter\"><div class=\"wp-block-embed__wrapper\">\n<blockquote class=\"twitter-tweet\" data-width=\"500\" data-dnt=\"true\"><p lang=\"es\" dir=\"ltr\"><a href=\"https:\/\/twitter.com\/hashtag\/%C3%9ALTIMAHORA?src=hash&amp;ref_src=twsrc%5Etfw\">#\u00daLTIMAHORA<\/a> \u26a0\ufe0f Varios heridos en <a href=\"https:\/\/twitter.com\/hashtag\/Lisboa?src=hash&amp;ref_src=twsrc%5Etfw\">#Lisboa<\/a> al descarrilar el Ascensor de la Gloria, uno de los funiculares m\u00e1s populares de la capital portuguesa.<a href=\"https:\/\/twitter.com\/hashtag\/Portugal?src=hash&amp;ref_src=twsrc%5Etfw\">#Portugal<\/a> <a href=\"https:\/\/twitter.com\/hashtag\/Lisbon?src=hash&amp;ref_src=twsrc%5Etfw\">#Lisbon<\/a> <a href=\"https:\/\/t.co\/OtM2dOhTDe\">pic.twitter.com\/OtM2dOhTDe<\/a><\/p>&mdash; eSPAINews (@eSPAINews_) <a href=\"https:\/\/twitter.com\/eSPAINews_\/status\/1963297323707961810?ref_src=twsrc%5Etfw\">September 3, 2025<\/a><\/blockquote><script async src=\"https:\/\/platform.twitter.com\/widgets.js\" charset=\"utf-8\"><\/script>\n<\/div><\/figure>\n\n\n\n<p>Uzroci nesre\u0107e zasad nisu poznati, no fotografije s mjesta doga\u0111aja prikazuju uni\u0161tenu uspinja\u010du. Publico pi\u0161e kako nije rije\u010d o prvom iskakanju Glorie iz \u0161ina, iako je dana\u0161nja nesre\u0107a dosad daleko najte\u017ea.<\/p>\n\n\n\n<figure class=\"wp-block-embed is-type-rich is-provider-twitter wp-block-embed-twitter\"><div class=\"wp-block-embed__wrapper\">\n<blockquote class=\"twitter-tweet\" data-width=\"500\" data-dnt=\"true\"><p lang=\"en\" dir=\"ltr\">JUST IN: Lisbon&#39;s iconic Gloria Funicular derails, causing injuries <a href=\"https:\/\/t.co\/d57zhaKCtV\">pic.twitter.com\/d57zhaKCtV<\/a><\/p>&mdash; BNO News Live (@BNODesk) <a href=\"https:\/\/twitter.com\/BNODesk\/status\/1963297822985326794?ref_src=twsrc%5Etfw\">September 3, 2025<\/a><\/blockquote><script async src=\"https:\/\/platform.twitter.com\/widgets.js\" charset=\"utf-8\"><\/script>\n<\/div><\/figure>\n\n\n\n<p>Uspinja\u010da Gloria jedna je od najpoznatijih znamenitosti i turisti\u010dkih atrakcija u Lisabonu. Otvorena je davne 1885. godine, a elektrificirana tri decenije kasnije. \u017dute uspinja\u010de klju\u010dan su dio prevoza u brdovitom Lisabonu, a ova konkretna linija duga 275 metara za samo tri minute povezuje trg Restauradores sa slikovitom \u010detvrti Bairro Alto. Iako je koriste i lokalni stanovnici, iznimno je popularna me\u0111u turistima, kojih je u portugalskoj prijestolnici krajem ljeta uvijek mnogo.<\/p>\n\n\n\n<p>Posljednje iskliznu\u0107e se dogodilo zbog ozbiljnog kvara u maju 2018. godine, no tada nije bilo prevrtanja vagona niti \u017ertava. Gloria poslije te nesre\u0107e nije vozila mjesec dana.<\/p>","protected":false},"excerpt":{"rendered":"<p>Lisabonska uspinja\u010da Gloria, popularna me\u0111u turistima, danas je isko\u010dila iz \u0161ina. Poginulo je najmanje 15 osoba, a jo\u0161 najmanje 18 ljudi je povrije\u0111eno. Petoro povrije\u0111enih je u te\u0161kom stanju.<\/p>","protected":false},"author":1,"featured_media":950019,"comment_status":"open","ping_status":"open","sticky":false,"template":"","format":"standard","meta":{"_acf_changed":false,"footnotes":""},"categories":[144],"tags":[6822,6823],"naslovna":[],"class_list":["post-950018","post","type-post","status-publish","format-standard","has-post-thumbnail","hentry","category-svijet","tag-lisabon","tag-uspinjaca"],"acf":[],"yoast_head":"<!-- This site is optimized with the Yoast SEO plugin v27.4 - https:\/\/yoast.com\/product\/yoast-seo-wordpress\/ -->\n<title>(VIDEO) Uspinja\u010da u Lisabonu isko\u010dila iz \u0161ina: Najmanje 15 mrtvih, 18 povrije\u0111enih - dmcsrb.com<\/title>\n<meta name=\"robots\" content=\"index, follow, max-snippet:-1, max-image-preview:large, max-video-preview:-1\" \/>\n<link rel=\"canonical\" href=\"https:\/\/dmcsrb.com\/en\/svijet\/video-uspinjaca-u-lisabonu-iskocila-iz-sina-najmanje-15-mrtvih-18-povrijedjenih\/\" \/>\n<meta property=\"og:locale\" content=\"en_GB\" \/>\n<meta property=\"og:type\" content=\"article\" \/>\n<meta property=\"og:title\" content=\"(VIDEO) Uspinja\u010da u Lisabonu isko\u010dila iz \u0161ina: Najmanje 15 mrtvih, 18 povrije\u0111enih - dmcsrb.com\" \/>\n<meta property=\"og:description\" content=\"Lisabonska uspinja\u010da Gloria, popularna me\u0111u turistima, danas je isko\u010dila iz \u0161ina. Poginulo je najmanje 15 osoba, a jo\u0161 najmanje 18 ljudi je povrije\u0111eno. Petoro povrije\u0111enih je u te\u0161kom stanju.\" \/>\n<meta property=\"og:url\" content=\"https:\/\/dmcsrb.com\/en\/svijet\/video-uspinjaca-u-lisabonu-iskocila-iz-sina-najmanje-15-mrtvih-18-povrijedjenih\/\" \/>\n<meta property=\"og:site_name\" content=\"dmcsrb.com\" \/>\n<meta property=\"article:published_time\" content=\"2025-09-03T17:37:00+00:00\" \/>\n<meta property=\"og:image\" content=\"https:\/\/dmcsrb.com\/wp-content\/uploads\/2026\/01\/uspinjaca-lisabon-foto-ss-x.webp\" \/>\n\t<meta property=\"og:image:width\" content=\"1146\" \/>\n\t<meta property=\"og:image:height\" content=\"627\" \/>\n\t<meta property=\"og:image:type\" content=\"image\/jpeg\" \/>\n<meta name=\"author\" content=\"dmcsrbija.com@gmail.com\" \/>\n<meta name=\"twitter:card\" content=\"summary_large_image\" \/>\n<meta name=\"twitter:label1\" content=\"Written by\" \/>\n\t<meta name=\"twitter:data1\" content=\"dmcsrbija.com@gmail.com\" \/>\n\t<meta name=\"twitter:label2\" content=\"Estimated reading time\" \/>\n\t<meta name=\"twitter:data2\" content=\"1 minute\" \/>\n<script type=\"application\/ld+json\" class=\"yoast-schema-graph\">{\"@context\":\"https:\\\/\\\/schema.org\",\"@graph\":[{\"@type\":\"Article\",\"@id\":\"https:\\\/\\\/dmcsrb.com\\\/svijet\\\/video-uspinjaca-u-lisabonu-iskocila-iz-sina-najmanje-15-mrtvih-18-povrijedjenih\\\/#article\",\"isPartOf\":{\"@id\":\"https:\\\/\\\/dmcsrb.com\\\/svijet\\\/video-uspinjaca-u-lisabonu-iskocila-iz-sina-najmanje-15-mrtvih-18-povrijedjenih\\\/\"},\"author\":{\"name\":\"dmcsrbija.com@gmail.com\",\"@id\":\"https:\\\/\\\/dmcsrb.com\\\/#\\\/schema\\\/person\\\/5c39170f12db1b8b457732d0b5c854e2\"},\"headline\":\"(VIDEO) Uspinja\u010da u Lisabonu isko\u010dila iz \u0161ina: Najmanje 15 mrtvih, 18 povrije\u0111enih\",\"datePublished\":\"2025-09-03T17:37:00+00:00\",\"mainEntityOfPage\":{\"@id\":\"https:\\\/\\\/dmcsrb.com\\\/svijet\\\/video-uspinjaca-u-lisabonu-iskocila-iz-sina-najmanje-15-mrtvih-18-povrijedjenih\\\/\"},\"wordCount\":286,\"commentCount\":0,\"image\":{\"@id\":\"https:\\\/\\\/dmcsrb.com\\\/svijet\\\/video-uspinjaca-u-lisabonu-iskocila-iz-sina-najmanje-15-mrtvih-18-povrijedjenih\\\/#primaryimage\"},\"thumbnailUrl\":\"https:\\\/\\\/dmcsrb.com\\\/wp-content\\\/uploads\\\/2026\\\/01\\\/uspinjaca-lisabon-foto-ss-x.webp\",\"keywords\":[\"Lisabon\",\"Uspinja\u010da\"],\"articleSection\":[\"Svijet\"],\"inLanguage\":\"en-GB\",\"potentialAction\":[{\"@type\":\"CommentAction\",\"name\":\"Comment\",\"target\":[\"https:\\\/\\\/dmcsrb.com\\\/svijet\\\/video-uspinjaca-u-lisabonu-iskocila-iz-sina-najmanje-15-mrtvih-18-povrijedjenih\\\/#respond\"]}]},{\"@type\":\"WebPage\",\"@id\":\"https:\\\/\\\/dmcsrb.com\\\/svijet\\\/video-uspinjaca-u-lisabonu-iskocila-iz-sina-najmanje-15-mrtvih-18-povrijedjenih\\\/\",\"url\":\"https:\\\/\\\/dmcsrb.com\\\/svijet\\\/video-uspinjaca-u-lisabonu-iskocila-iz-sina-najmanje-15-mrtvih-18-povrijedjenih\\\/\",\"name\":\"(VIDEO) Uspinja\u010da u Lisabonu isko\u010dila iz \u0161ina: Najmanje 15 mrtvih, 18 povrije\u0111enih - dmcsrb.com\",\"isPartOf\":{\"@id\":\"https:\\\/\\\/dmcsrb.com\\\/#website\"},\"primaryImageOfPage\":{\"@id\":\"https:\\\/\\\/dmcsrb.com\\\/svijet\\\/video-uspinjaca-u-lisabonu-iskocila-iz-sina-najmanje-15-mrtvih-18-povrijedjenih\\\/#primaryimage\"},\"image\":{\"@id\":\"https:\\\/\\\/dmcsrb.com\\\/svijet\\\/video-uspinjaca-u-lisabonu-iskocila-iz-sina-najmanje-15-mrtvih-18-povrijedjenih\\\/#primaryimage\"},\"thumbnailUrl\":\"https:\\\/\\\/dmcsrb.com\\\/wp-content\\\/uploads\\\/2026\\\/01\\\/uspinjaca-lisabon-foto-ss-x.webp\",\"datePublished\":\"2025-09-03T17:37:00+00:00\",\"author\":{\"@id\":\"https:\\\/\\\/dmcsrb.com\\\/#\\\/schema\\\/person\\\/5c39170f12db1b8b457732d0b5c854e2\"},\"breadcrumb\":{\"@id\":\"https:\\\/\\\/dmcsrb.com\\\/svijet\\\/video-uspinjaca-u-lisabonu-iskocila-iz-sina-najmanje-15-mrtvih-18-povrijedjenih\\\/#breadcrumb\"},\"inLanguage\":\"en-GB\",\"potentialAction\":[{\"@type\":\"ReadAction\",\"target\":[\"https:\\\/\\\/dmcsrb.com\\\/svijet\\\/video-uspinjaca-u-lisabonu-iskocila-iz-sina-najmanje-15-mrtvih-18-povrijedjenih\\\/\"]}]},{\"@type\":\"ImageObject\",\"inLanguage\":\"en-GB\",\"@id\":\"https:\\\/\\\/dmcsrb.com\\\/svijet\\\/video-uspinjaca-u-lisabonu-iskocila-iz-sina-najmanje-15-mrtvih-18-povrijedjenih\\\/#primaryimage\",\"url\":\"https:\\\/\\\/dmcsrb.com\\\/wp-content\\\/uploads\\\/2026\\\/01\\\/uspinjaca-lisabon-foto-ss-x.webp\",\"contentUrl\":\"https:\\\/\\\/dmcsrb.com\\\/wp-content\\\/uploads\\\/2026\\\/01\\\/uspinjaca-lisabon-foto-ss-x.webp\",\"width\":1146,\"height\":627},{\"@type\":\"BreadcrumbList\",\"@id\":\"https:\\\/\\\/dmcsrb.com\\\/svijet\\\/video-uspinjaca-u-lisabonu-iskocila-iz-sina-najmanje-15-mrtvih-18-povrijedjenih\\\/#breadcrumb\",\"itemListElement\":[{\"@type\":\"ListItem\",\"position\":1,\"name\":\"Home\",\"item\":\"https:\\\/\\\/dmcsrb.com\\\/\"},{\"@type\":\"ListItem\",\"position\":2,\"name\":\"(VIDEO) Uspinja\u010da u Lisabonu isko\u010dila iz \u0161ina: Najmanje 15 mrtvih, 18 povrije\u0111enih\"}]},{\"@type\":\"WebSite\",\"@id\":\"https:\\\/\\\/dmcsrb.com\\\/#website\",\"url\":\"https:\\\/\\\/dmcsrb.com\\\/\",\"name\":\"dmcsrb.com\",\"description\":\"\",\"potentialAction\":[{\"@type\":\"SearchAction\",\"target\":{\"@type\":\"EntryPoint\",\"urlTemplate\":\"https:\\\/\\\/dmcsrb.com\\\/?s={search_term_string}\"},\"query-input\":{\"@type\":\"PropertyValueSpecification\",\"valueRequired\":true,\"valueName\":\"search_term_string\"}}],\"inLanguage\":\"en-GB\"},{\"@type\":\"Person\",\"@id\":\"https:\\\/\\\/dmcsrb.com\\\/#\\\/schema\\\/person\\\/5c39170f12db1b8b457732d0b5c854e2\",\"name\":\"dmcsrbija.com@gmail.com\",\"image\":{\"@type\":\"ImageObject\",\"inLanguage\":\"en-GB\",\"@id\":\"https:\\\/\\\/secure.gravatar.com\\\/avatar\\\/68592660ad6347fad0fb587f8d5d8f1a7b44961362f56e4f2cd524feb87e9069?s=96&d=mm&r=g\",\"url\":\"https:\\\/\\\/secure.gravatar.com\\\/avatar\\\/68592660ad6347fad0fb587f8d5d8f1a7b44961362f56e4f2cd524feb87e9069?s=96&d=mm&r=g\",\"contentUrl\":\"https:\\\/\\\/secure.gravatar.com\\\/avatar\\\/68592660ad6347fad0fb587f8d5d8f1a7b44961362f56e4f2cd524feb87e9069?s=96&d=mm&r=g\",\"caption\":\"dmcsrbija.com@gmail.com\"},\"sameAs\":[\"https:\\\/\\\/dmcsrb.com\"],\"url\":\"https:\\\/\\\/dmcsrb.com\\\/en\\\/author\\\/dmcsrbija-comgmail-com\\\/\"}]}<\/script>\n<!-- \/ Yoast SEO plugin. -->","yoast_head_json":{"title":"(VIDEO) Uspinja\u010da u Lisabonu isko\u010dila iz \u0161ina: Najmanje 15 mrtvih, 18 povrije\u0111enih - dmcsrb.com","robots":{"index":"index","follow":"follow","max-snippet":"max-snippet:-1","max-image-preview":"max-image-preview:large","max-video-preview":"max-video-preview:-1"},"canonical":"https:\/\/dmcsrb.com\/en\/svijet\/video-uspinjaca-u-lisabonu-iskocila-iz-sina-najmanje-15-mrtvih-18-povrijedjenih\/","og_locale":"en_GB","og_type":"article","og_title":"(VIDEO) Uspinja\u010da u Lisabonu isko\u010dila iz \u0161ina: Najmanje 15 mrtvih, 18 povrije\u0111enih - dmcsrb.com","og_description":"Lisabonska uspinja\u010da Gloria, popularna me\u0111u turistima, danas je isko\u010dila iz \u0161ina. Poginulo je najmanje 15 osoba, a jo\u0161 najmanje 18 ljudi je povrije\u0111eno. Petoro povrije\u0111enih je u te\u0161kom stanju.","og_url":"https:\/\/dmcsrb.com\/en\/svijet\/video-uspinjaca-u-lisabonu-iskocila-iz-sina-najmanje-15-mrtvih-18-povrijedjenih\/","og_site_name":"dmcsrb.com","article_published_time":"2025-09-03T17:37:00+00:00","og_image":[{"width":1146,"height":627,"url":"https:\/\/dmcsrb.com\/wp-content\/uploads\/2026\/01\/uspinjaca-lisabon-foto-ss-x.webp","type":"image\/jpeg"}],"author":"dmcsrbija.com@gmail.com","twitter_card":"summary_large_image","twitter_misc":{"Written by":"dmcsrbija.com@gmail.com","Estimated reading time":"1 minute"},"schema":{"@context":"https:\/\/schema.org","@graph":[{"@type":"Article","@id":"https:\/\/dmcsrb.com\/svijet\/video-uspinjaca-u-lisabonu-iskocila-iz-sina-najmanje-15-mrtvih-18-povrijedjenih\/#article","isPartOf":{"@id":"https:\/\/dmcsrb.com\/svijet\/video-uspinjaca-u-lisabonu-iskocila-iz-sina-najmanje-15-mrtvih-18-povrijedjenih\/"},"author":{"name":"dmcsrbija.com@gmail.com","@id":"https:\/\/dmcsrb.com\/#\/schema\/person\/5c39170f12db1b8b457732d0b5c854e2"},"headline":"(VIDEO) Uspinja\u010da u Lisabonu isko\u010dila iz \u0161ina: Najmanje 15 mrtvih, 18 povrije\u0111enih","datePublished":"2025-09-03T17:37:00+00:00","mainEntityOfPage":{"@id":"https:\/\/dmcsrb.com\/svijet\/video-uspinjaca-u-lisabonu-iskocila-iz-sina-najmanje-15-mrtvih-18-povrijedjenih\/"},"wordCount":286,"commentCount":0,"image":{"@id":"https:\/\/dmcsrb.com\/svijet\/video-uspinjaca-u-lisabonu-iskocila-iz-sina-najmanje-15-mrtvih-18-povrijedjenih\/#primaryimage"},"thumbnailUrl":"https:\/\/dmcsrb.com\/wp-content\/uploads\/2026\/01\/uspinjaca-lisabon-foto-ss-x.webp","keywords":["Lisabon","Uspinja\u010da"],"articleSection":["Svijet"],"inLanguage":"en-GB","potentialAction":[{"@type":"CommentAction","name":"Comment","target":["https:\/\/dmcsrb.com\/svijet\/video-uspinjaca-u-lisabonu-iskocila-iz-sina-najmanje-15-mrtvih-18-povrijedjenih\/#respond"]}]},{"@type":"WebPage","@id":"https:\/\/dmcsrb.com\/svijet\/video-uspinjaca-u-lisabonu-iskocila-iz-sina-najmanje-15-mrtvih-18-povrijedjenih\/","url":"https:\/\/dmcsrb.com\/svijet\/video-uspinjaca-u-lisabonu-iskocila-iz-sina-najmanje-15-mrtvih-18-povrijedjenih\/","name":"(VIDEO) Uspinja\u010da u Lisabonu isko\u010dila iz \u0161ina: Najmanje 15 mrtvih, 18 povrije\u0111enih - dmcsrb.com","isPartOf":{"@id":"https:\/\/dmcsrb.com\/#website"},"primaryImageOfPage":{"@id":"https:\/\/dmcsrb.com\/svijet\/video-uspinjaca-u-lisabonu-iskocila-iz-sina-najmanje-15-mrtvih-18-povrijedjenih\/#primaryimage"},"image":{"@id":"https:\/\/dmcsrb.com\/svijet\/video-uspinjaca-u-lisabonu-iskocila-iz-sina-najmanje-15-mrtvih-18-povrijedjenih\/#primaryimage"},"thumbnailUrl":"https:\/\/dmcsrb.com\/wp-content\/uploads\/2026\/01\/uspinjaca-lisabon-foto-ss-x.webp","datePublished":"2025-09-03T17:37:00+00:00","author":{"@id":"https:\/\/dmcsrb.com\/#\/schema\/person\/5c39170f12db1b8b457732d0b5c854e2"},"breadcrumb":{"@id":"https:\/\/dmcsrb.com\/svijet\/video-uspinjaca-u-lisabonu-iskocila-iz-sina-najmanje-15-mrtvih-18-povrijedjenih\/#breadcrumb"},"inLanguage":"en-GB","potentialAction":[{"@type":"ReadAction","target":["https:\/\/dmcsrb.com\/svijet\/video-uspinjaca-u-lisabonu-iskocila-iz-sina-najmanje-15-mrtvih-18-povrijedjenih\/"]}]},{"@type":"ImageObject","inLanguage":"en-GB","@id":"https:\/\/dmcsrb.com\/svijet\/video-uspinjaca-u-lisabonu-iskocila-iz-sina-najmanje-15-mrtvih-18-povrijedjenih\/#primaryimage","url":"https:\/\/dmcsrb.com\/wp-content\/uploads\/2026\/01\/uspinjaca-lisabon-foto-ss-x.webp","contentUrl":"https:\/\/dmcsrb.com\/wp-content\/uploads\/2026\/01\/uspinjaca-lisabon-foto-ss-x.webp","width":1146,"height":627},{"@type":"BreadcrumbList","@id":"https:\/\/dmcsrb.com\/svijet\/video-uspinjaca-u-lisabonu-iskocila-iz-sina-najmanje-15-mrtvih-18-povrijedjenih\/#breadcrumb","itemListElement":[{"@type":"ListItem","position":1,"name":"Home","item":"https:\/\/dmcsrb.com\/"},{"@type":"ListItem","position":2,"name":"(VIDEO) Uspinja\u010da u Lisabonu isko\u010dila iz \u0161ina: Najmanje 15 mrtvih, 18 povrije\u0111enih"}]},{"@type":"WebSite","@id":"https:\/\/dmcsrb.com\/#website","url":"https:\/\/dmcsrb.com\/","name":"dmcsrb.com","description":"","potentialAction":[{"@type":"SearchAction","target":{"@type":"EntryPoint","urlTemplate":"https:\/\/dmcsrb.com\/?s={search_term_string}"},"query-input":{"@type":"PropertyValueSpecification","valueRequired":true,"valueName":"search_term_string"}}],"inLanguage":"en-GB"},{"@type":"Person","@id":"https:\/\/dmcsrb.com\/#\/schema\/person\/5c39170f12db1b8b457732d0b5c854e2","name":"dmcsrbija.com@gmail.com","image":{"@type":"ImageObject","inLanguage":"en-GB","@id":"https:\/\/secure.gravatar.com\/avatar\/68592660ad6347fad0fb587f8d5d8f1a7b44961362f56e4f2cd524feb87e9069?s=96&d=mm&r=g","url":"https:\/\/secure.gravatar.com\/avatar\/68592660ad6347fad0fb587f8d5d8f1a7b44961362f56e4f2cd524feb87e9069?s=96&d=mm&r=g","contentUrl":"https:\/\/secure.gravatar.com\/avatar\/68592660ad6347fad0fb587f8d5d8f1a7b44961362f56e4f2cd524feb87e9069?s=96&d=mm&r=g","caption":"dmcsrbija.com@gmail.com"},"sameAs":["https:\/\/dmcsrb.com"],"url":"https:\/\/dmcsrb.com\/en\/author\/dmcsrbija-comgmail-com\/"}]}},"_links":{"self":[{"href":"https:\/\/dmcsrb.com\/en\/wp-json\/wp\/v2\/posts\/950018","targetHints":{"allow":["GET"]}}],"collection":[{"href":"https:\/\/dmcsrb.com\/en\/wp-json\/wp\/v2\/posts"}],"about":[{"href":"https:\/\/dmcsrb.com\/en\/wp-json\/wp\/v2\/types\/post"}],"author":[{"embeddable":true,"href":"https:\/\/dmcsrb.com\/en\/wp-json\/wp\/v2\/users\/1"}],"replies":[{"embeddable":true,"href":"https:\/\/dmcsrb.com\/en\/wp-json\/wp\/v2\/comments?post=950018"}],"version-history":[{"count":0,"href":"https:\/\/dmcsrb.com\/en\/wp-json\/wp\/v2\/posts\/950018\/revisions"}],"wp:featuredmedia":[{"embeddable":true,"href":"https:\/\/dmcsrb.com\/en\/wp-json\/wp\/v2\/media\/950019"}],"wp:attachment":[{"href":"https:\/\/dmcsrb.com\/en\/wp-json\/wp\/v2\/media?parent=950018"}],"wp:term":[{"taxonomy":"category","embeddable":true,"href":"https:\/\/dmcsrb.com\/en\/wp-json\/wp\/v2\/categories?post=950018"},{"taxonomy":"post_tag","embeddable":true,"href":"https:\/\/dmcsrb.com\/en\/wp-json\/wp\/v2\/tags?post=950018"},{"taxonomy":"naslovna","embeddable":true,"href":"https:\/\/dmcsrb.com\/en\/wp-json\/wp\/v2\/naslovna?post=950018"}],"curies":[{"name":"wp","href":"https:\/\/api.w.org\/{rel}","templated":true}]}}