{"id":949993,"date":"2025-09-03T16:55:43","date_gmt":"2025-09-03T14:55:43","guid":{"rendered":"https:\/\/dmcsrb.com\/uncategorized\/kostic-samo-treba-da-cijepamo\/"},"modified":"2025-09-03T16:55:43","modified_gmt":"2025-09-03T14:55:43","slug":"kostic-samo-treba-da-cijepamo","status":"publish","type":"post","link":"https:\/\/dmcsrb.com\/en\/sport\/kostic-samo-treba-da-cijepamo\/","title":{"rendered":"Kosti\u0107: Samo treba da &#8216;cijepamo&#8217;"},"content":{"rendered":"<p>Sada je pozvan u mladu reprezentaciju koja sanja svoje prvo veliko takmi\u010denje. Supertalentovani napada\u010d mogao bi da pomogne u ostvarenju cilja. Novi ciklus kvalifikacija za Euro kre\u0107e u petak, a rival na startu je favorit Grupe E \u2013 Italija.<\/p>\n\n\n\n<p>Izabranici&nbsp;<strong>Gorana Peri\u0161i\u0107a<\/strong>&nbsp;u prvom kolu gostuju u La Speciji.<\/p>\n\n\n\n<p>&#8211; Na po\u010detku nas o\u010dekuje jako te\u017eak me\u010d u gostima protiv Italije. Znamo da su jako kvalitetna ekipa. Imao sam priliku da igram protiv nekih njihovih igra\u010da u prethodnim kvalifikacijama. Analizirali smo ih, vidjeli koliki kvalitet posjeduju, ali da\u0107emo sve od sebe da se poka\u017eemo u dobrom svijetlu. Imamo energiju u timu. To mi se jako svi\u0111a. Na nama je da damo 100 odsto \u2013 rekao je Kosti\u0107 prije polaska na Apeninsko poluostrvo.<\/p>\n\n\n\n<p>U sada\u0161njoj ekipi ,,crvenih\u201c ima igra\u010da koje je Peri\u0161i\u0107 vodio kroz mla\u0111e selekcije. Momci se poznaju, hemija je tu, imaju potencijala&#8230;<\/p>\n\n\n\n<p>&#8211; Dosta je momaka koji su bili na U19 Evropsko prvenstvo. Znamo se, dobra je atmosfera, samo treba da cijepamo \u2013 dodao je osamnaestogodi\u0161nji golgeter.<\/p>\n\n\n\n<p>Kosti\u0107 je u ljetnjem prelaznom roku iz Budu\u0107nosti pre\u0161ao u Partizan.<\/p>\n\n\n\n<p>U ,,crno-bijelom\u201c dresu re\u0161eta mre\u017ee. Kad god dobije \u0161ansu \u2013 napravi ne\u0161to konkretno.<\/p>\n\n\n\n<p>Na \u0161est nastupa u Mocartbet Super Ligi Srbije dao je pet golova na \u0161est nastupa. Najproduktivniji je fudbaler u Humskoj.<\/p>\n\n\n\n<p>Iz Beograda je stigao u top formi.<\/p>\n\n\n\n<p>&#8211; Generalno dobar period za mene. Sve je krenulo super. Na meni je da radim, trudim se i odr\u017eavam kontinuitet. U klubu ide odli\u010dno, a iskreno se nadam da \u0107u golgeterski niz nastaviti i u dresu reprezentacije \u2013 zaklju\u010dio je Kosti\u0107.<\/p>","protected":false},"excerpt":{"rendered":"<p>Andrej Kosti\u0107\u00a0je sa omladinskom selekcijom Crne Gore u junu igrao na Evropskom prvenstvu za fudbalere do 19 godina. Sa ,,sokoli\u0107ima\u201c je dotakao zvijezde, a potom je njegova karijera krenula munjevito da napreduje u beogradskom Partizanu.<\/p>","protected":false},"author":1,"featured_media":949994,"comment_status":"open","ping_status":"open","sticky":false,"template":"","format":"standard","meta":{"_acf_changed":false,"footnotes":""},"categories":[148],"tags":[3634,6806,6807,6808],"naslovna":[],"class_list":["post-949993","post","type-post","status-publish","format-standard","has-post-thumbnail","hentry","category-sport","tag-andrej-kostic","tag-kvalifikacije-za-evropsko-prvenstvo","tag-mlada-fudbalska-reprezentacija-crne-gore","tag-mlada-fudbalska-reprezentacija-italije"],"acf":[],"yoast_head":"<!-- This site is optimized with the Yoast SEO plugin v27.4 - https:\/\/yoast.com\/product\/yoast-seo-wordpress\/ -->\n<title>Kosti\u0107: Samo treba da &#039;cijepamo&#039; - dmcsrb.com<\/title>\n<meta name=\"robots\" content=\"index, follow, max-snippet:-1, max-image-preview:large, max-video-preview:-1\" \/>\n<link rel=\"canonical\" href=\"https:\/\/dmcsrb.com\/en\/sport\/kostic-samo-treba-da-cijepamo\/\" \/>\n<meta property=\"og:locale\" content=\"en_GB\" \/>\n<meta property=\"og:type\" content=\"article\" \/>\n<meta property=\"og:title\" content=\"Kosti\u0107: Samo treba da &#039;cijepamo&#039; - dmcsrb.com\" \/>\n<meta property=\"og:description\" content=\"Andrej Kosti\u0107\u00a0je sa omladinskom selekcijom Crne Gore u junu igrao na Evropskom prvenstvu za fudbalere do 19 godina. Sa ,,sokoli\u0107ima\u201c je dotakao zvijezde, a potom je njegova karijera krenula munjevito da napreduje u beogradskom Partizanu.\" \/>\n<meta property=\"og:url\" content=\"https:\/\/dmcsrb.com\/en\/sport\/kostic-samo-treba-da-cijepamo\/\" \/>\n<meta property=\"og:site_name\" content=\"dmcsrb.com\" \/>\n<meta property=\"article:published_time\" content=\"2025-09-03T14:55:43+00:00\" \/>\n<meta property=\"og:image\" content=\"https:\/\/dmcsrb.com\/wp-content\/uploads\/2026\/01\/Andrej-Kostic-FSCG.webp\" \/>\n\t<meta property=\"og:image:width\" content=\"1280\" \/>\n\t<meta property=\"og:image:height\" content=\"838\" \/>\n\t<meta property=\"og:image:type\" content=\"image\/webp\" \/>\n<meta name=\"author\" content=\"dmcsrbija.com@gmail.com\" \/>\n<meta name=\"twitter:card\" content=\"summary_large_image\" \/>\n<meta name=\"twitter:label1\" content=\"Written by\" \/>\n\t<meta name=\"twitter:data1\" content=\"dmcsrbija.com@gmail.com\" \/>\n\t<meta name=\"twitter:label2\" content=\"Estimated reading time\" \/>\n\t<meta name=\"twitter:data2\" content=\"1 minute\" \/>\n<script type=\"application\/ld+json\" class=\"yoast-schema-graph\">{\"@context\":\"https:\\\/\\\/schema.org\",\"@graph\":[{\"@type\":\"Article\",\"@id\":\"https:\\\/\\\/dmcsrb.com\\\/sport\\\/kostic-samo-treba-da-cijepamo\\\/#article\",\"isPartOf\":{\"@id\":\"https:\\\/\\\/dmcsrb.com\\\/sport\\\/kostic-samo-treba-da-cijepamo\\\/\"},\"author\":{\"name\":\"dmcsrbija.com@gmail.com\",\"@id\":\"https:\\\/\\\/dmcsrb.com\\\/#\\\/schema\\\/person\\\/5c39170f12db1b8b457732d0b5c854e2\"},\"headline\":\"Kosti\u0107: Samo treba da &#8216;cijepamo&#8217;\",\"datePublished\":\"2025-09-03T14:55:43+00:00\",\"mainEntityOfPage\":{\"@id\":\"https:\\\/\\\/dmcsrb.com\\\/sport\\\/kostic-samo-treba-da-cijepamo\\\/\"},\"wordCount\":285,\"commentCount\":0,\"image\":{\"@id\":\"https:\\\/\\\/dmcsrb.com\\\/sport\\\/kostic-samo-treba-da-cijepamo\\\/#primaryimage\"},\"thumbnailUrl\":\"https:\\\/\\\/dmcsrb.com\\\/wp-content\\\/uploads\\\/2026\\\/01\\\/Andrej-Kostic-FSCG.webp\",\"keywords\":[\"Andrej Kosti\u0107\",\"kvalifikacije za Evropsko prvenstvo\",\"Mlada fudbalska reprezentacija Crne Gore\",\"Mlada fudbalska reprezentacija Italije\"],\"articleSection\":[\"Sport\"],\"inLanguage\":\"en-GB\",\"potentialAction\":[{\"@type\":\"CommentAction\",\"name\":\"Comment\",\"target\":[\"https:\\\/\\\/dmcsrb.com\\\/sport\\\/kostic-samo-treba-da-cijepamo\\\/#respond\"]}]},{\"@type\":\"WebPage\",\"@id\":\"https:\\\/\\\/dmcsrb.com\\\/sport\\\/kostic-samo-treba-da-cijepamo\\\/\",\"url\":\"https:\\\/\\\/dmcsrb.com\\\/sport\\\/kostic-samo-treba-da-cijepamo\\\/\",\"name\":\"Kosti\u0107: Samo treba da 'cijepamo' - dmcsrb.com\",\"isPartOf\":{\"@id\":\"https:\\\/\\\/dmcsrb.com\\\/#website\"},\"primaryImageOfPage\":{\"@id\":\"https:\\\/\\\/dmcsrb.com\\\/sport\\\/kostic-samo-treba-da-cijepamo\\\/#primaryimage\"},\"image\":{\"@id\":\"https:\\\/\\\/dmcsrb.com\\\/sport\\\/kostic-samo-treba-da-cijepamo\\\/#primaryimage\"},\"thumbnailUrl\":\"https:\\\/\\\/dmcsrb.com\\\/wp-content\\\/uploads\\\/2026\\\/01\\\/Andrej-Kostic-FSCG.webp\",\"datePublished\":\"2025-09-03T14:55:43+00:00\",\"author\":{\"@id\":\"https:\\\/\\\/dmcsrb.com\\\/#\\\/schema\\\/person\\\/5c39170f12db1b8b457732d0b5c854e2\"},\"breadcrumb\":{\"@id\":\"https:\\\/\\\/dmcsrb.com\\\/sport\\\/kostic-samo-treba-da-cijepamo\\\/#breadcrumb\"},\"inLanguage\":\"en-GB\",\"potentialAction\":[{\"@type\":\"ReadAction\",\"target\":[\"https:\\\/\\\/dmcsrb.com\\\/sport\\\/kostic-samo-treba-da-cijepamo\\\/\"]}]},{\"@type\":\"ImageObject\",\"inLanguage\":\"en-GB\",\"@id\":\"https:\\\/\\\/dmcsrb.com\\\/sport\\\/kostic-samo-treba-da-cijepamo\\\/#primaryimage\",\"url\":\"https:\\\/\\\/dmcsrb.com\\\/wp-content\\\/uploads\\\/2026\\\/01\\\/Andrej-Kostic-FSCG.webp\",\"contentUrl\":\"https:\\\/\\\/dmcsrb.com\\\/wp-content\\\/uploads\\\/2026\\\/01\\\/Andrej-Kostic-FSCG.webp\",\"width\":1280,\"height\":838},{\"@type\":\"BreadcrumbList\",\"@id\":\"https:\\\/\\\/dmcsrb.com\\\/sport\\\/kostic-samo-treba-da-cijepamo\\\/#breadcrumb\",\"itemListElement\":[{\"@type\":\"ListItem\",\"position\":1,\"name\":\"Home\",\"item\":\"https:\\\/\\\/dmcsrb.com\\\/\"},{\"@type\":\"ListItem\",\"position\":2,\"name\":\"Kosti\u0107: Samo treba da &#8216;cijepamo&#8217;\"}]},{\"@type\":\"WebSite\",\"@id\":\"https:\\\/\\\/dmcsrb.com\\\/#website\",\"url\":\"https:\\\/\\\/dmcsrb.com\\\/\",\"name\":\"dmcsrb.com\",\"description\":\"\",\"potentialAction\":[{\"@type\":\"SearchAction\",\"target\":{\"@type\":\"EntryPoint\",\"urlTemplate\":\"https:\\\/\\\/dmcsrb.com\\\/?s={search_term_string}\"},\"query-input\":{\"@type\":\"PropertyValueSpecification\",\"valueRequired\":true,\"valueName\":\"search_term_string\"}}],\"inLanguage\":\"en-GB\"},{\"@type\":\"Person\",\"@id\":\"https:\\\/\\\/dmcsrb.com\\\/#\\\/schema\\\/person\\\/5c39170f12db1b8b457732d0b5c854e2\",\"name\":\"dmcsrbija.com@gmail.com\",\"image\":{\"@type\":\"ImageObject\",\"inLanguage\":\"en-GB\",\"@id\":\"https:\\\/\\\/secure.gravatar.com\\\/avatar\\\/68592660ad6347fad0fb587f8d5d8f1a7b44961362f56e4f2cd524feb87e9069?s=96&d=mm&r=g\",\"url\":\"https:\\\/\\\/secure.gravatar.com\\\/avatar\\\/68592660ad6347fad0fb587f8d5d8f1a7b44961362f56e4f2cd524feb87e9069?s=96&d=mm&r=g\",\"contentUrl\":\"https:\\\/\\\/secure.gravatar.com\\\/avatar\\\/68592660ad6347fad0fb587f8d5d8f1a7b44961362f56e4f2cd524feb87e9069?s=96&d=mm&r=g\",\"caption\":\"dmcsrbija.com@gmail.com\"},\"sameAs\":[\"https:\\\/\\\/dmcsrb.com\"],\"url\":\"https:\\\/\\\/dmcsrb.com\\\/en\\\/author\\\/dmcsrbija-comgmail-com\\\/\"}]}<\/script>\n<!-- \/ Yoast SEO plugin. -->","yoast_head_json":{"title":"Kosti\u0107: Samo treba da 'cijepamo' - dmcsrb.com","robots":{"index":"index","follow":"follow","max-snippet":"max-snippet:-1","max-image-preview":"max-image-preview:large","max-video-preview":"max-video-preview:-1"},"canonical":"https:\/\/dmcsrb.com\/en\/sport\/kostic-samo-treba-da-cijepamo\/","og_locale":"en_GB","og_type":"article","og_title":"Kosti\u0107: Samo treba da 'cijepamo' - dmcsrb.com","og_description":"Andrej Kosti\u0107\u00a0je sa omladinskom selekcijom Crne Gore u junu igrao na Evropskom prvenstvu za fudbalere do 19 godina. Sa ,,sokoli\u0107ima\u201c je dotakao zvijezde, a potom je njegova karijera krenula munjevito da napreduje u beogradskom Partizanu.","og_url":"https:\/\/dmcsrb.com\/en\/sport\/kostic-samo-treba-da-cijepamo\/","og_site_name":"dmcsrb.com","article_published_time":"2025-09-03T14:55:43+00:00","og_image":[{"width":1280,"height":838,"url":"https:\/\/dmcsrb.com\/wp-content\/uploads\/2026\/01\/Andrej-Kostic-FSCG.webp","type":"image\/webp"}],"author":"dmcsrbija.com@gmail.com","twitter_card":"summary_large_image","twitter_misc":{"Written by":"dmcsrbija.com@gmail.com","Estimated reading time":"1 minute"},"schema":{"@context":"https:\/\/schema.org","@graph":[{"@type":"Article","@id":"https:\/\/dmcsrb.com\/sport\/kostic-samo-treba-da-cijepamo\/#article","isPartOf":{"@id":"https:\/\/dmcsrb.com\/sport\/kostic-samo-treba-da-cijepamo\/"},"author":{"name":"dmcsrbija.com@gmail.com","@id":"https:\/\/dmcsrb.com\/#\/schema\/person\/5c39170f12db1b8b457732d0b5c854e2"},"headline":"Kosti\u0107: Samo treba da &#8216;cijepamo&#8217;","datePublished":"2025-09-03T14:55:43+00:00","mainEntityOfPage":{"@id":"https:\/\/dmcsrb.com\/sport\/kostic-samo-treba-da-cijepamo\/"},"wordCount":285,"commentCount":0,"image":{"@id":"https:\/\/dmcsrb.com\/sport\/kostic-samo-treba-da-cijepamo\/#primaryimage"},"thumbnailUrl":"https:\/\/dmcsrb.com\/wp-content\/uploads\/2026\/01\/Andrej-Kostic-FSCG.webp","keywords":["Andrej Kosti\u0107","kvalifikacije za Evropsko prvenstvo","Mlada fudbalska reprezentacija Crne Gore","Mlada fudbalska reprezentacija Italije"],"articleSection":["Sport"],"inLanguage":"en-GB","potentialAction":[{"@type":"CommentAction","name":"Comment","target":["https:\/\/dmcsrb.com\/sport\/kostic-samo-treba-da-cijepamo\/#respond"]}]},{"@type":"WebPage","@id":"https:\/\/dmcsrb.com\/sport\/kostic-samo-treba-da-cijepamo\/","url":"https:\/\/dmcsrb.com\/sport\/kostic-samo-treba-da-cijepamo\/","name":"Kosti\u0107: Samo treba da 'cijepamo' - dmcsrb.com","isPartOf":{"@id":"https:\/\/dmcsrb.com\/#website"},"primaryImageOfPage":{"@id":"https:\/\/dmcsrb.com\/sport\/kostic-samo-treba-da-cijepamo\/#primaryimage"},"image":{"@id":"https:\/\/dmcsrb.com\/sport\/kostic-samo-treba-da-cijepamo\/#primaryimage"},"thumbnailUrl":"https:\/\/dmcsrb.com\/wp-content\/uploads\/2026\/01\/Andrej-Kostic-FSCG.webp","datePublished":"2025-09-03T14:55:43+00:00","author":{"@id":"https:\/\/dmcsrb.com\/#\/schema\/person\/5c39170f12db1b8b457732d0b5c854e2"},"breadcrumb":{"@id":"https:\/\/dmcsrb.com\/sport\/kostic-samo-treba-da-cijepamo\/#breadcrumb"},"inLanguage":"en-GB","potentialAction":[{"@type":"ReadAction","target":["https:\/\/dmcsrb.com\/sport\/kostic-samo-treba-da-cijepamo\/"]}]},{"@type":"ImageObject","inLanguage":"en-GB","@id":"https:\/\/dmcsrb.com\/sport\/kostic-samo-treba-da-cijepamo\/#primaryimage","url":"https:\/\/dmcsrb.com\/wp-content\/uploads\/2026\/01\/Andrej-Kostic-FSCG.webp","contentUrl":"https:\/\/dmcsrb.com\/wp-content\/uploads\/2026\/01\/Andrej-Kostic-FSCG.webp","width":1280,"height":838},{"@type":"BreadcrumbList","@id":"https:\/\/dmcsrb.com\/sport\/kostic-samo-treba-da-cijepamo\/#breadcrumb","itemListElement":[{"@type":"ListItem","position":1,"name":"Home","item":"https:\/\/dmcsrb.com\/"},{"@type":"ListItem","position":2,"name":"Kosti\u0107: Samo treba da &#8216;cijepamo&#8217;"}]},{"@type":"WebSite","@id":"https:\/\/dmcsrb.com\/#website","url":"https:\/\/dmcsrb.com\/","name":"dmcsrb.com","description":"","potentialAction":[{"@type":"SearchAction","target":{"@type":"EntryPoint","urlTemplate":"https:\/\/dmcsrb.com\/?s={search_term_string}"},"query-input":{"@type":"PropertyValueSpecification","valueRequired":true,"valueName":"search_term_string"}}],"inLanguage":"en-GB"},{"@type":"Person","@id":"https:\/\/dmcsrb.com\/#\/schema\/person\/5c39170f12db1b8b457732d0b5c854e2","name":"dmcsrbija.com@gmail.com","image":{"@type":"ImageObject","inLanguage":"en-GB","@id":"https:\/\/secure.gravatar.com\/avatar\/68592660ad6347fad0fb587f8d5d8f1a7b44961362f56e4f2cd524feb87e9069?s=96&d=mm&r=g","url":"https:\/\/secure.gravatar.com\/avatar\/68592660ad6347fad0fb587f8d5d8f1a7b44961362f56e4f2cd524feb87e9069?s=96&d=mm&r=g","contentUrl":"https:\/\/secure.gravatar.com\/avatar\/68592660ad6347fad0fb587f8d5d8f1a7b44961362f56e4f2cd524feb87e9069?s=96&d=mm&r=g","caption":"dmcsrbija.com@gmail.com"},"sameAs":["https:\/\/dmcsrb.com"],"url":"https:\/\/dmcsrb.com\/en\/author\/dmcsrbija-comgmail-com\/"}]}},"_links":{"self":[{"href":"https:\/\/dmcsrb.com\/en\/wp-json\/wp\/v2\/posts\/949993","targetHints":{"allow":["GET"]}}],"collection":[{"href":"https:\/\/dmcsrb.com\/en\/wp-json\/wp\/v2\/posts"}],"about":[{"href":"https:\/\/dmcsrb.com\/en\/wp-json\/wp\/v2\/types\/post"}],"author":[{"embeddable":true,"href":"https:\/\/dmcsrb.com\/en\/wp-json\/wp\/v2\/users\/1"}],"replies":[{"embeddable":true,"href":"https:\/\/dmcsrb.com\/en\/wp-json\/wp\/v2\/comments?post=949993"}],"version-history":[{"count":0,"href":"https:\/\/dmcsrb.com\/en\/wp-json\/wp\/v2\/posts\/949993\/revisions"}],"wp:featuredmedia":[{"embeddable":true,"href":"https:\/\/dmcsrb.com\/en\/wp-json\/wp\/v2\/media\/949994"}],"wp:attachment":[{"href":"https:\/\/dmcsrb.com\/en\/wp-json\/wp\/v2\/media?parent=949993"}],"wp:term":[{"taxonomy":"category","embeddable":true,"href":"https:\/\/dmcsrb.com\/en\/wp-json\/wp\/v2\/categories?post=949993"},{"taxonomy":"post_tag","embeddable":true,"href":"https:\/\/dmcsrb.com\/en\/wp-json\/wp\/v2\/tags?post=949993"},{"taxonomy":"naslovna","embeddable":true,"href":"https:\/\/dmcsrb.com\/en\/wp-json\/wp\/v2\/naslovna?post=949993"}],"curies":[{"name":"wp","href":"https:\/\/api.w.org\/{rel}","templated":true}]}}