{"id":949990,"date":"2025-09-03T16:29:41","date_gmt":"2025-09-03T14:29:41","guid":{"rendered":"https:\/\/dmcsrb.com\/uncategorized\/crnogorski-poslanici-posjetili-provinciju-cako-u-argentini\/"},"modified":"2025-09-03T16:29:41","modified_gmt":"2025-09-03T14:29:41","slug":"crnogorski-poslanici-posjetili-provinciju-cako-u-argentini","status":"publish","type":"post","link":"https:\/\/dmcsrb.com\/en\/politika\/crnogorski-poslanici-posjetili-provinciju-cako-u-argentini\/","title":{"rendered":"Crnogorski poslanici posjetili Provinciju \u0106ako\u00a0u Argentini"},"content":{"rendered":"<p><\/p>\n\n\n\n<p><\/p>\n\n\n\n<p>Tom prilikom, skup\u0161tinska delegacija odr\u017eala je sastanak sa predsjednicom Predstavni\u010dkog doma Parlamenta Provincije \u0106ako Karmen Delgado (Carmen Delgado), te posjetila crnogorsku koloniju La Montenegrina.<\/p>\n\n\n\n<p>Tokom sastanka Grupe prijateljstva sa predsjednicom Predstavni\u010dkog doma Parlamenta Provincije \u0106ako, razgovarano je o zna\u010daju ove Provincije, prije svega grada Roke Saens Penja (Roque S\u00e1enz Pe\u00f1a), za Crnu Goru i njene iseljenike. Tom prilikom, \u010dlan Grupe prijateljstva sa Argentinom Admir Adrovi\u0107 izrazio je zadovoljstvo \u0161to su na\u0161i sunarodnici ugradili sebe u Provinciju \u0106ako i \u0161to su dobro prihva\u0107eni u ovoj zajednici. Prof. dr Nikola Milovi\u0107, \u010dlan Grupe prijateljstva, informisao je predsjednicu Delgado o ekonomskim i turisti\u010dkim potencijalima Crne Gore, te se posebno osvrnuo na ekonomske razloge doseljavanja brojnih iseljenika u ovu provinciju. Predsjednica Predstavni\u010dkog doma Parlamenta Provincije \u0106ako Karmen Delgado, govore\u0107i o industrijskim kapacitetima Argentine, istakla je zna\u010daj za\u0161tite \u017eivotne sredine, te je bila zainteresovana za normativna rje\u0161enja Crne Gore, kao ekolo\u0161ke dr\u017eave. Predsjednik Grupe prijateljstva sa Argentinom Gordan Stojovi\u0107 izrazio je spremnost da podijeli sa argentinskim kolegama crnogorska iskustva kao i zakonodavna rje\u0161enja u ovoj oblasti.<\/p>\n\n\n\n<p>Delegacija Grupe prijateljstva sa Republikom Argentinom posjetila je i crnogorsku koloniju \u201eLa Montenegrina\u201c, te polo\u017eila vijenac na spomenik osniva\u010dima ove kolonije, sedmorici hrabrih Crnogoraca koji su u potrazi za boljim \u017eivotom oti\u0161li na neizvjestan put preko okeana.<\/p>\n\n\n\n<p>Poslanici Skup\u0161tine Crne Gore obi\u0161li su i Crnogorsku ku\u0107u, te posjetili lokalitet u gradu Roke Saenz Penja na kojem je planirano postavljanje kamenog guvna, tradicionalnog crnogorskog simbola. Guvno, na kojem \u0107e biti uklesani grbovi Crne Gore i Argentine, je poklon Baja Milovi\u0107a, kamenorezca iz Banjana, crnogorskim iseljenicima u Argentini, a bi\u0107e pre\u010dnika \u0161est metara i te\u017eine oko 16 tona.<\/p>\n\n\n\n<p>Predstavnici Grupe prijateljstva sa Argentinom posjetili su i \u0161kolu u La Montenegrini koja nosi naziv \u201eColono Montenegrino\u201c, kao i lokalno groblje na kojem su sahranjeni prvi iseljenici iz Crne Gore.<\/p>\n\n\n\n<p>Posjeta Provinciji \u0106ako, zaokru\u017eena je posjetom domu \u201eDurmitor\u201c, koji su prije jednog vijeka izgradili crnogorski iseljenici. U pratnji predsjednika op\u0161tine Saens Penja Bruna \u0106ipolinija, poslanici Stojovi\u0107, Adrovi\u0107 i Milovi\u0107 obi\u0161li su dom, koji je simbol crnogorske sloge, te se upisali u knjigu gostiju.<\/p>\n\n\n\n<p>Tokom posjete Provinciji \u0106ako, raniji po\u010dasni konzul Crne Gore u Republici Argentini Drago Mi\u0107unovi\u0107 pru\u017eao je asistenciju delegaciji Skup\u0161tine.<\/p>","protected":false},"excerpt":{"rendered":"<p>Delegacija Grupe prijateljstva Skup\u0161tine Crne Gore sa Argentinom, koju \u010dine Gordan Stojovi\u0107, predsjednik Grupe prijateljstva, Admir Adrovi\u0107 i prof. dr Nikola Milovi\u0107, \u010dlanovi Grupe prijateljstva, tokom zvani\u010dne posjete Argentini, posjetila je Provinciju \u0106ako.<\/p>","protected":false},"author":1,"featured_media":949991,"comment_status":"open","ping_status":"open","sticky":false,"template":"","format":"standard","meta":{"_acf_changed":false,"footnotes":""},"categories":[12],"tags":[1049,4396,6805,461],"naslovna":[],"class_list":["post-949990","post","type-post","status-publish","format-standard","has-post-thumbnail","hentry","category-politika","tag-gordan-stojovic","tag-nikola-milovic","tag-provincija-cako","tag-skupstina-crne-gore"],"acf":[],"yoast_head":"<!-- This site is optimized with the Yoast SEO plugin v27.4 - https:\/\/yoast.com\/product\/yoast-seo-wordpress\/ -->\n<title>Crnogorski poslanici posjetili Provinciju \u0106ako\u00a0u Argentini - dmcsrb.com<\/title>\n<meta name=\"robots\" content=\"index, follow, max-snippet:-1, max-image-preview:large, max-video-preview:-1\" \/>\n<link rel=\"canonical\" href=\"https:\/\/dmcsrb.com\/en\/politika\/crnogorski-poslanici-posjetili-provinciju-cako-u-argentini\/\" \/>\n<meta property=\"og:locale\" content=\"en_GB\" \/>\n<meta property=\"og:type\" content=\"article\" \/>\n<meta property=\"og:title\" content=\"Crnogorski poslanici posjetili Provinciju \u0106ako\u00a0u Argentini - dmcsrb.com\" \/>\n<meta property=\"og:description\" content=\"Delegacija Grupe prijateljstva Skup\u0161tine Crne Gore sa Argentinom, koju \u010dine Gordan Stojovi\u0107, predsjednik Grupe prijateljstva, Admir Adrovi\u0107 i prof. dr Nikola Milovi\u0107, \u010dlanovi Grupe prijateljstva, tokom zvani\u010dne posjete Argentini, posjetila je Provinciju \u0106ako.\" \/>\n<meta property=\"og:url\" content=\"https:\/\/dmcsrb.com\/en\/politika\/crnogorski-poslanici-posjetili-provinciju-cako-u-argentini\/\" \/>\n<meta property=\"og:site_name\" content=\"dmcsrb.com\" \/>\n<meta property=\"article:published_time\" content=\"2025-09-03T14:29:41+00:00\" \/>\n<meta property=\"og:image\" content=\"https:\/\/dmcsrb.com\/wp-content\/uploads\/2026\/01\/grupa-prijateljstva-u-provinciji-cako-foto-skupstina-me.webp\" \/>\n\t<meta property=\"og:image:width\" content=\"1142\" \/>\n\t<meta property=\"og:image:height\" content=\"651\" \/>\n\t<meta property=\"og:image:type\" content=\"image\/jpeg\" \/>\n<meta name=\"author\" content=\"dmcsrbija.com@gmail.com\" \/>\n<meta name=\"twitter:card\" content=\"summary_large_image\" \/>\n<meta name=\"twitter:label1\" content=\"Written by\" \/>\n\t<meta name=\"twitter:data1\" content=\"dmcsrbija.com@gmail.com\" \/>\n\t<meta name=\"twitter:label2\" content=\"Estimated reading time\" \/>\n\t<meta name=\"twitter:data2\" content=\"2 minutes\" \/>\n<script type=\"application\/ld+json\" class=\"yoast-schema-graph\">{\"@context\":\"https:\\\/\\\/schema.org\",\"@graph\":[{\"@type\":\"Article\",\"@id\":\"https:\\\/\\\/dmcsrb.com\\\/politika\\\/crnogorski-poslanici-posjetili-provinciju-cako-u-argentini\\\/#article\",\"isPartOf\":{\"@id\":\"https:\\\/\\\/dmcsrb.com\\\/politika\\\/crnogorski-poslanici-posjetili-provinciju-cako-u-argentini\\\/\"},\"author\":{\"name\":\"dmcsrbija.com@gmail.com\",\"@id\":\"https:\\\/\\\/dmcsrb.com\\\/#\\\/schema\\\/person\\\/5c39170f12db1b8b457732d0b5c854e2\"},\"headline\":\"Crnogorski poslanici posjetili Provinciju \u0106ako\u00a0u Argentini\",\"datePublished\":\"2025-09-03T14:29:41+00:00\",\"mainEntityOfPage\":{\"@id\":\"https:\\\/\\\/dmcsrb.com\\\/politika\\\/crnogorski-poslanici-posjetili-provinciju-cako-u-argentini\\\/\"},\"wordCount\":400,\"commentCount\":0,\"image\":{\"@id\":\"https:\\\/\\\/dmcsrb.com\\\/politika\\\/crnogorski-poslanici-posjetili-provinciju-cako-u-argentini\\\/#primaryimage\"},\"thumbnailUrl\":\"https:\\\/\\\/dmcsrb.com\\\/wp-content\\\/uploads\\\/2026\\\/01\\\/grupa-prijateljstva-u-provinciji-cako-foto-skupstina-me.webp\",\"keywords\":[\"Gordan Stojovi\u0107\",\"Nikola Milovi\u0107\",\"Provincija \u0106ako\",\"Skup\u0161tina Crne Gore\"],\"articleSection\":[\"Politika\"],\"inLanguage\":\"en-GB\",\"potentialAction\":[{\"@type\":\"CommentAction\",\"name\":\"Comment\",\"target\":[\"https:\\\/\\\/dmcsrb.com\\\/politika\\\/crnogorski-poslanici-posjetili-provinciju-cako-u-argentini\\\/#respond\"]}]},{\"@type\":\"WebPage\",\"@id\":\"https:\\\/\\\/dmcsrb.com\\\/politika\\\/crnogorski-poslanici-posjetili-provinciju-cako-u-argentini\\\/\",\"url\":\"https:\\\/\\\/dmcsrb.com\\\/politika\\\/crnogorski-poslanici-posjetili-provinciju-cako-u-argentini\\\/\",\"name\":\"Crnogorski poslanici posjetili Provinciju \u0106ako\u00a0u Argentini - dmcsrb.com\",\"isPartOf\":{\"@id\":\"https:\\\/\\\/dmcsrb.com\\\/#website\"},\"primaryImageOfPage\":{\"@id\":\"https:\\\/\\\/dmcsrb.com\\\/politika\\\/crnogorski-poslanici-posjetili-provinciju-cako-u-argentini\\\/#primaryimage\"},\"image\":{\"@id\":\"https:\\\/\\\/dmcsrb.com\\\/politika\\\/crnogorski-poslanici-posjetili-provinciju-cako-u-argentini\\\/#primaryimage\"},\"thumbnailUrl\":\"https:\\\/\\\/dmcsrb.com\\\/wp-content\\\/uploads\\\/2026\\\/01\\\/grupa-prijateljstva-u-provinciji-cako-foto-skupstina-me.webp\",\"datePublished\":\"2025-09-03T14:29:41+00:00\",\"author\":{\"@id\":\"https:\\\/\\\/dmcsrb.com\\\/#\\\/schema\\\/person\\\/5c39170f12db1b8b457732d0b5c854e2\"},\"breadcrumb\":{\"@id\":\"https:\\\/\\\/dmcsrb.com\\\/politika\\\/crnogorski-poslanici-posjetili-provinciju-cako-u-argentini\\\/#breadcrumb\"},\"inLanguage\":\"en-GB\",\"potentialAction\":[{\"@type\":\"ReadAction\",\"target\":[\"https:\\\/\\\/dmcsrb.com\\\/politika\\\/crnogorski-poslanici-posjetili-provinciju-cako-u-argentini\\\/\"]}]},{\"@type\":\"ImageObject\",\"inLanguage\":\"en-GB\",\"@id\":\"https:\\\/\\\/dmcsrb.com\\\/politika\\\/crnogorski-poslanici-posjetili-provinciju-cako-u-argentini\\\/#primaryimage\",\"url\":\"https:\\\/\\\/dmcsrb.com\\\/wp-content\\\/uploads\\\/2026\\\/01\\\/grupa-prijateljstva-u-provinciji-cako-foto-skupstina-me.webp\",\"contentUrl\":\"https:\\\/\\\/dmcsrb.com\\\/wp-content\\\/uploads\\\/2026\\\/01\\\/grupa-prijateljstva-u-provinciji-cako-foto-skupstina-me.webp\",\"width\":1142,\"height\":651},{\"@type\":\"BreadcrumbList\",\"@id\":\"https:\\\/\\\/dmcsrb.com\\\/politika\\\/crnogorski-poslanici-posjetili-provinciju-cako-u-argentini\\\/#breadcrumb\",\"itemListElement\":[{\"@type\":\"ListItem\",\"position\":1,\"name\":\"Home\",\"item\":\"https:\\\/\\\/dmcsrb.com\\\/\"},{\"@type\":\"ListItem\",\"position\":2,\"name\":\"Crnogorski poslanici posjetili Provinciju \u0106ako\u00a0u Argentini\"}]},{\"@type\":\"WebSite\",\"@id\":\"https:\\\/\\\/dmcsrb.com\\\/#website\",\"url\":\"https:\\\/\\\/dmcsrb.com\\\/\",\"name\":\"dmcsrb.com\",\"description\":\"\",\"potentialAction\":[{\"@type\":\"SearchAction\",\"target\":{\"@type\":\"EntryPoint\",\"urlTemplate\":\"https:\\\/\\\/dmcsrb.com\\\/?s={search_term_string}\"},\"query-input\":{\"@type\":\"PropertyValueSpecification\",\"valueRequired\":true,\"valueName\":\"search_term_string\"}}],\"inLanguage\":\"en-GB\"},{\"@type\":\"Person\",\"@id\":\"https:\\\/\\\/dmcsrb.com\\\/#\\\/schema\\\/person\\\/5c39170f12db1b8b457732d0b5c854e2\",\"name\":\"dmcsrbija.com@gmail.com\",\"image\":{\"@type\":\"ImageObject\",\"inLanguage\":\"en-GB\",\"@id\":\"https:\\\/\\\/secure.gravatar.com\\\/avatar\\\/68592660ad6347fad0fb587f8d5d8f1a7b44961362f56e4f2cd524feb87e9069?s=96&d=mm&r=g\",\"url\":\"https:\\\/\\\/secure.gravatar.com\\\/avatar\\\/68592660ad6347fad0fb587f8d5d8f1a7b44961362f56e4f2cd524feb87e9069?s=96&d=mm&r=g\",\"contentUrl\":\"https:\\\/\\\/secure.gravatar.com\\\/avatar\\\/68592660ad6347fad0fb587f8d5d8f1a7b44961362f56e4f2cd524feb87e9069?s=96&d=mm&r=g\",\"caption\":\"dmcsrbija.com@gmail.com\"},\"sameAs\":[\"https:\\\/\\\/dmcsrb.com\"],\"url\":\"https:\\\/\\\/dmcsrb.com\\\/en\\\/author\\\/dmcsrbija-comgmail-com\\\/\"}]}<\/script>\n<!-- \/ Yoast SEO plugin. -->","yoast_head_json":{"title":"Crnogorski poslanici posjetili Provinciju \u0106ako\u00a0u Argentini - dmcsrb.com","robots":{"index":"index","follow":"follow","max-snippet":"max-snippet:-1","max-image-preview":"max-image-preview:large","max-video-preview":"max-video-preview:-1"},"canonical":"https:\/\/dmcsrb.com\/en\/politika\/crnogorski-poslanici-posjetili-provinciju-cako-u-argentini\/","og_locale":"en_GB","og_type":"article","og_title":"Crnogorski poslanici posjetili Provinciju \u0106ako\u00a0u Argentini - dmcsrb.com","og_description":"Delegacija Grupe prijateljstva Skup\u0161tine Crne Gore sa Argentinom, koju \u010dine Gordan Stojovi\u0107, predsjednik Grupe prijateljstva, Admir Adrovi\u0107 i prof. dr Nikola Milovi\u0107, \u010dlanovi Grupe prijateljstva, tokom zvani\u010dne posjete Argentini, posjetila je Provinciju \u0106ako.","og_url":"https:\/\/dmcsrb.com\/en\/politika\/crnogorski-poslanici-posjetili-provinciju-cako-u-argentini\/","og_site_name":"dmcsrb.com","article_published_time":"2025-09-03T14:29:41+00:00","og_image":[{"width":1142,"height":651,"url":"https:\/\/dmcsrb.com\/wp-content\/uploads\/2026\/01\/grupa-prijateljstva-u-provinciji-cako-foto-skupstina-me.webp","type":"image\/jpeg"}],"author":"dmcsrbija.com@gmail.com","twitter_card":"summary_large_image","twitter_misc":{"Written by":"dmcsrbija.com@gmail.com","Estimated reading time":"2 minutes"},"schema":{"@context":"https:\/\/schema.org","@graph":[{"@type":"Article","@id":"https:\/\/dmcsrb.com\/politika\/crnogorski-poslanici-posjetili-provinciju-cako-u-argentini\/#article","isPartOf":{"@id":"https:\/\/dmcsrb.com\/politika\/crnogorski-poslanici-posjetili-provinciju-cako-u-argentini\/"},"author":{"name":"dmcsrbija.com@gmail.com","@id":"https:\/\/dmcsrb.com\/#\/schema\/person\/5c39170f12db1b8b457732d0b5c854e2"},"headline":"Crnogorski poslanici posjetili Provinciju \u0106ako\u00a0u Argentini","datePublished":"2025-09-03T14:29:41+00:00","mainEntityOfPage":{"@id":"https:\/\/dmcsrb.com\/politika\/crnogorski-poslanici-posjetili-provinciju-cako-u-argentini\/"},"wordCount":400,"commentCount":0,"image":{"@id":"https:\/\/dmcsrb.com\/politika\/crnogorski-poslanici-posjetili-provinciju-cako-u-argentini\/#primaryimage"},"thumbnailUrl":"https:\/\/dmcsrb.com\/wp-content\/uploads\/2026\/01\/grupa-prijateljstva-u-provinciji-cako-foto-skupstina-me.webp","keywords":["Gordan Stojovi\u0107","Nikola Milovi\u0107","Provincija \u0106ako","Skup\u0161tina Crne Gore"],"articleSection":["Politika"],"inLanguage":"en-GB","potentialAction":[{"@type":"CommentAction","name":"Comment","target":["https:\/\/dmcsrb.com\/politika\/crnogorski-poslanici-posjetili-provinciju-cako-u-argentini\/#respond"]}]},{"@type":"WebPage","@id":"https:\/\/dmcsrb.com\/politika\/crnogorski-poslanici-posjetili-provinciju-cako-u-argentini\/","url":"https:\/\/dmcsrb.com\/politika\/crnogorski-poslanici-posjetili-provinciju-cako-u-argentini\/","name":"Crnogorski poslanici posjetili Provinciju \u0106ako\u00a0u Argentini - dmcsrb.com","isPartOf":{"@id":"https:\/\/dmcsrb.com\/#website"},"primaryImageOfPage":{"@id":"https:\/\/dmcsrb.com\/politika\/crnogorski-poslanici-posjetili-provinciju-cako-u-argentini\/#primaryimage"},"image":{"@id":"https:\/\/dmcsrb.com\/politika\/crnogorski-poslanici-posjetili-provinciju-cako-u-argentini\/#primaryimage"},"thumbnailUrl":"https:\/\/dmcsrb.com\/wp-content\/uploads\/2026\/01\/grupa-prijateljstva-u-provinciji-cako-foto-skupstina-me.webp","datePublished":"2025-09-03T14:29:41+00:00","author":{"@id":"https:\/\/dmcsrb.com\/#\/schema\/person\/5c39170f12db1b8b457732d0b5c854e2"},"breadcrumb":{"@id":"https:\/\/dmcsrb.com\/politika\/crnogorski-poslanici-posjetili-provinciju-cako-u-argentini\/#breadcrumb"},"inLanguage":"en-GB","potentialAction":[{"@type":"ReadAction","target":["https:\/\/dmcsrb.com\/politika\/crnogorski-poslanici-posjetili-provinciju-cako-u-argentini\/"]}]},{"@type":"ImageObject","inLanguage":"en-GB","@id":"https:\/\/dmcsrb.com\/politika\/crnogorski-poslanici-posjetili-provinciju-cako-u-argentini\/#primaryimage","url":"https:\/\/dmcsrb.com\/wp-content\/uploads\/2026\/01\/grupa-prijateljstva-u-provinciji-cako-foto-skupstina-me.webp","contentUrl":"https:\/\/dmcsrb.com\/wp-content\/uploads\/2026\/01\/grupa-prijateljstva-u-provinciji-cako-foto-skupstina-me.webp","width":1142,"height":651},{"@type":"BreadcrumbList","@id":"https:\/\/dmcsrb.com\/politika\/crnogorski-poslanici-posjetili-provinciju-cako-u-argentini\/#breadcrumb","itemListElement":[{"@type":"ListItem","position":1,"name":"Home","item":"https:\/\/dmcsrb.com\/"},{"@type":"ListItem","position":2,"name":"Crnogorski poslanici posjetili Provinciju \u0106ako\u00a0u Argentini"}]},{"@type":"WebSite","@id":"https:\/\/dmcsrb.com\/#website","url":"https:\/\/dmcsrb.com\/","name":"dmcsrb.com","description":"","potentialAction":[{"@type":"SearchAction","target":{"@type":"EntryPoint","urlTemplate":"https:\/\/dmcsrb.com\/?s={search_term_string}"},"query-input":{"@type":"PropertyValueSpecification","valueRequired":true,"valueName":"search_term_string"}}],"inLanguage":"en-GB"},{"@type":"Person","@id":"https:\/\/dmcsrb.com\/#\/schema\/person\/5c39170f12db1b8b457732d0b5c854e2","name":"dmcsrbija.com@gmail.com","image":{"@type":"ImageObject","inLanguage":"en-GB","@id":"https:\/\/secure.gravatar.com\/avatar\/68592660ad6347fad0fb587f8d5d8f1a7b44961362f56e4f2cd524feb87e9069?s=96&d=mm&r=g","url":"https:\/\/secure.gravatar.com\/avatar\/68592660ad6347fad0fb587f8d5d8f1a7b44961362f56e4f2cd524feb87e9069?s=96&d=mm&r=g","contentUrl":"https:\/\/secure.gravatar.com\/avatar\/68592660ad6347fad0fb587f8d5d8f1a7b44961362f56e4f2cd524feb87e9069?s=96&d=mm&r=g","caption":"dmcsrbija.com@gmail.com"},"sameAs":["https:\/\/dmcsrb.com"],"url":"https:\/\/dmcsrb.com\/en\/author\/dmcsrbija-comgmail-com\/"}]}},"_links":{"self":[{"href":"https:\/\/dmcsrb.com\/en\/wp-json\/wp\/v2\/posts\/949990","targetHints":{"allow":["GET"]}}],"collection":[{"href":"https:\/\/dmcsrb.com\/en\/wp-json\/wp\/v2\/posts"}],"about":[{"href":"https:\/\/dmcsrb.com\/en\/wp-json\/wp\/v2\/types\/post"}],"author":[{"embeddable":true,"href":"https:\/\/dmcsrb.com\/en\/wp-json\/wp\/v2\/users\/1"}],"replies":[{"embeddable":true,"href":"https:\/\/dmcsrb.com\/en\/wp-json\/wp\/v2\/comments?post=949990"}],"version-history":[{"count":0,"href":"https:\/\/dmcsrb.com\/en\/wp-json\/wp\/v2\/posts\/949990\/revisions"}],"wp:featuredmedia":[{"embeddable":true,"href":"https:\/\/dmcsrb.com\/en\/wp-json\/wp\/v2\/media\/949991"}],"wp:attachment":[{"href":"https:\/\/dmcsrb.com\/en\/wp-json\/wp\/v2\/media?parent=949990"}],"wp:term":[{"taxonomy":"category","embeddable":true,"href":"https:\/\/dmcsrb.com\/en\/wp-json\/wp\/v2\/categories?post=949990"},{"taxonomy":"post_tag","embeddable":true,"href":"https:\/\/dmcsrb.com\/en\/wp-json\/wp\/v2\/tags?post=949990"},{"taxonomy":"naslovna","embeddable":true,"href":"https:\/\/dmcsrb.com\/en\/wp-json\/wp\/v2\/naslovna?post=949990"}],"curies":[{"name":"wp","href":"https:\/\/api.w.org\/{rel}","templated":true}]}}