{"id":949982,"date":"2025-09-03T16:53:00","date_gmt":"2025-09-03T14:53:00","guid":{"rendered":"https:\/\/dmcsrb.com\/uncategorized\/uloga-gradjana-i-lokalne-uprave-u-integracionom-procesu-nezamjenjiva\/"},"modified":"2025-09-03T16:53:00","modified_gmt":"2025-09-03T14:53:00","slug":"uloga-gradjana-i-lokalne-uprave-u-integracionom-procesu-nezamjenjiva","status":"publish","type":"post","link":"https:\/\/dmcsrb.com\/en\/politika\/uloga-gradjana-i-lokalne-uprave-u-integracionom-procesu-nezamjenjiva\/","title":{"rendered":"&#8220;Uloga gra\u0111ana i lokalne uprave u integracionom procesu nezamjenjiva&#8221;"},"content":{"rendered":"<p><\/p>\n\n\n\n<p>\u201cU sastavu delegacije bili su i potpredsjednica Odbora i \u010dlanica grupe prijateljstva sa Crnom Gorom, Be\u00e1ta Jur\u00edk, \u010dlan Odbora i grupe prijateljstva sa Crnom Gorom, J\u00e1n Ma\u017eg\u00fat, sekretar Odbora, Zuzana \u010eukatov\u00e1, ambasador Slova\u010dke Republike u Crnoj Gori, Boris Gandel i njegov savjetnik Pavol Kruto\u0161\u00edk\u201d, saop\u0161teno je iz Op\u0161tine Budva.<\/p>\n\n\n\n<p>Tokom susreta razgovaralo se o klju\u010dnim temama za razvoj Budve i Crne Gore, sa posebnim akcentom na turizam, evropske integracije i ja\u010danje lokalne samouprave.<\/p>\n\n\n\n<p>Predsjednik Odbora J\u00e1n Feren\u010d\u00e1k zahvalio se doma\u0107inima na gostoprimstvu i lijepom prijemu, nagla\u0161avaju\u0107i da je tokom posjete imao priliku da se uvjeri koliko je turizam va\u017ean za Budvu i Crnu Goru.<\/p>\n\n\n\n<p>On je istakao da Slova\u010dka sna\u017eno podr\u017eava evropski put Crne Gore, ne samo na dr\u017eavnom, ve\u0107 i na lokalnom nivou.<\/p>\n\n\n\n<p>Feren\u010d\u00e1k je ocijenio da je od velike va\u017enosti da op\u0161tine, poput Budve, prepoznaju zna\u010daj integracija i aktivno rade na primjeni najboljih evropskih praksi.<\/p>\n\n\n\n<p>\u201cDodao je da upravo razmjena iskustava izme\u0111u lokalnih zajednica, kao i politi\u010dka podr\u0161ka i saradnja sa partnerima iz EU, predstavljaju najbolji put ka ja\u010danju kapaciteta op\u0161tina i pribli\u017eavanju evropskim standardima. On je poru\u010dio da je uloga gra\u0111ana i lokalne uprave u integracionom procesu nezamjenjiva, te da je osnovni cilj da se svi napori usmjere ka dobrobiti gra\u0111ana\u201d, navodi se u saop\u0161tenju.<\/p>\n\n\n\n<p>Predsjednik Op\u0161tine Budva Nikola Jovanovi\u0107 zahvalio se delegaciji Slova\u010dke na posjeti i tom prilikom istakao da je Budva u potpunosti posve\u0107ena procesu evropskih integracija, da se u tom pravcu trudi da primjenjuje najbolje evropske standarde u oblasti vladavine prava, stvaranja pravne dr\u017eave i ja\u010danja demokratskih institucija, a da posebnu pa\u017enju posve\u0107uje decentralizaciji i regionalnoj saradnji, uz poseban naglasak na va\u017enost lokalnih inicijativa i ravnomjerng regionalnog razvoja Crne Gore, te da je posve\u0107enost evropskom putu zapravo posve\u0107enost boljim uslovima \u017eivota gra\u0111ana, ve\u0107im slobodama i sigurnijem institucionalnom okviru.<\/p>\n\n\n\n<p>\u201cOn je posebno naglasio da je cilj da Crna Gora do 2028. godine postane punopravna \u010dlanica Evropske unije, \u0161to \u0107e, kako je poru\u010dio, zna\u010diti garanciju gra\u0111anskih sloboda, vladavine prava i sna\u017enog institucionalnog sistema\u201d, pi\u0161e u saop\u0161tenju.<\/p>\n\n\n\n<p>Na kraju sastanka, u\u010desnici su izrazili spremnost da kroz razmjenu iskustava, partnerske projekte i saradnju nastave da rade na ostvarivanju tog cilja, uz poruku da je evropska budu\u0107nost Crne Gore zajedni\u010dki interes i dr\u017eave i lokalnih samouprava.<\/p>","protected":false},"excerpt":{"rendered":"<p>Predsjednik Op\u0161tine Budva\u00a0Nikola Jovanovi\u0107\u00a0i predsjednik Skup\u0161tine Op\u0161tine Budva\u00a0Petar Od\u017ei\u0107\u00a0sa saradnicima, ugostili su delegaciju Odbora za evropske poslove (OEP) slova\u010dkog parlamenta, predvo\u0111enu predsjednikom Odbora\u00a0J\u00e1nom Feren\u010d\u00e1kom.<\/p>","protected":false},"author":1,"featured_media":949983,"comment_status":"open","ping_status":"open","sticky":false,"template":"","format":"standard","meta":{"_acf_changed":false,"footnotes":""},"categories":[12],"tags":[5070,5071,6801],"naslovna":[],"class_list":["post-949982","post","type-post","status-publish","format-standard","has-post-thumbnail","hentry","category-politika","tag-nikola-jovanovic","tag-opstina-budva","tag-petar-odzic"],"acf":[],"yoast_head":"<!-- This site is optimized with the Yoast SEO plugin v27.4 - https:\/\/yoast.com\/product\/yoast-seo-wordpress\/ -->\n<title>&quot;Uloga gra\u0111ana i lokalne uprave u integracionom procesu nezamjenjiva&quot; - dmcsrb.com<\/title>\n<meta name=\"robots\" content=\"index, follow, max-snippet:-1, max-image-preview:large, max-video-preview:-1\" \/>\n<link rel=\"canonical\" href=\"https:\/\/dmcsrb.com\/en\/politika\/uloga-gradjana-i-lokalne-uprave-u-integracionom-procesu-nezamjenjiva\/\" \/>\n<meta property=\"og:locale\" content=\"en_GB\" \/>\n<meta property=\"og:type\" content=\"article\" \/>\n<meta property=\"og:title\" content=\"&quot;Uloga gra\u0111ana i lokalne uprave u integracionom procesu nezamjenjiva&quot; - dmcsrb.com\" \/>\n<meta property=\"og:description\" content=\"Predsjednik Op\u0161tine Budva\u00a0Nikola Jovanovi\u0107\u00a0i predsjednik Skup\u0161tine Op\u0161tine Budva\u00a0Petar Od\u017ei\u0107\u00a0sa saradnicima, ugostili su delegaciju Odbora za evropske poslove (OEP) slova\u010dkog parlamenta, predvo\u0111enu predsjednikom Odbora\u00a0J\u00e1nom Feren\u010d\u00e1kom.\" \/>\n<meta property=\"og:url\" content=\"https:\/\/dmcsrb.com\/en\/politika\/uloga-gradjana-i-lokalne-uprave-u-integracionom-procesu-nezamjenjiva\/\" \/>\n<meta property=\"og:site_name\" content=\"dmcsrb.com\" \/>\n<meta property=\"article:published_time\" content=\"2025-09-03T14:53:00+00:00\" \/>\n<meta property=\"og:image\" content=\"https:\/\/dmcsrb.com\/wp-content\/uploads\/2026\/01\/Jovanovic-i-Odzic-sastanak-foto-opstina-budva.webp\" \/>\n\t<meta property=\"og:image:width\" content=\"974\" \/>\n\t<meta property=\"og:image:height\" content=\"552\" \/>\n\t<meta property=\"og:image:type\" content=\"image\/jpeg\" \/>\n<meta name=\"author\" content=\"dmcsrbija.com@gmail.com\" \/>\n<meta name=\"twitter:card\" content=\"summary_large_image\" \/>\n<meta name=\"twitter:label1\" content=\"Written by\" \/>\n\t<meta name=\"twitter:data1\" content=\"dmcsrbija.com@gmail.com\" \/>\n\t<meta name=\"twitter:label2\" content=\"Estimated reading time\" \/>\n\t<meta name=\"twitter:data2\" content=\"2 minutes\" \/>\n<script type=\"application\/ld+json\" class=\"yoast-schema-graph\">{\"@context\":\"https:\\\/\\\/schema.org\",\"@graph\":[{\"@type\":\"Article\",\"@id\":\"https:\\\/\\\/dmcsrb.com\\\/politika\\\/uloga-gradjana-i-lokalne-uprave-u-integracionom-procesu-nezamjenjiva\\\/#article\",\"isPartOf\":{\"@id\":\"https:\\\/\\\/dmcsrb.com\\\/politika\\\/uloga-gradjana-i-lokalne-uprave-u-integracionom-procesu-nezamjenjiva\\\/\"},\"author\":{\"name\":\"dmcsrbija.com@gmail.com\",\"@id\":\"https:\\\/\\\/dmcsrb.com\\\/#\\\/schema\\\/person\\\/5c39170f12db1b8b457732d0b5c854e2\"},\"headline\":\"&#8220;Uloga gra\u0111ana i lokalne uprave u integracionom procesu nezamjenjiva&#8221;\",\"datePublished\":\"2025-09-03T14:53:00+00:00\",\"mainEntityOfPage\":{\"@id\":\"https:\\\/\\\/dmcsrb.com\\\/politika\\\/uloga-gradjana-i-lokalne-uprave-u-integracionom-procesu-nezamjenjiva\\\/\"},\"wordCount\":433,\"commentCount\":0,\"image\":{\"@id\":\"https:\\\/\\\/dmcsrb.com\\\/politika\\\/uloga-gradjana-i-lokalne-uprave-u-integracionom-procesu-nezamjenjiva\\\/#primaryimage\"},\"thumbnailUrl\":\"https:\\\/\\\/dmcsrb.com\\\/wp-content\\\/uploads\\\/2026\\\/01\\\/Jovanovic-i-Odzic-sastanak-foto-opstina-budva.webp\",\"keywords\":[\"Nikola Jovanovi\u0107\",\"Op\u0161tina Budva\",\"Petar Od\u017ei\u0107\"],\"articleSection\":[\"Politika\"],\"inLanguage\":\"en-GB\",\"potentialAction\":[{\"@type\":\"CommentAction\",\"name\":\"Comment\",\"target\":[\"https:\\\/\\\/dmcsrb.com\\\/politika\\\/uloga-gradjana-i-lokalne-uprave-u-integracionom-procesu-nezamjenjiva\\\/#respond\"]}]},{\"@type\":\"WebPage\",\"@id\":\"https:\\\/\\\/dmcsrb.com\\\/politika\\\/uloga-gradjana-i-lokalne-uprave-u-integracionom-procesu-nezamjenjiva\\\/\",\"url\":\"https:\\\/\\\/dmcsrb.com\\\/politika\\\/uloga-gradjana-i-lokalne-uprave-u-integracionom-procesu-nezamjenjiva\\\/\",\"name\":\"\\\"Uloga gra\u0111ana i lokalne uprave u integracionom procesu nezamjenjiva\\\" - dmcsrb.com\",\"isPartOf\":{\"@id\":\"https:\\\/\\\/dmcsrb.com\\\/#website\"},\"primaryImageOfPage\":{\"@id\":\"https:\\\/\\\/dmcsrb.com\\\/politika\\\/uloga-gradjana-i-lokalne-uprave-u-integracionom-procesu-nezamjenjiva\\\/#primaryimage\"},\"image\":{\"@id\":\"https:\\\/\\\/dmcsrb.com\\\/politika\\\/uloga-gradjana-i-lokalne-uprave-u-integracionom-procesu-nezamjenjiva\\\/#primaryimage\"},\"thumbnailUrl\":\"https:\\\/\\\/dmcsrb.com\\\/wp-content\\\/uploads\\\/2026\\\/01\\\/Jovanovic-i-Odzic-sastanak-foto-opstina-budva.webp\",\"datePublished\":\"2025-09-03T14:53:00+00:00\",\"author\":{\"@id\":\"https:\\\/\\\/dmcsrb.com\\\/#\\\/schema\\\/person\\\/5c39170f12db1b8b457732d0b5c854e2\"},\"breadcrumb\":{\"@id\":\"https:\\\/\\\/dmcsrb.com\\\/politika\\\/uloga-gradjana-i-lokalne-uprave-u-integracionom-procesu-nezamjenjiva\\\/#breadcrumb\"},\"inLanguage\":\"en-GB\",\"potentialAction\":[{\"@type\":\"ReadAction\",\"target\":[\"https:\\\/\\\/dmcsrb.com\\\/politika\\\/uloga-gradjana-i-lokalne-uprave-u-integracionom-procesu-nezamjenjiva\\\/\"]}]},{\"@type\":\"ImageObject\",\"inLanguage\":\"en-GB\",\"@id\":\"https:\\\/\\\/dmcsrb.com\\\/politika\\\/uloga-gradjana-i-lokalne-uprave-u-integracionom-procesu-nezamjenjiva\\\/#primaryimage\",\"url\":\"https:\\\/\\\/dmcsrb.com\\\/wp-content\\\/uploads\\\/2026\\\/01\\\/Jovanovic-i-Odzic-sastanak-foto-opstina-budva.webp\",\"contentUrl\":\"https:\\\/\\\/dmcsrb.com\\\/wp-content\\\/uploads\\\/2026\\\/01\\\/Jovanovic-i-Odzic-sastanak-foto-opstina-budva.webp\",\"width\":974,\"height\":552},{\"@type\":\"BreadcrumbList\",\"@id\":\"https:\\\/\\\/dmcsrb.com\\\/politika\\\/uloga-gradjana-i-lokalne-uprave-u-integracionom-procesu-nezamjenjiva\\\/#breadcrumb\",\"itemListElement\":[{\"@type\":\"ListItem\",\"position\":1,\"name\":\"Home\",\"item\":\"https:\\\/\\\/dmcsrb.com\\\/\"},{\"@type\":\"ListItem\",\"position\":2,\"name\":\"&#8220;Uloga gra\u0111ana i lokalne uprave u integracionom procesu nezamjenjiva&#8221;\"}]},{\"@type\":\"WebSite\",\"@id\":\"https:\\\/\\\/dmcsrb.com\\\/#website\",\"url\":\"https:\\\/\\\/dmcsrb.com\\\/\",\"name\":\"dmcsrb.com\",\"description\":\"\",\"potentialAction\":[{\"@type\":\"SearchAction\",\"target\":{\"@type\":\"EntryPoint\",\"urlTemplate\":\"https:\\\/\\\/dmcsrb.com\\\/?s={search_term_string}\"},\"query-input\":{\"@type\":\"PropertyValueSpecification\",\"valueRequired\":true,\"valueName\":\"search_term_string\"}}],\"inLanguage\":\"en-GB\"},{\"@type\":\"Person\",\"@id\":\"https:\\\/\\\/dmcsrb.com\\\/#\\\/schema\\\/person\\\/5c39170f12db1b8b457732d0b5c854e2\",\"name\":\"dmcsrbija.com@gmail.com\",\"image\":{\"@type\":\"ImageObject\",\"inLanguage\":\"en-GB\",\"@id\":\"https:\\\/\\\/secure.gravatar.com\\\/avatar\\\/68592660ad6347fad0fb587f8d5d8f1a7b44961362f56e4f2cd524feb87e9069?s=96&d=mm&r=g\",\"url\":\"https:\\\/\\\/secure.gravatar.com\\\/avatar\\\/68592660ad6347fad0fb587f8d5d8f1a7b44961362f56e4f2cd524feb87e9069?s=96&d=mm&r=g\",\"contentUrl\":\"https:\\\/\\\/secure.gravatar.com\\\/avatar\\\/68592660ad6347fad0fb587f8d5d8f1a7b44961362f56e4f2cd524feb87e9069?s=96&d=mm&r=g\",\"caption\":\"dmcsrbija.com@gmail.com\"},\"sameAs\":[\"https:\\\/\\\/dmcsrb.com\"],\"url\":\"https:\\\/\\\/dmcsrb.com\\\/en\\\/author\\\/dmcsrbija-comgmail-com\\\/\"}]}<\/script>\n<!-- \/ Yoast SEO plugin. -->","yoast_head_json":{"title":"\"Uloga gra\u0111ana i lokalne uprave u integracionom procesu nezamjenjiva\" - dmcsrb.com","robots":{"index":"index","follow":"follow","max-snippet":"max-snippet:-1","max-image-preview":"max-image-preview:large","max-video-preview":"max-video-preview:-1"},"canonical":"https:\/\/dmcsrb.com\/en\/politika\/uloga-gradjana-i-lokalne-uprave-u-integracionom-procesu-nezamjenjiva\/","og_locale":"en_GB","og_type":"article","og_title":"\"Uloga gra\u0111ana i lokalne uprave u integracionom procesu nezamjenjiva\" - dmcsrb.com","og_description":"Predsjednik Op\u0161tine Budva\u00a0Nikola Jovanovi\u0107\u00a0i predsjednik Skup\u0161tine Op\u0161tine Budva\u00a0Petar Od\u017ei\u0107\u00a0sa saradnicima, ugostili su delegaciju Odbora za evropske poslove (OEP) slova\u010dkog parlamenta, predvo\u0111enu predsjednikom Odbora\u00a0J\u00e1nom Feren\u010d\u00e1kom.","og_url":"https:\/\/dmcsrb.com\/en\/politika\/uloga-gradjana-i-lokalne-uprave-u-integracionom-procesu-nezamjenjiva\/","og_site_name":"dmcsrb.com","article_published_time":"2025-09-03T14:53:00+00:00","og_image":[{"width":974,"height":552,"url":"https:\/\/dmcsrb.com\/wp-content\/uploads\/2026\/01\/Jovanovic-i-Odzic-sastanak-foto-opstina-budva.webp","type":"image\/jpeg"}],"author":"dmcsrbija.com@gmail.com","twitter_card":"summary_large_image","twitter_misc":{"Written by":"dmcsrbija.com@gmail.com","Estimated reading time":"2 minutes"},"schema":{"@context":"https:\/\/schema.org","@graph":[{"@type":"Article","@id":"https:\/\/dmcsrb.com\/politika\/uloga-gradjana-i-lokalne-uprave-u-integracionom-procesu-nezamjenjiva\/#article","isPartOf":{"@id":"https:\/\/dmcsrb.com\/politika\/uloga-gradjana-i-lokalne-uprave-u-integracionom-procesu-nezamjenjiva\/"},"author":{"name":"dmcsrbija.com@gmail.com","@id":"https:\/\/dmcsrb.com\/#\/schema\/person\/5c39170f12db1b8b457732d0b5c854e2"},"headline":"&#8220;Uloga gra\u0111ana i lokalne uprave u integracionom procesu nezamjenjiva&#8221;","datePublished":"2025-09-03T14:53:00+00:00","mainEntityOfPage":{"@id":"https:\/\/dmcsrb.com\/politika\/uloga-gradjana-i-lokalne-uprave-u-integracionom-procesu-nezamjenjiva\/"},"wordCount":433,"commentCount":0,"image":{"@id":"https:\/\/dmcsrb.com\/politika\/uloga-gradjana-i-lokalne-uprave-u-integracionom-procesu-nezamjenjiva\/#primaryimage"},"thumbnailUrl":"https:\/\/dmcsrb.com\/wp-content\/uploads\/2026\/01\/Jovanovic-i-Odzic-sastanak-foto-opstina-budva.webp","keywords":["Nikola Jovanovi\u0107","Op\u0161tina Budva","Petar Od\u017ei\u0107"],"articleSection":["Politika"],"inLanguage":"en-GB","potentialAction":[{"@type":"CommentAction","name":"Comment","target":["https:\/\/dmcsrb.com\/politika\/uloga-gradjana-i-lokalne-uprave-u-integracionom-procesu-nezamjenjiva\/#respond"]}]},{"@type":"WebPage","@id":"https:\/\/dmcsrb.com\/politika\/uloga-gradjana-i-lokalne-uprave-u-integracionom-procesu-nezamjenjiva\/","url":"https:\/\/dmcsrb.com\/politika\/uloga-gradjana-i-lokalne-uprave-u-integracionom-procesu-nezamjenjiva\/","name":"\"Uloga gra\u0111ana i lokalne uprave u integracionom procesu nezamjenjiva\" - dmcsrb.com","isPartOf":{"@id":"https:\/\/dmcsrb.com\/#website"},"primaryImageOfPage":{"@id":"https:\/\/dmcsrb.com\/politika\/uloga-gradjana-i-lokalne-uprave-u-integracionom-procesu-nezamjenjiva\/#primaryimage"},"image":{"@id":"https:\/\/dmcsrb.com\/politika\/uloga-gradjana-i-lokalne-uprave-u-integracionom-procesu-nezamjenjiva\/#primaryimage"},"thumbnailUrl":"https:\/\/dmcsrb.com\/wp-content\/uploads\/2026\/01\/Jovanovic-i-Odzic-sastanak-foto-opstina-budva.webp","datePublished":"2025-09-03T14:53:00+00:00","author":{"@id":"https:\/\/dmcsrb.com\/#\/schema\/person\/5c39170f12db1b8b457732d0b5c854e2"},"breadcrumb":{"@id":"https:\/\/dmcsrb.com\/politika\/uloga-gradjana-i-lokalne-uprave-u-integracionom-procesu-nezamjenjiva\/#breadcrumb"},"inLanguage":"en-GB","potentialAction":[{"@type":"ReadAction","target":["https:\/\/dmcsrb.com\/politika\/uloga-gradjana-i-lokalne-uprave-u-integracionom-procesu-nezamjenjiva\/"]}]},{"@type":"ImageObject","inLanguage":"en-GB","@id":"https:\/\/dmcsrb.com\/politika\/uloga-gradjana-i-lokalne-uprave-u-integracionom-procesu-nezamjenjiva\/#primaryimage","url":"https:\/\/dmcsrb.com\/wp-content\/uploads\/2026\/01\/Jovanovic-i-Odzic-sastanak-foto-opstina-budva.webp","contentUrl":"https:\/\/dmcsrb.com\/wp-content\/uploads\/2026\/01\/Jovanovic-i-Odzic-sastanak-foto-opstina-budva.webp","width":974,"height":552},{"@type":"BreadcrumbList","@id":"https:\/\/dmcsrb.com\/politika\/uloga-gradjana-i-lokalne-uprave-u-integracionom-procesu-nezamjenjiva\/#breadcrumb","itemListElement":[{"@type":"ListItem","position":1,"name":"Home","item":"https:\/\/dmcsrb.com\/"},{"@type":"ListItem","position":2,"name":"&#8220;Uloga gra\u0111ana i lokalne uprave u integracionom procesu nezamjenjiva&#8221;"}]},{"@type":"WebSite","@id":"https:\/\/dmcsrb.com\/#website","url":"https:\/\/dmcsrb.com\/","name":"dmcsrb.com","description":"","potentialAction":[{"@type":"SearchAction","target":{"@type":"EntryPoint","urlTemplate":"https:\/\/dmcsrb.com\/?s={search_term_string}"},"query-input":{"@type":"PropertyValueSpecification","valueRequired":true,"valueName":"search_term_string"}}],"inLanguage":"en-GB"},{"@type":"Person","@id":"https:\/\/dmcsrb.com\/#\/schema\/person\/5c39170f12db1b8b457732d0b5c854e2","name":"dmcsrbija.com@gmail.com","image":{"@type":"ImageObject","inLanguage":"en-GB","@id":"https:\/\/secure.gravatar.com\/avatar\/68592660ad6347fad0fb587f8d5d8f1a7b44961362f56e4f2cd524feb87e9069?s=96&d=mm&r=g","url":"https:\/\/secure.gravatar.com\/avatar\/68592660ad6347fad0fb587f8d5d8f1a7b44961362f56e4f2cd524feb87e9069?s=96&d=mm&r=g","contentUrl":"https:\/\/secure.gravatar.com\/avatar\/68592660ad6347fad0fb587f8d5d8f1a7b44961362f56e4f2cd524feb87e9069?s=96&d=mm&r=g","caption":"dmcsrbija.com@gmail.com"},"sameAs":["https:\/\/dmcsrb.com"],"url":"https:\/\/dmcsrb.com\/en\/author\/dmcsrbija-comgmail-com\/"}]}},"_links":{"self":[{"href":"https:\/\/dmcsrb.com\/en\/wp-json\/wp\/v2\/posts\/949982","targetHints":{"allow":["GET"]}}],"collection":[{"href":"https:\/\/dmcsrb.com\/en\/wp-json\/wp\/v2\/posts"}],"about":[{"href":"https:\/\/dmcsrb.com\/en\/wp-json\/wp\/v2\/types\/post"}],"author":[{"embeddable":true,"href":"https:\/\/dmcsrb.com\/en\/wp-json\/wp\/v2\/users\/1"}],"replies":[{"embeddable":true,"href":"https:\/\/dmcsrb.com\/en\/wp-json\/wp\/v2\/comments?post=949982"}],"version-history":[{"count":0,"href":"https:\/\/dmcsrb.com\/en\/wp-json\/wp\/v2\/posts\/949982\/revisions"}],"wp:featuredmedia":[{"embeddable":true,"href":"https:\/\/dmcsrb.com\/en\/wp-json\/wp\/v2\/media\/949983"}],"wp:attachment":[{"href":"https:\/\/dmcsrb.com\/en\/wp-json\/wp\/v2\/media?parent=949982"}],"wp:term":[{"taxonomy":"category","embeddable":true,"href":"https:\/\/dmcsrb.com\/en\/wp-json\/wp\/v2\/categories?post=949982"},{"taxonomy":"post_tag","embeddable":true,"href":"https:\/\/dmcsrb.com\/en\/wp-json\/wp\/v2\/tags?post=949982"},{"taxonomy":"naslovna","embeddable":true,"href":"https:\/\/dmcsrb.com\/en\/wp-json\/wp\/v2\/naslovna?post=949982"}],"curies":[{"name":"wp","href":"https:\/\/api.w.org\/{rel}","templated":true}]}}