{"id":949980,"date":"2025-09-03T15:33:00","date_gmt":"2025-09-03T13:33:00","guid":{"rendered":"https:\/\/dmcsrb.com\/uncategorized\/mihailovic-ovaj-poraz-nece-pokvariti-sve-dobro-sto-sam-dozivio-u-reprezentaciji\/"},"modified":"2025-09-03T15:33:00","modified_gmt":"2025-09-03T13:33:00","slug":"mihailovic-ovaj-poraz-nece-pokvariti-sve-dobro-sto-sam-dozivio-u-reprezentaciji","status":"publish","type":"post","link":"https:\/\/dmcsrb.com\/en\/sport\/mihailovic-ovaj-poraz-nece-pokvariti-sve-dobro-sto-sam-dozivio-u-reprezentaciji\/","title":{"rendered":"Mihailovi\u0107: Ovaj poraz ne\u0107e pokvariti sve dobro \u0161to sam do\u017eivio u reprezentaciji"},"content":{"rendered":"<p>On je Britancima danas ubacio 10 poena.<\/p>\n\n\n\n<p>&#8220;Nismo sve ovo ovako zami\u0161ljali. Bili smo, dodu\u0161e, spremni na to da oni mogu da odigraju vrhunsku utakmicu, u odnosu na kvalitet koji posjeduju. Mi na to nismo odgovorili, naro\u010dito u odbrani&#8221;. kazao je Mihailovi\u0107. <\/p>\n\n\n\n<p>Isti\u010de da je ekipa imala puno oscilacija.<\/p>\n\n\n\n<p>&#8220;Na prvenstvu nismo pokazali kontinuitet, dozvoljavali smo protivnicima da naprave serije, koje su na kraju bile kobne. tako je bilo i danas, uz to su sve poga\u0111ali. Ne \u017eelim o su\u0111enju, a imao bih \u0161ta da ka\u017eem&#8221;, kazao je Mihailovi\u0107.<\/p>\n\n\n\n<p>U reprezentaciji je proveo 15 godina, ka\u017ee da je bilo mnogo trenutaka koje \u0107e pamtiti zauvijek.<\/p>\n\n\n\n<figure class=\"wp-block-embed is-type-wp-embed is-provider-gradski-portal wp-block-embed-gradski-portal\"><div class=\"wp-block-embed__wrapper\">\nhttps:\/\/gradski.me\/vucevic-u-suzama-nismo-bili-na-nivou-sport-nekada-zna-da-bude-surov\/\n<\/div><\/figure>\n\n\n\n<p>&#8220;Nisam \u017eelio ovako da se oprostim od reprezentacije. Tu sam ve\u0107 15 godfina, ima mnogo lijepih uspomena, kao i ostvarenih prijateljstava. Sigurno ne\u0107u dozvoliti da ovaj poraz baci sjenku na sve to. Ponosan sam na sve ostvareno u nacionalnom timu&#8221;, istakao je Mihailovi\u0107.<\/p>\n\n\n\n<p>Kratko se osvrnuo na smjenu generacija koja \u010deka na\u0161u selekciju.<\/p>\n\n\n\n<p>&#8220;Te\u0161ko je pri\u010dati o narednom periodu, smjena generacije sti\u017ee. Alit, ti momci \u0107e biti vezani za koled\u017ee&#8221;, kazao je Mihailovi\u0107.<\/p>","protected":false},"excerpt":{"rendered":"<p>Nikola Vu\u010devi\u0107 nije jedini na\u0161 igra\u010d koji se danas oprostio od nacionalog tima. U\u010dinio je to i bek Vladimir Mihailovi\u0107. Ko\u0161arka\u0161 Zadra je poru\u010dio da nije zami\u0161ljao ovakav opro\u0161taj od &#8220;crvenih&#8221;.<\/p>","protected":false},"author":1,"featured_media":949981,"comment_status":"open","ping_status":"open","sticky":false,"template":"","format":"standard","meta":{"_acf_changed":false,"footnotes":""},"categories":[148],"tags":[6462,5444,1965],"naslovna":[],"class_list":["post-949980","post","type-post","status-publish","format-standard","has-post-thumbnail","hentry","category-sport","tag-eurobasket-2025","tag-muska-kosarkaska-reprezentacija-crne-gore","tag-vladimir-mihailovic"],"acf":[],"yoast_head":"<!-- This site is optimized with the Yoast SEO plugin v27.4 - https:\/\/yoast.com\/product\/yoast-seo-wordpress\/ -->\n<title>Mihailovi\u0107: Ovaj poraz ne\u0107e pokvariti sve dobro \u0161to sam do\u017eivio u reprezentaciji - dmcsrb.com<\/title>\n<meta name=\"robots\" content=\"index, follow, max-snippet:-1, max-image-preview:large, max-video-preview:-1\" \/>\n<link rel=\"canonical\" href=\"https:\/\/dmcsrb.com\/en\/sport\/mihailovic-ovaj-poraz-nece-pokvariti-sve-dobro-sto-sam-dozivio-u-reprezentaciji\/\" \/>\n<meta property=\"og:locale\" content=\"en_GB\" \/>\n<meta property=\"og:type\" content=\"article\" \/>\n<meta property=\"og:title\" content=\"Mihailovi\u0107: Ovaj poraz ne\u0107e pokvariti sve dobro \u0161to sam do\u017eivio u reprezentaciji - dmcsrb.com\" \/>\n<meta property=\"og:description\" content=\"Nikola Vu\u010devi\u0107 nije jedini na\u0161 igra\u010d koji se danas oprostio od nacionalog tima. U\u010dinio je to i bek Vladimir Mihailovi\u0107. Ko\u0161arka\u0161 Zadra je poru\u010dio da nije zami\u0161ljao ovakav opro\u0161taj od &quot;crvenih&quot;.\" \/>\n<meta property=\"og:url\" content=\"https:\/\/dmcsrb.com\/en\/sport\/mihailovic-ovaj-poraz-nece-pokvariti-sve-dobro-sto-sam-dozivio-u-reprezentaciji\/\" \/>\n<meta property=\"og:site_name\" content=\"dmcsrb.com\" \/>\n<meta property=\"article:published_time\" content=\"2025-09-03T13:33:00+00:00\" \/>\n<meta property=\"og:image\" content=\"https:\/\/dmcsrb.com\/wp-content\/uploads\/2026\/01\/Mihailovic-protiv-Britanije-FIBA.webp\" \/>\n\t<meta property=\"og:image:width\" content=\"2400\" \/>\n\t<meta property=\"og:image:height\" content=\"1597\" \/>\n\t<meta property=\"og:image:type\" content=\"image\/webp\" \/>\n<meta name=\"author\" content=\"dmcsrbija.com@gmail.com\" \/>\n<meta name=\"twitter:card\" content=\"summary_large_image\" \/>\n<meta name=\"twitter:label1\" content=\"Written by\" \/>\n\t<meta name=\"twitter:data1\" content=\"dmcsrbija.com@gmail.com\" \/>\n\t<meta name=\"twitter:label2\" content=\"Estimated reading time\" \/>\n\t<meta name=\"twitter:data2\" content=\"1 minute\" \/>\n<script type=\"application\/ld+json\" class=\"yoast-schema-graph\">{\"@context\":\"https:\\\/\\\/schema.org\",\"@graph\":[{\"@type\":\"Article\",\"@id\":\"https:\\\/\\\/dmcsrb.com\\\/sport\\\/mihailovic-ovaj-poraz-nece-pokvariti-sve-dobro-sto-sam-dozivio-u-reprezentaciji\\\/#article\",\"isPartOf\":{\"@id\":\"https:\\\/\\\/dmcsrb.com\\\/sport\\\/mihailovic-ovaj-poraz-nece-pokvariti-sve-dobro-sto-sam-dozivio-u-reprezentaciji\\\/\"},\"author\":{\"name\":\"dmcsrbija.com@gmail.com\",\"@id\":\"https:\\\/\\\/dmcsrb.com\\\/#\\\/schema\\\/person\\\/5c39170f12db1b8b457732d0b5c854e2\"},\"headline\":\"Mihailovi\u0107: Ovaj poraz ne\u0107e pokvariti sve dobro \u0161to sam do\u017eivio u reprezentaciji\",\"datePublished\":\"2025-09-03T13:33:00+00:00\",\"mainEntityOfPage\":{\"@id\":\"https:\\\/\\\/dmcsrb.com\\\/sport\\\/mihailovic-ovaj-poraz-nece-pokvariti-sve-dobro-sto-sam-dozivio-u-reprezentaciji\\\/\"},\"wordCount\":207,\"commentCount\":0,\"image\":{\"@id\":\"https:\\\/\\\/dmcsrb.com\\\/sport\\\/mihailovic-ovaj-poraz-nece-pokvariti-sve-dobro-sto-sam-dozivio-u-reprezentaciji\\\/#primaryimage\"},\"thumbnailUrl\":\"https:\\\/\\\/dmcsrb.com\\\/wp-content\\\/uploads\\\/2026\\\/01\\\/Mihailovic-protiv-Britanije-FIBA.webp\",\"keywords\":[\"Eurobasket 2025\",\"Mu\u0161ka ko\u0161arka\u0161ka reprezentacija Crne Gore\",\"Vladimir Mihailovi\u0107\"],\"articleSection\":[\"Sport\"],\"inLanguage\":\"en-GB\",\"potentialAction\":[{\"@type\":\"CommentAction\",\"name\":\"Comment\",\"target\":[\"https:\\\/\\\/dmcsrb.com\\\/sport\\\/mihailovic-ovaj-poraz-nece-pokvariti-sve-dobro-sto-sam-dozivio-u-reprezentaciji\\\/#respond\"]}]},{\"@type\":\"WebPage\",\"@id\":\"https:\\\/\\\/dmcsrb.com\\\/sport\\\/mihailovic-ovaj-poraz-nece-pokvariti-sve-dobro-sto-sam-dozivio-u-reprezentaciji\\\/\",\"url\":\"https:\\\/\\\/dmcsrb.com\\\/sport\\\/mihailovic-ovaj-poraz-nece-pokvariti-sve-dobro-sto-sam-dozivio-u-reprezentaciji\\\/\",\"name\":\"Mihailovi\u0107: Ovaj poraz ne\u0107e pokvariti sve dobro \u0161to sam do\u017eivio u reprezentaciji - dmcsrb.com\",\"isPartOf\":{\"@id\":\"https:\\\/\\\/dmcsrb.com\\\/#website\"},\"primaryImageOfPage\":{\"@id\":\"https:\\\/\\\/dmcsrb.com\\\/sport\\\/mihailovic-ovaj-poraz-nece-pokvariti-sve-dobro-sto-sam-dozivio-u-reprezentaciji\\\/#primaryimage\"},\"image\":{\"@id\":\"https:\\\/\\\/dmcsrb.com\\\/sport\\\/mihailovic-ovaj-poraz-nece-pokvariti-sve-dobro-sto-sam-dozivio-u-reprezentaciji\\\/#primaryimage\"},\"thumbnailUrl\":\"https:\\\/\\\/dmcsrb.com\\\/wp-content\\\/uploads\\\/2026\\\/01\\\/Mihailovic-protiv-Britanije-FIBA.webp\",\"datePublished\":\"2025-09-03T13:33:00+00:00\",\"author\":{\"@id\":\"https:\\\/\\\/dmcsrb.com\\\/#\\\/schema\\\/person\\\/5c39170f12db1b8b457732d0b5c854e2\"},\"breadcrumb\":{\"@id\":\"https:\\\/\\\/dmcsrb.com\\\/sport\\\/mihailovic-ovaj-poraz-nece-pokvariti-sve-dobro-sto-sam-dozivio-u-reprezentaciji\\\/#breadcrumb\"},\"inLanguage\":\"en-GB\",\"potentialAction\":[{\"@type\":\"ReadAction\",\"target\":[\"https:\\\/\\\/dmcsrb.com\\\/sport\\\/mihailovic-ovaj-poraz-nece-pokvariti-sve-dobro-sto-sam-dozivio-u-reprezentaciji\\\/\"]}]},{\"@type\":\"ImageObject\",\"inLanguage\":\"en-GB\",\"@id\":\"https:\\\/\\\/dmcsrb.com\\\/sport\\\/mihailovic-ovaj-poraz-nece-pokvariti-sve-dobro-sto-sam-dozivio-u-reprezentaciji\\\/#primaryimage\",\"url\":\"https:\\\/\\\/dmcsrb.com\\\/wp-content\\\/uploads\\\/2026\\\/01\\\/Mihailovic-protiv-Britanije-FIBA.webp\",\"contentUrl\":\"https:\\\/\\\/dmcsrb.com\\\/wp-content\\\/uploads\\\/2026\\\/01\\\/Mihailovic-protiv-Britanije-FIBA.webp\",\"width\":2400,\"height\":1597},{\"@type\":\"BreadcrumbList\",\"@id\":\"https:\\\/\\\/dmcsrb.com\\\/sport\\\/mihailovic-ovaj-poraz-nece-pokvariti-sve-dobro-sto-sam-dozivio-u-reprezentaciji\\\/#breadcrumb\",\"itemListElement\":[{\"@type\":\"ListItem\",\"position\":1,\"name\":\"Home\",\"item\":\"https:\\\/\\\/dmcsrb.com\\\/\"},{\"@type\":\"ListItem\",\"position\":2,\"name\":\"Mihailovi\u0107: Ovaj poraz ne\u0107e pokvariti sve dobro \u0161to sam do\u017eivio u reprezentaciji\"}]},{\"@type\":\"WebSite\",\"@id\":\"https:\\\/\\\/dmcsrb.com\\\/#website\",\"url\":\"https:\\\/\\\/dmcsrb.com\\\/\",\"name\":\"dmcsrb.com\",\"description\":\"\",\"potentialAction\":[{\"@type\":\"SearchAction\",\"target\":{\"@type\":\"EntryPoint\",\"urlTemplate\":\"https:\\\/\\\/dmcsrb.com\\\/?s={search_term_string}\"},\"query-input\":{\"@type\":\"PropertyValueSpecification\",\"valueRequired\":true,\"valueName\":\"search_term_string\"}}],\"inLanguage\":\"en-GB\"},{\"@type\":\"Person\",\"@id\":\"https:\\\/\\\/dmcsrb.com\\\/#\\\/schema\\\/person\\\/5c39170f12db1b8b457732d0b5c854e2\",\"name\":\"dmcsrbija.com@gmail.com\",\"image\":{\"@type\":\"ImageObject\",\"inLanguage\":\"en-GB\",\"@id\":\"https:\\\/\\\/secure.gravatar.com\\\/avatar\\\/68592660ad6347fad0fb587f8d5d8f1a7b44961362f56e4f2cd524feb87e9069?s=96&d=mm&r=g\",\"url\":\"https:\\\/\\\/secure.gravatar.com\\\/avatar\\\/68592660ad6347fad0fb587f8d5d8f1a7b44961362f56e4f2cd524feb87e9069?s=96&d=mm&r=g\",\"contentUrl\":\"https:\\\/\\\/secure.gravatar.com\\\/avatar\\\/68592660ad6347fad0fb587f8d5d8f1a7b44961362f56e4f2cd524feb87e9069?s=96&d=mm&r=g\",\"caption\":\"dmcsrbija.com@gmail.com\"},\"sameAs\":[\"https:\\\/\\\/dmcsrb.com\"],\"url\":\"https:\\\/\\\/dmcsrb.com\\\/en\\\/author\\\/dmcsrbija-comgmail-com\\\/\"}]}<\/script>\n<!-- \/ Yoast SEO plugin. -->","yoast_head_json":{"title":"Mihailovi\u0107: Ovaj poraz ne\u0107e pokvariti sve dobro \u0161to sam do\u017eivio u reprezentaciji - dmcsrb.com","robots":{"index":"index","follow":"follow","max-snippet":"max-snippet:-1","max-image-preview":"max-image-preview:large","max-video-preview":"max-video-preview:-1"},"canonical":"https:\/\/dmcsrb.com\/en\/sport\/mihailovic-ovaj-poraz-nece-pokvariti-sve-dobro-sto-sam-dozivio-u-reprezentaciji\/","og_locale":"en_GB","og_type":"article","og_title":"Mihailovi\u0107: Ovaj poraz ne\u0107e pokvariti sve dobro \u0161to sam do\u017eivio u reprezentaciji - dmcsrb.com","og_description":"Nikola Vu\u010devi\u0107 nije jedini na\u0161 igra\u010d koji se danas oprostio od nacionalog tima. U\u010dinio je to i bek Vladimir Mihailovi\u0107. Ko\u0161arka\u0161 Zadra je poru\u010dio da nije zami\u0161ljao ovakav opro\u0161taj od \"crvenih\".","og_url":"https:\/\/dmcsrb.com\/en\/sport\/mihailovic-ovaj-poraz-nece-pokvariti-sve-dobro-sto-sam-dozivio-u-reprezentaciji\/","og_site_name":"dmcsrb.com","article_published_time":"2025-09-03T13:33:00+00:00","og_image":[{"width":2400,"height":1597,"url":"https:\/\/dmcsrb.com\/wp-content\/uploads\/2026\/01\/Mihailovic-protiv-Britanije-FIBA.webp","type":"image\/webp"}],"author":"dmcsrbija.com@gmail.com","twitter_card":"summary_large_image","twitter_misc":{"Written by":"dmcsrbija.com@gmail.com","Estimated reading time":"1 minute"},"schema":{"@context":"https:\/\/schema.org","@graph":[{"@type":"Article","@id":"https:\/\/dmcsrb.com\/sport\/mihailovic-ovaj-poraz-nece-pokvariti-sve-dobro-sto-sam-dozivio-u-reprezentaciji\/#article","isPartOf":{"@id":"https:\/\/dmcsrb.com\/sport\/mihailovic-ovaj-poraz-nece-pokvariti-sve-dobro-sto-sam-dozivio-u-reprezentaciji\/"},"author":{"name":"dmcsrbija.com@gmail.com","@id":"https:\/\/dmcsrb.com\/#\/schema\/person\/5c39170f12db1b8b457732d0b5c854e2"},"headline":"Mihailovi\u0107: Ovaj poraz ne\u0107e pokvariti sve dobro \u0161to sam do\u017eivio u reprezentaciji","datePublished":"2025-09-03T13:33:00+00:00","mainEntityOfPage":{"@id":"https:\/\/dmcsrb.com\/sport\/mihailovic-ovaj-poraz-nece-pokvariti-sve-dobro-sto-sam-dozivio-u-reprezentaciji\/"},"wordCount":207,"commentCount":0,"image":{"@id":"https:\/\/dmcsrb.com\/sport\/mihailovic-ovaj-poraz-nece-pokvariti-sve-dobro-sto-sam-dozivio-u-reprezentaciji\/#primaryimage"},"thumbnailUrl":"https:\/\/dmcsrb.com\/wp-content\/uploads\/2026\/01\/Mihailovic-protiv-Britanije-FIBA.webp","keywords":["Eurobasket 2025","Mu\u0161ka ko\u0161arka\u0161ka reprezentacija Crne Gore","Vladimir Mihailovi\u0107"],"articleSection":["Sport"],"inLanguage":"en-GB","potentialAction":[{"@type":"CommentAction","name":"Comment","target":["https:\/\/dmcsrb.com\/sport\/mihailovic-ovaj-poraz-nece-pokvariti-sve-dobro-sto-sam-dozivio-u-reprezentaciji\/#respond"]}]},{"@type":"WebPage","@id":"https:\/\/dmcsrb.com\/sport\/mihailovic-ovaj-poraz-nece-pokvariti-sve-dobro-sto-sam-dozivio-u-reprezentaciji\/","url":"https:\/\/dmcsrb.com\/sport\/mihailovic-ovaj-poraz-nece-pokvariti-sve-dobro-sto-sam-dozivio-u-reprezentaciji\/","name":"Mihailovi\u0107: Ovaj poraz ne\u0107e pokvariti sve dobro \u0161to sam do\u017eivio u reprezentaciji - dmcsrb.com","isPartOf":{"@id":"https:\/\/dmcsrb.com\/#website"},"primaryImageOfPage":{"@id":"https:\/\/dmcsrb.com\/sport\/mihailovic-ovaj-poraz-nece-pokvariti-sve-dobro-sto-sam-dozivio-u-reprezentaciji\/#primaryimage"},"image":{"@id":"https:\/\/dmcsrb.com\/sport\/mihailovic-ovaj-poraz-nece-pokvariti-sve-dobro-sto-sam-dozivio-u-reprezentaciji\/#primaryimage"},"thumbnailUrl":"https:\/\/dmcsrb.com\/wp-content\/uploads\/2026\/01\/Mihailovic-protiv-Britanije-FIBA.webp","datePublished":"2025-09-03T13:33:00+00:00","author":{"@id":"https:\/\/dmcsrb.com\/#\/schema\/person\/5c39170f12db1b8b457732d0b5c854e2"},"breadcrumb":{"@id":"https:\/\/dmcsrb.com\/sport\/mihailovic-ovaj-poraz-nece-pokvariti-sve-dobro-sto-sam-dozivio-u-reprezentaciji\/#breadcrumb"},"inLanguage":"en-GB","potentialAction":[{"@type":"ReadAction","target":["https:\/\/dmcsrb.com\/sport\/mihailovic-ovaj-poraz-nece-pokvariti-sve-dobro-sto-sam-dozivio-u-reprezentaciji\/"]}]},{"@type":"ImageObject","inLanguage":"en-GB","@id":"https:\/\/dmcsrb.com\/sport\/mihailovic-ovaj-poraz-nece-pokvariti-sve-dobro-sto-sam-dozivio-u-reprezentaciji\/#primaryimage","url":"https:\/\/dmcsrb.com\/wp-content\/uploads\/2026\/01\/Mihailovic-protiv-Britanije-FIBA.webp","contentUrl":"https:\/\/dmcsrb.com\/wp-content\/uploads\/2026\/01\/Mihailovic-protiv-Britanije-FIBA.webp","width":2400,"height":1597},{"@type":"BreadcrumbList","@id":"https:\/\/dmcsrb.com\/sport\/mihailovic-ovaj-poraz-nece-pokvariti-sve-dobro-sto-sam-dozivio-u-reprezentaciji\/#breadcrumb","itemListElement":[{"@type":"ListItem","position":1,"name":"Home","item":"https:\/\/dmcsrb.com\/"},{"@type":"ListItem","position":2,"name":"Mihailovi\u0107: Ovaj poraz ne\u0107e pokvariti sve dobro \u0161to sam do\u017eivio u reprezentaciji"}]},{"@type":"WebSite","@id":"https:\/\/dmcsrb.com\/#website","url":"https:\/\/dmcsrb.com\/","name":"dmcsrb.com","description":"","potentialAction":[{"@type":"SearchAction","target":{"@type":"EntryPoint","urlTemplate":"https:\/\/dmcsrb.com\/?s={search_term_string}"},"query-input":{"@type":"PropertyValueSpecification","valueRequired":true,"valueName":"search_term_string"}}],"inLanguage":"en-GB"},{"@type":"Person","@id":"https:\/\/dmcsrb.com\/#\/schema\/person\/5c39170f12db1b8b457732d0b5c854e2","name":"dmcsrbija.com@gmail.com","image":{"@type":"ImageObject","inLanguage":"en-GB","@id":"https:\/\/secure.gravatar.com\/avatar\/68592660ad6347fad0fb587f8d5d8f1a7b44961362f56e4f2cd524feb87e9069?s=96&d=mm&r=g","url":"https:\/\/secure.gravatar.com\/avatar\/68592660ad6347fad0fb587f8d5d8f1a7b44961362f56e4f2cd524feb87e9069?s=96&d=mm&r=g","contentUrl":"https:\/\/secure.gravatar.com\/avatar\/68592660ad6347fad0fb587f8d5d8f1a7b44961362f56e4f2cd524feb87e9069?s=96&d=mm&r=g","caption":"dmcsrbija.com@gmail.com"},"sameAs":["https:\/\/dmcsrb.com"],"url":"https:\/\/dmcsrb.com\/en\/author\/dmcsrbija-comgmail-com\/"}]}},"_links":{"self":[{"href":"https:\/\/dmcsrb.com\/en\/wp-json\/wp\/v2\/posts\/949980","targetHints":{"allow":["GET"]}}],"collection":[{"href":"https:\/\/dmcsrb.com\/en\/wp-json\/wp\/v2\/posts"}],"about":[{"href":"https:\/\/dmcsrb.com\/en\/wp-json\/wp\/v2\/types\/post"}],"author":[{"embeddable":true,"href":"https:\/\/dmcsrb.com\/en\/wp-json\/wp\/v2\/users\/1"}],"replies":[{"embeddable":true,"href":"https:\/\/dmcsrb.com\/en\/wp-json\/wp\/v2\/comments?post=949980"}],"version-history":[{"count":0,"href":"https:\/\/dmcsrb.com\/en\/wp-json\/wp\/v2\/posts\/949980\/revisions"}],"wp:featuredmedia":[{"embeddable":true,"href":"https:\/\/dmcsrb.com\/en\/wp-json\/wp\/v2\/media\/949981"}],"wp:attachment":[{"href":"https:\/\/dmcsrb.com\/en\/wp-json\/wp\/v2\/media?parent=949980"}],"wp:term":[{"taxonomy":"category","embeddable":true,"href":"https:\/\/dmcsrb.com\/en\/wp-json\/wp\/v2\/categories?post=949980"},{"taxonomy":"post_tag","embeddable":true,"href":"https:\/\/dmcsrb.com\/en\/wp-json\/wp\/v2\/tags?post=949980"},{"taxonomy":"naslovna","embeddable":true,"href":"https:\/\/dmcsrb.com\/en\/wp-json\/wp\/v2\/naslovna?post=949980"}],"curies":[{"name":"wp","href":"https:\/\/api.w.org\/{rel}","templated":true}]}}