{"id":949962,"date":"2025-09-03T14:41:00","date_gmt":"2025-09-03T12:41:00","guid":{"rendered":"https:\/\/dmcsrb.com\/uncategorized\/emitovani-prisluskivani-razgovori-saradnika-u-postupku-protiv-belivukovog-klana\/"},"modified":"2025-09-03T14:41:00","modified_gmt":"2025-09-03T12:41:00","slug":"emitovani-prisluskivani-razgovori-saradnika-u-postupku-protiv-belivukovog-klana","status":"publish","type":"post","link":"https:\/\/dmcsrb.com\/en\/region\/emitovani-prisluskivani-razgovori-saradnika-u-postupku-protiv-belivukovog-klana\/","title":{"rendered":"Emitovani prislu\u0161kivani razgovori saradnika u postupku protiv Belivukovog klana"},"content":{"rendered":"<p><\/p>\n\n\n\n<p>Saradnici Tu\u017eila\u0161tva za organizovani kriminal Sr\u0111an Lali\u0107, Bojan Hrvatin i Nikola Spasojevi\u0107, osim statusa saradnika imaju istovremeno i status okrivljenih, budu\u0107i da je rije\u010d o visokorangiranim \u010dlanovima Belivukovog klana, kom se sudi za sedam te\u0161kih ubistava, otmice, mu\u010denje, silovanje, prodaju droge i nedozvoljeno dr\u017eanje oru\u017eja.<\/p>\n\n\n\n<p>Lali\u0107, Hrvatin i Spasojevi\u0107 bili su prisutni na glavnim pretresima samo kada su svjedo\u010dili i bili unakrsno ispitivani. To se doga\u0111alo u dva navrata, kada je su\u0111enje po\u010delo prvi put 2022. godine i kada je po\u010delo iznova 2024. zbog promjene predsjednice sudskog vije\u0107a, koja je oti\u0161la u penziju.<\/p>\n\n\n\n<p>Prije nego \u0161to je su\u0111enje zapo\u010deto, njih trojica su zaklju\u010dili sporazume sa Tu\u017eila\u0161tvom i nagodili se na ni\u017ee kazne zatvora za priznanje krivice i istinito svjedo\u010denje o svim kriminalnim aktivnostima koja se na teret stavljaju pripadnicima klana \u010dije su vo\u0111e Veljko Belivuk i Marko Miljkovi\u0107.<\/p>\n\n\n\n<p>Lali\u0107 je osu\u0111en na 18, Hrvatin na 15, a Spasojevi\u0107 na 14 godina zatvora.<\/p>\n\n\n\n<p>Snimke njihovih razgovora zabilje\u017eila je policija, jer su okrivljeni \u010dlanovi Belivukove grupe bili u razli\u010ditim periodima prije hap\u0161enja u februaru 2021. na mjerama tajnog pra\u0107enja i prislu\u0161kivanja. Pojedinci bili su nadzirani i du\u017ee od \u0161est mjeseci prije nego \u0161to su uhap\u0161eni.<\/p>\n\n\n\n<p>U tim audio zapisima Lali\u0107 je razgovarao o kupovini broja\u010da novca, kupovini nepokretnosti, uvo\u0111enju opti\u010dkog interneta na stadionu &#8220;Partizana&#8221;, ali i o zakupu internet domena za &#8220;skaj&#8221;.<\/p>\n\n\n\n<p>Podsjetimo, okrivljeni saradnik Sr\u0111an Lali\u0107 bio je glavni distributer aplikacije &#8220;skaj&#8221; za za\u0161ti\u0107enu komunikaciju u okviru Belivukovog klana. Na koji na\u010din je organizovao ovakav posao, od kada je po\u010deo njime da se bavi i kome je sve prodavao &#8220;skaj&#8221; naloge, Lali\u0107 je detaljno dovorio tokom svjedo\u010denja u Specijalnom sudu.<\/p>\n\n\n\n<p>Okrivljeni saradnik potvrdio je da je on vodio preslu\u0161ane razgovore. Nije bilo pitanja za njega, ali je okrivljeni Belivuk iznio stav kako je Sr\u0111an Lali\u0107 priznao da je izvr\u0161io krivi\u010dna djela pranje novca i trgovina narkoticima, te pozvao tu\u017eila\u0161tvo da pokrene postupak protiv njega.<\/p>\n\n\n\n<p>U presretnutim razgovorima okrivljeni saradnik Nikola Spasojevi\u0107 govori o radovima koje je zajedno sa ro\u0111enim bratom izvodio na ku\u0107i Veljka Belivuka i optu\u017ebama vo\u0111e klana da ga je o\u0161tetio tom prilikom, odnosno da su se Spasojevi\u0107 i brat &#8220;ugra\u0111ivali&#8221;. Tako\u0111e, u razgovorima sa bratom pominjao je da \u0107e ga za\u0161titi, ukoliko ga Belivuk bude maltretirao zbog optu\u017ebi da se &#8220;ugra\u0111uje&#8221;.<\/p>\n\n\n\n<p>U slu\u010daju Bojana Hrvatina emitivani su snimci njegovog kretanja koji se dovode u vezu sa izvr\u0161enjem krivi\u010dnih djela za koja se tereti.<\/p>\n\n\n\n<p>On je u sudnici kazao da pojedine snimke ne mo\u017ee da komentari\u0161e, jer su lo\u0161eg kvaliteta, ali da &#8220;misli da prepoznaje sebe i Gorana Veli\u010dkovi\u0107a&#8221;, \u010dije se ubistvo izme\u0111u ostalih stavlja na teret Belivukovom klanu.<\/p>","protected":false},"excerpt":{"rendered":"<p>Prislu\u0161kivani razgovori trojice okrivljenih saradnika u postupku protiv Belivukovog klana emitovani su danas u sudnici Specijalnog suda u njihovom prisustvu.<\/p>","protected":false},"author":1,"featured_media":910116,"comment_status":"open","ping_status":"open","sticky":false,"template":"","format":"standard","meta":{"_acf_changed":false,"footnotes":""},"categories":[103],"tags":[6790,312,6629,314],"naslovna":[],"class_list":["post-949962","post","type-post","status-publish","format-standard","has-post-thumbnail","hentry","category-region","tag-belivukov-klan","tag-marko-miljkovic","tag-specijalni-sud-u-beogradu","tag-veljko-belivuk"],"acf":[],"yoast_head":"<!-- This site is optimized with the Yoast SEO plugin v27.4 - https:\/\/yoast.com\/product\/yoast-seo-wordpress\/ -->\n<title>Emitovani prislu\u0161kivani razgovori saradnika u postupku protiv Belivukovog klana - dmcsrb.com<\/title>\n<meta name=\"robots\" content=\"index, follow, max-snippet:-1, max-image-preview:large, max-video-preview:-1\" \/>\n<link rel=\"canonical\" href=\"https:\/\/dmcsrb.com\/en\/region\/emitovani-prisluskivani-razgovori-saradnika-u-postupku-protiv-belivukovog-klana\/\" \/>\n<meta property=\"og:locale\" content=\"en_GB\" \/>\n<meta property=\"og:type\" content=\"article\" \/>\n<meta property=\"og:title\" content=\"Emitovani prislu\u0161kivani razgovori saradnika u postupku protiv Belivukovog klana - dmcsrb.com\" \/>\n<meta property=\"og:description\" content=\"Prislu\u0161kivani razgovori trojice okrivljenih saradnika u postupku protiv Belivukovog klana emitovani su danas u sudnici Specijalnog suda u njihovom prisustvu.\" \/>\n<meta property=\"og:url\" content=\"https:\/\/dmcsrb.com\/en\/region\/emitovani-prisluskivani-razgovori-saradnika-u-postupku-protiv-belivukovog-klana\/\" \/>\n<meta property=\"og:site_name\" content=\"dmcsrb.com\" \/>\n<meta property=\"article:published_time\" content=\"2025-09-03T12:41:00+00:00\" \/>\n<meta property=\"og:image\" content=\"https:\/\/dmcsrb.com\/wp-content\/uploads\/2026\/01\/hapsenje-Belivukove-grupe-foto-mup-srbije.jpg\" \/>\n\t<meta property=\"og:image:width\" content=\"932\" \/>\n\t<meta property=\"og:image:height\" content=\"522\" \/>\n\t<meta property=\"og:image:type\" content=\"image\/jpeg\" \/>\n<meta name=\"author\" content=\"dmcsrbija.com@gmail.com\" \/>\n<meta name=\"twitter:card\" content=\"summary_large_image\" \/>\n<meta name=\"twitter:label1\" content=\"Written by\" \/>\n\t<meta name=\"twitter:data1\" content=\"dmcsrbija.com@gmail.com\" \/>\n\t<meta name=\"twitter:label2\" content=\"Estimated reading time\" \/>\n\t<meta name=\"twitter:data2\" content=\"2 minutes\" \/>\n<script type=\"application\/ld+json\" class=\"yoast-schema-graph\">{\"@context\":\"https:\\\/\\\/schema.org\",\"@graph\":[{\"@type\":\"Article\",\"@id\":\"https:\\\/\\\/dmcsrb.com\\\/region\\\/emitovani-prisluskivani-razgovori-saradnika-u-postupku-protiv-belivukovog-klana\\\/#article\",\"isPartOf\":{\"@id\":\"https:\\\/\\\/dmcsrb.com\\\/region\\\/emitovani-prisluskivani-razgovori-saradnika-u-postupku-protiv-belivukovog-klana\\\/\"},\"author\":{\"name\":\"dmcsrbija.com@gmail.com\",\"@id\":\"https:\\\/\\\/dmcsrb.com\\\/#\\\/schema\\\/person\\\/5c39170f12db1b8b457732d0b5c854e2\"},\"headline\":\"Emitovani prislu\u0161kivani razgovori saradnika u postupku protiv Belivukovog klana\",\"datePublished\":\"2025-09-03T12:41:00+00:00\",\"mainEntityOfPage\":{\"@id\":\"https:\\\/\\\/dmcsrb.com\\\/region\\\/emitovani-prisluskivani-razgovori-saradnika-u-postupku-protiv-belivukovog-klana\\\/\"},\"wordCount\":499,\"commentCount\":0,\"image\":{\"@id\":\"https:\\\/\\\/dmcsrb.com\\\/region\\\/emitovani-prisluskivani-razgovori-saradnika-u-postupku-protiv-belivukovog-klana\\\/#primaryimage\"},\"thumbnailUrl\":\"https:\\\/\\\/dmcsrb.com\\\/wp-content\\\/uploads\\\/2026\\\/01\\\/hapsenje-Belivukove-grupe-foto-mup-srbije.jpg\",\"keywords\":[\"Belivukov klan\",\"Marko Miljkovi\u0107\",\"Specijalni sud u Beogradu\",\"Veljko Belivuk\"],\"articleSection\":[\"Region\"],\"inLanguage\":\"en-GB\",\"potentialAction\":[{\"@type\":\"CommentAction\",\"name\":\"Comment\",\"target\":[\"https:\\\/\\\/dmcsrb.com\\\/region\\\/emitovani-prisluskivani-razgovori-saradnika-u-postupku-protiv-belivukovog-klana\\\/#respond\"]}]},{\"@type\":\"WebPage\",\"@id\":\"https:\\\/\\\/dmcsrb.com\\\/region\\\/emitovani-prisluskivani-razgovori-saradnika-u-postupku-protiv-belivukovog-klana\\\/\",\"url\":\"https:\\\/\\\/dmcsrb.com\\\/region\\\/emitovani-prisluskivani-razgovori-saradnika-u-postupku-protiv-belivukovog-klana\\\/\",\"name\":\"Emitovani prislu\u0161kivani razgovori saradnika u postupku protiv Belivukovog klana - dmcsrb.com\",\"isPartOf\":{\"@id\":\"https:\\\/\\\/dmcsrb.com\\\/#website\"},\"primaryImageOfPage\":{\"@id\":\"https:\\\/\\\/dmcsrb.com\\\/region\\\/emitovani-prisluskivani-razgovori-saradnika-u-postupku-protiv-belivukovog-klana\\\/#primaryimage\"},\"image\":{\"@id\":\"https:\\\/\\\/dmcsrb.com\\\/region\\\/emitovani-prisluskivani-razgovori-saradnika-u-postupku-protiv-belivukovog-klana\\\/#primaryimage\"},\"thumbnailUrl\":\"https:\\\/\\\/dmcsrb.com\\\/wp-content\\\/uploads\\\/2026\\\/01\\\/hapsenje-Belivukove-grupe-foto-mup-srbije.jpg\",\"datePublished\":\"2025-09-03T12:41:00+00:00\",\"author\":{\"@id\":\"https:\\\/\\\/dmcsrb.com\\\/#\\\/schema\\\/person\\\/5c39170f12db1b8b457732d0b5c854e2\"},\"breadcrumb\":{\"@id\":\"https:\\\/\\\/dmcsrb.com\\\/region\\\/emitovani-prisluskivani-razgovori-saradnika-u-postupku-protiv-belivukovog-klana\\\/#breadcrumb\"},\"inLanguage\":\"en-GB\",\"potentialAction\":[{\"@type\":\"ReadAction\",\"target\":[\"https:\\\/\\\/dmcsrb.com\\\/region\\\/emitovani-prisluskivani-razgovori-saradnika-u-postupku-protiv-belivukovog-klana\\\/\"]}]},{\"@type\":\"ImageObject\",\"inLanguage\":\"en-GB\",\"@id\":\"https:\\\/\\\/dmcsrb.com\\\/region\\\/emitovani-prisluskivani-razgovori-saradnika-u-postupku-protiv-belivukovog-klana\\\/#primaryimage\",\"url\":\"https:\\\/\\\/dmcsrb.com\\\/wp-content\\\/uploads\\\/2026\\\/01\\\/hapsenje-Belivukove-grupe-foto-mup-srbije.jpg\",\"contentUrl\":\"https:\\\/\\\/dmcsrb.com\\\/wp-content\\\/uploads\\\/2026\\\/01\\\/hapsenje-Belivukove-grupe-foto-mup-srbije.jpg\",\"width\":932,\"height\":522},{\"@type\":\"BreadcrumbList\",\"@id\":\"https:\\\/\\\/dmcsrb.com\\\/region\\\/emitovani-prisluskivani-razgovori-saradnika-u-postupku-protiv-belivukovog-klana\\\/#breadcrumb\",\"itemListElement\":[{\"@type\":\"ListItem\",\"position\":1,\"name\":\"Home\",\"item\":\"https:\\\/\\\/dmcsrb.com\\\/\"},{\"@type\":\"ListItem\",\"position\":2,\"name\":\"Emitovani prislu\u0161kivani razgovori saradnika u postupku protiv Belivukovog klana\"}]},{\"@type\":\"WebSite\",\"@id\":\"https:\\\/\\\/dmcsrb.com\\\/#website\",\"url\":\"https:\\\/\\\/dmcsrb.com\\\/\",\"name\":\"dmcsrb.com\",\"description\":\"\",\"potentialAction\":[{\"@type\":\"SearchAction\",\"target\":{\"@type\":\"EntryPoint\",\"urlTemplate\":\"https:\\\/\\\/dmcsrb.com\\\/?s={search_term_string}\"},\"query-input\":{\"@type\":\"PropertyValueSpecification\",\"valueRequired\":true,\"valueName\":\"search_term_string\"}}],\"inLanguage\":\"en-GB\"},{\"@type\":\"Person\",\"@id\":\"https:\\\/\\\/dmcsrb.com\\\/#\\\/schema\\\/person\\\/5c39170f12db1b8b457732d0b5c854e2\",\"name\":\"dmcsrbija.com@gmail.com\",\"image\":{\"@type\":\"ImageObject\",\"inLanguage\":\"en-GB\",\"@id\":\"https:\\\/\\\/secure.gravatar.com\\\/avatar\\\/68592660ad6347fad0fb587f8d5d8f1a7b44961362f56e4f2cd524feb87e9069?s=96&d=mm&r=g\",\"url\":\"https:\\\/\\\/secure.gravatar.com\\\/avatar\\\/68592660ad6347fad0fb587f8d5d8f1a7b44961362f56e4f2cd524feb87e9069?s=96&d=mm&r=g\",\"contentUrl\":\"https:\\\/\\\/secure.gravatar.com\\\/avatar\\\/68592660ad6347fad0fb587f8d5d8f1a7b44961362f56e4f2cd524feb87e9069?s=96&d=mm&r=g\",\"caption\":\"dmcsrbija.com@gmail.com\"},\"sameAs\":[\"https:\\\/\\\/dmcsrb.com\"],\"url\":\"https:\\\/\\\/dmcsrb.com\\\/en\\\/author\\\/dmcsrbija-comgmail-com\\\/\"}]}<\/script>\n<!-- \/ Yoast SEO plugin. -->","yoast_head_json":{"title":"Emitovani prislu\u0161kivani razgovori saradnika u postupku protiv Belivukovog klana - dmcsrb.com","robots":{"index":"index","follow":"follow","max-snippet":"max-snippet:-1","max-image-preview":"max-image-preview:large","max-video-preview":"max-video-preview:-1"},"canonical":"https:\/\/dmcsrb.com\/en\/region\/emitovani-prisluskivani-razgovori-saradnika-u-postupku-protiv-belivukovog-klana\/","og_locale":"en_GB","og_type":"article","og_title":"Emitovani prislu\u0161kivani razgovori saradnika u postupku protiv Belivukovog klana - dmcsrb.com","og_description":"Prislu\u0161kivani razgovori trojice okrivljenih saradnika u postupku protiv Belivukovog klana emitovani su danas u sudnici Specijalnog suda u njihovom prisustvu.","og_url":"https:\/\/dmcsrb.com\/en\/region\/emitovani-prisluskivani-razgovori-saradnika-u-postupku-protiv-belivukovog-klana\/","og_site_name":"dmcsrb.com","article_published_time":"2025-09-03T12:41:00+00:00","og_image":[{"width":932,"height":522,"url":"https:\/\/dmcsrb.com\/wp-content\/uploads\/2026\/01\/hapsenje-Belivukove-grupe-foto-mup-srbije.jpg","type":"image\/jpeg"}],"author":"dmcsrbija.com@gmail.com","twitter_card":"summary_large_image","twitter_misc":{"Written by":"dmcsrbija.com@gmail.com","Estimated reading time":"2 minutes"},"schema":{"@context":"https:\/\/schema.org","@graph":[{"@type":"Article","@id":"https:\/\/dmcsrb.com\/region\/emitovani-prisluskivani-razgovori-saradnika-u-postupku-protiv-belivukovog-klana\/#article","isPartOf":{"@id":"https:\/\/dmcsrb.com\/region\/emitovani-prisluskivani-razgovori-saradnika-u-postupku-protiv-belivukovog-klana\/"},"author":{"name":"dmcsrbija.com@gmail.com","@id":"https:\/\/dmcsrb.com\/#\/schema\/person\/5c39170f12db1b8b457732d0b5c854e2"},"headline":"Emitovani prislu\u0161kivani razgovori saradnika u postupku protiv Belivukovog klana","datePublished":"2025-09-03T12:41:00+00:00","mainEntityOfPage":{"@id":"https:\/\/dmcsrb.com\/region\/emitovani-prisluskivani-razgovori-saradnika-u-postupku-protiv-belivukovog-klana\/"},"wordCount":499,"commentCount":0,"image":{"@id":"https:\/\/dmcsrb.com\/region\/emitovani-prisluskivani-razgovori-saradnika-u-postupku-protiv-belivukovog-klana\/#primaryimage"},"thumbnailUrl":"https:\/\/dmcsrb.com\/wp-content\/uploads\/2026\/01\/hapsenje-Belivukove-grupe-foto-mup-srbije.jpg","keywords":["Belivukov klan","Marko Miljkovi\u0107","Specijalni sud u Beogradu","Veljko Belivuk"],"articleSection":["Region"],"inLanguage":"en-GB","potentialAction":[{"@type":"CommentAction","name":"Comment","target":["https:\/\/dmcsrb.com\/region\/emitovani-prisluskivani-razgovori-saradnika-u-postupku-protiv-belivukovog-klana\/#respond"]}]},{"@type":"WebPage","@id":"https:\/\/dmcsrb.com\/region\/emitovani-prisluskivani-razgovori-saradnika-u-postupku-protiv-belivukovog-klana\/","url":"https:\/\/dmcsrb.com\/region\/emitovani-prisluskivani-razgovori-saradnika-u-postupku-protiv-belivukovog-klana\/","name":"Emitovani prislu\u0161kivani razgovori saradnika u postupku protiv Belivukovog klana - dmcsrb.com","isPartOf":{"@id":"https:\/\/dmcsrb.com\/#website"},"primaryImageOfPage":{"@id":"https:\/\/dmcsrb.com\/region\/emitovani-prisluskivani-razgovori-saradnika-u-postupku-protiv-belivukovog-klana\/#primaryimage"},"image":{"@id":"https:\/\/dmcsrb.com\/region\/emitovani-prisluskivani-razgovori-saradnika-u-postupku-protiv-belivukovog-klana\/#primaryimage"},"thumbnailUrl":"https:\/\/dmcsrb.com\/wp-content\/uploads\/2026\/01\/hapsenje-Belivukove-grupe-foto-mup-srbije.jpg","datePublished":"2025-09-03T12:41:00+00:00","author":{"@id":"https:\/\/dmcsrb.com\/#\/schema\/person\/5c39170f12db1b8b457732d0b5c854e2"},"breadcrumb":{"@id":"https:\/\/dmcsrb.com\/region\/emitovani-prisluskivani-razgovori-saradnika-u-postupku-protiv-belivukovog-klana\/#breadcrumb"},"inLanguage":"en-GB","potentialAction":[{"@type":"ReadAction","target":["https:\/\/dmcsrb.com\/region\/emitovani-prisluskivani-razgovori-saradnika-u-postupku-protiv-belivukovog-klana\/"]}]},{"@type":"ImageObject","inLanguage":"en-GB","@id":"https:\/\/dmcsrb.com\/region\/emitovani-prisluskivani-razgovori-saradnika-u-postupku-protiv-belivukovog-klana\/#primaryimage","url":"https:\/\/dmcsrb.com\/wp-content\/uploads\/2026\/01\/hapsenje-Belivukove-grupe-foto-mup-srbije.jpg","contentUrl":"https:\/\/dmcsrb.com\/wp-content\/uploads\/2026\/01\/hapsenje-Belivukove-grupe-foto-mup-srbije.jpg","width":932,"height":522},{"@type":"BreadcrumbList","@id":"https:\/\/dmcsrb.com\/region\/emitovani-prisluskivani-razgovori-saradnika-u-postupku-protiv-belivukovog-klana\/#breadcrumb","itemListElement":[{"@type":"ListItem","position":1,"name":"Home","item":"https:\/\/dmcsrb.com\/"},{"@type":"ListItem","position":2,"name":"Emitovani prislu\u0161kivani razgovori saradnika u postupku protiv Belivukovog klana"}]},{"@type":"WebSite","@id":"https:\/\/dmcsrb.com\/#website","url":"https:\/\/dmcsrb.com\/","name":"dmcsrb.com","description":"","potentialAction":[{"@type":"SearchAction","target":{"@type":"EntryPoint","urlTemplate":"https:\/\/dmcsrb.com\/?s={search_term_string}"},"query-input":{"@type":"PropertyValueSpecification","valueRequired":true,"valueName":"search_term_string"}}],"inLanguage":"en-GB"},{"@type":"Person","@id":"https:\/\/dmcsrb.com\/#\/schema\/person\/5c39170f12db1b8b457732d0b5c854e2","name":"dmcsrbija.com@gmail.com","image":{"@type":"ImageObject","inLanguage":"en-GB","@id":"https:\/\/secure.gravatar.com\/avatar\/68592660ad6347fad0fb587f8d5d8f1a7b44961362f56e4f2cd524feb87e9069?s=96&d=mm&r=g","url":"https:\/\/secure.gravatar.com\/avatar\/68592660ad6347fad0fb587f8d5d8f1a7b44961362f56e4f2cd524feb87e9069?s=96&d=mm&r=g","contentUrl":"https:\/\/secure.gravatar.com\/avatar\/68592660ad6347fad0fb587f8d5d8f1a7b44961362f56e4f2cd524feb87e9069?s=96&d=mm&r=g","caption":"dmcsrbija.com@gmail.com"},"sameAs":["https:\/\/dmcsrb.com"],"url":"https:\/\/dmcsrb.com\/en\/author\/dmcsrbija-comgmail-com\/"}]}},"_links":{"self":[{"href":"https:\/\/dmcsrb.com\/en\/wp-json\/wp\/v2\/posts\/949962","targetHints":{"allow":["GET"]}}],"collection":[{"href":"https:\/\/dmcsrb.com\/en\/wp-json\/wp\/v2\/posts"}],"about":[{"href":"https:\/\/dmcsrb.com\/en\/wp-json\/wp\/v2\/types\/post"}],"author":[{"embeddable":true,"href":"https:\/\/dmcsrb.com\/en\/wp-json\/wp\/v2\/users\/1"}],"replies":[{"embeddable":true,"href":"https:\/\/dmcsrb.com\/en\/wp-json\/wp\/v2\/comments?post=949962"}],"version-history":[{"count":0,"href":"https:\/\/dmcsrb.com\/en\/wp-json\/wp\/v2\/posts\/949962\/revisions"}],"wp:featuredmedia":[{"embeddable":true,"href":"https:\/\/dmcsrb.com\/en\/wp-json\/wp\/v2\/media\/910116"}],"wp:attachment":[{"href":"https:\/\/dmcsrb.com\/en\/wp-json\/wp\/v2\/media?parent=949962"}],"wp:term":[{"taxonomy":"category","embeddable":true,"href":"https:\/\/dmcsrb.com\/en\/wp-json\/wp\/v2\/categories?post=949962"},{"taxonomy":"post_tag","embeddable":true,"href":"https:\/\/dmcsrb.com\/en\/wp-json\/wp\/v2\/tags?post=949962"},{"taxonomy":"naslovna","embeddable":true,"href":"https:\/\/dmcsrb.com\/en\/wp-json\/wp\/v2\/naslovna?post=949962"}],"curies":[{"name":"wp","href":"https:\/\/api.w.org\/{rel}","templated":true}]}}