{"id":949922,"date":"2025-09-03T12:54:00","date_gmt":"2025-09-03T10:54:00","guid":{"rendered":"https:\/\/dmcsrb.com\/uncategorized\/dodik-i-viskovic-ostali-bez-diplomatskih-pasosa-bih\/"},"modified":"2025-09-03T12:54:00","modified_gmt":"2025-09-03T10:54:00","slug":"dodik-i-viskovic-ostali-bez-diplomatskih-pasosa-bih","status":"publish","type":"post","link":"https:\/\/dmcsrb.com\/en\/region\/dodik-i-viskovic-ostali-bez-diplomatskih-pasosa-bih\/","title":{"rendered":"Dodik i Vi\u0161kovi\u0107 ostali bez diplomatskih paso\u0161a BiH"},"content":{"rendered":"<p><\/p>\n\n\n\n<p><\/p>\n\n\n\n<p>Prema informacijama Raporta, diplomatski paso\u0161 Dodiku je danas poni\u0161ten po automatizmu i progla\u0161en neva\u017ee\u0107im. Ministar Konakovi\u0107 je zahtjev uputio nakon \u0161to je Dodiku pravosna\u017eno oduzet mandat predsjednika RS odlukom Suda BiH, \u0161to je postalo pravosna\u017eno 18. avgusta.<\/p>\n\n\n\n<p>U dopisu upu\u0107enom Dodiku navodi se:&nbsp;<em>\u201cImaju\u0107i u vidu da je odredbama \u010dlana 9. stav (1) Pravilnika o izdavanju diplomatskih paso\u0161a propisano da je nosilac diplomatskog paso\u0161a, kome je prestalo svojstvo na osnovu kojeg je stekao pravo na taj paso\u0161, du\u017ean u roku od 15 dana od dana prestanka svojstva vratiti paso\u0161, pozivamo imenovanog na vra\u0107anje diplomatskog paso\u0161a.\u201d<\/em><\/p>\n\n\n\n<p>Do danas je Dodik, uprkos tome, koristio diplomatski paso\u0161, uklju\u010duju\u0107i i tri putovanja u Srbiju. Sada \u0107e mo\u0107i putovati samo obi\u010dnim paso\u0161em, bez diplomatskih privilegija.<\/p>\n\n\n\n<p>Ministarstvo vanjskih poslova \u0107e obavijestiti Grani\u010dnu policiju BiH i diplomatsko-konzularnu mre\u017eu da je paso\u0161 poni\u0161ten te da Dodik njime ne\u0107e mo\u0107i prelaziti dr\u017eavnu granicu.<\/p>\n\n\n\n<p>I biv\u0161i premijer Republike Srpske&nbsp;<strong>Radovan Vi\u0161kovi\u0107<\/strong>&nbsp;tako\u0111e ostaje bez diplomatskog paso\u0161a nakon \u0161to ga je Narodna skup\u0161tina RS razrije\u0161ila du\u017enosti. On je, kao i Dodik, du\u017ean vratiti paso\u0161 nadle\u017enom ministarstvu.<\/p>","protected":false},"excerpt":{"rendered":"<p>Ministar vanjskih poslova Bosne i Hercegovine\u00a0Elmedin Konakovi\u0107\u00a0zatra\u017eio je prije 15 dana od biv\u0161eg predsjednika Republike Srpske\u00a0Milorada Dodika\u00a0da vrati diplomatski paso\u0161 BiH. Rok za vra\u0107anje paso\u0161a istekao je danas, 3. septembra, a Dodik je odbio postupiti po zahtjevu Ministarstva vanjskih poslova.<\/p>","protected":false},"author":1,"featured_media":944700,"comment_status":"open","ping_status":"open","sticky":false,"template":"","format":"standard","meta":{"_acf_changed":false,"footnotes":""},"categories":[103],"tags":[6775,6776],"naslovna":[],"class_list":["post-949922","post","type-post","status-publish","format-standard","has-post-thumbnail","hentry","category-region","tag-bis","tag-dodik"],"acf":[],"yoast_head":"<!-- This site is optimized with the Yoast SEO plugin v27.4 - https:\/\/yoast.com\/product\/yoast-seo-wordpress\/ -->\n<title>Dodik i Vi\u0161kovi\u0107 ostali bez diplomatskih paso\u0161a BiH - dmcsrb.com<\/title>\n<meta name=\"robots\" content=\"index, follow, max-snippet:-1, max-image-preview:large, max-video-preview:-1\" \/>\n<link rel=\"canonical\" href=\"https:\/\/dmcsrb.com\/en\/region\/dodik-i-viskovic-ostali-bez-diplomatskih-pasosa-bih\/\" \/>\n<meta property=\"og:locale\" content=\"en_GB\" \/>\n<meta property=\"og:type\" content=\"article\" \/>\n<meta property=\"og:title\" content=\"Dodik i Vi\u0161kovi\u0107 ostali bez diplomatskih paso\u0161a BiH - dmcsrb.com\" \/>\n<meta property=\"og:description\" content=\"Ministar vanjskih poslova Bosne i Hercegovine\u00a0Elmedin Konakovi\u0107\u00a0zatra\u017eio je prije 15 dana od biv\u0161eg predsjednika Republike Srpske\u00a0Milorada Dodika\u00a0da vrati diplomatski paso\u0161 BiH. Rok za vra\u0107anje paso\u0161a istekao je danas, 3. septembra, a Dodik je odbio postupiti po zahtjevu Ministarstva vanjskih poslova.\" \/>\n<meta property=\"og:url\" content=\"https:\/\/dmcsrb.com\/en\/region\/dodik-i-viskovic-ostali-bez-diplomatskih-pasosa-bih\/\" \/>\n<meta property=\"og:site_name\" content=\"dmcsrb.com\" \/>\n<meta property=\"article:published_time\" content=\"2025-09-03T10:54:00+00:00\" \/>\n<meta property=\"og:image\" content=\"https:\/\/dmcsrb.com\/wp-content\/uploads\/2026\/01\/dodik-printscreen-rtrs.webp\" \/>\n\t<meta property=\"og:image:width\" content=\"798\" \/>\n\t<meta property=\"og:image:height\" content=\"489\" \/>\n\t<meta property=\"og:image:type\" content=\"image\/jpeg\" \/>\n<meta name=\"author\" content=\"dmcsrbija.com@gmail.com\" \/>\n<meta name=\"twitter:card\" content=\"summary_large_image\" \/>\n<meta name=\"twitter:label1\" content=\"Written by\" \/>\n\t<meta name=\"twitter:data1\" content=\"dmcsrbija.com@gmail.com\" \/>\n\t<meta name=\"twitter:label2\" content=\"Estimated reading time\" \/>\n\t<meta name=\"twitter:data2\" content=\"1 minute\" \/>\n<script type=\"application\/ld+json\" class=\"yoast-schema-graph\">{\"@context\":\"https:\\\/\\\/schema.org\",\"@graph\":[{\"@type\":\"Article\",\"@id\":\"https:\\\/\\\/dmcsrb.com\\\/region\\\/dodik-i-viskovic-ostali-bez-diplomatskih-pasosa-bih\\\/#article\",\"isPartOf\":{\"@id\":\"https:\\\/\\\/dmcsrb.com\\\/region\\\/dodik-i-viskovic-ostali-bez-diplomatskih-pasosa-bih\\\/\"},\"author\":{\"name\":\"dmcsrbija.com@gmail.com\",\"@id\":\"https:\\\/\\\/dmcsrb.com\\\/#\\\/schema\\\/person\\\/5c39170f12db1b8b457732d0b5c854e2\"},\"headline\":\"Dodik i Vi\u0161kovi\u0107 ostali bez diplomatskih paso\u0161a BiH\",\"datePublished\":\"2025-09-03T10:54:00+00:00\",\"mainEntityOfPage\":{\"@id\":\"https:\\\/\\\/dmcsrb.com\\\/region\\\/dodik-i-viskovic-ostali-bez-diplomatskih-pasosa-bih\\\/\"},\"wordCount\":217,\"commentCount\":0,\"image\":{\"@id\":\"https:\\\/\\\/dmcsrb.com\\\/region\\\/dodik-i-viskovic-ostali-bez-diplomatskih-pasosa-bih\\\/#primaryimage\"},\"thumbnailUrl\":\"https:\\\/\\\/dmcsrb.com\\\/wp-content\\\/uploads\\\/2026\\\/01\\\/dodik-printscreen-rtrs.webp\",\"keywords\":[\"bis\",\"Dodik\"],\"articleSection\":[\"Region\"],\"inLanguage\":\"en-GB\",\"potentialAction\":[{\"@type\":\"CommentAction\",\"name\":\"Comment\",\"target\":[\"https:\\\/\\\/dmcsrb.com\\\/region\\\/dodik-i-viskovic-ostali-bez-diplomatskih-pasosa-bih\\\/#respond\"]}]},{\"@type\":\"WebPage\",\"@id\":\"https:\\\/\\\/dmcsrb.com\\\/region\\\/dodik-i-viskovic-ostali-bez-diplomatskih-pasosa-bih\\\/\",\"url\":\"https:\\\/\\\/dmcsrb.com\\\/region\\\/dodik-i-viskovic-ostali-bez-diplomatskih-pasosa-bih\\\/\",\"name\":\"Dodik i Vi\u0161kovi\u0107 ostali bez diplomatskih paso\u0161a BiH - dmcsrb.com\",\"isPartOf\":{\"@id\":\"https:\\\/\\\/dmcsrb.com\\\/#website\"},\"primaryImageOfPage\":{\"@id\":\"https:\\\/\\\/dmcsrb.com\\\/region\\\/dodik-i-viskovic-ostali-bez-diplomatskih-pasosa-bih\\\/#primaryimage\"},\"image\":{\"@id\":\"https:\\\/\\\/dmcsrb.com\\\/region\\\/dodik-i-viskovic-ostali-bez-diplomatskih-pasosa-bih\\\/#primaryimage\"},\"thumbnailUrl\":\"https:\\\/\\\/dmcsrb.com\\\/wp-content\\\/uploads\\\/2026\\\/01\\\/dodik-printscreen-rtrs.webp\",\"datePublished\":\"2025-09-03T10:54:00+00:00\",\"author\":{\"@id\":\"https:\\\/\\\/dmcsrb.com\\\/#\\\/schema\\\/person\\\/5c39170f12db1b8b457732d0b5c854e2\"},\"breadcrumb\":{\"@id\":\"https:\\\/\\\/dmcsrb.com\\\/region\\\/dodik-i-viskovic-ostali-bez-diplomatskih-pasosa-bih\\\/#breadcrumb\"},\"inLanguage\":\"en-GB\",\"potentialAction\":[{\"@type\":\"ReadAction\",\"target\":[\"https:\\\/\\\/dmcsrb.com\\\/region\\\/dodik-i-viskovic-ostali-bez-diplomatskih-pasosa-bih\\\/\"]}]},{\"@type\":\"ImageObject\",\"inLanguage\":\"en-GB\",\"@id\":\"https:\\\/\\\/dmcsrb.com\\\/region\\\/dodik-i-viskovic-ostali-bez-diplomatskih-pasosa-bih\\\/#primaryimage\",\"url\":\"https:\\\/\\\/dmcsrb.com\\\/wp-content\\\/uploads\\\/2026\\\/01\\\/dodik-printscreen-rtrs.webp\",\"contentUrl\":\"https:\\\/\\\/dmcsrb.com\\\/wp-content\\\/uploads\\\/2026\\\/01\\\/dodik-printscreen-rtrs.webp\",\"width\":798,\"height\":489},{\"@type\":\"BreadcrumbList\",\"@id\":\"https:\\\/\\\/dmcsrb.com\\\/region\\\/dodik-i-viskovic-ostali-bez-diplomatskih-pasosa-bih\\\/#breadcrumb\",\"itemListElement\":[{\"@type\":\"ListItem\",\"position\":1,\"name\":\"Home\",\"item\":\"https:\\\/\\\/dmcsrb.com\\\/\"},{\"@type\":\"ListItem\",\"position\":2,\"name\":\"Dodik i Vi\u0161kovi\u0107 ostali bez diplomatskih paso\u0161a BiH\"}]},{\"@type\":\"WebSite\",\"@id\":\"https:\\\/\\\/dmcsrb.com\\\/#website\",\"url\":\"https:\\\/\\\/dmcsrb.com\\\/\",\"name\":\"dmcsrb.com\",\"description\":\"\",\"potentialAction\":[{\"@type\":\"SearchAction\",\"target\":{\"@type\":\"EntryPoint\",\"urlTemplate\":\"https:\\\/\\\/dmcsrb.com\\\/?s={search_term_string}\"},\"query-input\":{\"@type\":\"PropertyValueSpecification\",\"valueRequired\":true,\"valueName\":\"search_term_string\"}}],\"inLanguage\":\"en-GB\"},{\"@type\":\"Person\",\"@id\":\"https:\\\/\\\/dmcsrb.com\\\/#\\\/schema\\\/person\\\/5c39170f12db1b8b457732d0b5c854e2\",\"name\":\"dmcsrbija.com@gmail.com\",\"image\":{\"@type\":\"ImageObject\",\"inLanguage\":\"en-GB\",\"@id\":\"https:\\\/\\\/secure.gravatar.com\\\/avatar\\\/68592660ad6347fad0fb587f8d5d8f1a7b44961362f56e4f2cd524feb87e9069?s=96&d=mm&r=g\",\"url\":\"https:\\\/\\\/secure.gravatar.com\\\/avatar\\\/68592660ad6347fad0fb587f8d5d8f1a7b44961362f56e4f2cd524feb87e9069?s=96&d=mm&r=g\",\"contentUrl\":\"https:\\\/\\\/secure.gravatar.com\\\/avatar\\\/68592660ad6347fad0fb587f8d5d8f1a7b44961362f56e4f2cd524feb87e9069?s=96&d=mm&r=g\",\"caption\":\"dmcsrbija.com@gmail.com\"},\"sameAs\":[\"https:\\\/\\\/dmcsrb.com\"],\"url\":\"https:\\\/\\\/dmcsrb.com\\\/en\\\/author\\\/dmcsrbija-comgmail-com\\\/\"}]}<\/script>\n<!-- \/ Yoast SEO plugin. -->","yoast_head_json":{"title":"Dodik i Vi\u0161kovi\u0107 ostali bez diplomatskih paso\u0161a BiH - dmcsrb.com","robots":{"index":"index","follow":"follow","max-snippet":"max-snippet:-1","max-image-preview":"max-image-preview:large","max-video-preview":"max-video-preview:-1"},"canonical":"https:\/\/dmcsrb.com\/en\/region\/dodik-i-viskovic-ostali-bez-diplomatskih-pasosa-bih\/","og_locale":"en_GB","og_type":"article","og_title":"Dodik i Vi\u0161kovi\u0107 ostali bez diplomatskih paso\u0161a BiH - dmcsrb.com","og_description":"Ministar vanjskih poslova Bosne i Hercegovine\u00a0Elmedin Konakovi\u0107\u00a0zatra\u017eio je prije 15 dana od biv\u0161eg predsjednika Republike Srpske\u00a0Milorada Dodika\u00a0da vrati diplomatski paso\u0161 BiH. Rok za vra\u0107anje paso\u0161a istekao je danas, 3. septembra, a Dodik je odbio postupiti po zahtjevu Ministarstva vanjskih poslova.","og_url":"https:\/\/dmcsrb.com\/en\/region\/dodik-i-viskovic-ostali-bez-diplomatskih-pasosa-bih\/","og_site_name":"dmcsrb.com","article_published_time":"2025-09-03T10:54:00+00:00","og_image":[{"width":798,"height":489,"url":"https:\/\/dmcsrb.com\/wp-content\/uploads\/2026\/01\/dodik-printscreen-rtrs.webp","type":"image\/jpeg"}],"author":"dmcsrbija.com@gmail.com","twitter_card":"summary_large_image","twitter_misc":{"Written by":"dmcsrbija.com@gmail.com","Estimated reading time":"1 minute"},"schema":{"@context":"https:\/\/schema.org","@graph":[{"@type":"Article","@id":"https:\/\/dmcsrb.com\/region\/dodik-i-viskovic-ostali-bez-diplomatskih-pasosa-bih\/#article","isPartOf":{"@id":"https:\/\/dmcsrb.com\/region\/dodik-i-viskovic-ostali-bez-diplomatskih-pasosa-bih\/"},"author":{"name":"dmcsrbija.com@gmail.com","@id":"https:\/\/dmcsrb.com\/#\/schema\/person\/5c39170f12db1b8b457732d0b5c854e2"},"headline":"Dodik i Vi\u0161kovi\u0107 ostali bez diplomatskih paso\u0161a BiH","datePublished":"2025-09-03T10:54:00+00:00","mainEntityOfPage":{"@id":"https:\/\/dmcsrb.com\/region\/dodik-i-viskovic-ostali-bez-diplomatskih-pasosa-bih\/"},"wordCount":217,"commentCount":0,"image":{"@id":"https:\/\/dmcsrb.com\/region\/dodik-i-viskovic-ostali-bez-diplomatskih-pasosa-bih\/#primaryimage"},"thumbnailUrl":"https:\/\/dmcsrb.com\/wp-content\/uploads\/2026\/01\/dodik-printscreen-rtrs.webp","keywords":["bis","Dodik"],"articleSection":["Region"],"inLanguage":"en-GB","potentialAction":[{"@type":"CommentAction","name":"Comment","target":["https:\/\/dmcsrb.com\/region\/dodik-i-viskovic-ostali-bez-diplomatskih-pasosa-bih\/#respond"]}]},{"@type":"WebPage","@id":"https:\/\/dmcsrb.com\/region\/dodik-i-viskovic-ostali-bez-diplomatskih-pasosa-bih\/","url":"https:\/\/dmcsrb.com\/region\/dodik-i-viskovic-ostali-bez-diplomatskih-pasosa-bih\/","name":"Dodik i Vi\u0161kovi\u0107 ostali bez diplomatskih paso\u0161a BiH - dmcsrb.com","isPartOf":{"@id":"https:\/\/dmcsrb.com\/#website"},"primaryImageOfPage":{"@id":"https:\/\/dmcsrb.com\/region\/dodik-i-viskovic-ostali-bez-diplomatskih-pasosa-bih\/#primaryimage"},"image":{"@id":"https:\/\/dmcsrb.com\/region\/dodik-i-viskovic-ostali-bez-diplomatskih-pasosa-bih\/#primaryimage"},"thumbnailUrl":"https:\/\/dmcsrb.com\/wp-content\/uploads\/2026\/01\/dodik-printscreen-rtrs.webp","datePublished":"2025-09-03T10:54:00+00:00","author":{"@id":"https:\/\/dmcsrb.com\/#\/schema\/person\/5c39170f12db1b8b457732d0b5c854e2"},"breadcrumb":{"@id":"https:\/\/dmcsrb.com\/region\/dodik-i-viskovic-ostali-bez-diplomatskih-pasosa-bih\/#breadcrumb"},"inLanguage":"en-GB","potentialAction":[{"@type":"ReadAction","target":["https:\/\/dmcsrb.com\/region\/dodik-i-viskovic-ostali-bez-diplomatskih-pasosa-bih\/"]}]},{"@type":"ImageObject","inLanguage":"en-GB","@id":"https:\/\/dmcsrb.com\/region\/dodik-i-viskovic-ostali-bez-diplomatskih-pasosa-bih\/#primaryimage","url":"https:\/\/dmcsrb.com\/wp-content\/uploads\/2026\/01\/dodik-printscreen-rtrs.webp","contentUrl":"https:\/\/dmcsrb.com\/wp-content\/uploads\/2026\/01\/dodik-printscreen-rtrs.webp","width":798,"height":489},{"@type":"BreadcrumbList","@id":"https:\/\/dmcsrb.com\/region\/dodik-i-viskovic-ostali-bez-diplomatskih-pasosa-bih\/#breadcrumb","itemListElement":[{"@type":"ListItem","position":1,"name":"Home","item":"https:\/\/dmcsrb.com\/"},{"@type":"ListItem","position":2,"name":"Dodik i Vi\u0161kovi\u0107 ostali bez diplomatskih paso\u0161a BiH"}]},{"@type":"WebSite","@id":"https:\/\/dmcsrb.com\/#website","url":"https:\/\/dmcsrb.com\/","name":"dmcsrb.com","description":"","potentialAction":[{"@type":"SearchAction","target":{"@type":"EntryPoint","urlTemplate":"https:\/\/dmcsrb.com\/?s={search_term_string}"},"query-input":{"@type":"PropertyValueSpecification","valueRequired":true,"valueName":"search_term_string"}}],"inLanguage":"en-GB"},{"@type":"Person","@id":"https:\/\/dmcsrb.com\/#\/schema\/person\/5c39170f12db1b8b457732d0b5c854e2","name":"dmcsrbija.com@gmail.com","image":{"@type":"ImageObject","inLanguage":"en-GB","@id":"https:\/\/secure.gravatar.com\/avatar\/68592660ad6347fad0fb587f8d5d8f1a7b44961362f56e4f2cd524feb87e9069?s=96&d=mm&r=g","url":"https:\/\/secure.gravatar.com\/avatar\/68592660ad6347fad0fb587f8d5d8f1a7b44961362f56e4f2cd524feb87e9069?s=96&d=mm&r=g","contentUrl":"https:\/\/secure.gravatar.com\/avatar\/68592660ad6347fad0fb587f8d5d8f1a7b44961362f56e4f2cd524feb87e9069?s=96&d=mm&r=g","caption":"dmcsrbija.com@gmail.com"},"sameAs":["https:\/\/dmcsrb.com"],"url":"https:\/\/dmcsrb.com\/en\/author\/dmcsrbija-comgmail-com\/"}]}},"_links":{"self":[{"href":"https:\/\/dmcsrb.com\/en\/wp-json\/wp\/v2\/posts\/949922","targetHints":{"allow":["GET"]}}],"collection":[{"href":"https:\/\/dmcsrb.com\/en\/wp-json\/wp\/v2\/posts"}],"about":[{"href":"https:\/\/dmcsrb.com\/en\/wp-json\/wp\/v2\/types\/post"}],"author":[{"embeddable":true,"href":"https:\/\/dmcsrb.com\/en\/wp-json\/wp\/v2\/users\/1"}],"replies":[{"embeddable":true,"href":"https:\/\/dmcsrb.com\/en\/wp-json\/wp\/v2\/comments?post=949922"}],"version-history":[{"count":0,"href":"https:\/\/dmcsrb.com\/en\/wp-json\/wp\/v2\/posts\/949922\/revisions"}],"wp:featuredmedia":[{"embeddable":true,"href":"https:\/\/dmcsrb.com\/en\/wp-json\/wp\/v2\/media\/944700"}],"wp:attachment":[{"href":"https:\/\/dmcsrb.com\/en\/wp-json\/wp\/v2\/media?parent=949922"}],"wp:term":[{"taxonomy":"category","embeddable":true,"href":"https:\/\/dmcsrb.com\/en\/wp-json\/wp\/v2\/categories?post=949922"},{"taxonomy":"post_tag","embeddable":true,"href":"https:\/\/dmcsrb.com\/en\/wp-json\/wp\/v2\/tags?post=949922"},{"taxonomy":"naslovna","embeddable":true,"href":"https:\/\/dmcsrb.com\/en\/wp-json\/wp\/v2\/naslovna?post=949922"}],"curies":[{"name":"wp","href":"https:\/\/api.w.org\/{rel}","templated":true}]}}