{"id":949889,"date":"2025-09-03T11:53:00","date_gmt":"2025-09-03T09:53:00","guid":{"rendered":"https:\/\/dmcsrb.com\/uncategorized\/crnogorski-strucnjaci-iz-dijaspore-doprinijeli-zdravstvu-u-zemlji\/"},"modified":"2025-09-03T11:53:00","modified_gmt":"2025-09-03T09:53:00","slug":"crnogorski-strucnjaci-iz-dijaspore-doprinijeli-zdravstvu-u-zemlji","status":"publish","type":"post","link":"https:\/\/dmcsrb.com\/en\/drustvo\/crnogorski-strucnjaci-iz-dijaspore-doprinijeli-zdravstvu-u-zemlji\/","title":{"rendered":"Crnogorski stru\u010dnjaci iz dijaspore doprinijeli zdravstvu u zemlji"},"content":{"rendered":"<p><\/p>\n\n\n\n<p>Tokom trajanja ovog va\u017enog projekta, dva istaknuta stru\u010dnjaka u oblasti medicine iz crnogorske dijaspore \u2013<strong>Nikola \u0106ulafi\u0107 i Maja Bulatovi\u0107 \u0106alasan \u2013<\/strong>&nbsp;aktivno su doprinijeli preno\u0161enju znanja i ja\u010danju kapaciteta doma\u0107ih institucija u oblastima zdravstva i obrazovanja, s posebnim akcentom na mentalno zdravlje i imunologiju.<\/p>\n\n\n\n<p>Nikola \u0106ulafi\u0107, prvi specijalista dje\u010dije i adolescentne psihijatrije u &nbsp;Crnoj Gori, trenutno&nbsp; vi\u0161i ljekar u Centru za psihijatriju Ravensburg u Njema\u010dkoj, tokom druge faze projekta (maj\u2013jul 2025) realizovao je vi\u0161enedjeljni anga\u017eman u zemlji. Tokom boravka, ostvario je intenzivnu saradnju sa Klini\u010dkim centrom Crne Gore (KCCG) kroz klini\u010dki rad, timske konsultacije i brojne edukativne sesije.<\/p>\n\n\n\n<p>youtube.com\/watch?time_continue=38&amp;v=4dtF-F_sxDo&amp;embeds_referring_euri=https%3A%2F%2Fwww.cdm.me%2F&amp;source_ve_path=MTM5MTE3LDM2ODQyLDEzOTExNywyODY2Ng<\/p>\n\n\n\n<p>Organizovane su terenske posjete i sastanci sa klju\u010dnim akterima u oblasti mentalnog zdravlja djece i mladih \u2013 uklju\u010duju\u0107i sve dje\u010dije psihijatre u zemlji, relevantna odjeljenja KCCG-a, obuhvataju\u0107i Centar za rani razvoj, JU Dje\u010dji dom \u201eMladost\u201c u Bijeloj, Centar za djecu i mlade \u201eLjubovi\u0107\u201c, instituciju Za\u0161titinika ljudskih prava i sloboda i mobilni multidisciplinarni tim za porodi\u010dno orijentisanu ranu intervenciju (PORI) u Beranama. Posjete su omogu\u0107ile neposredan uvid u rad sistema, uz aktivno u\u010de\u0161\u0107e u stru\u010dnim timovima, klini\u010dkim sastancima i razmjenu iskustva sa kolegama, koji su rezultirali klju\u010dnim preporukama za razvoj oblasti dje\u010dije psihijatrije u Crnoj Gori skladu sa EU standardima.<\/p>\n\n\n\n<p>Kroz predavanje i duskusije na Medicinskom fakultetu Univerziteta Crne Gore, \u0106ulafi\u0107 je pru\u017eio stru\u010dnu edukaciju i podijelio praksu iz njema\u010dkog sistema. U partnerstvu sa Dje\u010djim fondom Ujedinjenih nacija (UNICEF) u Crnoj Gori odr\u017eana je tribina sa roditeljima djece sa razvojnim smetnjama. Roditelji su govorili o svakodnevnim izazovima, administrativnim barijerama i potrebi za emocionalnom i sistemskom podr\u0161kom, dok je dr \u0106ulafi\u0107 kroz facilitirane sesije razmjene odgovarao na pitanja i pru\u017eio konkretne preporuke. U partnerstvu sa Ministarstvom zdravlja i UNICEF-om u Crnoj Gori, odr\u017ean je i okrugli sto sa dje\u010djim psihijatrima i donosiocima odluka na kojem su razmatrani strate\u0161ki izazovi razvoja dje\u010dje psihijatrije u Crnoj Gori. Fokus je bio na zakonodavnom okviru, kadrovskoj politici, potrebi za decentralizacijom usluga, deinstitucionalizaciji, prevenciji stigme i uklju\u010divanju djece i roditelja u dizajn usluga, \u0161to je prepoznato kao klju\u010dna komponenta budu\u0107e reforme.<\/p>\n\n\n\n<p>Kroz direktnu razmjenu sa institucijama, profesionalcima i roditeljima, ovaj anga\u017eman pokazao je kako ekspertiza iz dijaspore mo\u017ee postati klju\u010dan dio sistemskog odgovora na izazove u oblasti dje\u010dje i adolescentne psihijatrije, u skladu sa me\u0111unarodnim standardima i pravima djeteta.<\/p>\n\n\n\n<p>\u201cZa mene je ovo bilo jedno od onih profesionalnih iskustava koje ostavi trag i na li\u010dnom planu. Imati priliku da razmijenim znanje sa kolegama u Crnoj Gori, da zajedno analiziramo izazove i potencijale u radu; kao i susreti sa pacijentima i njihovim porodicama \u2013 takvo zajedni\u0161tvo u misiji za\u0161tite mentalnog zdravlja djece i adolescenata je iskustvo koje prevazilazi granice stru\u010dnog anga\u017emana\u201c, istakao je dr Nikola \u0106ulafi\u0107.<\/p>\n\n\n\n<p>Maja Bulatovi\u0107 \u0106alasan, renomirana internistkinja\u2013alergolo\u0161kinja, klini\u010dka farmakolo\u0161kinja i klini\u010dka nau\u010dnica porijeklom iz Crne Gore, sa vi\u0161egodi\u0161njim iskustvom u Holandiji, trenutno je anga\u017eovana u presti\u017enim medicinsko-istra\u017eiva\u010dkim institucijama kao \u0161to su Univerzitetski medicinski centri u Amsterdamu i Utrechtu. Ove dvije ustanove predstavljaju sam vrh evropske medicine i istra\u017eivanja, poznate po primjeni savremenih terapijskih pristupa, multidisciplinarnom radu i razvoju inovacija u zdravstvu.<\/p>\n\n\n\n<p>Tokom svog boravka u Crnoj Gori, Bulatovi\u0107 \u0106alasan pru\u017eila je stru\u010dno savjetovanje i edukaciju ljekarima, s posebnim fokusom na novu klasifikaciju i savremeni terapijski pristup angioedemu (alergijske reakcije). Pored predavanja i stru\u010dnih sastanaka, aktivno je radila na izradi prakti\u010dnih smjernica za unapre\u0111enje oblasti imunologije u KCCG. Anga\u017eman dr Bulatovi\u0107 \u0106alasan otvorio je prostor crnogorskim kolegama za uspostavljanje stru\u010dne saradnje, kao i za upoznavanje sa naprednom medicinskom praksom presti\u017enih me\u0111unarodnih institucija, \u010dime je dodatno doprineseno unapre\u0111enju zdravstvene prakse u Crnoj Gori.<\/p>\n\n\n\n<p>\u201cPovratak u Crnu Goru kroz ovu vrstu anga\u017emana do\u017eivljavam kao li\u010dni i stru\u010dni doprinos. Zajedni\u010dki rad sa kolegama u zdravstvenim institucijama pokazao je koliko potencijala postoji za me\u0111usobno u\u010denje i institucionalno povezivanje\u201c, rekla je Maja Bulatovi\u0107 \u0106alasan.<\/p>\n\n\n\n<p>Ova inicijativa pokazuje kako saradnja sa crnogorskom dijasporom mo\u017ee donijeti osjetan doprinos dru\u0161tvu kroz direktan anga\u017eman eksperata u klju\u010dnim sektorima.<\/p>\n\n\n\n<p>Projekat je realizovan &nbsp;u dvije faze \u2013 prva je bila usmjerena na unapre\u0111enje komunikacije i umre\u017eavanja izme\u0111u Crne Gore i njene dijaspore, dok je druga faza imala za cilj strate\u0161ko i odr\u017eivo uklju\u010divanje dijaspore u razvojne procese zemlje kroz niz aktivnosti i ja\u010danje institucionalnih kapaciteta<\/p>\n\n\n\n<p>Ovaj projekat predstavlja sna\u017ean primjer kako saradnja sa dijasporom mo\u017ee biti konkretizovana kroz institucionalne kanale i me\u0111unarodna partnerstva. U\u010de\u0161\u0107e dr\u017eavnih institucija i me\u0111unarodnih partnera omogu\u0107ilo je strate\u0161ki pristup fokusiran na odr\u017eivi razvoj i ja\u010danje veza sa iseljenicima.<\/p>\n\n\n\n<p>Nakon uspje\u0161ne realizacije ove faze, IOM planira nastaviti s aktivnim radom na unapre\u0111enju saradnje s dijasporom, pojedincima iz dijaspore, relevantnim institucijama i \u0161irom javno\u0161\u0107u.. Ja\u010danje kapaciteta institucija za saradnju s dijasporom, strate\u0161ko planiranje i pro\u0161irenje programa na ve\u0107i broj sektora i stru\u010dnjaka nastavi\u0107e da bude me\u0111u strate\u0161kim i programskim prioritetima. Time se nastavlja izgradnja \u010dvrstog mosta izme\u0111u crnogorske dijaspore, doma\u0107ih institucija i dru\u0161tva \u2013 mosta znanja, povjerenja i zajedni\u010dkog djelovanja.<\/p>","protected":false},"excerpt":{"rendered":"<p>Projekat \u201eAnga\u017eovanje dijaspore za odr\u017eivi razvoj Crne Gore\u201c, koji je sprovela Agencija Ujedinjenih nacija za migracije, Me\u0111unarodna organizacija za migracije (IOM) u saradnji sa Ministarstvom dijaspore, uspje\u0161no je okon\u010dan. Ova inicijativa, finansirana od strane Razvojnog fonda IOM-a, \u010dija je implementacija zapo\u010dela 2023. godine, imala je za cilj da doprinese odr\u017eivom razvoju Crne Gore kroz valorizaciju ljudskog, ekonomskog, dru\u0161tvenog i kulturnog kapitala njene dijaspore.<\/p>","protected":false},"author":1,"featured_media":949890,"comment_status":"open","ping_status":"open","sticky":false,"template":"","format":"standard","meta":{"_acf_changed":false,"footnotes":""},"categories":[2],"tags":[3049,6423,3510],"naslovna":[],"class_list":["post-949889","post","type-post","status-publish","format-standard","has-post-thumbnail","hentry","category-drustvo","tag-dijaspora","tag-doktori","tag-strucnjaci"],"acf":[],"yoast_head":"<!-- This site is optimized with the Yoast SEO plugin v27.0 - https:\/\/yoast.com\/product\/yoast-seo-wordpress\/ -->\n<title>Crnogorski stru\u010dnjaci iz dijaspore doprinijeli zdravstvu u zemlji - dmcsrb.com<\/title>\n<meta name=\"robots\" content=\"index, follow, max-snippet:-1, max-image-preview:large, max-video-preview:-1\" \/>\n<link rel=\"canonical\" href=\"https:\/\/dmcsrb.com\/en\/drustvo\/crnogorski-strucnjaci-iz-dijaspore-doprinijeli-zdravstvu-u-zemlji\/\" \/>\n<meta property=\"og:locale\" content=\"en_GB\" \/>\n<meta property=\"og:type\" content=\"article\" \/>\n<meta property=\"og:title\" content=\"Crnogorski stru\u010dnjaci iz dijaspore doprinijeli zdravstvu u zemlji - dmcsrb.com\" \/>\n<meta property=\"og:description\" content=\"Projekat \u201eAnga\u017eovanje dijaspore za odr\u017eivi razvoj Crne Gore\u201c, koji je sprovela Agencija Ujedinjenih nacija za migracije, Me\u0111unarodna organizacija za migracije (IOM) u saradnji sa Ministarstvom dijaspore, uspje\u0161no je okon\u010dan. Ova inicijativa, finansirana od strane Razvojnog fonda IOM-a, \u010dija je implementacija zapo\u010dela 2023. godine, imala je za cilj da doprinese odr\u017eivom razvoju Crne Gore kroz valorizaciju ljudskog, ekonomskog, dru\u0161tvenog i kulturnog kapitala njene dijaspore.\" \/>\n<meta property=\"og:url\" content=\"https:\/\/dmcsrb.com\/en\/drustvo\/crnogorski-strucnjaci-iz-dijaspore-doprinijeli-zdravstvu-u-zemlji\/\" \/>\n<meta property=\"og:site_name\" content=\"dmcsrb.com\" \/>\n<meta property=\"article:published_time\" content=\"2025-09-03T09:53:00+00:00\" \/>\n<meta property=\"og:image\" content=\"https:\/\/dmcsrb.com\/wp-content\/uploads\/2026\/01\/dr.webp\" \/>\n\t<meta property=\"og:image:width\" content=\"747\" \/>\n\t<meta property=\"og:image:height\" content=\"332\" \/>\n\t<meta property=\"og:image:type\" content=\"image\/jpeg\" \/>\n<meta name=\"author\" content=\"dmcsrbija.com@gmail.com\" \/>\n<meta name=\"twitter:card\" content=\"summary_large_image\" \/>\n<meta name=\"twitter:label1\" content=\"Written by\" \/>\n\t<meta name=\"twitter:data1\" content=\"dmcsrbija.com@gmail.com\" \/>\n\t<meta name=\"twitter:label2\" content=\"Estimated reading time\" \/>\n\t<meta name=\"twitter:data2\" content=\"5 minutes\" \/>\n<script type=\"application\/ld+json\" class=\"yoast-schema-graph\">{\"@context\":\"https:\/\/schema.org\",\"@graph\":[{\"@type\":\"Article\",\"@id\":\"https:\/\/dmcsrb.com\/drustvo\/crnogorski-strucnjaci-iz-dijaspore-doprinijeli-zdravstvu-u-zemlji\/#article\",\"isPartOf\":{\"@id\":\"https:\/\/dmcsrb.com\/drustvo\/crnogorski-strucnjaci-iz-dijaspore-doprinijeli-zdravstvu-u-zemlji\/\"},\"author\":{\"name\":\"dmcsrbija.com@gmail.com\",\"@id\":\"https:\/\/dmcsrb.com\/#\/schema\/person\/5c39170f12db1b8b457732d0b5c854e2\"},\"headline\":\"Crnogorski stru\u010dnjaci iz dijaspore doprinijeli zdravstvu u zemlji\",\"datePublished\":\"2025-09-03T09:53:00+00:00\",\"mainEntityOfPage\":{\"@id\":\"https:\/\/dmcsrb.com\/drustvo\/crnogorski-strucnjaci-iz-dijaspore-doprinijeli-zdravstvu-u-zemlji\/\"},\"wordCount\":939,\"commentCount\":0,\"image\":{\"@id\":\"https:\/\/dmcsrb.com\/drustvo\/crnogorski-strucnjaci-iz-dijaspore-doprinijeli-zdravstvu-u-zemlji\/#primaryimage\"},\"thumbnailUrl\":\"https:\/\/dmcsrb.com\/wp-content\/uploads\/2026\/01\/dr.webp\",\"keywords\":[\"Dijaspora\",\"doktori\",\"stru\u010dnjaci\"],\"articleSection\":[\"Dru\u0161tvo\"],\"inLanguage\":\"en-GB\",\"potentialAction\":[{\"@type\":\"CommentAction\",\"name\":\"Comment\",\"target\":[\"https:\/\/dmcsrb.com\/drustvo\/crnogorski-strucnjaci-iz-dijaspore-doprinijeli-zdravstvu-u-zemlji\/#respond\"]}]},{\"@type\":\"WebPage\",\"@id\":\"https:\/\/dmcsrb.com\/drustvo\/crnogorski-strucnjaci-iz-dijaspore-doprinijeli-zdravstvu-u-zemlji\/\",\"url\":\"https:\/\/dmcsrb.com\/drustvo\/crnogorski-strucnjaci-iz-dijaspore-doprinijeli-zdravstvu-u-zemlji\/\",\"name\":\"Crnogorski stru\u010dnjaci iz dijaspore doprinijeli zdravstvu u zemlji - dmcsrb.com\",\"isPartOf\":{\"@id\":\"https:\/\/dmcsrb.com\/#website\"},\"primaryImageOfPage\":{\"@id\":\"https:\/\/dmcsrb.com\/drustvo\/crnogorski-strucnjaci-iz-dijaspore-doprinijeli-zdravstvu-u-zemlji\/#primaryimage\"},\"image\":{\"@id\":\"https:\/\/dmcsrb.com\/drustvo\/crnogorski-strucnjaci-iz-dijaspore-doprinijeli-zdravstvu-u-zemlji\/#primaryimage\"},\"thumbnailUrl\":\"https:\/\/dmcsrb.com\/wp-content\/uploads\/2026\/01\/dr.webp\",\"datePublished\":\"2025-09-03T09:53:00+00:00\",\"author\":{\"@id\":\"https:\/\/dmcsrb.com\/#\/schema\/person\/5c39170f12db1b8b457732d0b5c854e2\"},\"breadcrumb\":{\"@id\":\"https:\/\/dmcsrb.com\/drustvo\/crnogorski-strucnjaci-iz-dijaspore-doprinijeli-zdravstvu-u-zemlji\/#breadcrumb\"},\"inLanguage\":\"en-GB\",\"potentialAction\":[{\"@type\":\"ReadAction\",\"target\":[\"https:\/\/dmcsrb.com\/drustvo\/crnogorski-strucnjaci-iz-dijaspore-doprinijeli-zdravstvu-u-zemlji\/\"]}]},{\"@type\":\"ImageObject\",\"inLanguage\":\"en-GB\",\"@id\":\"https:\/\/dmcsrb.com\/drustvo\/crnogorski-strucnjaci-iz-dijaspore-doprinijeli-zdravstvu-u-zemlji\/#primaryimage\",\"url\":\"https:\/\/dmcsrb.com\/wp-content\/uploads\/2026\/01\/dr.webp\",\"contentUrl\":\"https:\/\/dmcsrb.com\/wp-content\/uploads\/2026\/01\/dr.webp\",\"width\":747,\"height\":332},{\"@type\":\"BreadcrumbList\",\"@id\":\"https:\/\/dmcsrb.com\/drustvo\/crnogorski-strucnjaci-iz-dijaspore-doprinijeli-zdravstvu-u-zemlji\/#breadcrumb\",\"itemListElement\":[{\"@type\":\"ListItem\",\"position\":1,\"name\":\"Home\",\"item\":\"https:\/\/dmcsrb.com\/\"},{\"@type\":\"ListItem\",\"position\":2,\"name\":\"Crnogorski stru\u010dnjaci iz dijaspore doprinijeli zdravstvu u zemlji\"}]},{\"@type\":\"WebSite\",\"@id\":\"https:\/\/dmcsrb.com\/#website\",\"url\":\"https:\/\/dmcsrb.com\/\",\"name\":\"dmcsrb.com\",\"description\":\"\",\"potentialAction\":[{\"@type\":\"SearchAction\",\"target\":{\"@type\":\"EntryPoint\",\"urlTemplate\":\"https:\/\/dmcsrb.com\/?s={search_term_string}\"},\"query-input\":{\"@type\":\"PropertyValueSpecification\",\"valueRequired\":true,\"valueName\":\"search_term_string\"}}],\"inLanguage\":\"en-GB\"},{\"@type\":\"Person\",\"@id\":\"https:\/\/dmcsrb.com\/#\/schema\/person\/5c39170f12db1b8b457732d0b5c854e2\",\"name\":\"dmcsrbija.com@gmail.com\",\"image\":{\"@type\":\"ImageObject\",\"inLanguage\":\"en-GB\",\"@id\":\"https:\/\/dmcsrb.com\/#\/schema\/person\/image\/\",\"url\":\"https:\/\/secure.gravatar.com\/avatar\/68592660ad6347fad0fb587f8d5d8f1a7b44961362f56e4f2cd524feb87e9069?s=96&d=mm&r=g\",\"contentUrl\":\"https:\/\/secure.gravatar.com\/avatar\/68592660ad6347fad0fb587f8d5d8f1a7b44961362f56e4f2cd524feb87e9069?s=96&d=mm&r=g\",\"caption\":\"dmcsrbija.com@gmail.com\"},\"sameAs\":[\"https:\/\/dmcsrb.com\"],\"url\":\"https:\/\/dmcsrb.com\/en\/author\/dmcsrbija-comgmail-com\/\"}]}<\/script>\n<!-- \/ Yoast SEO plugin. -->","yoast_head_json":{"title":"Crnogorski stru\u010dnjaci iz dijaspore doprinijeli zdravstvu u zemlji - dmcsrb.com","robots":{"index":"index","follow":"follow","max-snippet":"max-snippet:-1","max-image-preview":"max-image-preview:large","max-video-preview":"max-video-preview:-1"},"canonical":"https:\/\/dmcsrb.com\/en\/drustvo\/crnogorski-strucnjaci-iz-dijaspore-doprinijeli-zdravstvu-u-zemlji\/","og_locale":"en_GB","og_type":"article","og_title":"Crnogorski stru\u010dnjaci iz dijaspore doprinijeli zdravstvu u zemlji - dmcsrb.com","og_description":"Projekat \u201eAnga\u017eovanje dijaspore za odr\u017eivi razvoj Crne Gore\u201c, koji je sprovela Agencija Ujedinjenih nacija za migracije, Me\u0111unarodna organizacija za migracije (IOM) u saradnji sa Ministarstvom dijaspore, uspje\u0161no je okon\u010dan. Ova inicijativa, finansirana od strane Razvojnog fonda IOM-a, \u010dija je implementacija zapo\u010dela 2023. godine, imala je za cilj da doprinese odr\u017eivom razvoju Crne Gore kroz valorizaciju ljudskog, ekonomskog, dru\u0161tvenog i kulturnog kapitala njene dijaspore.","og_url":"https:\/\/dmcsrb.com\/en\/drustvo\/crnogorski-strucnjaci-iz-dijaspore-doprinijeli-zdravstvu-u-zemlji\/","og_site_name":"dmcsrb.com","article_published_time":"2025-09-03T09:53:00+00:00","og_image":[{"width":747,"height":332,"url":"https:\/\/dmcsrb.com\/wp-content\/uploads\/2026\/01\/dr.webp","type":"image\/jpeg"}],"author":"dmcsrbija.com@gmail.com","twitter_card":"summary_large_image","twitter_misc":{"Written by":"dmcsrbija.com@gmail.com","Estimated reading time":"5 minutes"},"schema":{"@context":"https:\/\/schema.org","@graph":[{"@type":"Article","@id":"https:\/\/dmcsrb.com\/drustvo\/crnogorski-strucnjaci-iz-dijaspore-doprinijeli-zdravstvu-u-zemlji\/#article","isPartOf":{"@id":"https:\/\/dmcsrb.com\/drustvo\/crnogorski-strucnjaci-iz-dijaspore-doprinijeli-zdravstvu-u-zemlji\/"},"author":{"name":"dmcsrbija.com@gmail.com","@id":"https:\/\/dmcsrb.com\/#\/schema\/person\/5c39170f12db1b8b457732d0b5c854e2"},"headline":"Crnogorski stru\u010dnjaci iz dijaspore doprinijeli zdravstvu u zemlji","datePublished":"2025-09-03T09:53:00+00:00","mainEntityOfPage":{"@id":"https:\/\/dmcsrb.com\/drustvo\/crnogorski-strucnjaci-iz-dijaspore-doprinijeli-zdravstvu-u-zemlji\/"},"wordCount":939,"commentCount":0,"image":{"@id":"https:\/\/dmcsrb.com\/drustvo\/crnogorski-strucnjaci-iz-dijaspore-doprinijeli-zdravstvu-u-zemlji\/#primaryimage"},"thumbnailUrl":"https:\/\/dmcsrb.com\/wp-content\/uploads\/2026\/01\/dr.webp","keywords":["Dijaspora","doktori","stru\u010dnjaci"],"articleSection":["Dru\u0161tvo"],"inLanguage":"en-GB","potentialAction":[{"@type":"CommentAction","name":"Comment","target":["https:\/\/dmcsrb.com\/drustvo\/crnogorski-strucnjaci-iz-dijaspore-doprinijeli-zdravstvu-u-zemlji\/#respond"]}]},{"@type":"WebPage","@id":"https:\/\/dmcsrb.com\/drustvo\/crnogorski-strucnjaci-iz-dijaspore-doprinijeli-zdravstvu-u-zemlji\/","url":"https:\/\/dmcsrb.com\/drustvo\/crnogorski-strucnjaci-iz-dijaspore-doprinijeli-zdravstvu-u-zemlji\/","name":"Crnogorski stru\u010dnjaci iz dijaspore doprinijeli zdravstvu u zemlji - dmcsrb.com","isPartOf":{"@id":"https:\/\/dmcsrb.com\/#website"},"primaryImageOfPage":{"@id":"https:\/\/dmcsrb.com\/drustvo\/crnogorski-strucnjaci-iz-dijaspore-doprinijeli-zdravstvu-u-zemlji\/#primaryimage"},"image":{"@id":"https:\/\/dmcsrb.com\/drustvo\/crnogorski-strucnjaci-iz-dijaspore-doprinijeli-zdravstvu-u-zemlji\/#primaryimage"},"thumbnailUrl":"https:\/\/dmcsrb.com\/wp-content\/uploads\/2026\/01\/dr.webp","datePublished":"2025-09-03T09:53:00+00:00","author":{"@id":"https:\/\/dmcsrb.com\/#\/schema\/person\/5c39170f12db1b8b457732d0b5c854e2"},"breadcrumb":{"@id":"https:\/\/dmcsrb.com\/drustvo\/crnogorski-strucnjaci-iz-dijaspore-doprinijeli-zdravstvu-u-zemlji\/#breadcrumb"},"inLanguage":"en-GB","potentialAction":[{"@type":"ReadAction","target":["https:\/\/dmcsrb.com\/drustvo\/crnogorski-strucnjaci-iz-dijaspore-doprinijeli-zdravstvu-u-zemlji\/"]}]},{"@type":"ImageObject","inLanguage":"en-GB","@id":"https:\/\/dmcsrb.com\/drustvo\/crnogorski-strucnjaci-iz-dijaspore-doprinijeli-zdravstvu-u-zemlji\/#primaryimage","url":"https:\/\/dmcsrb.com\/wp-content\/uploads\/2026\/01\/dr.webp","contentUrl":"https:\/\/dmcsrb.com\/wp-content\/uploads\/2026\/01\/dr.webp","width":747,"height":332},{"@type":"BreadcrumbList","@id":"https:\/\/dmcsrb.com\/drustvo\/crnogorski-strucnjaci-iz-dijaspore-doprinijeli-zdravstvu-u-zemlji\/#breadcrumb","itemListElement":[{"@type":"ListItem","position":1,"name":"Home","item":"https:\/\/dmcsrb.com\/"},{"@type":"ListItem","position":2,"name":"Crnogorski stru\u010dnjaci iz dijaspore doprinijeli zdravstvu u zemlji"}]},{"@type":"WebSite","@id":"https:\/\/dmcsrb.com\/#website","url":"https:\/\/dmcsrb.com\/","name":"dmcsrb.com","description":"","potentialAction":[{"@type":"SearchAction","target":{"@type":"EntryPoint","urlTemplate":"https:\/\/dmcsrb.com\/?s={search_term_string}"},"query-input":{"@type":"PropertyValueSpecification","valueRequired":true,"valueName":"search_term_string"}}],"inLanguage":"en-GB"},{"@type":"Person","@id":"https:\/\/dmcsrb.com\/#\/schema\/person\/5c39170f12db1b8b457732d0b5c854e2","name":"dmcsrbija.com@gmail.com","image":{"@type":"ImageObject","inLanguage":"en-GB","@id":"https:\/\/dmcsrb.com\/#\/schema\/person\/image\/","url":"https:\/\/secure.gravatar.com\/avatar\/68592660ad6347fad0fb587f8d5d8f1a7b44961362f56e4f2cd524feb87e9069?s=96&d=mm&r=g","contentUrl":"https:\/\/secure.gravatar.com\/avatar\/68592660ad6347fad0fb587f8d5d8f1a7b44961362f56e4f2cd524feb87e9069?s=96&d=mm&r=g","caption":"dmcsrbija.com@gmail.com"},"sameAs":["https:\/\/dmcsrb.com"],"url":"https:\/\/dmcsrb.com\/en\/author\/dmcsrbija-comgmail-com\/"}]}},"_links":{"self":[{"href":"https:\/\/dmcsrb.com\/en\/wp-json\/wp\/v2\/posts\/949889","targetHints":{"allow":["GET"]}}],"collection":[{"href":"https:\/\/dmcsrb.com\/en\/wp-json\/wp\/v2\/posts"}],"about":[{"href":"https:\/\/dmcsrb.com\/en\/wp-json\/wp\/v2\/types\/post"}],"author":[{"embeddable":true,"href":"https:\/\/dmcsrb.com\/en\/wp-json\/wp\/v2\/users\/1"}],"replies":[{"embeddable":true,"href":"https:\/\/dmcsrb.com\/en\/wp-json\/wp\/v2\/comments?post=949889"}],"version-history":[{"count":0,"href":"https:\/\/dmcsrb.com\/en\/wp-json\/wp\/v2\/posts\/949889\/revisions"}],"wp:featuredmedia":[{"embeddable":true,"href":"https:\/\/dmcsrb.com\/en\/wp-json\/wp\/v2\/media\/949890"}],"wp:attachment":[{"href":"https:\/\/dmcsrb.com\/en\/wp-json\/wp\/v2\/media?parent=949889"}],"wp:term":[{"taxonomy":"category","embeddable":true,"href":"https:\/\/dmcsrb.com\/en\/wp-json\/wp\/v2\/categories?post=949889"},{"taxonomy":"post_tag","embeddable":true,"href":"https:\/\/dmcsrb.com\/en\/wp-json\/wp\/v2\/tags?post=949889"},{"taxonomy":"naslovna","embeddable":true,"href":"https:\/\/dmcsrb.com\/en\/wp-json\/wp\/v2\/naslovna?post=949889"}],"curies":[{"name":"wp","href":"https:\/\/api.w.org\/{rel}","templated":true}]}}