{"id":949858,"date":"2025-09-03T06:52:00","date_gmt":"2025-09-03T04:52:00","guid":{"rendered":"https:\/\/dmcsrb.com\/uncategorized\/radnik-kojeg-terete-da-je-pustao-pritvorenika-brani-se-sa-slobode\/"},"modified":"2025-09-03T06:52:00","modified_gmt":"2025-09-03T04:52:00","slug":"radnik-kojeg-terete-da-je-pustao-pritvorenika-brani-se-sa-slobode","status":"publish","type":"post","link":"https:\/\/dmcsrb.com\/en\/hronika\/radnik-kojeg-terete-da-je-pustao-pritvorenika-brani-se-sa-slobode\/","title":{"rendered":"Radnik kojeg terete da je pu\u0161tao pritvorenika brani se sa slobode"},"content":{"rendered":"<p><\/p>\n\n\n\n<p>Kako je saop\u0161teno Pobjedi iz ODT Kotor, jo\u0161 se provjerava ko je sve odgovoran za taj incident.<\/p>\n\n\n\n<p>&#8211; Po nalogu de\u017eurnog tu\u017eioca tog tu\u017eila\u0161tva li\u0161en je slobode S. \u0160. zbog krivi\u010dnog djela zloupotreba slu\u017ebenog polo\u017eaja, ali imenovanom nakon saslu\u0161anja nije odre\u0111eno zadr\u017eavanje. Predmet se nalazi u fazi izvi\u0111aja &#8211; precizirali su Pobjedi iz Tu\u017eila\u0161tva.<\/p>\n\n\n\n<p>Prema saznanjima Pobjede, saslu\u0161an je i R. Lj., koji je potvrdio da je vi\u0161e puta izlazio i vra\u0107ao se u bolnicu, te da mu je to bilo omogu\u0107eno.<\/p>\n\n\n\n<p>Navodno, on je pred tu\u017eiocem kazao: \u201e\u0160to \u0107u im ja kad vole pare\u201c.<\/p>\n\n\n\n<p>Podsjetimo, kotorska policija je postupala po prijavi policijskog slu\u017ebenika koji je u jednom ugostiteljskom objektu u Dobroti uo\u010dio R. Lj., pacijenta Odjeljenja za forenzi\u010dko-sudsku psihijatriju u Dobroti i nakon toga obavijestio tu\u017eioca koji je dao uputstva da se prikupe materijalni dokazi. Uvidom u snimke sa nadzornih kamera inspektori su utvrdili da je S. \u0160. otklju\u010dao vrata odjeljenja za sudsku medicinu i pustio R. Lj. da iza\u0111e.<\/p>\n\n\n\n<p>Pritvorenik R. Lj. je odlukom Osnovnog suda u Podgorici osu\u0111en na kaznu zatvora uz mjeru obaveznog lije\u010denja i nije mu dozvoljeno da napu\u0161ta sudsko odjeljenje.<\/p>\n\n\n\n<p>S. \u0160. se tereti za zloupotrebu slu\u017ebenog polo\u017eaja u produ\u017eenom trajanju.<\/p>\n\n\n\n<p>On je, kako se osnovano sumnja, kao radnik obezbje\u0111enja Specijalne bolnice dozvolio pacijentu R. Lj. da nesmetano napu\u0161ta prostorije Odjeljenja i krug bolnice, samostalno i bez nadzora, kr\u0161e\u0107i na taj na\u010din odredbe pomenutog zakona i Pravilnika.<\/p>\n\n\n\n<p>Pobjeda je krajem juna obi\u0161la Specijalnu bolnicu psihijatrije Dobrota. U na\u0161oj reporta\u017ei naveli smo da je stanje alarmantno upravo zbog toga \u0161to je \u010ditavi bolni\u010dki kompleks neogra\u0111en i bez adekvatnog nadzora. Iz razgovora sa direktorom bolnice&nbsp;<strong>dr Aleksandrom Ma\u010di\u0107em<\/strong>, kao i sa jo\u0161 desetak korisnika bolnice i zaposlenih jasno je da je bilo zloupotreba, ali da do sada niko nije snosio odgovornost.<\/p>\n\n\n\n<p>Pobjeda je tada objavila da na sudskom odjeljenju ima oko 135 osoba, a 21 krevet i da 53 odsto kapaciteta zauzimaju sudski pacijenti, za koje ova ustanova nema uslove adekvatno da ih obezbje\u0111uje. U Specijalnoj bolnici boravi 250 osoba, od \u010dega je njih 20 \u201euba\u010deno\u201c iako su kapaciteti bili popunjeni.<\/p>\n\n\n\n<p>Tako\u0111e, Dan je prije nekoliko mjeseci objavio anonimno pismo u kojem se navodi da odre\u0111ene osobe u\u017eivaju privilegije, izlaze, imaju vozila u krugu bolnice, posjete, a \u010desto su inicijatori incidenata. Ubrzo nakon toga Vijesti su pisale da dvostruki ubica&nbsp;<strong>Uro\u0161 Jegdi\u0107<\/strong>&nbsp;napu\u0161ta bolnicu, ali su iz Ministarstva zdravlja kazali da on mo\u017ee da \u0161eta u skladu sa Pravilnikom. Po\u010detkom juna je jedan osu\u0111enik za ubistvo pobjegao iz Specijalne bolnice \u010dim je primljen iz Istra\u017enog zatvora, jer ljekarka koja ga je primila ga je smjestila u sobu koja nije obezbije\u0111ena.<\/p>\n\n\n\n<h3 class=\"wp-block-heading\">Lo\u0161a za\u0161ti\u0107enost kompleksa<\/h3>\n\n\n\n<p>Objektiv fotoreportera Pobjede zabilje\u017eio je da bolnica u Dobroti nema prilaz, kao da i \u010ditav kompleks nema nikakvo obezbje\u0111enje. Bolnica iz sopstvenog bud\u017eeta pla\u0107a za\u0161titarsku agenciju koja obezbje\u0111uje sudsko odjeljenje sa tri-\u010detiri \u010duvara u smjenama od 24 sata, koji nijesu dovoljno obu\u010deni.<\/p>\n\n\n\n<p>Ova ustanova, u kojoj boravi 250 osoba, \u010desto je pod lupom javnosti zbog brojnih ozbiljnih propusta, koji ugro\u017eavaju bezbjednost ne samo pacijenata i osoblja, nego i cijelog dru\u0161tva.<\/p>\n\n\n\n<p>Direktor bolnice dr Aleksandar Ma\u010di\u0107 tada je Pobjedi saop\u0161tio frapantan podatak &#8211; da na sudskom odjeljenju ima 21 krevet, a da sudskih pacijenata ima oko 135.<\/p>\n\n\n\n<p>Od 230 kreveta u Dobroti 135 koriste sudski pacijenti, od \u010dega je \u010dak tridesetak osumnji\u010denih za ubistvo koji borave u trokrevetnim sobama.<\/p>\n\n\n\n<p>Bolnica u Dobroti godi\u0161nje pla\u0107a agenciju 80.000 eura iz sopstvenog bud\u017eeta koji bi trebalo da slu\u017ei za namje\u0161taj i ostale bolni\u010dke potrebe.<\/p>\n\n\n\n<p>Ma\u010di\u0107 je tada Pobjedi kazao da od Ministarstva zdravlja o\u010dekuju saglasnost za anga\u017eovanje ljudi koji bi obezbje\u0111ivali krug ustanove.<\/p>\n\n\n\n<h3 class=\"wp-block-heading\">Napadi i bjekstva pritvorenika<\/h3>\n\n\n\n<p>Pritvorenik koji je bio smje\u0161ten u Specijalnoj bolnici Dobrota vra\u0107en je po\u010detkom jula u Upravu za izvr\u0161enje krivi\u010dnih sankcija u Spu\u017eu, nakon \u0161to je napao drugog pacijenta.<\/p>\n\n\n\n<p>Prema na\u0161im saznanjima, do incidenta je do\u0161lo nakon \u0161to je Pobjeda bila u posjeti ustanovi koju smo posjetili kako bismo izvijestili o uslovima u kojima boravi 250 osoba.<\/p>\n\n\n\n<p>U Dobrotu se \u0161alju pritvorenici i osu\u0111enici na osnovu mi\u0161ljenja vje\u0161taka i odluka sudova, a ustanova i pored prebukiranosti ne mo\u017ee da odbije njihov prijem.<\/p>","protected":false},"excerpt":{"rendered":"<p>Radnik obezbje\u0111enja \u201eSA.G.7B. SECURITY\u201c, Nik\u0161i\u0107anin\u00a0S. \u0160.\u00a0(58), koji je zaposlen u Specijalnoj bolnici Dobrota, saslu\u0161an je pred Osnovnim dr\u017eavnim tu\u017eila\u0161tvom (ODT) u Kotoru zbog sumnje da je pu\u0161tao pritvorenika\u00a0R. Lj.\u00a0iz psihijatrijske ustanove za novac, ali mu tu\u017eilac nije odredio zadr\u017eavanje, pi\u0161e Pobjeda.<\/p>","protected":false},"author":1,"featured_media":949859,"comment_status":"open","ping_status":"open","sticky":false,"template":"","format":"standard","meta":{"_acf_changed":false,"footnotes":""},"categories":[17],"tags":[6377,6739],"naslovna":[],"class_list":["post-949858","post","type-post","status-publish","format-standard","has-post-thumbnail","hentry","category-hronika","tag-dobrota","tag-odt-kotor"],"acf":[],"yoast_head":"<!-- This site is optimized with the Yoast SEO plugin v27.4 - https:\/\/yoast.com\/product\/yoast-seo-wordpress\/ -->\n<title>Radnik kojeg terete da je pu\u0161tao pritvorenika brani se sa slobode - dmcsrb.com<\/title>\n<meta name=\"robots\" content=\"index, follow, max-snippet:-1, max-image-preview:large, max-video-preview:-1\" \/>\n<link rel=\"canonical\" href=\"https:\/\/dmcsrb.com\/en\/hronika\/radnik-kojeg-terete-da-je-pustao-pritvorenika-brani-se-sa-slobode\/\" \/>\n<meta property=\"og:locale\" content=\"en_GB\" \/>\n<meta property=\"og:type\" content=\"article\" \/>\n<meta property=\"og:title\" content=\"Radnik kojeg terete da je pu\u0161tao pritvorenika brani se sa slobode - dmcsrb.com\" \/>\n<meta property=\"og:description\" content=\"Radnik obezbje\u0111enja \u201eSA.G.7B. SECURITY\u201c, Nik\u0161i\u0107anin\u00a0S. \u0160.\u00a0(58), koji je zaposlen u Specijalnoj bolnici Dobrota, saslu\u0161an je pred Osnovnim dr\u017eavnim tu\u017eila\u0161tvom (ODT) u Kotoru zbog sumnje da je pu\u0161tao pritvorenika\u00a0R. Lj.\u00a0iz psihijatrijske ustanove za novac, ali mu tu\u017eilac nije odredio zadr\u017eavanje, pi\u0161e Pobjeda.\" \/>\n<meta property=\"og:url\" content=\"https:\/\/dmcsrb.com\/en\/hronika\/radnik-kojeg-terete-da-je-pustao-pritvorenika-brani-se-sa-slobode\/\" \/>\n<meta property=\"og:site_name\" content=\"dmcsrb.com\" \/>\n<meta property=\"article:published_time\" content=\"2025-09-03T04:52:00+00:00\" \/>\n<meta property=\"og:image\" content=\"https:\/\/dmcsrb.com\/wp-content\/uploads\/2026\/01\/Dobrota-bolnica1.webp\" \/>\n\t<meta property=\"og:image:width\" content=\"2048\" \/>\n\t<meta property=\"og:image:height\" content=\"1536\" \/>\n\t<meta property=\"og:image:type\" content=\"image\/jpeg\" \/>\n<meta name=\"author\" content=\"dmcsrbija.com@gmail.com\" \/>\n<meta name=\"twitter:card\" content=\"summary_large_image\" \/>\n<meta name=\"twitter:label1\" content=\"Written by\" \/>\n\t<meta name=\"twitter:data1\" content=\"dmcsrbija.com@gmail.com\" \/>\n\t<meta name=\"twitter:label2\" content=\"Estimated reading time\" \/>\n\t<meta name=\"twitter:data2\" content=\"4 minutes\" \/>\n<script type=\"application\/ld+json\" class=\"yoast-schema-graph\">{\"@context\":\"https:\\\/\\\/schema.org\",\"@graph\":[{\"@type\":\"Article\",\"@id\":\"https:\\\/\\\/dmcsrb.com\\\/hronika\\\/radnik-kojeg-terete-da-je-pustao-pritvorenika-brani-se-sa-slobode\\\/#article\",\"isPartOf\":{\"@id\":\"https:\\\/\\\/dmcsrb.com\\\/hronika\\\/radnik-kojeg-terete-da-je-pustao-pritvorenika-brani-se-sa-slobode\\\/\"},\"author\":{\"name\":\"dmcsrbija.com@gmail.com\",\"@id\":\"https:\\\/\\\/dmcsrb.com\\\/#\\\/schema\\\/person\\\/5c39170f12db1b8b457732d0b5c854e2\"},\"headline\":\"Radnik kojeg terete da je pu\u0161tao pritvorenika brani se sa slobode\",\"datePublished\":\"2025-09-03T04:52:00+00:00\",\"mainEntityOfPage\":{\"@id\":\"https:\\\/\\\/dmcsrb.com\\\/hronika\\\/radnik-kojeg-terete-da-je-pustao-pritvorenika-brani-se-sa-slobode\\\/\"},\"wordCount\":772,\"commentCount\":0,\"image\":{\"@id\":\"https:\\\/\\\/dmcsrb.com\\\/hronika\\\/radnik-kojeg-terete-da-je-pustao-pritvorenika-brani-se-sa-slobode\\\/#primaryimage\"},\"thumbnailUrl\":\"https:\\\/\\\/dmcsrb.com\\\/wp-content\\\/uploads\\\/2026\\\/01\\\/Dobrota-bolnica1.webp\",\"keywords\":[\"Dobrota\",\"ODT Kotor\"],\"articleSection\":[\"Hronika\"],\"inLanguage\":\"en-GB\",\"potentialAction\":[{\"@type\":\"CommentAction\",\"name\":\"Comment\",\"target\":[\"https:\\\/\\\/dmcsrb.com\\\/hronika\\\/radnik-kojeg-terete-da-je-pustao-pritvorenika-brani-se-sa-slobode\\\/#respond\"]}]},{\"@type\":\"WebPage\",\"@id\":\"https:\\\/\\\/dmcsrb.com\\\/hronika\\\/radnik-kojeg-terete-da-je-pustao-pritvorenika-brani-se-sa-slobode\\\/\",\"url\":\"https:\\\/\\\/dmcsrb.com\\\/hronika\\\/radnik-kojeg-terete-da-je-pustao-pritvorenika-brani-se-sa-slobode\\\/\",\"name\":\"Radnik kojeg terete da je pu\u0161tao pritvorenika brani se sa slobode - dmcsrb.com\",\"isPartOf\":{\"@id\":\"https:\\\/\\\/dmcsrb.com\\\/#website\"},\"primaryImageOfPage\":{\"@id\":\"https:\\\/\\\/dmcsrb.com\\\/hronika\\\/radnik-kojeg-terete-da-je-pustao-pritvorenika-brani-se-sa-slobode\\\/#primaryimage\"},\"image\":{\"@id\":\"https:\\\/\\\/dmcsrb.com\\\/hronika\\\/radnik-kojeg-terete-da-je-pustao-pritvorenika-brani-se-sa-slobode\\\/#primaryimage\"},\"thumbnailUrl\":\"https:\\\/\\\/dmcsrb.com\\\/wp-content\\\/uploads\\\/2026\\\/01\\\/Dobrota-bolnica1.webp\",\"datePublished\":\"2025-09-03T04:52:00+00:00\",\"author\":{\"@id\":\"https:\\\/\\\/dmcsrb.com\\\/#\\\/schema\\\/person\\\/5c39170f12db1b8b457732d0b5c854e2\"},\"breadcrumb\":{\"@id\":\"https:\\\/\\\/dmcsrb.com\\\/hronika\\\/radnik-kojeg-terete-da-je-pustao-pritvorenika-brani-se-sa-slobode\\\/#breadcrumb\"},\"inLanguage\":\"en-GB\",\"potentialAction\":[{\"@type\":\"ReadAction\",\"target\":[\"https:\\\/\\\/dmcsrb.com\\\/hronika\\\/radnik-kojeg-terete-da-je-pustao-pritvorenika-brani-se-sa-slobode\\\/\"]}]},{\"@type\":\"ImageObject\",\"inLanguage\":\"en-GB\",\"@id\":\"https:\\\/\\\/dmcsrb.com\\\/hronika\\\/radnik-kojeg-terete-da-je-pustao-pritvorenika-brani-se-sa-slobode\\\/#primaryimage\",\"url\":\"https:\\\/\\\/dmcsrb.com\\\/wp-content\\\/uploads\\\/2026\\\/01\\\/Dobrota-bolnica1.webp\",\"contentUrl\":\"https:\\\/\\\/dmcsrb.com\\\/wp-content\\\/uploads\\\/2026\\\/01\\\/Dobrota-bolnica1.webp\",\"width\":2048,\"height\":1536},{\"@type\":\"BreadcrumbList\",\"@id\":\"https:\\\/\\\/dmcsrb.com\\\/hronika\\\/radnik-kojeg-terete-da-je-pustao-pritvorenika-brani-se-sa-slobode\\\/#breadcrumb\",\"itemListElement\":[{\"@type\":\"ListItem\",\"position\":1,\"name\":\"Home\",\"item\":\"https:\\\/\\\/dmcsrb.com\\\/\"},{\"@type\":\"ListItem\",\"position\":2,\"name\":\"Radnik kojeg terete da je pu\u0161tao pritvorenika brani se sa slobode\"}]},{\"@type\":\"WebSite\",\"@id\":\"https:\\\/\\\/dmcsrb.com\\\/#website\",\"url\":\"https:\\\/\\\/dmcsrb.com\\\/\",\"name\":\"dmcsrb.com\",\"description\":\"\",\"potentialAction\":[{\"@type\":\"SearchAction\",\"target\":{\"@type\":\"EntryPoint\",\"urlTemplate\":\"https:\\\/\\\/dmcsrb.com\\\/?s={search_term_string}\"},\"query-input\":{\"@type\":\"PropertyValueSpecification\",\"valueRequired\":true,\"valueName\":\"search_term_string\"}}],\"inLanguage\":\"en-GB\"},{\"@type\":\"Person\",\"@id\":\"https:\\\/\\\/dmcsrb.com\\\/#\\\/schema\\\/person\\\/5c39170f12db1b8b457732d0b5c854e2\",\"name\":\"dmcsrbija.com@gmail.com\",\"image\":{\"@type\":\"ImageObject\",\"inLanguage\":\"en-GB\",\"@id\":\"https:\\\/\\\/secure.gravatar.com\\\/avatar\\\/68592660ad6347fad0fb587f8d5d8f1a7b44961362f56e4f2cd524feb87e9069?s=96&d=mm&r=g\",\"url\":\"https:\\\/\\\/secure.gravatar.com\\\/avatar\\\/68592660ad6347fad0fb587f8d5d8f1a7b44961362f56e4f2cd524feb87e9069?s=96&d=mm&r=g\",\"contentUrl\":\"https:\\\/\\\/secure.gravatar.com\\\/avatar\\\/68592660ad6347fad0fb587f8d5d8f1a7b44961362f56e4f2cd524feb87e9069?s=96&d=mm&r=g\",\"caption\":\"dmcsrbija.com@gmail.com\"},\"sameAs\":[\"https:\\\/\\\/dmcsrb.com\"],\"url\":\"https:\\\/\\\/dmcsrb.com\\\/en\\\/author\\\/dmcsrbija-comgmail-com\\\/\"}]}<\/script>\n<!-- \/ Yoast SEO plugin. -->","yoast_head_json":{"title":"Radnik kojeg terete da je pu\u0161tao pritvorenika brani se sa slobode - dmcsrb.com","robots":{"index":"index","follow":"follow","max-snippet":"max-snippet:-1","max-image-preview":"max-image-preview:large","max-video-preview":"max-video-preview:-1"},"canonical":"https:\/\/dmcsrb.com\/en\/hronika\/radnik-kojeg-terete-da-je-pustao-pritvorenika-brani-se-sa-slobode\/","og_locale":"en_GB","og_type":"article","og_title":"Radnik kojeg terete da je pu\u0161tao pritvorenika brani se sa slobode - dmcsrb.com","og_description":"Radnik obezbje\u0111enja \u201eSA.G.7B. SECURITY\u201c, Nik\u0161i\u0107anin\u00a0S. \u0160.\u00a0(58), koji je zaposlen u Specijalnoj bolnici Dobrota, saslu\u0161an je pred Osnovnim dr\u017eavnim tu\u017eila\u0161tvom (ODT) u Kotoru zbog sumnje da je pu\u0161tao pritvorenika\u00a0R. Lj.\u00a0iz psihijatrijske ustanove za novac, ali mu tu\u017eilac nije odredio zadr\u017eavanje, pi\u0161e Pobjeda.","og_url":"https:\/\/dmcsrb.com\/en\/hronika\/radnik-kojeg-terete-da-je-pustao-pritvorenika-brani-se-sa-slobode\/","og_site_name":"dmcsrb.com","article_published_time":"2025-09-03T04:52:00+00:00","og_image":[{"width":2048,"height":1536,"url":"https:\/\/dmcsrb.com\/wp-content\/uploads\/2026\/01\/Dobrota-bolnica1.webp","type":"image\/jpeg"}],"author":"dmcsrbija.com@gmail.com","twitter_card":"summary_large_image","twitter_misc":{"Written by":"dmcsrbija.com@gmail.com","Estimated reading time":"4 minutes"},"schema":{"@context":"https:\/\/schema.org","@graph":[{"@type":"Article","@id":"https:\/\/dmcsrb.com\/hronika\/radnik-kojeg-terete-da-je-pustao-pritvorenika-brani-se-sa-slobode\/#article","isPartOf":{"@id":"https:\/\/dmcsrb.com\/hronika\/radnik-kojeg-terete-da-je-pustao-pritvorenika-brani-se-sa-slobode\/"},"author":{"name":"dmcsrbija.com@gmail.com","@id":"https:\/\/dmcsrb.com\/#\/schema\/person\/5c39170f12db1b8b457732d0b5c854e2"},"headline":"Radnik kojeg terete da je pu\u0161tao pritvorenika brani se sa slobode","datePublished":"2025-09-03T04:52:00+00:00","mainEntityOfPage":{"@id":"https:\/\/dmcsrb.com\/hronika\/radnik-kojeg-terete-da-je-pustao-pritvorenika-brani-se-sa-slobode\/"},"wordCount":772,"commentCount":0,"image":{"@id":"https:\/\/dmcsrb.com\/hronika\/radnik-kojeg-terete-da-je-pustao-pritvorenika-brani-se-sa-slobode\/#primaryimage"},"thumbnailUrl":"https:\/\/dmcsrb.com\/wp-content\/uploads\/2026\/01\/Dobrota-bolnica1.webp","keywords":["Dobrota","ODT Kotor"],"articleSection":["Hronika"],"inLanguage":"en-GB","potentialAction":[{"@type":"CommentAction","name":"Comment","target":["https:\/\/dmcsrb.com\/hronika\/radnik-kojeg-terete-da-je-pustao-pritvorenika-brani-se-sa-slobode\/#respond"]}]},{"@type":"WebPage","@id":"https:\/\/dmcsrb.com\/hronika\/radnik-kojeg-terete-da-je-pustao-pritvorenika-brani-se-sa-slobode\/","url":"https:\/\/dmcsrb.com\/hronika\/radnik-kojeg-terete-da-je-pustao-pritvorenika-brani-se-sa-slobode\/","name":"Radnik kojeg terete da je pu\u0161tao pritvorenika brani se sa slobode - dmcsrb.com","isPartOf":{"@id":"https:\/\/dmcsrb.com\/#website"},"primaryImageOfPage":{"@id":"https:\/\/dmcsrb.com\/hronika\/radnik-kojeg-terete-da-je-pustao-pritvorenika-brani-se-sa-slobode\/#primaryimage"},"image":{"@id":"https:\/\/dmcsrb.com\/hronika\/radnik-kojeg-terete-da-je-pustao-pritvorenika-brani-se-sa-slobode\/#primaryimage"},"thumbnailUrl":"https:\/\/dmcsrb.com\/wp-content\/uploads\/2026\/01\/Dobrota-bolnica1.webp","datePublished":"2025-09-03T04:52:00+00:00","author":{"@id":"https:\/\/dmcsrb.com\/#\/schema\/person\/5c39170f12db1b8b457732d0b5c854e2"},"breadcrumb":{"@id":"https:\/\/dmcsrb.com\/hronika\/radnik-kojeg-terete-da-je-pustao-pritvorenika-brani-se-sa-slobode\/#breadcrumb"},"inLanguage":"en-GB","potentialAction":[{"@type":"ReadAction","target":["https:\/\/dmcsrb.com\/hronika\/radnik-kojeg-terete-da-je-pustao-pritvorenika-brani-se-sa-slobode\/"]}]},{"@type":"ImageObject","inLanguage":"en-GB","@id":"https:\/\/dmcsrb.com\/hronika\/radnik-kojeg-terete-da-je-pustao-pritvorenika-brani-se-sa-slobode\/#primaryimage","url":"https:\/\/dmcsrb.com\/wp-content\/uploads\/2026\/01\/Dobrota-bolnica1.webp","contentUrl":"https:\/\/dmcsrb.com\/wp-content\/uploads\/2026\/01\/Dobrota-bolnica1.webp","width":2048,"height":1536},{"@type":"BreadcrumbList","@id":"https:\/\/dmcsrb.com\/hronika\/radnik-kojeg-terete-da-je-pustao-pritvorenika-brani-se-sa-slobode\/#breadcrumb","itemListElement":[{"@type":"ListItem","position":1,"name":"Home","item":"https:\/\/dmcsrb.com\/"},{"@type":"ListItem","position":2,"name":"Radnik kojeg terete da je pu\u0161tao pritvorenika brani se sa slobode"}]},{"@type":"WebSite","@id":"https:\/\/dmcsrb.com\/#website","url":"https:\/\/dmcsrb.com\/","name":"dmcsrb.com","description":"","potentialAction":[{"@type":"SearchAction","target":{"@type":"EntryPoint","urlTemplate":"https:\/\/dmcsrb.com\/?s={search_term_string}"},"query-input":{"@type":"PropertyValueSpecification","valueRequired":true,"valueName":"search_term_string"}}],"inLanguage":"en-GB"},{"@type":"Person","@id":"https:\/\/dmcsrb.com\/#\/schema\/person\/5c39170f12db1b8b457732d0b5c854e2","name":"dmcsrbija.com@gmail.com","image":{"@type":"ImageObject","inLanguage":"en-GB","@id":"https:\/\/secure.gravatar.com\/avatar\/68592660ad6347fad0fb587f8d5d8f1a7b44961362f56e4f2cd524feb87e9069?s=96&d=mm&r=g","url":"https:\/\/secure.gravatar.com\/avatar\/68592660ad6347fad0fb587f8d5d8f1a7b44961362f56e4f2cd524feb87e9069?s=96&d=mm&r=g","contentUrl":"https:\/\/secure.gravatar.com\/avatar\/68592660ad6347fad0fb587f8d5d8f1a7b44961362f56e4f2cd524feb87e9069?s=96&d=mm&r=g","caption":"dmcsrbija.com@gmail.com"},"sameAs":["https:\/\/dmcsrb.com"],"url":"https:\/\/dmcsrb.com\/en\/author\/dmcsrbija-comgmail-com\/"}]}},"_links":{"self":[{"href":"https:\/\/dmcsrb.com\/en\/wp-json\/wp\/v2\/posts\/949858","targetHints":{"allow":["GET"]}}],"collection":[{"href":"https:\/\/dmcsrb.com\/en\/wp-json\/wp\/v2\/posts"}],"about":[{"href":"https:\/\/dmcsrb.com\/en\/wp-json\/wp\/v2\/types\/post"}],"author":[{"embeddable":true,"href":"https:\/\/dmcsrb.com\/en\/wp-json\/wp\/v2\/users\/1"}],"replies":[{"embeddable":true,"href":"https:\/\/dmcsrb.com\/en\/wp-json\/wp\/v2\/comments?post=949858"}],"version-history":[{"count":0,"href":"https:\/\/dmcsrb.com\/en\/wp-json\/wp\/v2\/posts\/949858\/revisions"}],"wp:featuredmedia":[{"embeddable":true,"href":"https:\/\/dmcsrb.com\/en\/wp-json\/wp\/v2\/media\/949859"}],"wp:attachment":[{"href":"https:\/\/dmcsrb.com\/en\/wp-json\/wp\/v2\/media?parent=949858"}],"wp:term":[{"taxonomy":"category","embeddable":true,"href":"https:\/\/dmcsrb.com\/en\/wp-json\/wp\/v2\/categories?post=949858"},{"taxonomy":"post_tag","embeddable":true,"href":"https:\/\/dmcsrb.com\/en\/wp-json\/wp\/v2\/tags?post=949858"},{"taxonomy":"naslovna","embeddable":true,"href":"https:\/\/dmcsrb.com\/en\/wp-json\/wp\/v2\/naslovna?post=949858"}],"curies":[{"name":"wp","href":"https:\/\/api.w.org\/{rel}","templated":true}]}}