{"id":949791,"date":"2025-09-02T15:41:11","date_gmt":"2025-09-02T13:41:11","guid":{"rendered":"https:\/\/dmcsrb.com\/uncategorized\/bozovic-crna-gora-moze-biti-nova-clanica-eu-2028-godine\/"},"modified":"2025-09-02T15:41:11","modified_gmt":"2025-09-02T13:41:11","slug":"bozovic-crna-gora-moze-biti-nova-clanica-eu-2028-godine","status":"publish","type":"post","link":"https:\/\/dmcsrb.com\/en\/politika\/bozovic-crna-gora-moze-biti-nova-clanica-eu-2028-godine\/","title":{"rendered":"Bo\u017eovi\u0107: Crna Gora mo\u017ee biti nova \u010dlanica EU 2028. godine"},"content":{"rendered":"<p>\u201cJo\u0161 jednom smo dobili jasnu potvrdu i podr\u0161ku da Crna Gora mo\u017ee biti nova \u010dlanica Evropske unije, da zaista jesmo predvodnik u evropskim integracijama i iz domena na\u0161ih nadle\u017enosti razgovarali smo o zatvaranju odre\u0111enih pregovara\u010dkih poglavlja. \u0160to tako \u017eelim da istaknem je da se i na\u0161a posjeta poklopila sa izjavom uva\u017eene komesarke Marte Kos koja je rekla da Crna Gora mo\u017ee biti \u010dlanica Europske unije 2028. i zaista smo sa odu\u0161evljenjem prihvatili jo\u0161 jednu sna\u017enu podr\u0161ku i poruku koja je stigla tom prilikom\u201d, istakao je Bo\u017eovi\u010d.<\/p>\n\n\n\n<p>Nagla\u0161ava da je sa predstavnicima EU razgovarao o dobijanju neophodnih mi\u0161ljenja za &nbsp;poslate zakone i za \u010dije usvajanje su&nbsp; neophodna su pozitivna mi\u0161ljenja Evropske komisije.<\/p>\n\n\n\n<p>\u201cVeliku ve\u0107inu tih zakona usvaja\u0107emo, nadamo se, i do kraja ove godine i u narednih nekoliko mjeseci,jer su nam oni neophodni za zatvaranje pregovara\u010dkog poglavlja, ali i za nastavak evropskih integracija i reformi koje se od nas o\u010dekuju u poglavljima koja se ti\u010du vladavine prava\u201d, kazao je ministar Bo\u017eovi\u0107.<\/p>\n\n\n\n<p>Obja\u0161njava da je u posljednjih nekoliko mjeseci Crna Gora poslala \u0161est zakona na mi\u0161ljenje Evropskoj komisiji.<\/p>\n\n\n\n<p>\u201cVelika ve\u0107ina iz tih se odnosi na izmjene koje se ti\u010du krivi\u010dnog zakonodavstva, ali imamo i neke koje mo\u017eda lai\u010dka javnost rje\u0111e prati, a ti\u010du se gra\u0111anskog prava. Isto tako \u017eelim da istaknem da smo u konsultacijama sa Evropskom komisijom i po pitanju ratifikacije odre\u0111enih me\u0111unarodnih ugovora koji se ti\u010du br\u017eeg, adekvatnijeg i efikasnijeg rje\u0161avanja odre\u0111enih sudskih sporova ili odre\u0111enih pitanja koja se mo\u017eda i nekada ne ti\u010du krivi\u010dnog prava, tako da je intenzivna komunikacija, pogotovo na ekspertsko-pravnom nivou\u201d, zaklju\u010dio je ministar pravde.<\/p>","protected":false},"excerpt":{"rendered":"<p>Ministar pravde Bojan Bo\u017eovi\u0107 o\u010dekuje da \u0107e Crna Gora zavr\u0161iti obaveze iz pregovara\u010dkog procesa do kraja 2026. godine kako bi do 2028. postala \u010dlanica EU. Bo\u017eovi\u0107 je u Briselu razgovarao sa direktorom direktorata Evropske komisije za pro\u0161irenje Gertom Janom Kopmanom, poslanicima Evropskog parlamenta i zvani\u010dnicima NATO alijanse.<\/p>","protected":false},"author":1,"featured_media":908856,"comment_status":"open","ping_status":"open","sticky":false,"template":"","format":"standard","meta":{"_acf_changed":false,"footnotes":""},"categories":[12],"tags":[6700,95,10],"naslovna":[],"class_list":["post-949791","post","type-post","status-publish","format-standard","has-post-thumbnail","hentry","category-politika","tag-boja-bozovic","tag-crna-gora","tag-eu"],"acf":[],"yoast_head":"<!-- This site is optimized with the Yoast SEO plugin v27.0 - https:\/\/yoast.com\/product\/yoast-seo-wordpress\/ -->\n<title>Bo\u017eovi\u0107: Crna Gora mo\u017ee biti nova \u010dlanica EU 2028. godine - dmcsrb.com<\/title>\n<meta name=\"robots\" content=\"index, follow, max-snippet:-1, max-image-preview:large, max-video-preview:-1\" \/>\n<link rel=\"canonical\" href=\"https:\/\/dmcsrb.com\/en\/politika\/bozovic-crna-gora-moze-biti-nova-clanica-eu-2028-godine\/\" \/>\n<meta property=\"og:locale\" content=\"en_GB\" \/>\n<meta property=\"og:type\" content=\"article\" \/>\n<meta property=\"og:title\" content=\"Bo\u017eovi\u0107: Crna Gora mo\u017ee biti nova \u010dlanica EU 2028. godine - dmcsrb.com\" \/>\n<meta property=\"og:description\" content=\"Ministar pravde Bojan Bo\u017eovi\u0107 o\u010dekuje da \u0107e Crna Gora zavr\u0161iti obaveze iz pregovara\u010dkog procesa do kraja 2026. godine kako bi do 2028. postala \u010dlanica EU. Bo\u017eovi\u0107 je u Briselu razgovarao sa direktorom direktorata Evropske komisije za pro\u0161irenje Gertom Janom Kopmanom, poslanicima Evropskog parlamenta i zvani\u010dnicima NATO alijanse.\" \/>\n<meta property=\"og:url\" content=\"https:\/\/dmcsrb.com\/en\/politika\/bozovic-crna-gora-moze-biti-nova-clanica-eu-2028-godine\/\" \/>\n<meta property=\"og:site_name\" content=\"dmcsrb.com\" \/>\n<meta property=\"article:published_time\" content=\"2025-09-02T13:41:11+00:00\" \/>\n<meta property=\"og:image\" content=\"https:\/\/dmcsrb.com\/wp-content\/uploads\/2026\/01\/bojan-bozovic.jpg\" \/>\n\t<meta property=\"og:image:width\" content=\"899\" \/>\n\t<meta property=\"og:image:height\" content=\"598\" \/>\n\t<meta property=\"og:image:type\" content=\"image\/jpeg\" \/>\n<meta name=\"author\" content=\"dmcsrbija.com@gmail.com\" \/>\n<meta name=\"twitter:card\" content=\"summary_large_image\" \/>\n<meta name=\"twitter:label1\" content=\"Written by\" \/>\n\t<meta name=\"twitter:data1\" content=\"dmcsrbija.com@gmail.com\" \/>\n\t<meta name=\"twitter:label2\" content=\"Estimated reading time\" \/>\n\t<meta name=\"twitter:data2\" content=\"2 minutes\" \/>\n<script type=\"application\/ld+json\" class=\"yoast-schema-graph\">{\"@context\":\"https:\/\/schema.org\",\"@graph\":[{\"@type\":\"Article\",\"@id\":\"https:\/\/dmcsrb.com\/politika\/bozovic-crna-gora-moze-biti-nova-clanica-eu-2028-godine\/#article\",\"isPartOf\":{\"@id\":\"https:\/\/dmcsrb.com\/politika\/bozovic-crna-gora-moze-biti-nova-clanica-eu-2028-godine\/\"},\"author\":{\"name\":\"dmcsrbija.com@gmail.com\",\"@id\":\"https:\/\/dmcsrb.com\/#\/schema\/person\/5c39170f12db1b8b457732d0b5c854e2\"},\"headline\":\"Bo\u017eovi\u0107: Crna Gora mo\u017ee biti nova \u010dlanica EU 2028. godine\",\"datePublished\":\"2025-09-02T13:41:11+00:00\",\"mainEntityOfPage\":{\"@id\":\"https:\/\/dmcsrb.com\/politika\/bozovic-crna-gora-moze-biti-nova-clanica-eu-2028-godine\/\"},\"wordCount\":315,\"commentCount\":0,\"image\":{\"@id\":\"https:\/\/dmcsrb.com\/politika\/bozovic-crna-gora-moze-biti-nova-clanica-eu-2028-godine\/#primaryimage\"},\"thumbnailUrl\":\"https:\/\/dmcsrb.com\/wp-content\/uploads\/2026\/01\/bojan-bozovic.jpg\",\"keywords\":[\"Boja Bo\u017eovi\u0107\",\"Crna Gora\",\"EU\"],\"articleSection\":[\"Politika\"],\"inLanguage\":\"en-GB\",\"potentialAction\":[{\"@type\":\"CommentAction\",\"name\":\"Comment\",\"target\":[\"https:\/\/dmcsrb.com\/politika\/bozovic-crna-gora-moze-biti-nova-clanica-eu-2028-godine\/#respond\"]}]},{\"@type\":\"WebPage\",\"@id\":\"https:\/\/dmcsrb.com\/politika\/bozovic-crna-gora-moze-biti-nova-clanica-eu-2028-godine\/\",\"url\":\"https:\/\/dmcsrb.com\/politika\/bozovic-crna-gora-moze-biti-nova-clanica-eu-2028-godine\/\",\"name\":\"Bo\u017eovi\u0107: Crna Gora mo\u017ee biti nova \u010dlanica EU 2028. godine - dmcsrb.com\",\"isPartOf\":{\"@id\":\"https:\/\/dmcsrb.com\/#website\"},\"primaryImageOfPage\":{\"@id\":\"https:\/\/dmcsrb.com\/politika\/bozovic-crna-gora-moze-biti-nova-clanica-eu-2028-godine\/#primaryimage\"},\"image\":{\"@id\":\"https:\/\/dmcsrb.com\/politika\/bozovic-crna-gora-moze-biti-nova-clanica-eu-2028-godine\/#primaryimage\"},\"thumbnailUrl\":\"https:\/\/dmcsrb.com\/wp-content\/uploads\/2026\/01\/bojan-bozovic.jpg\",\"datePublished\":\"2025-09-02T13:41:11+00:00\",\"author\":{\"@id\":\"https:\/\/dmcsrb.com\/#\/schema\/person\/5c39170f12db1b8b457732d0b5c854e2\"},\"breadcrumb\":{\"@id\":\"https:\/\/dmcsrb.com\/politika\/bozovic-crna-gora-moze-biti-nova-clanica-eu-2028-godine\/#breadcrumb\"},\"inLanguage\":\"en-GB\",\"potentialAction\":[{\"@type\":\"ReadAction\",\"target\":[\"https:\/\/dmcsrb.com\/politika\/bozovic-crna-gora-moze-biti-nova-clanica-eu-2028-godine\/\"]}]},{\"@type\":\"ImageObject\",\"inLanguage\":\"en-GB\",\"@id\":\"https:\/\/dmcsrb.com\/politika\/bozovic-crna-gora-moze-biti-nova-clanica-eu-2028-godine\/#primaryimage\",\"url\":\"https:\/\/dmcsrb.com\/wp-content\/uploads\/2026\/01\/bojan-bozovic.jpg\",\"contentUrl\":\"https:\/\/dmcsrb.com\/wp-content\/uploads\/2026\/01\/bojan-bozovic.jpg\",\"width\":899,\"height\":598},{\"@type\":\"BreadcrumbList\",\"@id\":\"https:\/\/dmcsrb.com\/politika\/bozovic-crna-gora-moze-biti-nova-clanica-eu-2028-godine\/#breadcrumb\",\"itemListElement\":[{\"@type\":\"ListItem\",\"position\":1,\"name\":\"Home\",\"item\":\"https:\/\/dmcsrb.com\/\"},{\"@type\":\"ListItem\",\"position\":2,\"name\":\"Bo\u017eovi\u0107: Crna Gora mo\u017ee biti nova \u010dlanica EU 2028. godine\"}]},{\"@type\":\"WebSite\",\"@id\":\"https:\/\/dmcsrb.com\/#website\",\"url\":\"https:\/\/dmcsrb.com\/\",\"name\":\"dmcsrb.com\",\"description\":\"\",\"potentialAction\":[{\"@type\":\"SearchAction\",\"target\":{\"@type\":\"EntryPoint\",\"urlTemplate\":\"https:\/\/dmcsrb.com\/?s={search_term_string}\"},\"query-input\":{\"@type\":\"PropertyValueSpecification\",\"valueRequired\":true,\"valueName\":\"search_term_string\"}}],\"inLanguage\":\"en-GB\"},{\"@type\":\"Person\",\"@id\":\"https:\/\/dmcsrb.com\/#\/schema\/person\/5c39170f12db1b8b457732d0b5c854e2\",\"name\":\"dmcsrbija.com@gmail.com\",\"image\":{\"@type\":\"ImageObject\",\"inLanguage\":\"en-GB\",\"@id\":\"https:\/\/dmcsrb.com\/#\/schema\/person\/image\/\",\"url\":\"https:\/\/secure.gravatar.com\/avatar\/68592660ad6347fad0fb587f8d5d8f1a7b44961362f56e4f2cd524feb87e9069?s=96&d=mm&r=g\",\"contentUrl\":\"https:\/\/secure.gravatar.com\/avatar\/68592660ad6347fad0fb587f8d5d8f1a7b44961362f56e4f2cd524feb87e9069?s=96&d=mm&r=g\",\"caption\":\"dmcsrbija.com@gmail.com\"},\"sameAs\":[\"https:\/\/dmcsrb.com\"],\"url\":\"https:\/\/dmcsrb.com\/en\/author\/dmcsrbija-comgmail-com\/\"}]}<\/script>\n<!-- \/ Yoast SEO plugin. -->","yoast_head_json":{"title":"Bo\u017eovi\u0107: Crna Gora mo\u017ee biti nova \u010dlanica EU 2028. godine - dmcsrb.com","robots":{"index":"index","follow":"follow","max-snippet":"max-snippet:-1","max-image-preview":"max-image-preview:large","max-video-preview":"max-video-preview:-1"},"canonical":"https:\/\/dmcsrb.com\/en\/politika\/bozovic-crna-gora-moze-biti-nova-clanica-eu-2028-godine\/","og_locale":"en_GB","og_type":"article","og_title":"Bo\u017eovi\u0107: Crna Gora mo\u017ee biti nova \u010dlanica EU 2028. godine - dmcsrb.com","og_description":"Ministar pravde Bojan Bo\u017eovi\u0107 o\u010dekuje da \u0107e Crna Gora zavr\u0161iti obaveze iz pregovara\u010dkog procesa do kraja 2026. godine kako bi do 2028. postala \u010dlanica EU. Bo\u017eovi\u0107 je u Briselu razgovarao sa direktorom direktorata Evropske komisije za pro\u0161irenje Gertom Janom Kopmanom, poslanicima Evropskog parlamenta i zvani\u010dnicima NATO alijanse.","og_url":"https:\/\/dmcsrb.com\/en\/politika\/bozovic-crna-gora-moze-biti-nova-clanica-eu-2028-godine\/","og_site_name":"dmcsrb.com","article_published_time":"2025-09-02T13:41:11+00:00","og_image":[{"width":899,"height":598,"url":"https:\/\/dmcsrb.com\/wp-content\/uploads\/2026\/01\/bojan-bozovic.jpg","type":"image\/jpeg"}],"author":"dmcsrbija.com@gmail.com","twitter_card":"summary_large_image","twitter_misc":{"Written by":"dmcsrbija.com@gmail.com","Estimated reading time":"2 minutes"},"schema":{"@context":"https:\/\/schema.org","@graph":[{"@type":"Article","@id":"https:\/\/dmcsrb.com\/politika\/bozovic-crna-gora-moze-biti-nova-clanica-eu-2028-godine\/#article","isPartOf":{"@id":"https:\/\/dmcsrb.com\/politika\/bozovic-crna-gora-moze-biti-nova-clanica-eu-2028-godine\/"},"author":{"name":"dmcsrbija.com@gmail.com","@id":"https:\/\/dmcsrb.com\/#\/schema\/person\/5c39170f12db1b8b457732d0b5c854e2"},"headline":"Bo\u017eovi\u0107: Crna Gora mo\u017ee biti nova \u010dlanica EU 2028. godine","datePublished":"2025-09-02T13:41:11+00:00","mainEntityOfPage":{"@id":"https:\/\/dmcsrb.com\/politika\/bozovic-crna-gora-moze-biti-nova-clanica-eu-2028-godine\/"},"wordCount":315,"commentCount":0,"image":{"@id":"https:\/\/dmcsrb.com\/politika\/bozovic-crna-gora-moze-biti-nova-clanica-eu-2028-godine\/#primaryimage"},"thumbnailUrl":"https:\/\/dmcsrb.com\/wp-content\/uploads\/2026\/01\/bojan-bozovic.jpg","keywords":["Boja Bo\u017eovi\u0107","Crna Gora","EU"],"articleSection":["Politika"],"inLanguage":"en-GB","potentialAction":[{"@type":"CommentAction","name":"Comment","target":["https:\/\/dmcsrb.com\/politika\/bozovic-crna-gora-moze-biti-nova-clanica-eu-2028-godine\/#respond"]}]},{"@type":"WebPage","@id":"https:\/\/dmcsrb.com\/politika\/bozovic-crna-gora-moze-biti-nova-clanica-eu-2028-godine\/","url":"https:\/\/dmcsrb.com\/politika\/bozovic-crna-gora-moze-biti-nova-clanica-eu-2028-godine\/","name":"Bo\u017eovi\u0107: Crna Gora mo\u017ee biti nova \u010dlanica EU 2028. godine - dmcsrb.com","isPartOf":{"@id":"https:\/\/dmcsrb.com\/#website"},"primaryImageOfPage":{"@id":"https:\/\/dmcsrb.com\/politika\/bozovic-crna-gora-moze-biti-nova-clanica-eu-2028-godine\/#primaryimage"},"image":{"@id":"https:\/\/dmcsrb.com\/politika\/bozovic-crna-gora-moze-biti-nova-clanica-eu-2028-godine\/#primaryimage"},"thumbnailUrl":"https:\/\/dmcsrb.com\/wp-content\/uploads\/2026\/01\/bojan-bozovic.jpg","datePublished":"2025-09-02T13:41:11+00:00","author":{"@id":"https:\/\/dmcsrb.com\/#\/schema\/person\/5c39170f12db1b8b457732d0b5c854e2"},"breadcrumb":{"@id":"https:\/\/dmcsrb.com\/politika\/bozovic-crna-gora-moze-biti-nova-clanica-eu-2028-godine\/#breadcrumb"},"inLanguage":"en-GB","potentialAction":[{"@type":"ReadAction","target":["https:\/\/dmcsrb.com\/politika\/bozovic-crna-gora-moze-biti-nova-clanica-eu-2028-godine\/"]}]},{"@type":"ImageObject","inLanguage":"en-GB","@id":"https:\/\/dmcsrb.com\/politika\/bozovic-crna-gora-moze-biti-nova-clanica-eu-2028-godine\/#primaryimage","url":"https:\/\/dmcsrb.com\/wp-content\/uploads\/2026\/01\/bojan-bozovic.jpg","contentUrl":"https:\/\/dmcsrb.com\/wp-content\/uploads\/2026\/01\/bojan-bozovic.jpg","width":899,"height":598},{"@type":"BreadcrumbList","@id":"https:\/\/dmcsrb.com\/politika\/bozovic-crna-gora-moze-biti-nova-clanica-eu-2028-godine\/#breadcrumb","itemListElement":[{"@type":"ListItem","position":1,"name":"Home","item":"https:\/\/dmcsrb.com\/"},{"@type":"ListItem","position":2,"name":"Bo\u017eovi\u0107: Crna Gora mo\u017ee biti nova \u010dlanica EU 2028. godine"}]},{"@type":"WebSite","@id":"https:\/\/dmcsrb.com\/#website","url":"https:\/\/dmcsrb.com\/","name":"dmcsrb.com","description":"","potentialAction":[{"@type":"SearchAction","target":{"@type":"EntryPoint","urlTemplate":"https:\/\/dmcsrb.com\/?s={search_term_string}"},"query-input":{"@type":"PropertyValueSpecification","valueRequired":true,"valueName":"search_term_string"}}],"inLanguage":"en-GB"},{"@type":"Person","@id":"https:\/\/dmcsrb.com\/#\/schema\/person\/5c39170f12db1b8b457732d0b5c854e2","name":"dmcsrbija.com@gmail.com","image":{"@type":"ImageObject","inLanguage":"en-GB","@id":"https:\/\/dmcsrb.com\/#\/schema\/person\/image\/","url":"https:\/\/secure.gravatar.com\/avatar\/68592660ad6347fad0fb587f8d5d8f1a7b44961362f56e4f2cd524feb87e9069?s=96&d=mm&r=g","contentUrl":"https:\/\/secure.gravatar.com\/avatar\/68592660ad6347fad0fb587f8d5d8f1a7b44961362f56e4f2cd524feb87e9069?s=96&d=mm&r=g","caption":"dmcsrbija.com@gmail.com"},"sameAs":["https:\/\/dmcsrb.com"],"url":"https:\/\/dmcsrb.com\/en\/author\/dmcsrbija-comgmail-com\/"}]}},"_links":{"self":[{"href":"https:\/\/dmcsrb.com\/en\/wp-json\/wp\/v2\/posts\/949791","targetHints":{"allow":["GET"]}}],"collection":[{"href":"https:\/\/dmcsrb.com\/en\/wp-json\/wp\/v2\/posts"}],"about":[{"href":"https:\/\/dmcsrb.com\/en\/wp-json\/wp\/v2\/types\/post"}],"author":[{"embeddable":true,"href":"https:\/\/dmcsrb.com\/en\/wp-json\/wp\/v2\/users\/1"}],"replies":[{"embeddable":true,"href":"https:\/\/dmcsrb.com\/en\/wp-json\/wp\/v2\/comments?post=949791"}],"version-history":[{"count":0,"href":"https:\/\/dmcsrb.com\/en\/wp-json\/wp\/v2\/posts\/949791\/revisions"}],"wp:featuredmedia":[{"embeddable":true,"href":"https:\/\/dmcsrb.com\/en\/wp-json\/wp\/v2\/media\/908856"}],"wp:attachment":[{"href":"https:\/\/dmcsrb.com\/en\/wp-json\/wp\/v2\/media?parent=949791"}],"wp:term":[{"taxonomy":"category","embeddable":true,"href":"https:\/\/dmcsrb.com\/en\/wp-json\/wp\/v2\/categories?post=949791"},{"taxonomy":"post_tag","embeddable":true,"href":"https:\/\/dmcsrb.com\/en\/wp-json\/wp\/v2\/tags?post=949791"},{"taxonomy":"naslovna","embeddable":true,"href":"https:\/\/dmcsrb.com\/en\/wp-json\/wp\/v2\/naslovna?post=949791"}],"curies":[{"name":"wp","href":"https:\/\/api.w.org\/{rel}","templated":true}]}}