{"id":949752,"date":"2025-09-02T13:49:00","date_gmt":"2025-09-02T11:49:00","guid":{"rendered":"https:\/\/dmcsrb.com\/uncategorized\/uprilicen-svecani-prijem-za-zlatne-vaterpoliste\/"},"modified":"2025-09-02T13:49:00","modified_gmt":"2025-09-02T11:49:00","slug":"uprilicen-svecani-prijem-za-zlatne-vaterpoliste","status":"publish","type":"post","link":"https:\/\/dmcsrb.com\/en\/sport\/uprilicen-svecani-prijem-za-zlatne-vaterpoliste\/","title":{"rendered":"Uprili\u010den sve\u010dani prijem za zlatne vaterpoliste"},"content":{"rendered":"<p>U ime Op\u0161tine Kotor \u010destitke na izvanrednom rezultatu uputili su predsjednica Skup\u0161tine op\u0161tine Kotor Maja Mr\u0161ulja, potpredsjednik Op\u0161tine&nbsp;<strong>Igor Kumburovi\u0107<\/strong>, sekretarka Sekretarijata za kulturu, sport i dru\u0161tvene djelatnosti&nbsp;<strong>Tatjana Krije\u0161torac<\/strong>&nbsp;te Dejan Ognjanovi\u0107, savjetnik za sport.<\/p>\n\n\n\n<p>Tom prilikom izrazili su posebno po\u0161tovanje i ponos lokalne zajednice zbog doprinosa kotorskih sportista ovom zna\u010dajnom uspjehu. Istaknuto je kako ovaj rezultat nije samo dokaz sportskog talenta i predanog rada, ve\u0107 i sna\u017ean motiv mladima u Kotoru da se bave sportom te te\u017ee izvrsnosti.<\/p>\n\n\n\n<p>Posebno je istaknuta odlu\u010dnost Op\u0161tine Kotor u nastavak ulaganja u razvoj sporta i mladih talenata, jer su ovakvi uspjesi, kako je nagla\u0161eno na prijemu, najbolja promacija grada na me\u0111unarodnoj sceni.<\/p>\n\n\n\n<p>Prijemu su prisutvovali\u00a0Marko Pejovi\u0107,\u00a0Marko Milini\u0107,\u00a0Relja Vukani\u0107,\u00a0Andrija Roganovi\u0107,\u00a0\u0110or\u0111e Pejovi\u0107,\u00a0Ljubomir Kova\u010di\u0107,\u00a0Luka Ivanovi\u0107, selektor\u00a0Neboj\u0161a Mili\u0107, trener\u00a0Uglje\u0161a Brguljan, video analiti\u010dar\u00a0Vasko Vu\u010dkovi\u0107, kao i psiholo\u0161kinja\u00a0Vanja \u0110urovi\u0107.<\/p>","protected":false},"excerpt":{"rendered":"<p>Povodom velikog uspjeha mlade vaterpolo reprezentacije Crne Gore, koja je osvojila zlatnu medalju na nedavno odr\u017eanom Evropskom prvenstvu, danas je u zgradi Op\u0161tine Kotor uprili\u010den sve\u010dani prijem za reprezentativce i \u010dlanove stru\u010dnog \u0161taba iz Kotora.<\/p>","protected":false},"author":1,"featured_media":949753,"comment_status":"open","ping_status":"open","sticky":false,"template":"","format":"standard","meta":{"_acf_changed":false,"footnotes":""},"categories":[148],"tags":[6675,6676,6582],"naslovna":[],"class_list":["post-949752","post","type-post","status-publish","format-standard","has-post-thumbnail","hentry","category-sport","tag-mladi-vaterpolisti","tag-opstina-kotor","tag-svecani-prijem"],"acf":[],"yoast_head":"<!-- This site is optimized with the Yoast SEO plugin v27.0 - https:\/\/yoast.com\/product\/yoast-seo-wordpress\/ -->\n<title>Uprili\u010den sve\u010dani prijem za zlatne vaterpoliste - dmcsrb.com<\/title>\n<meta name=\"robots\" content=\"index, follow, max-snippet:-1, max-image-preview:large, max-video-preview:-1\" \/>\n<link rel=\"canonical\" href=\"https:\/\/dmcsrb.com\/en\/sport\/uprilicen-svecani-prijem-za-zlatne-vaterpoliste\/\" \/>\n<meta property=\"og:locale\" content=\"en_GB\" \/>\n<meta property=\"og:type\" content=\"article\" \/>\n<meta property=\"og:title\" content=\"Uprili\u010den sve\u010dani prijem za zlatne vaterpoliste - dmcsrb.com\" \/>\n<meta property=\"og:description\" content=\"Povodom velikog uspjeha mlade vaterpolo reprezentacije Crne Gore, koja je osvojila zlatnu medalju na nedavno odr\u017eanom Evropskom prvenstvu, danas je u zgradi Op\u0161tine Kotor uprili\u010den sve\u010dani prijem za reprezentativce i \u010dlanove stru\u010dnog \u0161taba iz Kotora.\" \/>\n<meta property=\"og:url\" content=\"https:\/\/dmcsrb.com\/en\/sport\/uprilicen-svecani-prijem-za-zlatne-vaterpoliste\/\" \/>\n<meta property=\"og:site_name\" content=\"dmcsrb.com\" \/>\n<meta property=\"article:published_time\" content=\"2025-09-02T11:49:00+00:00\" \/>\n<meta property=\"og:image\" content=\"https:\/\/dmcsrb.com\/wp-content\/uploads\/2026\/01\/Svecani-prijem-vaterpolisti-Opstina-Kotor.webp\" \/>\n\t<meta property=\"og:image:width\" content=\"800\" \/>\n\t<meta property=\"og:image:height\" content=\"506\" \/>\n\t<meta property=\"og:image:type\" content=\"image\/jpeg\" \/>\n<meta name=\"author\" content=\"dmcsrbija.com@gmail.com\" \/>\n<meta name=\"twitter:card\" content=\"summary_large_image\" \/>\n<meta name=\"twitter:label1\" content=\"Written by\" \/>\n\t<meta name=\"twitter:data1\" content=\"dmcsrbija.com@gmail.com\" \/>\n\t<meta name=\"twitter:label2\" content=\"Estimated reading time\" \/>\n\t<meta name=\"twitter:data2\" content=\"1 minute\" \/>\n<script type=\"application\/ld+json\" class=\"yoast-schema-graph\">{\"@context\":\"https:\/\/schema.org\",\"@graph\":[{\"@type\":\"Article\",\"@id\":\"https:\/\/dmcsrb.com\/sport\/uprilicen-svecani-prijem-za-zlatne-vaterpoliste\/#article\",\"isPartOf\":{\"@id\":\"https:\/\/dmcsrb.com\/sport\/uprilicen-svecani-prijem-za-zlatne-vaterpoliste\/\"},\"author\":{\"name\":\"dmcsrbija.com@gmail.com\",\"@id\":\"https:\/\/dmcsrb.com\/#\/schema\/person\/5c39170f12db1b8b457732d0b5c854e2\"},\"headline\":\"Uprili\u010den sve\u010dani prijem za zlatne vaterpoliste\",\"datePublished\":\"2025-09-02T11:49:00+00:00\",\"mainEntityOfPage\":{\"@id\":\"https:\/\/dmcsrb.com\/sport\/uprilicen-svecani-prijem-za-zlatne-vaterpoliste\/\"},\"wordCount\":175,\"commentCount\":0,\"image\":{\"@id\":\"https:\/\/dmcsrb.com\/sport\/uprilicen-svecani-prijem-za-zlatne-vaterpoliste\/#primaryimage\"},\"thumbnailUrl\":\"https:\/\/dmcsrb.com\/wp-content\/uploads\/2026\/01\/Svecani-prijem-vaterpolisti-Opstina-Kotor.webp\",\"keywords\":[\"Mladi vaterpolisti\",\"Op\u0161tina Kotor\",\"Sve\u010dani prijem\"],\"articleSection\":[\"Sport\"],\"inLanguage\":\"en-GB\",\"potentialAction\":[{\"@type\":\"CommentAction\",\"name\":\"Comment\",\"target\":[\"https:\/\/dmcsrb.com\/sport\/uprilicen-svecani-prijem-za-zlatne-vaterpoliste\/#respond\"]}]},{\"@type\":\"WebPage\",\"@id\":\"https:\/\/dmcsrb.com\/sport\/uprilicen-svecani-prijem-za-zlatne-vaterpoliste\/\",\"url\":\"https:\/\/dmcsrb.com\/sport\/uprilicen-svecani-prijem-za-zlatne-vaterpoliste\/\",\"name\":\"Uprili\u010den sve\u010dani prijem za zlatne vaterpoliste - dmcsrb.com\",\"isPartOf\":{\"@id\":\"https:\/\/dmcsrb.com\/#website\"},\"primaryImageOfPage\":{\"@id\":\"https:\/\/dmcsrb.com\/sport\/uprilicen-svecani-prijem-za-zlatne-vaterpoliste\/#primaryimage\"},\"image\":{\"@id\":\"https:\/\/dmcsrb.com\/sport\/uprilicen-svecani-prijem-za-zlatne-vaterpoliste\/#primaryimage\"},\"thumbnailUrl\":\"https:\/\/dmcsrb.com\/wp-content\/uploads\/2026\/01\/Svecani-prijem-vaterpolisti-Opstina-Kotor.webp\",\"datePublished\":\"2025-09-02T11:49:00+00:00\",\"author\":{\"@id\":\"https:\/\/dmcsrb.com\/#\/schema\/person\/5c39170f12db1b8b457732d0b5c854e2\"},\"breadcrumb\":{\"@id\":\"https:\/\/dmcsrb.com\/sport\/uprilicen-svecani-prijem-za-zlatne-vaterpoliste\/#breadcrumb\"},\"inLanguage\":\"en-GB\",\"potentialAction\":[{\"@type\":\"ReadAction\",\"target\":[\"https:\/\/dmcsrb.com\/sport\/uprilicen-svecani-prijem-za-zlatne-vaterpoliste\/\"]}]},{\"@type\":\"ImageObject\",\"inLanguage\":\"en-GB\",\"@id\":\"https:\/\/dmcsrb.com\/sport\/uprilicen-svecani-prijem-za-zlatne-vaterpoliste\/#primaryimage\",\"url\":\"https:\/\/dmcsrb.com\/wp-content\/uploads\/2026\/01\/Svecani-prijem-vaterpolisti-Opstina-Kotor.webp\",\"contentUrl\":\"https:\/\/dmcsrb.com\/wp-content\/uploads\/2026\/01\/Svecani-prijem-vaterpolisti-Opstina-Kotor.webp\",\"width\":800,\"height\":506},{\"@type\":\"BreadcrumbList\",\"@id\":\"https:\/\/dmcsrb.com\/sport\/uprilicen-svecani-prijem-za-zlatne-vaterpoliste\/#breadcrumb\",\"itemListElement\":[{\"@type\":\"ListItem\",\"position\":1,\"name\":\"Home\",\"item\":\"https:\/\/dmcsrb.com\/\"},{\"@type\":\"ListItem\",\"position\":2,\"name\":\"Uprili\u010den sve\u010dani prijem za zlatne vaterpoliste\"}]},{\"@type\":\"WebSite\",\"@id\":\"https:\/\/dmcsrb.com\/#website\",\"url\":\"https:\/\/dmcsrb.com\/\",\"name\":\"dmcsrb.com\",\"description\":\"\",\"potentialAction\":[{\"@type\":\"SearchAction\",\"target\":{\"@type\":\"EntryPoint\",\"urlTemplate\":\"https:\/\/dmcsrb.com\/?s={search_term_string}\"},\"query-input\":{\"@type\":\"PropertyValueSpecification\",\"valueRequired\":true,\"valueName\":\"search_term_string\"}}],\"inLanguage\":\"en-GB\"},{\"@type\":\"Person\",\"@id\":\"https:\/\/dmcsrb.com\/#\/schema\/person\/5c39170f12db1b8b457732d0b5c854e2\",\"name\":\"dmcsrbija.com@gmail.com\",\"image\":{\"@type\":\"ImageObject\",\"inLanguage\":\"en-GB\",\"@id\":\"https:\/\/dmcsrb.com\/#\/schema\/person\/image\/\",\"url\":\"https:\/\/secure.gravatar.com\/avatar\/68592660ad6347fad0fb587f8d5d8f1a7b44961362f56e4f2cd524feb87e9069?s=96&d=mm&r=g\",\"contentUrl\":\"https:\/\/secure.gravatar.com\/avatar\/68592660ad6347fad0fb587f8d5d8f1a7b44961362f56e4f2cd524feb87e9069?s=96&d=mm&r=g\",\"caption\":\"dmcsrbija.com@gmail.com\"},\"sameAs\":[\"https:\/\/dmcsrb.com\"],\"url\":\"https:\/\/dmcsrb.com\/en\/author\/dmcsrbija-comgmail-com\/\"}]}<\/script>\n<!-- \/ Yoast SEO plugin. -->","yoast_head_json":{"title":"Uprili\u010den sve\u010dani prijem za zlatne vaterpoliste - dmcsrb.com","robots":{"index":"index","follow":"follow","max-snippet":"max-snippet:-1","max-image-preview":"max-image-preview:large","max-video-preview":"max-video-preview:-1"},"canonical":"https:\/\/dmcsrb.com\/en\/sport\/uprilicen-svecani-prijem-za-zlatne-vaterpoliste\/","og_locale":"en_GB","og_type":"article","og_title":"Uprili\u010den sve\u010dani prijem za zlatne vaterpoliste - dmcsrb.com","og_description":"Povodom velikog uspjeha mlade vaterpolo reprezentacije Crne Gore, koja je osvojila zlatnu medalju na nedavno odr\u017eanom Evropskom prvenstvu, danas je u zgradi Op\u0161tine Kotor uprili\u010den sve\u010dani prijem za reprezentativce i \u010dlanove stru\u010dnog \u0161taba iz Kotora.","og_url":"https:\/\/dmcsrb.com\/en\/sport\/uprilicen-svecani-prijem-za-zlatne-vaterpoliste\/","og_site_name":"dmcsrb.com","article_published_time":"2025-09-02T11:49:00+00:00","og_image":[{"width":800,"height":506,"url":"https:\/\/dmcsrb.com\/wp-content\/uploads\/2026\/01\/Svecani-prijem-vaterpolisti-Opstina-Kotor.webp","type":"image\/jpeg"}],"author":"dmcsrbija.com@gmail.com","twitter_card":"summary_large_image","twitter_misc":{"Written by":"dmcsrbija.com@gmail.com","Estimated reading time":"1 minute"},"schema":{"@context":"https:\/\/schema.org","@graph":[{"@type":"Article","@id":"https:\/\/dmcsrb.com\/sport\/uprilicen-svecani-prijem-za-zlatne-vaterpoliste\/#article","isPartOf":{"@id":"https:\/\/dmcsrb.com\/sport\/uprilicen-svecani-prijem-za-zlatne-vaterpoliste\/"},"author":{"name":"dmcsrbija.com@gmail.com","@id":"https:\/\/dmcsrb.com\/#\/schema\/person\/5c39170f12db1b8b457732d0b5c854e2"},"headline":"Uprili\u010den sve\u010dani prijem za zlatne vaterpoliste","datePublished":"2025-09-02T11:49:00+00:00","mainEntityOfPage":{"@id":"https:\/\/dmcsrb.com\/sport\/uprilicen-svecani-prijem-za-zlatne-vaterpoliste\/"},"wordCount":175,"commentCount":0,"image":{"@id":"https:\/\/dmcsrb.com\/sport\/uprilicen-svecani-prijem-za-zlatne-vaterpoliste\/#primaryimage"},"thumbnailUrl":"https:\/\/dmcsrb.com\/wp-content\/uploads\/2026\/01\/Svecani-prijem-vaterpolisti-Opstina-Kotor.webp","keywords":["Mladi vaterpolisti","Op\u0161tina Kotor","Sve\u010dani prijem"],"articleSection":["Sport"],"inLanguage":"en-GB","potentialAction":[{"@type":"CommentAction","name":"Comment","target":["https:\/\/dmcsrb.com\/sport\/uprilicen-svecani-prijem-za-zlatne-vaterpoliste\/#respond"]}]},{"@type":"WebPage","@id":"https:\/\/dmcsrb.com\/sport\/uprilicen-svecani-prijem-za-zlatne-vaterpoliste\/","url":"https:\/\/dmcsrb.com\/sport\/uprilicen-svecani-prijem-za-zlatne-vaterpoliste\/","name":"Uprili\u010den sve\u010dani prijem za zlatne vaterpoliste - dmcsrb.com","isPartOf":{"@id":"https:\/\/dmcsrb.com\/#website"},"primaryImageOfPage":{"@id":"https:\/\/dmcsrb.com\/sport\/uprilicen-svecani-prijem-za-zlatne-vaterpoliste\/#primaryimage"},"image":{"@id":"https:\/\/dmcsrb.com\/sport\/uprilicen-svecani-prijem-za-zlatne-vaterpoliste\/#primaryimage"},"thumbnailUrl":"https:\/\/dmcsrb.com\/wp-content\/uploads\/2026\/01\/Svecani-prijem-vaterpolisti-Opstina-Kotor.webp","datePublished":"2025-09-02T11:49:00+00:00","author":{"@id":"https:\/\/dmcsrb.com\/#\/schema\/person\/5c39170f12db1b8b457732d0b5c854e2"},"breadcrumb":{"@id":"https:\/\/dmcsrb.com\/sport\/uprilicen-svecani-prijem-za-zlatne-vaterpoliste\/#breadcrumb"},"inLanguage":"en-GB","potentialAction":[{"@type":"ReadAction","target":["https:\/\/dmcsrb.com\/sport\/uprilicen-svecani-prijem-za-zlatne-vaterpoliste\/"]}]},{"@type":"ImageObject","inLanguage":"en-GB","@id":"https:\/\/dmcsrb.com\/sport\/uprilicen-svecani-prijem-za-zlatne-vaterpoliste\/#primaryimage","url":"https:\/\/dmcsrb.com\/wp-content\/uploads\/2026\/01\/Svecani-prijem-vaterpolisti-Opstina-Kotor.webp","contentUrl":"https:\/\/dmcsrb.com\/wp-content\/uploads\/2026\/01\/Svecani-prijem-vaterpolisti-Opstina-Kotor.webp","width":800,"height":506},{"@type":"BreadcrumbList","@id":"https:\/\/dmcsrb.com\/sport\/uprilicen-svecani-prijem-za-zlatne-vaterpoliste\/#breadcrumb","itemListElement":[{"@type":"ListItem","position":1,"name":"Home","item":"https:\/\/dmcsrb.com\/"},{"@type":"ListItem","position":2,"name":"Uprili\u010den sve\u010dani prijem za zlatne vaterpoliste"}]},{"@type":"WebSite","@id":"https:\/\/dmcsrb.com\/#website","url":"https:\/\/dmcsrb.com\/","name":"dmcsrb.com","description":"","potentialAction":[{"@type":"SearchAction","target":{"@type":"EntryPoint","urlTemplate":"https:\/\/dmcsrb.com\/?s={search_term_string}"},"query-input":{"@type":"PropertyValueSpecification","valueRequired":true,"valueName":"search_term_string"}}],"inLanguage":"en-GB"},{"@type":"Person","@id":"https:\/\/dmcsrb.com\/#\/schema\/person\/5c39170f12db1b8b457732d0b5c854e2","name":"dmcsrbija.com@gmail.com","image":{"@type":"ImageObject","inLanguage":"en-GB","@id":"https:\/\/dmcsrb.com\/#\/schema\/person\/image\/","url":"https:\/\/secure.gravatar.com\/avatar\/68592660ad6347fad0fb587f8d5d8f1a7b44961362f56e4f2cd524feb87e9069?s=96&d=mm&r=g","contentUrl":"https:\/\/secure.gravatar.com\/avatar\/68592660ad6347fad0fb587f8d5d8f1a7b44961362f56e4f2cd524feb87e9069?s=96&d=mm&r=g","caption":"dmcsrbija.com@gmail.com"},"sameAs":["https:\/\/dmcsrb.com"],"url":"https:\/\/dmcsrb.com\/en\/author\/dmcsrbija-comgmail-com\/"}]}},"_links":{"self":[{"href":"https:\/\/dmcsrb.com\/en\/wp-json\/wp\/v2\/posts\/949752","targetHints":{"allow":["GET"]}}],"collection":[{"href":"https:\/\/dmcsrb.com\/en\/wp-json\/wp\/v2\/posts"}],"about":[{"href":"https:\/\/dmcsrb.com\/en\/wp-json\/wp\/v2\/types\/post"}],"author":[{"embeddable":true,"href":"https:\/\/dmcsrb.com\/en\/wp-json\/wp\/v2\/users\/1"}],"replies":[{"embeddable":true,"href":"https:\/\/dmcsrb.com\/en\/wp-json\/wp\/v2\/comments?post=949752"}],"version-history":[{"count":0,"href":"https:\/\/dmcsrb.com\/en\/wp-json\/wp\/v2\/posts\/949752\/revisions"}],"wp:featuredmedia":[{"embeddable":true,"href":"https:\/\/dmcsrb.com\/en\/wp-json\/wp\/v2\/media\/949753"}],"wp:attachment":[{"href":"https:\/\/dmcsrb.com\/en\/wp-json\/wp\/v2\/media?parent=949752"}],"wp:term":[{"taxonomy":"category","embeddable":true,"href":"https:\/\/dmcsrb.com\/en\/wp-json\/wp\/v2\/categories?post=949752"},{"taxonomy":"post_tag","embeddable":true,"href":"https:\/\/dmcsrb.com\/en\/wp-json\/wp\/v2\/tags?post=949752"},{"taxonomy":"naslovna","embeddable":true,"href":"https:\/\/dmcsrb.com\/en\/wp-json\/wp\/v2\/naslovna?post=949752"}],"curies":[{"name":"wp","href":"https:\/\/api.w.org\/{rel}","templated":true}]}}