{"id":949713,"date":"2025-09-02T10:37:00","date_gmt":"2025-09-02T08:37:00","guid":{"rendered":"https:\/\/dmcsrb.com\/uncategorized\/ivanovic-cast-mi-je-sto-cu-nositi-kapitensku-traku-ali-istovremeno-i-odgovornost\/"},"modified":"2025-09-02T10:37:00","modified_gmt":"2025-09-02T08:37:00","slug":"ivanovic-cast-mi-je-sto-cu-nositi-kapitensku-traku-ali-istovremeno-i-odgovornost","status":"publish","type":"post","link":"https:\/\/dmcsrb.com\/en\/sport\/ivanovic-cast-mi-je-sto-cu-nositi-kapitensku-traku-ali-istovremeno-i-odgovornost\/","title":{"rendered":"Ivanovi\u0107: \u010cast mi je \u0161to \u0107u nositi kapitensku traku, ali istovremeno i odgovornost"},"content":{"rendered":"<p>Pod dirigentskom palicom \u0161efa stru\u010dnog \u0161taba Miodraga Kadije ko\u0161arka\u0161i Podgorice Bemax danas su otvorili \u010detvrtu radnu sedmicu. Iako je bilo problema sa povredama, svi u taboru na\u0161eg tima zadovoljni su kako odmi\u010de prva faza priprema.<\/p>\n\n\n\n<p>-Radimo zaista jako. Pripreme teku odli\u010dno. Radimo svakog dana po dva puta. Svjesni smo da je ovo najte\u017ea i najzahtjevnija faza priprema, ali zaista svi nastojimo da ispunimo sve zahtjeve stru\u010dnog \u0161taba. Radimo naporno i polako se stvara hemija u timu, tako da sam zadovoljan dosada\u0161njim dijelom \u2013 kazao je za klupski sajt plejmejker Danilo Ivanovi\u0107.<\/p>\n\n\n\n<p>Ina\u010de, pored Danila Ivanovi\u0107a, koji se nakon sezone u Teodu vratio, Podgorica Bemax je u pauzi izme\u0111u dvije sezone potpisala jo\u0161 sedam igra\u010da \u2013 paraf na vjernost stavili su Du\u0161an Mahor\u010di\u0107, Lazar Radeti\u0107, Petar Mini\u0107, Aleksa Bulaji\u0107, Sr\u0111a Bulatovi\u0107, Stefan Ad\u017ei\u0107 i Sini\u0161a \u0160orak.<\/p>\n\n\n\n<p>-Povratak u Podgoricu za mene je poseban motiv, s obzirom da se vra\u0107am ku\u0107i. Drago mi je da sam opet tu. Znam odli\u010dno prilike u ovom klubu, koji ima izuzetne uslove i zaista je lijepo raditi. Imamo puno novih igra\u010da i vjerujem da \u0107emo se brzo uigrati i pokazati pun potencijal, iako je ekipa nikad mla\u0111a, sa prosjekom od 19 godina \u2013 objasnio je Ivanovi\u0107.<\/p>\n\n\n\n<p>Osvaja\u010d bronzane medalje na Evropskom prvenstvu sa mladom crnogorskom reprezentacijom u sezoni koja slijedi bi\u0107e kapiten Podgorice Bemax.<\/p>\n\n\n\n<p>-To je zaista velika \u010dast za mene \u0161to sam od strane trenera i Uprave izabran da budem kapiten. Istovremeno to predstavlja i dodatnu odgovornost, ali i motivaciju da svojim primjerom, trudom i zalaganjem pomognem ekipi na terenu i van njega \u2013 podvukao je Ivanovi\u0107.<\/p>\n\n\n\n<p>Podgorica Bemax, koja je od 11. avgusta na okupu, prvu provjeru ima\u0107e u \u010detvrtak (4.septembra), kada \u0107e u ,,Bemax areni\u201d ugostiti Ba\u0161kimi.<\/p>\n\n\n\n<p>-Nakon napornog ritma treninga, sada slijedi druga faza u kojoj \u0107emo imati nekoliko provjera. Sijede prvo utakmice sa Ba\u0161kimijem, Kotorom i Sutjeskom, a onda \u010demo tokom mini turneje u Srbiji imati dodatne me\u010deve, koji \u0107e nam poslu\u017eiti da se dodatno uigramo i spremimo za start nove sezone \u2013 zaklju\u010dio je Ivanovi\u0107.<\/p>\n\n\n\n<p>Na startu nove sezone u ABA 2 ligi Podgorica Bemax \u0107e 7.oktobra ugostiti Borac iz Banjaluke.<\/p>","protected":false},"excerpt":{"rendered":"<p>Ko\u0161arka\u0161i Podgorice Bemax vrijedno se spremaju za po\u010detak nove sezone.<\/p>","protected":false},"author":1,"featured_media":949714,"comment_status":"open","ping_status":"open","sticky":false,"template":"","format":"standard","meta":{"_acf_changed":false,"footnotes":""},"categories":[148],"tags":[5492,1013],"naslovna":[],"class_list":["post-949713","post","type-post","status-publish","format-standard","has-post-thumbnail","hentry","category-sport","tag-danilo-ivanovic","tag-kk-podgorica-bemax"],"acf":[],"yoast_head":"<!-- This site is optimized with the Yoast SEO plugin v27.4 - https:\/\/yoast.com\/product\/yoast-seo-wordpress\/ -->\n<title>Ivanovi\u0107: \u010cast mi je \u0161to \u0107u nositi kapitensku traku, ali istovremeno i odgovornost - dmcsrb.com<\/title>\n<meta name=\"robots\" content=\"index, follow, max-snippet:-1, max-image-preview:large, max-video-preview:-1\" \/>\n<link rel=\"canonical\" href=\"https:\/\/dmcsrb.com\/en\/sport\/ivanovic-cast-mi-je-sto-cu-nositi-kapitensku-traku-ali-istovremeno-i-odgovornost\/\" \/>\n<meta property=\"og:locale\" content=\"en_GB\" \/>\n<meta property=\"og:type\" content=\"article\" \/>\n<meta property=\"og:title\" content=\"Ivanovi\u0107: \u010cast mi je \u0161to \u0107u nositi kapitensku traku, ali istovremeno i odgovornost - dmcsrb.com\" \/>\n<meta property=\"og:description\" content=\"Ko\u0161arka\u0161i Podgorice Bemax vrijedno se spremaju za po\u010detak nove sezone.\" \/>\n<meta property=\"og:url\" content=\"https:\/\/dmcsrb.com\/en\/sport\/ivanovic-cast-mi-je-sto-cu-nositi-kapitensku-traku-ali-istovremeno-i-odgovornost\/\" \/>\n<meta property=\"og:site_name\" content=\"dmcsrb.com\" \/>\n<meta property=\"article:published_time\" content=\"2025-09-02T08:37:00+00:00\" \/>\n<meta property=\"og:image\" content=\"https:\/\/dmcsrb.com\/wp-content\/uploads\/2026\/01\/Ivanovic-KK-Podgorica-Bemax.webp\" \/>\n\t<meta property=\"og:image:width\" content=\"2048\" \/>\n\t<meta property=\"og:image:height\" content=\"1365\" \/>\n\t<meta property=\"og:image:type\" content=\"image\/jpeg\" \/>\n<meta name=\"author\" content=\"dmcsrbija.com@gmail.com\" \/>\n<meta name=\"twitter:card\" content=\"summary_large_image\" \/>\n<meta name=\"twitter:label1\" content=\"Written by\" \/>\n\t<meta name=\"twitter:data1\" content=\"dmcsrbija.com@gmail.com\" \/>\n\t<meta name=\"twitter:label2\" content=\"Estimated reading time\" \/>\n\t<meta name=\"twitter:data2\" content=\"2 minutes\" \/>\n<script type=\"application\/ld+json\" class=\"yoast-schema-graph\">{\"@context\":\"https:\\\/\\\/schema.org\",\"@graph\":[{\"@type\":\"Article\",\"@id\":\"https:\\\/\\\/dmcsrb.com\\\/sport\\\/ivanovic-cast-mi-je-sto-cu-nositi-kapitensku-traku-ali-istovremeno-i-odgovornost\\\/#article\",\"isPartOf\":{\"@id\":\"https:\\\/\\\/dmcsrb.com\\\/sport\\\/ivanovic-cast-mi-je-sto-cu-nositi-kapitensku-traku-ali-istovremeno-i-odgovornost\\\/\"},\"author\":{\"name\":\"dmcsrbija.com@gmail.com\",\"@id\":\"https:\\\/\\\/dmcsrb.com\\\/#\\\/schema\\\/person\\\/5c39170f12db1b8b457732d0b5c854e2\"},\"headline\":\"Ivanovi\u0107: \u010cast mi je \u0161to \u0107u nositi kapitensku traku, ali istovremeno i odgovornost\",\"datePublished\":\"2025-09-02T08:37:00+00:00\",\"mainEntityOfPage\":{\"@id\":\"https:\\\/\\\/dmcsrb.com\\\/sport\\\/ivanovic-cast-mi-je-sto-cu-nositi-kapitensku-traku-ali-istovremeno-i-odgovornost\\\/\"},\"wordCount\":386,\"commentCount\":0,\"image\":{\"@id\":\"https:\\\/\\\/dmcsrb.com\\\/sport\\\/ivanovic-cast-mi-je-sto-cu-nositi-kapitensku-traku-ali-istovremeno-i-odgovornost\\\/#primaryimage\"},\"thumbnailUrl\":\"https:\\\/\\\/dmcsrb.com\\\/wp-content\\\/uploads\\\/2026\\\/01\\\/Ivanovic-KK-Podgorica-Bemax.webp\",\"keywords\":[\"Danilo Ivanovi\u0107\",\"KK Podgorica Bemax\"],\"articleSection\":[\"Sport\"],\"inLanguage\":\"en-GB\",\"potentialAction\":[{\"@type\":\"CommentAction\",\"name\":\"Comment\",\"target\":[\"https:\\\/\\\/dmcsrb.com\\\/sport\\\/ivanovic-cast-mi-je-sto-cu-nositi-kapitensku-traku-ali-istovremeno-i-odgovornost\\\/#respond\"]}]},{\"@type\":\"WebPage\",\"@id\":\"https:\\\/\\\/dmcsrb.com\\\/sport\\\/ivanovic-cast-mi-je-sto-cu-nositi-kapitensku-traku-ali-istovremeno-i-odgovornost\\\/\",\"url\":\"https:\\\/\\\/dmcsrb.com\\\/sport\\\/ivanovic-cast-mi-je-sto-cu-nositi-kapitensku-traku-ali-istovremeno-i-odgovornost\\\/\",\"name\":\"Ivanovi\u0107: \u010cast mi je \u0161to \u0107u nositi kapitensku traku, ali istovremeno i odgovornost - dmcsrb.com\",\"isPartOf\":{\"@id\":\"https:\\\/\\\/dmcsrb.com\\\/#website\"},\"primaryImageOfPage\":{\"@id\":\"https:\\\/\\\/dmcsrb.com\\\/sport\\\/ivanovic-cast-mi-je-sto-cu-nositi-kapitensku-traku-ali-istovremeno-i-odgovornost\\\/#primaryimage\"},\"image\":{\"@id\":\"https:\\\/\\\/dmcsrb.com\\\/sport\\\/ivanovic-cast-mi-je-sto-cu-nositi-kapitensku-traku-ali-istovremeno-i-odgovornost\\\/#primaryimage\"},\"thumbnailUrl\":\"https:\\\/\\\/dmcsrb.com\\\/wp-content\\\/uploads\\\/2026\\\/01\\\/Ivanovic-KK-Podgorica-Bemax.webp\",\"datePublished\":\"2025-09-02T08:37:00+00:00\",\"author\":{\"@id\":\"https:\\\/\\\/dmcsrb.com\\\/#\\\/schema\\\/person\\\/5c39170f12db1b8b457732d0b5c854e2\"},\"breadcrumb\":{\"@id\":\"https:\\\/\\\/dmcsrb.com\\\/sport\\\/ivanovic-cast-mi-je-sto-cu-nositi-kapitensku-traku-ali-istovremeno-i-odgovornost\\\/#breadcrumb\"},\"inLanguage\":\"en-GB\",\"potentialAction\":[{\"@type\":\"ReadAction\",\"target\":[\"https:\\\/\\\/dmcsrb.com\\\/sport\\\/ivanovic-cast-mi-je-sto-cu-nositi-kapitensku-traku-ali-istovremeno-i-odgovornost\\\/\"]}]},{\"@type\":\"ImageObject\",\"inLanguage\":\"en-GB\",\"@id\":\"https:\\\/\\\/dmcsrb.com\\\/sport\\\/ivanovic-cast-mi-je-sto-cu-nositi-kapitensku-traku-ali-istovremeno-i-odgovornost\\\/#primaryimage\",\"url\":\"https:\\\/\\\/dmcsrb.com\\\/wp-content\\\/uploads\\\/2026\\\/01\\\/Ivanovic-KK-Podgorica-Bemax.webp\",\"contentUrl\":\"https:\\\/\\\/dmcsrb.com\\\/wp-content\\\/uploads\\\/2026\\\/01\\\/Ivanovic-KK-Podgorica-Bemax.webp\",\"width\":2048,\"height\":1365},{\"@type\":\"BreadcrumbList\",\"@id\":\"https:\\\/\\\/dmcsrb.com\\\/sport\\\/ivanovic-cast-mi-je-sto-cu-nositi-kapitensku-traku-ali-istovremeno-i-odgovornost\\\/#breadcrumb\",\"itemListElement\":[{\"@type\":\"ListItem\",\"position\":1,\"name\":\"Home\",\"item\":\"https:\\\/\\\/dmcsrb.com\\\/\"},{\"@type\":\"ListItem\",\"position\":2,\"name\":\"Ivanovi\u0107: \u010cast mi je \u0161to \u0107u nositi kapitensku traku, ali istovremeno i odgovornost\"}]},{\"@type\":\"WebSite\",\"@id\":\"https:\\\/\\\/dmcsrb.com\\\/#website\",\"url\":\"https:\\\/\\\/dmcsrb.com\\\/\",\"name\":\"dmcsrb.com\",\"description\":\"\",\"potentialAction\":[{\"@type\":\"SearchAction\",\"target\":{\"@type\":\"EntryPoint\",\"urlTemplate\":\"https:\\\/\\\/dmcsrb.com\\\/?s={search_term_string}\"},\"query-input\":{\"@type\":\"PropertyValueSpecification\",\"valueRequired\":true,\"valueName\":\"search_term_string\"}}],\"inLanguage\":\"en-GB\"},{\"@type\":\"Person\",\"@id\":\"https:\\\/\\\/dmcsrb.com\\\/#\\\/schema\\\/person\\\/5c39170f12db1b8b457732d0b5c854e2\",\"name\":\"dmcsrbija.com@gmail.com\",\"image\":{\"@type\":\"ImageObject\",\"inLanguage\":\"en-GB\",\"@id\":\"https:\\\/\\\/secure.gravatar.com\\\/avatar\\\/68592660ad6347fad0fb587f8d5d8f1a7b44961362f56e4f2cd524feb87e9069?s=96&d=mm&r=g\",\"url\":\"https:\\\/\\\/secure.gravatar.com\\\/avatar\\\/68592660ad6347fad0fb587f8d5d8f1a7b44961362f56e4f2cd524feb87e9069?s=96&d=mm&r=g\",\"contentUrl\":\"https:\\\/\\\/secure.gravatar.com\\\/avatar\\\/68592660ad6347fad0fb587f8d5d8f1a7b44961362f56e4f2cd524feb87e9069?s=96&d=mm&r=g\",\"caption\":\"dmcsrbija.com@gmail.com\"},\"sameAs\":[\"https:\\\/\\\/dmcsrb.com\"],\"url\":\"https:\\\/\\\/dmcsrb.com\\\/en\\\/author\\\/dmcsrbija-comgmail-com\\\/\"}]}<\/script>\n<!-- \/ Yoast SEO plugin. -->","yoast_head_json":{"title":"Ivanovi\u0107: \u010cast mi je \u0161to \u0107u nositi kapitensku traku, ali istovremeno i odgovornost - dmcsrb.com","robots":{"index":"index","follow":"follow","max-snippet":"max-snippet:-1","max-image-preview":"max-image-preview:large","max-video-preview":"max-video-preview:-1"},"canonical":"https:\/\/dmcsrb.com\/en\/sport\/ivanovic-cast-mi-je-sto-cu-nositi-kapitensku-traku-ali-istovremeno-i-odgovornost\/","og_locale":"en_GB","og_type":"article","og_title":"Ivanovi\u0107: \u010cast mi je \u0161to \u0107u nositi kapitensku traku, ali istovremeno i odgovornost - dmcsrb.com","og_description":"Ko\u0161arka\u0161i Podgorice Bemax vrijedno se spremaju za po\u010detak nove sezone.","og_url":"https:\/\/dmcsrb.com\/en\/sport\/ivanovic-cast-mi-je-sto-cu-nositi-kapitensku-traku-ali-istovremeno-i-odgovornost\/","og_site_name":"dmcsrb.com","article_published_time":"2025-09-02T08:37:00+00:00","og_image":[{"width":2048,"height":1365,"url":"https:\/\/dmcsrb.com\/wp-content\/uploads\/2026\/01\/Ivanovic-KK-Podgorica-Bemax.webp","type":"image\/jpeg"}],"author":"dmcsrbija.com@gmail.com","twitter_card":"summary_large_image","twitter_misc":{"Written by":"dmcsrbija.com@gmail.com","Estimated reading time":"2 minutes"},"schema":{"@context":"https:\/\/schema.org","@graph":[{"@type":"Article","@id":"https:\/\/dmcsrb.com\/sport\/ivanovic-cast-mi-je-sto-cu-nositi-kapitensku-traku-ali-istovremeno-i-odgovornost\/#article","isPartOf":{"@id":"https:\/\/dmcsrb.com\/sport\/ivanovic-cast-mi-je-sto-cu-nositi-kapitensku-traku-ali-istovremeno-i-odgovornost\/"},"author":{"name":"dmcsrbija.com@gmail.com","@id":"https:\/\/dmcsrb.com\/#\/schema\/person\/5c39170f12db1b8b457732d0b5c854e2"},"headline":"Ivanovi\u0107: \u010cast mi je \u0161to \u0107u nositi kapitensku traku, ali istovremeno i odgovornost","datePublished":"2025-09-02T08:37:00+00:00","mainEntityOfPage":{"@id":"https:\/\/dmcsrb.com\/sport\/ivanovic-cast-mi-je-sto-cu-nositi-kapitensku-traku-ali-istovremeno-i-odgovornost\/"},"wordCount":386,"commentCount":0,"image":{"@id":"https:\/\/dmcsrb.com\/sport\/ivanovic-cast-mi-je-sto-cu-nositi-kapitensku-traku-ali-istovremeno-i-odgovornost\/#primaryimage"},"thumbnailUrl":"https:\/\/dmcsrb.com\/wp-content\/uploads\/2026\/01\/Ivanovic-KK-Podgorica-Bemax.webp","keywords":["Danilo Ivanovi\u0107","KK Podgorica Bemax"],"articleSection":["Sport"],"inLanguage":"en-GB","potentialAction":[{"@type":"CommentAction","name":"Comment","target":["https:\/\/dmcsrb.com\/sport\/ivanovic-cast-mi-je-sto-cu-nositi-kapitensku-traku-ali-istovremeno-i-odgovornost\/#respond"]}]},{"@type":"WebPage","@id":"https:\/\/dmcsrb.com\/sport\/ivanovic-cast-mi-je-sto-cu-nositi-kapitensku-traku-ali-istovremeno-i-odgovornost\/","url":"https:\/\/dmcsrb.com\/sport\/ivanovic-cast-mi-je-sto-cu-nositi-kapitensku-traku-ali-istovremeno-i-odgovornost\/","name":"Ivanovi\u0107: \u010cast mi je \u0161to \u0107u nositi kapitensku traku, ali istovremeno i odgovornost - dmcsrb.com","isPartOf":{"@id":"https:\/\/dmcsrb.com\/#website"},"primaryImageOfPage":{"@id":"https:\/\/dmcsrb.com\/sport\/ivanovic-cast-mi-je-sto-cu-nositi-kapitensku-traku-ali-istovremeno-i-odgovornost\/#primaryimage"},"image":{"@id":"https:\/\/dmcsrb.com\/sport\/ivanovic-cast-mi-je-sto-cu-nositi-kapitensku-traku-ali-istovremeno-i-odgovornost\/#primaryimage"},"thumbnailUrl":"https:\/\/dmcsrb.com\/wp-content\/uploads\/2026\/01\/Ivanovic-KK-Podgorica-Bemax.webp","datePublished":"2025-09-02T08:37:00+00:00","author":{"@id":"https:\/\/dmcsrb.com\/#\/schema\/person\/5c39170f12db1b8b457732d0b5c854e2"},"breadcrumb":{"@id":"https:\/\/dmcsrb.com\/sport\/ivanovic-cast-mi-je-sto-cu-nositi-kapitensku-traku-ali-istovremeno-i-odgovornost\/#breadcrumb"},"inLanguage":"en-GB","potentialAction":[{"@type":"ReadAction","target":["https:\/\/dmcsrb.com\/sport\/ivanovic-cast-mi-je-sto-cu-nositi-kapitensku-traku-ali-istovremeno-i-odgovornost\/"]}]},{"@type":"ImageObject","inLanguage":"en-GB","@id":"https:\/\/dmcsrb.com\/sport\/ivanovic-cast-mi-je-sto-cu-nositi-kapitensku-traku-ali-istovremeno-i-odgovornost\/#primaryimage","url":"https:\/\/dmcsrb.com\/wp-content\/uploads\/2026\/01\/Ivanovic-KK-Podgorica-Bemax.webp","contentUrl":"https:\/\/dmcsrb.com\/wp-content\/uploads\/2026\/01\/Ivanovic-KK-Podgorica-Bemax.webp","width":2048,"height":1365},{"@type":"BreadcrumbList","@id":"https:\/\/dmcsrb.com\/sport\/ivanovic-cast-mi-je-sto-cu-nositi-kapitensku-traku-ali-istovremeno-i-odgovornost\/#breadcrumb","itemListElement":[{"@type":"ListItem","position":1,"name":"Home","item":"https:\/\/dmcsrb.com\/"},{"@type":"ListItem","position":2,"name":"Ivanovi\u0107: \u010cast mi je \u0161to \u0107u nositi kapitensku traku, ali istovremeno i odgovornost"}]},{"@type":"WebSite","@id":"https:\/\/dmcsrb.com\/#website","url":"https:\/\/dmcsrb.com\/","name":"dmcsrb.com","description":"","potentialAction":[{"@type":"SearchAction","target":{"@type":"EntryPoint","urlTemplate":"https:\/\/dmcsrb.com\/?s={search_term_string}"},"query-input":{"@type":"PropertyValueSpecification","valueRequired":true,"valueName":"search_term_string"}}],"inLanguage":"en-GB"},{"@type":"Person","@id":"https:\/\/dmcsrb.com\/#\/schema\/person\/5c39170f12db1b8b457732d0b5c854e2","name":"dmcsrbija.com@gmail.com","image":{"@type":"ImageObject","inLanguage":"en-GB","@id":"https:\/\/secure.gravatar.com\/avatar\/68592660ad6347fad0fb587f8d5d8f1a7b44961362f56e4f2cd524feb87e9069?s=96&d=mm&r=g","url":"https:\/\/secure.gravatar.com\/avatar\/68592660ad6347fad0fb587f8d5d8f1a7b44961362f56e4f2cd524feb87e9069?s=96&d=mm&r=g","contentUrl":"https:\/\/secure.gravatar.com\/avatar\/68592660ad6347fad0fb587f8d5d8f1a7b44961362f56e4f2cd524feb87e9069?s=96&d=mm&r=g","caption":"dmcsrbija.com@gmail.com"},"sameAs":["https:\/\/dmcsrb.com"],"url":"https:\/\/dmcsrb.com\/en\/author\/dmcsrbija-comgmail-com\/"}]}},"_links":{"self":[{"href":"https:\/\/dmcsrb.com\/en\/wp-json\/wp\/v2\/posts\/949713","targetHints":{"allow":["GET"]}}],"collection":[{"href":"https:\/\/dmcsrb.com\/en\/wp-json\/wp\/v2\/posts"}],"about":[{"href":"https:\/\/dmcsrb.com\/en\/wp-json\/wp\/v2\/types\/post"}],"author":[{"embeddable":true,"href":"https:\/\/dmcsrb.com\/en\/wp-json\/wp\/v2\/users\/1"}],"replies":[{"embeddable":true,"href":"https:\/\/dmcsrb.com\/en\/wp-json\/wp\/v2\/comments?post=949713"}],"version-history":[{"count":0,"href":"https:\/\/dmcsrb.com\/en\/wp-json\/wp\/v2\/posts\/949713\/revisions"}],"wp:featuredmedia":[{"embeddable":true,"href":"https:\/\/dmcsrb.com\/en\/wp-json\/wp\/v2\/media\/949714"}],"wp:attachment":[{"href":"https:\/\/dmcsrb.com\/en\/wp-json\/wp\/v2\/media?parent=949713"}],"wp:term":[{"taxonomy":"category","embeddable":true,"href":"https:\/\/dmcsrb.com\/en\/wp-json\/wp\/v2\/categories?post=949713"},{"taxonomy":"post_tag","embeddable":true,"href":"https:\/\/dmcsrb.com\/en\/wp-json\/wp\/v2\/tags?post=949713"},{"taxonomy":"naslovna","embeddable":true,"href":"https:\/\/dmcsrb.com\/en\/wp-json\/wp\/v2\/naslovna?post=949713"}],"curies":[{"name":"wp","href":"https:\/\/api.w.org\/{rel}","templated":true}]}}