{"id":949711,"date":"2025-09-02T12:31:00","date_gmt":"2025-09-02T10:31:00","guid":{"rendered":"https:\/\/dmcsrb.com\/uncategorized\/hrabrost-i-otpor-devedesetih-kroz-izlozbu-u-budvi\/"},"modified":"2025-09-02T12:31:00","modified_gmt":"2025-09-02T10:31:00","slug":"hrabrost-i-otpor-devedesetih-kroz-izlozbu-u-budvi","status":"publish","type":"post","link":"https:\/\/dmcsrb.com\/en\/drustvo\/hrabrost-i-otpor-devedesetih-kroz-izlozbu-u-budvi\/","title":{"rendered":"Hrabrost i otpor devedesetih kroz izlo\u017ebu u Budvi"},"content":{"rendered":"<p><\/p>\n\n\n\n<p><\/p>\n\n\n\n<p>\u201eDevedesete godine, kao period koji nas i danas sna\u017eno odre\u0111uje, ostavile su duboke o\u017eiljke na na\u0161e zajednice, porodice i pojedina\u010dne \u017eivote. Ova izlo\u017eba je prilika da sagledamo kako su u toj deceniji ra\u0111ali i \u010dinovi hrabrosti, solidarnosti i moralne vertikale, koji su pokazali da ni u najmra\u010dnijim okolnostima, \u010dovjek ne gubi mo\u0107 da bira svjetlost umjesto tame\u201d, kazao je otvaraju\u0107i izlo\u017ebu predsjednik Op\u0161tine Budve, <strong>Nikola Jovanovi\u0107<\/strong>.<\/p>\n\n\n\n<p>On je naglasio da je to bilo vrijeme u kojem su strah, nesigurnost i podjele \u010desto bili nametnuti kao jedini okvir postojanja, ali isto tako i period u kojem su se javljali ljudi i ideje koji su svjedo\u010dili da se i u najmra\u010dnijim okolnostima mogu prona\u0107i izvori svjetlosti.<\/p>\n\n\n\n<p>\u201eBudva, grad hiljadugodi\u0161nje tradicije, ve\u010deras je sa ponosom doma\u0107in ovog doga\u0111aja, \u010dime potvr\u0111uje da njeguje kulturu pam\u0107enja kao jednu od svojih temeljnih vrijednosti, podsje\u0107aju\u0107i nas da je, u vremenima isku\u0161enja, otpor obaveza cijelog dru\u0161tva koje \u017eeli da sa\u010duva svoj integritet\u201d, poru\u010dio je Jovanovi\u0107.<\/p>\n\n\n\n<p><strong>Korwin van Strin<\/strong>, prvi sekretar ambasade Kraljevine Holandije, ukazao je na zna\u010daj izlo\u017ebe koja daje osvrt na deceniju koja je promijenila \u017eivote miliona ljudi u regionu i \u0161ire, uz traju\u0107e posljedice.<\/p>\n\n\n\n<p>\u201cNerije\u0161ena pitanja poput nacionalizma, populizma i nasilja otvoreno prijete regionalnom i globalnom miru, stabilnosti i prosperitetu. Ako \u017eelimo budu\u0107nost zasnovanu na me\u0111usobnom razumijevanju i povjerenju, a ne na sumnji ili neprijateljstvu, moramo biti spremni da preispitujemo i vlastite uloge i odgovornosti \u2013 ne samo tu\u0111e,\u201d naveo je on i naglasio dru\u0161tvenu nu\u017enost samorefleksije, ma koliko ona bila te\u0161ka. Van Strin je pozdravio napor da se kroz formu izlo\u017ebe kriti\u010dki promi\u0161lja, istra\u017euje, propisuje i u\u010di o 90-im.<\/p>\n\n\n\n<p>\u201cU tom smislu, ovo nije samo muzej pro\u0161losti \u2013 ve\u0107 i pogled u budu\u0107nost&#8221;, zaklju\u010dio je on, uz zahvalnost autorima, organizatorima i doma\u0107inima izlo\u017ebe.<\/p>\n\n\n\n<p>\u201cOva izlo\u017eba je posebna jer se izdvaja od tradicionalnih narativa, pozivaju\u0107i nas da istra\u017eimo slo\u017eenu pri\u010du koja uklju\u010duje li\u010dna iskustva, sukobljena sje\u0107anja i vi\u0161estruke perspektive. Podsje\u0107a nas da istoriju ne pi\u0161u samo zvani\u010dni arhivi, ve\u0107 i \u017eivoti onih koji su bili raseljeni, u\u0107utkani ili koji su pru\u017eali otpor nasilju\u201d, kazao je Bertran Bo\u0161e, zamjenik ambasadorke Republike Francuske. \u201cIzlo\u017eba pru\u017ea priliku da ponovo izgradimo razumijevanje, \u010dak i o najte\u017eim pitanjima, poma\u017eu\u0107i da oblikujemo zajedni\u010dku budu\u0107nost i dru\u0161tvo koje te\u017ei da bude pravednije, otvorenije i otpornije. Ova vizija uskla\u0111ena je sa projektom Zajedni\u010dki horizonti, regionalnim programom finansiranim od strane Francuske, koji promovi\u0161e inicijative za ja\u010danje dijaloga, izgradnju povjerenja i podsticanje saradnje na Zapadnom Balkanu\u201d, istakao je on, uz ponos \u0161to Francuska podr\u017eava izlo\u017ebu.<\/p>\n\n\n\n<p>\u201eDevedesete nijesu bile samo vrijeme rata, mr\u017enje i nasilja, ve\u0107 i vrijeme otpora, jer su postojali ljudi koji su birali druga\u010diji put &#8211; put gra\u0111anske hrabrosti, solidarnosti i dostojanstva\u201c, kazala je <strong>Daliborka Uljarevi\u0107<\/strong>, izvr\u0161na direktorka CGO-a.<\/p>\n\n\n\n<p>Uljarevi\u0107 je podsjetila na aktuelne poku\u0161aje da se ta decenija reinterpretira kroz ideolo\u0161ki revizionizam.<\/p>\n\n\n\n<p>\u201cOva izlo\u017eba je va\u017ena jer nas vra\u0107a \u010dinjenicama, pri\u010dama i licima onih koji su imali snage da se odupru\u201c, naglasila je, uz ocjenu da \u201chrabrost, skopost i integritet nikada nijesu bile dominantne kategorije, ali su uvijek bile pokreta\u010d promjene\u201d.<\/p>\n\n\n\n<p>Ona je zaklju\u010dila da je \u201cta lekcija iz 90-ih jednako va\u017ena i danas, kada \u017eivimo u vremenu u kojem opet ja\u010daju nacionalizam, netolerancija i autoritarni refleksi, ali u kojem su jo\u0161 dragocjeniji odva\u017eni pojedinci, kao i vrijednosti na kojima je zasnovana i EU\u201c.<\/p>\n\n\n\n<p>\u201eRaduje me \u0161to se ova izlo\u017eba odr\u017eava upravo u Budvi. Mislim da sa ovom i sli\u010dnom postavkom nikada ne\u0107emo biti u starijem zdanju i zanimljivijem mjestu\u201c, istakao je jedan od autora izlo\u017ebe i direktor KC Grad, <strong>Dejan Ubovi\u0107<\/strong>.<\/p>\n\n\n\n<p>Pojasnio je da izlo\u017eba predstavlja samo segment u okviru \u0161ire pri\u010de o antiratnim pokretima devedesetih i prvim nezavisnim medijima koji su tada nudili alternativu dominantnim narativima. \u201eDanas se di\u017eu spomenici nekim drugim ljudima, a na\u0161a je zamisao da bi dru\u0161tvo bolje funkcionisalo kada bi ljudi sa na\u0161e Mape heroja &#8211; \u0161to su Tomo Buzov, Sr\u0111an Aleksi\u0107 i drugi &#8211; na\u0161li svoje mjesto u ud\u017ebenicima istorije\u201c, naveo je on. Ubovi\u0107 je naglasio da je cilj ove inicijative da, prije svega, mladi iz Budve i okoline dobiju priliku da vide, pro\u010ditaju i promisle o vrijednostima koje mogu biti temelj jedne bolje budu\u0107nosti.<\/p>\n\n\n\n<p>Postavka \u0107e biti dostupna javnosti do 30. septembra 2025. godine, svakog dana osim ponedjeljkom od 10:00 do 20:00.<\/p>\n\n\n\n<p>Izlo\u017ebu realizuju Kulturni front, Fondacija M90 i CGO, uz podr\u0161ku Ministarstva spoljnih poslova Kraljevine Holandije kroz MATRA program, kao i Evropskog fonda za Balkan (EFB) i Shared Horizons projekta koji finansira Republika Francuska i sprovodi Expertise France Groupe AFD. Sadr\u017eaj ove izlo\u017ebe je isklju\u010diva odgovornost autora i ne odra\u017eava nu\u017eno stavove donatora.<\/p>","protected":false},"excerpt":{"rendered":"<p>O devedesetima naj\u010de\u0161\u0107e govorimo kroz zlo\u010dine, sankcije, bijedu i razaranja, a rijetko o onima koji su se tim politikama suprotstavili &#8211; koji su dizali glas, pisali, protestovali i spa\u0161avali druge zato \u0161to su vjerovali da se mora druga\u010dije. Ova izlo\u017eba je poku\u0161aj da im odamo zahvalnost, poru\u010deno je prilikom sino\u0107njeg otvaranja izlo\u017ebe \u201eDevedesete: od nepristajanja do otpora\u201d u crkvi Santa Maria in Punta u Budvi.<\/p>","protected":false},"author":1,"featured_media":949712,"comment_status":"open","ping_status":"open","sticky":false,"template":"","format":"standard","meta":{"_acf_changed":false,"footnotes":""},"categories":[2],"tags":[186,2081,6648,49,5070],"naslovna":[],"class_list":["post-949711","post","type-post","status-publish","format-standard","has-post-thumbnail","hentry","category-drustvo","tag-budva","tag-daliborka-uljarevic","tag-dejan-ubovic","tag-izlozba","tag-nikola-jovanovic"],"acf":[],"yoast_head":"<!-- This site is optimized with the Yoast SEO plugin v27.4 - https:\/\/yoast.com\/product\/yoast-seo-wordpress\/ -->\n<title>Hrabrost i otpor devedesetih kroz izlo\u017ebu u Budvi - dmcsrb.com<\/title>\n<meta name=\"robots\" content=\"index, follow, max-snippet:-1, max-image-preview:large, max-video-preview:-1\" \/>\n<link rel=\"canonical\" href=\"https:\/\/dmcsrb.com\/en\/drustvo\/hrabrost-i-otpor-devedesetih-kroz-izlozbu-u-budvi\/\" \/>\n<meta property=\"og:locale\" content=\"en_GB\" \/>\n<meta property=\"og:type\" content=\"article\" \/>\n<meta property=\"og:title\" content=\"Hrabrost i otpor devedesetih kroz izlo\u017ebu u Budvi - dmcsrb.com\" \/>\n<meta property=\"og:description\" content=\"O devedesetima naj\u010de\u0161\u0107e govorimo kroz zlo\u010dine, sankcije, bijedu i razaranja, a rijetko o onima koji su se tim politikama suprotstavili - koji su dizali glas, pisali, protestovali i spa\u0161avali druge zato \u0161to su vjerovali da se mora druga\u010dije. Ova izlo\u017eba je poku\u0161aj da im odamo zahvalnost, poru\u010deno je prilikom sino\u0107njeg otvaranja izlo\u017ebe \u201eDevedesete: od nepristajanja do otpora\u201d u crkvi Santa Maria in Punta u Budvi.\" \/>\n<meta property=\"og:url\" content=\"https:\/\/dmcsrb.com\/en\/drustvo\/hrabrost-i-otpor-devedesetih-kroz-izlozbu-u-budvi\/\" \/>\n<meta property=\"og:site_name\" content=\"dmcsrb.com\" \/>\n<meta property=\"article:published_time\" content=\"2025-09-02T10:31:00+00:00\" \/>\n<meta property=\"og:image\" content=\"https:\/\/dmcsrb.com\/wp-content\/uploads\/2026\/01\/izlozba-u-Budvi-Hrabrost-i-otpor-foto-CGO.webp\" \/>\n\t<meta property=\"og:image:width\" content=\"1050\" \/>\n\t<meta property=\"og:image:height\" content=\"669\" \/>\n\t<meta property=\"og:image:type\" content=\"image\/jpeg\" \/>\n<meta name=\"author\" content=\"dmcsrbija.com@gmail.com\" \/>\n<meta name=\"twitter:card\" content=\"summary_large_image\" \/>\n<meta name=\"twitter:label1\" content=\"Written by\" \/>\n\t<meta name=\"twitter:data1\" content=\"dmcsrbija.com@gmail.com\" \/>\n\t<meta name=\"twitter:label2\" content=\"Estimated reading time\" \/>\n\t<meta name=\"twitter:data2\" content=\"4 minutes\" \/>\n<script type=\"application\/ld+json\" class=\"yoast-schema-graph\">{\"@context\":\"https:\\\/\\\/schema.org\",\"@graph\":[{\"@type\":\"Article\",\"@id\":\"https:\\\/\\\/dmcsrb.com\\\/drustvo\\\/hrabrost-i-otpor-devedesetih-kroz-izlozbu-u-budvi\\\/#article\",\"isPartOf\":{\"@id\":\"https:\\\/\\\/dmcsrb.com\\\/drustvo\\\/hrabrost-i-otpor-devedesetih-kroz-izlozbu-u-budvi\\\/\"},\"author\":{\"name\":\"dmcsrbija.com@gmail.com\",\"@id\":\"https:\\\/\\\/dmcsrb.com\\\/#\\\/schema\\\/person\\\/5c39170f12db1b8b457732d0b5c854e2\"},\"headline\":\"Hrabrost i otpor devedesetih kroz izlo\u017ebu u Budvi\",\"datePublished\":\"2025-09-02T10:31:00+00:00\",\"mainEntityOfPage\":{\"@id\":\"https:\\\/\\\/dmcsrb.com\\\/drustvo\\\/hrabrost-i-otpor-devedesetih-kroz-izlozbu-u-budvi\\\/\"},\"wordCount\":865,\"commentCount\":0,\"image\":{\"@id\":\"https:\\\/\\\/dmcsrb.com\\\/drustvo\\\/hrabrost-i-otpor-devedesetih-kroz-izlozbu-u-budvi\\\/#primaryimage\"},\"thumbnailUrl\":\"https:\\\/\\\/dmcsrb.com\\\/wp-content\\\/uploads\\\/2026\\\/01\\\/izlozba-u-Budvi-Hrabrost-i-otpor-foto-CGO.webp\",\"keywords\":[\"budva\",\"Daliborka Uljarevi\u0107\",\"Dejan Ubovi\u0107\",\"izlo\u017eba\",\"Nikola Jovanovi\u0107\"],\"articleSection\":[\"Dru\u0161tvo\"],\"inLanguage\":\"en-GB\",\"potentialAction\":[{\"@type\":\"CommentAction\",\"name\":\"Comment\",\"target\":[\"https:\\\/\\\/dmcsrb.com\\\/drustvo\\\/hrabrost-i-otpor-devedesetih-kroz-izlozbu-u-budvi\\\/#respond\"]}]},{\"@type\":\"WebPage\",\"@id\":\"https:\\\/\\\/dmcsrb.com\\\/drustvo\\\/hrabrost-i-otpor-devedesetih-kroz-izlozbu-u-budvi\\\/\",\"url\":\"https:\\\/\\\/dmcsrb.com\\\/drustvo\\\/hrabrost-i-otpor-devedesetih-kroz-izlozbu-u-budvi\\\/\",\"name\":\"Hrabrost i otpor devedesetih kroz izlo\u017ebu u Budvi - dmcsrb.com\",\"isPartOf\":{\"@id\":\"https:\\\/\\\/dmcsrb.com\\\/#website\"},\"primaryImageOfPage\":{\"@id\":\"https:\\\/\\\/dmcsrb.com\\\/drustvo\\\/hrabrost-i-otpor-devedesetih-kroz-izlozbu-u-budvi\\\/#primaryimage\"},\"image\":{\"@id\":\"https:\\\/\\\/dmcsrb.com\\\/drustvo\\\/hrabrost-i-otpor-devedesetih-kroz-izlozbu-u-budvi\\\/#primaryimage\"},\"thumbnailUrl\":\"https:\\\/\\\/dmcsrb.com\\\/wp-content\\\/uploads\\\/2026\\\/01\\\/izlozba-u-Budvi-Hrabrost-i-otpor-foto-CGO.webp\",\"datePublished\":\"2025-09-02T10:31:00+00:00\",\"author\":{\"@id\":\"https:\\\/\\\/dmcsrb.com\\\/#\\\/schema\\\/person\\\/5c39170f12db1b8b457732d0b5c854e2\"},\"breadcrumb\":{\"@id\":\"https:\\\/\\\/dmcsrb.com\\\/drustvo\\\/hrabrost-i-otpor-devedesetih-kroz-izlozbu-u-budvi\\\/#breadcrumb\"},\"inLanguage\":\"en-GB\",\"potentialAction\":[{\"@type\":\"ReadAction\",\"target\":[\"https:\\\/\\\/dmcsrb.com\\\/drustvo\\\/hrabrost-i-otpor-devedesetih-kroz-izlozbu-u-budvi\\\/\"]}]},{\"@type\":\"ImageObject\",\"inLanguage\":\"en-GB\",\"@id\":\"https:\\\/\\\/dmcsrb.com\\\/drustvo\\\/hrabrost-i-otpor-devedesetih-kroz-izlozbu-u-budvi\\\/#primaryimage\",\"url\":\"https:\\\/\\\/dmcsrb.com\\\/wp-content\\\/uploads\\\/2026\\\/01\\\/izlozba-u-Budvi-Hrabrost-i-otpor-foto-CGO.webp\",\"contentUrl\":\"https:\\\/\\\/dmcsrb.com\\\/wp-content\\\/uploads\\\/2026\\\/01\\\/izlozba-u-Budvi-Hrabrost-i-otpor-foto-CGO.webp\",\"width\":1050,\"height\":669},{\"@type\":\"BreadcrumbList\",\"@id\":\"https:\\\/\\\/dmcsrb.com\\\/drustvo\\\/hrabrost-i-otpor-devedesetih-kroz-izlozbu-u-budvi\\\/#breadcrumb\",\"itemListElement\":[{\"@type\":\"ListItem\",\"position\":1,\"name\":\"Home\",\"item\":\"https:\\\/\\\/dmcsrb.com\\\/\"},{\"@type\":\"ListItem\",\"position\":2,\"name\":\"Hrabrost i otpor devedesetih kroz izlo\u017ebu u Budvi\"}]},{\"@type\":\"WebSite\",\"@id\":\"https:\\\/\\\/dmcsrb.com\\\/#website\",\"url\":\"https:\\\/\\\/dmcsrb.com\\\/\",\"name\":\"dmcsrb.com\",\"description\":\"\",\"potentialAction\":[{\"@type\":\"SearchAction\",\"target\":{\"@type\":\"EntryPoint\",\"urlTemplate\":\"https:\\\/\\\/dmcsrb.com\\\/?s={search_term_string}\"},\"query-input\":{\"@type\":\"PropertyValueSpecification\",\"valueRequired\":true,\"valueName\":\"search_term_string\"}}],\"inLanguage\":\"en-GB\"},{\"@type\":\"Person\",\"@id\":\"https:\\\/\\\/dmcsrb.com\\\/#\\\/schema\\\/person\\\/5c39170f12db1b8b457732d0b5c854e2\",\"name\":\"dmcsrbija.com@gmail.com\",\"image\":{\"@type\":\"ImageObject\",\"inLanguage\":\"en-GB\",\"@id\":\"https:\\\/\\\/secure.gravatar.com\\\/avatar\\\/68592660ad6347fad0fb587f8d5d8f1a7b44961362f56e4f2cd524feb87e9069?s=96&d=mm&r=g\",\"url\":\"https:\\\/\\\/secure.gravatar.com\\\/avatar\\\/68592660ad6347fad0fb587f8d5d8f1a7b44961362f56e4f2cd524feb87e9069?s=96&d=mm&r=g\",\"contentUrl\":\"https:\\\/\\\/secure.gravatar.com\\\/avatar\\\/68592660ad6347fad0fb587f8d5d8f1a7b44961362f56e4f2cd524feb87e9069?s=96&d=mm&r=g\",\"caption\":\"dmcsrbija.com@gmail.com\"},\"sameAs\":[\"https:\\\/\\\/dmcsrb.com\"],\"url\":\"https:\\\/\\\/dmcsrb.com\\\/en\\\/author\\\/dmcsrbija-comgmail-com\\\/\"}]}<\/script>\n<!-- \/ Yoast SEO plugin. -->","yoast_head_json":{"title":"Hrabrost i otpor devedesetih kroz izlo\u017ebu u Budvi - dmcsrb.com","robots":{"index":"index","follow":"follow","max-snippet":"max-snippet:-1","max-image-preview":"max-image-preview:large","max-video-preview":"max-video-preview:-1"},"canonical":"https:\/\/dmcsrb.com\/en\/drustvo\/hrabrost-i-otpor-devedesetih-kroz-izlozbu-u-budvi\/","og_locale":"en_GB","og_type":"article","og_title":"Hrabrost i otpor devedesetih kroz izlo\u017ebu u Budvi - dmcsrb.com","og_description":"O devedesetima naj\u010de\u0161\u0107e govorimo kroz zlo\u010dine, sankcije, bijedu i razaranja, a rijetko o onima koji su se tim politikama suprotstavili - koji su dizali glas, pisali, protestovali i spa\u0161avali druge zato \u0161to su vjerovali da se mora druga\u010dije. Ova izlo\u017eba je poku\u0161aj da im odamo zahvalnost, poru\u010deno je prilikom sino\u0107njeg otvaranja izlo\u017ebe \u201eDevedesete: od nepristajanja do otpora\u201d u crkvi Santa Maria in Punta u Budvi.","og_url":"https:\/\/dmcsrb.com\/en\/drustvo\/hrabrost-i-otpor-devedesetih-kroz-izlozbu-u-budvi\/","og_site_name":"dmcsrb.com","article_published_time":"2025-09-02T10:31:00+00:00","og_image":[{"width":1050,"height":669,"url":"https:\/\/dmcsrb.com\/wp-content\/uploads\/2026\/01\/izlozba-u-Budvi-Hrabrost-i-otpor-foto-CGO.webp","type":"image\/jpeg"}],"author":"dmcsrbija.com@gmail.com","twitter_card":"summary_large_image","twitter_misc":{"Written by":"dmcsrbija.com@gmail.com","Estimated reading time":"4 minutes"},"schema":{"@context":"https:\/\/schema.org","@graph":[{"@type":"Article","@id":"https:\/\/dmcsrb.com\/drustvo\/hrabrost-i-otpor-devedesetih-kroz-izlozbu-u-budvi\/#article","isPartOf":{"@id":"https:\/\/dmcsrb.com\/drustvo\/hrabrost-i-otpor-devedesetih-kroz-izlozbu-u-budvi\/"},"author":{"name":"dmcsrbija.com@gmail.com","@id":"https:\/\/dmcsrb.com\/#\/schema\/person\/5c39170f12db1b8b457732d0b5c854e2"},"headline":"Hrabrost i otpor devedesetih kroz izlo\u017ebu u Budvi","datePublished":"2025-09-02T10:31:00+00:00","mainEntityOfPage":{"@id":"https:\/\/dmcsrb.com\/drustvo\/hrabrost-i-otpor-devedesetih-kroz-izlozbu-u-budvi\/"},"wordCount":865,"commentCount":0,"image":{"@id":"https:\/\/dmcsrb.com\/drustvo\/hrabrost-i-otpor-devedesetih-kroz-izlozbu-u-budvi\/#primaryimage"},"thumbnailUrl":"https:\/\/dmcsrb.com\/wp-content\/uploads\/2026\/01\/izlozba-u-Budvi-Hrabrost-i-otpor-foto-CGO.webp","keywords":["budva","Daliborka Uljarevi\u0107","Dejan Ubovi\u0107","izlo\u017eba","Nikola Jovanovi\u0107"],"articleSection":["Dru\u0161tvo"],"inLanguage":"en-GB","potentialAction":[{"@type":"CommentAction","name":"Comment","target":["https:\/\/dmcsrb.com\/drustvo\/hrabrost-i-otpor-devedesetih-kroz-izlozbu-u-budvi\/#respond"]}]},{"@type":"WebPage","@id":"https:\/\/dmcsrb.com\/drustvo\/hrabrost-i-otpor-devedesetih-kroz-izlozbu-u-budvi\/","url":"https:\/\/dmcsrb.com\/drustvo\/hrabrost-i-otpor-devedesetih-kroz-izlozbu-u-budvi\/","name":"Hrabrost i otpor devedesetih kroz izlo\u017ebu u Budvi - dmcsrb.com","isPartOf":{"@id":"https:\/\/dmcsrb.com\/#website"},"primaryImageOfPage":{"@id":"https:\/\/dmcsrb.com\/drustvo\/hrabrost-i-otpor-devedesetih-kroz-izlozbu-u-budvi\/#primaryimage"},"image":{"@id":"https:\/\/dmcsrb.com\/drustvo\/hrabrost-i-otpor-devedesetih-kroz-izlozbu-u-budvi\/#primaryimage"},"thumbnailUrl":"https:\/\/dmcsrb.com\/wp-content\/uploads\/2026\/01\/izlozba-u-Budvi-Hrabrost-i-otpor-foto-CGO.webp","datePublished":"2025-09-02T10:31:00+00:00","author":{"@id":"https:\/\/dmcsrb.com\/#\/schema\/person\/5c39170f12db1b8b457732d0b5c854e2"},"breadcrumb":{"@id":"https:\/\/dmcsrb.com\/drustvo\/hrabrost-i-otpor-devedesetih-kroz-izlozbu-u-budvi\/#breadcrumb"},"inLanguage":"en-GB","potentialAction":[{"@type":"ReadAction","target":["https:\/\/dmcsrb.com\/drustvo\/hrabrost-i-otpor-devedesetih-kroz-izlozbu-u-budvi\/"]}]},{"@type":"ImageObject","inLanguage":"en-GB","@id":"https:\/\/dmcsrb.com\/drustvo\/hrabrost-i-otpor-devedesetih-kroz-izlozbu-u-budvi\/#primaryimage","url":"https:\/\/dmcsrb.com\/wp-content\/uploads\/2026\/01\/izlozba-u-Budvi-Hrabrost-i-otpor-foto-CGO.webp","contentUrl":"https:\/\/dmcsrb.com\/wp-content\/uploads\/2026\/01\/izlozba-u-Budvi-Hrabrost-i-otpor-foto-CGO.webp","width":1050,"height":669},{"@type":"BreadcrumbList","@id":"https:\/\/dmcsrb.com\/drustvo\/hrabrost-i-otpor-devedesetih-kroz-izlozbu-u-budvi\/#breadcrumb","itemListElement":[{"@type":"ListItem","position":1,"name":"Home","item":"https:\/\/dmcsrb.com\/"},{"@type":"ListItem","position":2,"name":"Hrabrost i otpor devedesetih kroz izlo\u017ebu u Budvi"}]},{"@type":"WebSite","@id":"https:\/\/dmcsrb.com\/#website","url":"https:\/\/dmcsrb.com\/","name":"dmcsrb.com","description":"","potentialAction":[{"@type":"SearchAction","target":{"@type":"EntryPoint","urlTemplate":"https:\/\/dmcsrb.com\/?s={search_term_string}"},"query-input":{"@type":"PropertyValueSpecification","valueRequired":true,"valueName":"search_term_string"}}],"inLanguage":"en-GB"},{"@type":"Person","@id":"https:\/\/dmcsrb.com\/#\/schema\/person\/5c39170f12db1b8b457732d0b5c854e2","name":"dmcsrbija.com@gmail.com","image":{"@type":"ImageObject","inLanguage":"en-GB","@id":"https:\/\/secure.gravatar.com\/avatar\/68592660ad6347fad0fb587f8d5d8f1a7b44961362f56e4f2cd524feb87e9069?s=96&d=mm&r=g","url":"https:\/\/secure.gravatar.com\/avatar\/68592660ad6347fad0fb587f8d5d8f1a7b44961362f56e4f2cd524feb87e9069?s=96&d=mm&r=g","contentUrl":"https:\/\/secure.gravatar.com\/avatar\/68592660ad6347fad0fb587f8d5d8f1a7b44961362f56e4f2cd524feb87e9069?s=96&d=mm&r=g","caption":"dmcsrbija.com@gmail.com"},"sameAs":["https:\/\/dmcsrb.com"],"url":"https:\/\/dmcsrb.com\/en\/author\/dmcsrbija-comgmail-com\/"}]}},"_links":{"self":[{"href":"https:\/\/dmcsrb.com\/en\/wp-json\/wp\/v2\/posts\/949711","targetHints":{"allow":["GET"]}}],"collection":[{"href":"https:\/\/dmcsrb.com\/en\/wp-json\/wp\/v2\/posts"}],"about":[{"href":"https:\/\/dmcsrb.com\/en\/wp-json\/wp\/v2\/types\/post"}],"author":[{"embeddable":true,"href":"https:\/\/dmcsrb.com\/en\/wp-json\/wp\/v2\/users\/1"}],"replies":[{"embeddable":true,"href":"https:\/\/dmcsrb.com\/en\/wp-json\/wp\/v2\/comments?post=949711"}],"version-history":[{"count":0,"href":"https:\/\/dmcsrb.com\/en\/wp-json\/wp\/v2\/posts\/949711\/revisions"}],"wp:featuredmedia":[{"embeddable":true,"href":"https:\/\/dmcsrb.com\/en\/wp-json\/wp\/v2\/media\/949712"}],"wp:attachment":[{"href":"https:\/\/dmcsrb.com\/en\/wp-json\/wp\/v2\/media?parent=949711"}],"wp:term":[{"taxonomy":"category","embeddable":true,"href":"https:\/\/dmcsrb.com\/en\/wp-json\/wp\/v2\/categories?post=949711"},{"taxonomy":"post_tag","embeddable":true,"href":"https:\/\/dmcsrb.com\/en\/wp-json\/wp\/v2\/tags?post=949711"},{"taxonomy":"naslovna","embeddable":true,"href":"https:\/\/dmcsrb.com\/en\/wp-json\/wp\/v2\/naslovna?post=949711"}],"curies":[{"name":"wp","href":"https:\/\/api.w.org\/{rel}","templated":true}]}}