{"id":949656,"date":"2025-09-02T07:50:40","date_gmt":"2025-09-02T05:50:40","guid":{"rendered":"https:\/\/dmcsrb.com\/uncategorized\/uhapsen-drzavljanin-albanije-osumnjicen-za-dvije-teske-kradje-u-sutomoru\/"},"modified":"2025-09-02T07:50:40","modified_gmt":"2025-09-02T05:50:40","slug":"uhapsen-drzavljanin-albanije-osumnjicen-za-dvije-teske-kradje-u-sutomoru","status":"publish","type":"post","link":"https:\/\/dmcsrb.com\/en\/hronika\/uhapsen-drzavljanin-albanije-osumnjicen-za-dvije-teske-kradje-u-sutomoru\/","title":{"rendered":"Uhap\u0161en dr\u017eavljanin Albanije osumnji\u010den za dvije te\u0161ke kra\u0111e u Sutomoru"},"content":{"rendered":"<p><\/p>\n\n\n\n<p><\/p>\n\n\n\n<p>Sumnja se da je N.Q. (41) iz Republike Albanije, s privremenim boravkom u Baru, izvr\u0161io dva krivi\u010dna djela te\u0161ka kra\u0111a i to na \u0161tetu jednog maloprodajnog objekta u Sutomoru.<\/p>\n\n\n\n<p>&#8220;On je u prvom navratu, krajem jula, djelovao fizi\u010dkom snagom na ulazna vrata pomenutog objekta iz kojeg je otu\u0111io ve\u0107u koli\u010dinu duvanskih proizvoda, nakon \u010dega se udaljio sa lica mjesta. Drugom prilikom, krajem avgusta, ovo lice je upotrebom fizi\u010dke snage djelovao na ulazna vrata \u010dije je staklo polomio, i iz \u010dije je unutra\u0161njosti ponovo otu\u0111io ve\u0107u koli\u010dinu duvanskih proizvoda \u2013 cigareta&#8221;, navode iz policije.<\/p>\n\n\n\n<p>On je nakon niza preduzetih aktivnosti slu\u017ebenika koji se bave suzbijanjem imovinskog kriminaliteta u Odjeljenju bezbjednosti Bar, identifikovan, lociran i uhap\u0161en.<\/p>\n\n\n\n<p>Tako\u0111e, postupaju\u0107i po naredbi Osnovnog suda u Baru policija je izvr\u0161ila i pretres stana i drugih prostorija koje koristi N.Q. gdje je prona\u0111ena manja koli\u010dina gore pomenutih cigareta.<\/p>","protected":false},"excerpt":{"rendered":"<p>Slu\u017ebenici Regionalnog centra bezbjednosti \u201eJug\u201c, Odjeljenja bezbjednosti Bar, rasvijetlili su dvije te\u0161ke kra\u0111e, podnijeli krivi\u010dnu prijavu i uhapsili osumnji\u010denu osobu, saop\u0161teno je iz Uprave policije.<\/p>","protected":false},"author":1,"featured_media":909183,"comment_status":"open","ping_status":"open","sticky":false,"template":"","format":"standard","meta":{"_acf_changed":false,"footnotes":""},"categories":[17],"tags":[6622,1213,3933,72],"naslovna":[],"class_list":["post-949656","post","type-post","status-publish","format-standard","has-post-thumbnail","hentry","category-hronika","tag-albanski-drzavljanin","tag-kradja","tag-sutomore","tag-uprava-policije"],"acf":[],"yoast_head":"<!-- This site is optimized with the Yoast SEO plugin v27.4 - https:\/\/yoast.com\/product\/yoast-seo-wordpress\/ -->\n<title>Uhap\u0161en dr\u017eavljanin Albanije osumnji\u010den za dvije te\u0161ke kra\u0111e u Sutomoru - dmcsrb.com<\/title>\n<meta name=\"robots\" content=\"index, follow, max-snippet:-1, max-image-preview:large, max-video-preview:-1\" \/>\n<link rel=\"canonical\" href=\"https:\/\/dmcsrb.com\/en\/hronika\/uhapsen-drzavljanin-albanije-osumnjicen-za-dvije-teske-kradje-u-sutomoru\/\" \/>\n<meta property=\"og:locale\" content=\"en_GB\" \/>\n<meta property=\"og:type\" content=\"article\" \/>\n<meta property=\"og:title\" content=\"Uhap\u0161en dr\u017eavljanin Albanije osumnji\u010den za dvije te\u0161ke kra\u0111e u Sutomoru - dmcsrb.com\" \/>\n<meta property=\"og:description\" content=\"Slu\u017ebenici Regionalnog centra bezbjednosti \u201eJug\u201c, Odjeljenja bezbjednosti Bar, rasvijetlili su dvije te\u0161ke kra\u0111e, podnijeli krivi\u010dnu prijavu i uhapsili osumnji\u010denu osobu, saop\u0161teno je iz Uprave policije.\" \/>\n<meta property=\"og:url\" content=\"https:\/\/dmcsrb.com\/en\/hronika\/uhapsen-drzavljanin-albanije-osumnjicen-za-dvije-teske-kradje-u-sutomoru\/\" \/>\n<meta property=\"og:site_name\" content=\"dmcsrb.com\" \/>\n<meta property=\"article:published_time\" content=\"2025-09-02T05:50:40+00:00\" \/>\n<meta property=\"og:image\" content=\"https:\/\/dmcsrb.com\/wp-content\/uploads\/2026\/01\/Policija-Crne-Gore-1-foto-Vlada-CG.jpg\" \/>\n\t<meta property=\"og:image:width\" content=\"1022\" \/>\n\t<meta property=\"og:image:height\" content=\"640\" \/>\n\t<meta property=\"og:image:type\" content=\"image\/jpeg\" \/>\n<meta name=\"author\" content=\"dmcsrbija.com@gmail.com\" \/>\n<meta name=\"twitter:card\" content=\"summary_large_image\" \/>\n<meta name=\"twitter:label1\" content=\"Written by\" \/>\n\t<meta name=\"twitter:data1\" content=\"dmcsrbija.com@gmail.com\" \/>\n\t<meta name=\"twitter:label2\" content=\"Estimated reading time\" \/>\n\t<meta name=\"twitter:data2\" content=\"1 minute\" \/>\n<script type=\"application\/ld+json\" class=\"yoast-schema-graph\">{\"@context\":\"https:\\\/\\\/schema.org\",\"@graph\":[{\"@type\":\"Article\",\"@id\":\"https:\\\/\\\/dmcsrb.com\\\/hronika\\\/uhapsen-drzavljanin-albanije-osumnjicen-za-dvije-teske-kradje-u-sutomoru\\\/#article\",\"isPartOf\":{\"@id\":\"https:\\\/\\\/dmcsrb.com\\\/hronika\\\/uhapsen-drzavljanin-albanije-osumnjicen-za-dvije-teske-kradje-u-sutomoru\\\/\"},\"author\":{\"name\":\"dmcsrbija.com@gmail.com\",\"@id\":\"https:\\\/\\\/dmcsrb.com\\\/#\\\/schema\\\/person\\\/5c39170f12db1b8b457732d0b5c854e2\"},\"headline\":\"Uhap\u0161en dr\u017eavljanin Albanije osumnji\u010den za dvije te\u0161ke kra\u0111e u Sutomoru\",\"datePublished\":\"2025-09-02T05:50:40+00:00\",\"mainEntityOfPage\":{\"@id\":\"https:\\\/\\\/dmcsrb.com\\\/hronika\\\/uhapsen-drzavljanin-albanije-osumnjicen-za-dvije-teske-kradje-u-sutomoru\\\/\"},\"wordCount\":177,\"commentCount\":0,\"image\":{\"@id\":\"https:\\\/\\\/dmcsrb.com\\\/hronika\\\/uhapsen-drzavljanin-albanije-osumnjicen-za-dvije-teske-kradje-u-sutomoru\\\/#primaryimage\"},\"thumbnailUrl\":\"https:\\\/\\\/dmcsrb.com\\\/wp-content\\\/uploads\\\/2026\\\/01\\\/Policija-Crne-Gore-1-foto-Vlada-CG.jpg\",\"keywords\":[\"Albanski dr\u017eavljanin\",\"kra\u0111a\",\"Sutomore\",\"Uprava policije\"],\"articleSection\":[\"Hronika\"],\"inLanguage\":\"en-GB\",\"potentialAction\":[{\"@type\":\"CommentAction\",\"name\":\"Comment\",\"target\":[\"https:\\\/\\\/dmcsrb.com\\\/hronika\\\/uhapsen-drzavljanin-albanije-osumnjicen-za-dvije-teske-kradje-u-sutomoru\\\/#respond\"]}]},{\"@type\":\"WebPage\",\"@id\":\"https:\\\/\\\/dmcsrb.com\\\/hronika\\\/uhapsen-drzavljanin-albanije-osumnjicen-za-dvije-teske-kradje-u-sutomoru\\\/\",\"url\":\"https:\\\/\\\/dmcsrb.com\\\/hronika\\\/uhapsen-drzavljanin-albanije-osumnjicen-za-dvije-teske-kradje-u-sutomoru\\\/\",\"name\":\"Uhap\u0161en dr\u017eavljanin Albanije osumnji\u010den za dvije te\u0161ke kra\u0111e u Sutomoru - dmcsrb.com\",\"isPartOf\":{\"@id\":\"https:\\\/\\\/dmcsrb.com\\\/#website\"},\"primaryImageOfPage\":{\"@id\":\"https:\\\/\\\/dmcsrb.com\\\/hronika\\\/uhapsen-drzavljanin-albanije-osumnjicen-za-dvije-teske-kradje-u-sutomoru\\\/#primaryimage\"},\"image\":{\"@id\":\"https:\\\/\\\/dmcsrb.com\\\/hronika\\\/uhapsen-drzavljanin-albanije-osumnjicen-za-dvije-teske-kradje-u-sutomoru\\\/#primaryimage\"},\"thumbnailUrl\":\"https:\\\/\\\/dmcsrb.com\\\/wp-content\\\/uploads\\\/2026\\\/01\\\/Policija-Crne-Gore-1-foto-Vlada-CG.jpg\",\"datePublished\":\"2025-09-02T05:50:40+00:00\",\"author\":{\"@id\":\"https:\\\/\\\/dmcsrb.com\\\/#\\\/schema\\\/person\\\/5c39170f12db1b8b457732d0b5c854e2\"},\"breadcrumb\":{\"@id\":\"https:\\\/\\\/dmcsrb.com\\\/hronika\\\/uhapsen-drzavljanin-albanije-osumnjicen-za-dvije-teske-kradje-u-sutomoru\\\/#breadcrumb\"},\"inLanguage\":\"en-GB\",\"potentialAction\":[{\"@type\":\"ReadAction\",\"target\":[\"https:\\\/\\\/dmcsrb.com\\\/hronika\\\/uhapsen-drzavljanin-albanije-osumnjicen-za-dvije-teske-kradje-u-sutomoru\\\/\"]}]},{\"@type\":\"ImageObject\",\"inLanguage\":\"en-GB\",\"@id\":\"https:\\\/\\\/dmcsrb.com\\\/hronika\\\/uhapsen-drzavljanin-albanije-osumnjicen-za-dvije-teske-kradje-u-sutomoru\\\/#primaryimage\",\"url\":\"https:\\\/\\\/dmcsrb.com\\\/wp-content\\\/uploads\\\/2026\\\/01\\\/Policija-Crne-Gore-1-foto-Vlada-CG.jpg\",\"contentUrl\":\"https:\\\/\\\/dmcsrb.com\\\/wp-content\\\/uploads\\\/2026\\\/01\\\/Policija-Crne-Gore-1-foto-Vlada-CG.jpg\",\"width\":1022,\"height\":640},{\"@type\":\"BreadcrumbList\",\"@id\":\"https:\\\/\\\/dmcsrb.com\\\/hronika\\\/uhapsen-drzavljanin-albanije-osumnjicen-za-dvije-teske-kradje-u-sutomoru\\\/#breadcrumb\",\"itemListElement\":[{\"@type\":\"ListItem\",\"position\":1,\"name\":\"Home\",\"item\":\"https:\\\/\\\/dmcsrb.com\\\/\"},{\"@type\":\"ListItem\",\"position\":2,\"name\":\"Uhap\u0161en dr\u017eavljanin Albanije osumnji\u010den za dvije te\u0161ke kra\u0111e u Sutomoru\"}]},{\"@type\":\"WebSite\",\"@id\":\"https:\\\/\\\/dmcsrb.com\\\/#website\",\"url\":\"https:\\\/\\\/dmcsrb.com\\\/\",\"name\":\"dmcsrb.com\",\"description\":\"\",\"potentialAction\":[{\"@type\":\"SearchAction\",\"target\":{\"@type\":\"EntryPoint\",\"urlTemplate\":\"https:\\\/\\\/dmcsrb.com\\\/?s={search_term_string}\"},\"query-input\":{\"@type\":\"PropertyValueSpecification\",\"valueRequired\":true,\"valueName\":\"search_term_string\"}}],\"inLanguage\":\"en-GB\"},{\"@type\":\"Person\",\"@id\":\"https:\\\/\\\/dmcsrb.com\\\/#\\\/schema\\\/person\\\/5c39170f12db1b8b457732d0b5c854e2\",\"name\":\"dmcsrbija.com@gmail.com\",\"image\":{\"@type\":\"ImageObject\",\"inLanguage\":\"en-GB\",\"@id\":\"https:\\\/\\\/secure.gravatar.com\\\/avatar\\\/68592660ad6347fad0fb587f8d5d8f1a7b44961362f56e4f2cd524feb87e9069?s=96&d=mm&r=g\",\"url\":\"https:\\\/\\\/secure.gravatar.com\\\/avatar\\\/68592660ad6347fad0fb587f8d5d8f1a7b44961362f56e4f2cd524feb87e9069?s=96&d=mm&r=g\",\"contentUrl\":\"https:\\\/\\\/secure.gravatar.com\\\/avatar\\\/68592660ad6347fad0fb587f8d5d8f1a7b44961362f56e4f2cd524feb87e9069?s=96&d=mm&r=g\",\"caption\":\"dmcsrbija.com@gmail.com\"},\"sameAs\":[\"https:\\\/\\\/dmcsrb.com\"],\"url\":\"https:\\\/\\\/dmcsrb.com\\\/en\\\/author\\\/dmcsrbija-comgmail-com\\\/\"}]}<\/script>\n<!-- \/ Yoast SEO plugin. -->","yoast_head_json":{"title":"Uhap\u0161en dr\u017eavljanin Albanije osumnji\u010den za dvije te\u0161ke kra\u0111e u Sutomoru - dmcsrb.com","robots":{"index":"index","follow":"follow","max-snippet":"max-snippet:-1","max-image-preview":"max-image-preview:large","max-video-preview":"max-video-preview:-1"},"canonical":"https:\/\/dmcsrb.com\/en\/hronika\/uhapsen-drzavljanin-albanije-osumnjicen-za-dvije-teske-kradje-u-sutomoru\/","og_locale":"en_GB","og_type":"article","og_title":"Uhap\u0161en dr\u017eavljanin Albanije osumnji\u010den za dvije te\u0161ke kra\u0111e u Sutomoru - dmcsrb.com","og_description":"Slu\u017ebenici Regionalnog centra bezbjednosti \u201eJug\u201c, Odjeljenja bezbjednosti Bar, rasvijetlili su dvije te\u0161ke kra\u0111e, podnijeli krivi\u010dnu prijavu i uhapsili osumnji\u010denu osobu, saop\u0161teno je iz Uprave policije.","og_url":"https:\/\/dmcsrb.com\/en\/hronika\/uhapsen-drzavljanin-albanije-osumnjicen-za-dvije-teske-kradje-u-sutomoru\/","og_site_name":"dmcsrb.com","article_published_time":"2025-09-02T05:50:40+00:00","og_image":[{"width":1022,"height":640,"url":"https:\/\/dmcsrb.com\/wp-content\/uploads\/2026\/01\/Policija-Crne-Gore-1-foto-Vlada-CG.jpg","type":"image\/jpeg"}],"author":"dmcsrbija.com@gmail.com","twitter_card":"summary_large_image","twitter_misc":{"Written by":"dmcsrbija.com@gmail.com","Estimated reading time":"1 minute"},"schema":{"@context":"https:\/\/schema.org","@graph":[{"@type":"Article","@id":"https:\/\/dmcsrb.com\/hronika\/uhapsen-drzavljanin-albanije-osumnjicen-za-dvije-teske-kradje-u-sutomoru\/#article","isPartOf":{"@id":"https:\/\/dmcsrb.com\/hronika\/uhapsen-drzavljanin-albanije-osumnjicen-za-dvije-teske-kradje-u-sutomoru\/"},"author":{"name":"dmcsrbija.com@gmail.com","@id":"https:\/\/dmcsrb.com\/#\/schema\/person\/5c39170f12db1b8b457732d0b5c854e2"},"headline":"Uhap\u0161en dr\u017eavljanin Albanije osumnji\u010den za dvije te\u0161ke kra\u0111e u Sutomoru","datePublished":"2025-09-02T05:50:40+00:00","mainEntityOfPage":{"@id":"https:\/\/dmcsrb.com\/hronika\/uhapsen-drzavljanin-albanije-osumnjicen-za-dvije-teske-kradje-u-sutomoru\/"},"wordCount":177,"commentCount":0,"image":{"@id":"https:\/\/dmcsrb.com\/hronika\/uhapsen-drzavljanin-albanije-osumnjicen-za-dvije-teske-kradje-u-sutomoru\/#primaryimage"},"thumbnailUrl":"https:\/\/dmcsrb.com\/wp-content\/uploads\/2026\/01\/Policija-Crne-Gore-1-foto-Vlada-CG.jpg","keywords":["Albanski dr\u017eavljanin","kra\u0111a","Sutomore","Uprava policije"],"articleSection":["Hronika"],"inLanguage":"en-GB","potentialAction":[{"@type":"CommentAction","name":"Comment","target":["https:\/\/dmcsrb.com\/hronika\/uhapsen-drzavljanin-albanije-osumnjicen-za-dvije-teske-kradje-u-sutomoru\/#respond"]}]},{"@type":"WebPage","@id":"https:\/\/dmcsrb.com\/hronika\/uhapsen-drzavljanin-albanije-osumnjicen-za-dvije-teske-kradje-u-sutomoru\/","url":"https:\/\/dmcsrb.com\/hronika\/uhapsen-drzavljanin-albanije-osumnjicen-za-dvije-teske-kradje-u-sutomoru\/","name":"Uhap\u0161en dr\u017eavljanin Albanije osumnji\u010den za dvije te\u0161ke kra\u0111e u Sutomoru - dmcsrb.com","isPartOf":{"@id":"https:\/\/dmcsrb.com\/#website"},"primaryImageOfPage":{"@id":"https:\/\/dmcsrb.com\/hronika\/uhapsen-drzavljanin-albanije-osumnjicen-za-dvije-teske-kradje-u-sutomoru\/#primaryimage"},"image":{"@id":"https:\/\/dmcsrb.com\/hronika\/uhapsen-drzavljanin-albanije-osumnjicen-za-dvije-teske-kradje-u-sutomoru\/#primaryimage"},"thumbnailUrl":"https:\/\/dmcsrb.com\/wp-content\/uploads\/2026\/01\/Policija-Crne-Gore-1-foto-Vlada-CG.jpg","datePublished":"2025-09-02T05:50:40+00:00","author":{"@id":"https:\/\/dmcsrb.com\/#\/schema\/person\/5c39170f12db1b8b457732d0b5c854e2"},"breadcrumb":{"@id":"https:\/\/dmcsrb.com\/hronika\/uhapsen-drzavljanin-albanije-osumnjicen-za-dvije-teske-kradje-u-sutomoru\/#breadcrumb"},"inLanguage":"en-GB","potentialAction":[{"@type":"ReadAction","target":["https:\/\/dmcsrb.com\/hronika\/uhapsen-drzavljanin-albanije-osumnjicen-za-dvije-teske-kradje-u-sutomoru\/"]}]},{"@type":"ImageObject","inLanguage":"en-GB","@id":"https:\/\/dmcsrb.com\/hronika\/uhapsen-drzavljanin-albanije-osumnjicen-za-dvije-teske-kradje-u-sutomoru\/#primaryimage","url":"https:\/\/dmcsrb.com\/wp-content\/uploads\/2026\/01\/Policija-Crne-Gore-1-foto-Vlada-CG.jpg","contentUrl":"https:\/\/dmcsrb.com\/wp-content\/uploads\/2026\/01\/Policija-Crne-Gore-1-foto-Vlada-CG.jpg","width":1022,"height":640},{"@type":"BreadcrumbList","@id":"https:\/\/dmcsrb.com\/hronika\/uhapsen-drzavljanin-albanije-osumnjicen-za-dvije-teske-kradje-u-sutomoru\/#breadcrumb","itemListElement":[{"@type":"ListItem","position":1,"name":"Home","item":"https:\/\/dmcsrb.com\/"},{"@type":"ListItem","position":2,"name":"Uhap\u0161en dr\u017eavljanin Albanije osumnji\u010den za dvije te\u0161ke kra\u0111e u Sutomoru"}]},{"@type":"WebSite","@id":"https:\/\/dmcsrb.com\/#website","url":"https:\/\/dmcsrb.com\/","name":"dmcsrb.com","description":"","potentialAction":[{"@type":"SearchAction","target":{"@type":"EntryPoint","urlTemplate":"https:\/\/dmcsrb.com\/?s={search_term_string}"},"query-input":{"@type":"PropertyValueSpecification","valueRequired":true,"valueName":"search_term_string"}}],"inLanguage":"en-GB"},{"@type":"Person","@id":"https:\/\/dmcsrb.com\/#\/schema\/person\/5c39170f12db1b8b457732d0b5c854e2","name":"dmcsrbija.com@gmail.com","image":{"@type":"ImageObject","inLanguage":"en-GB","@id":"https:\/\/secure.gravatar.com\/avatar\/68592660ad6347fad0fb587f8d5d8f1a7b44961362f56e4f2cd524feb87e9069?s=96&d=mm&r=g","url":"https:\/\/secure.gravatar.com\/avatar\/68592660ad6347fad0fb587f8d5d8f1a7b44961362f56e4f2cd524feb87e9069?s=96&d=mm&r=g","contentUrl":"https:\/\/secure.gravatar.com\/avatar\/68592660ad6347fad0fb587f8d5d8f1a7b44961362f56e4f2cd524feb87e9069?s=96&d=mm&r=g","caption":"dmcsrbija.com@gmail.com"},"sameAs":["https:\/\/dmcsrb.com"],"url":"https:\/\/dmcsrb.com\/en\/author\/dmcsrbija-comgmail-com\/"}]}},"_links":{"self":[{"href":"https:\/\/dmcsrb.com\/en\/wp-json\/wp\/v2\/posts\/949656","targetHints":{"allow":["GET"]}}],"collection":[{"href":"https:\/\/dmcsrb.com\/en\/wp-json\/wp\/v2\/posts"}],"about":[{"href":"https:\/\/dmcsrb.com\/en\/wp-json\/wp\/v2\/types\/post"}],"author":[{"embeddable":true,"href":"https:\/\/dmcsrb.com\/en\/wp-json\/wp\/v2\/users\/1"}],"replies":[{"embeddable":true,"href":"https:\/\/dmcsrb.com\/en\/wp-json\/wp\/v2\/comments?post=949656"}],"version-history":[{"count":0,"href":"https:\/\/dmcsrb.com\/en\/wp-json\/wp\/v2\/posts\/949656\/revisions"}],"wp:featuredmedia":[{"embeddable":true,"href":"https:\/\/dmcsrb.com\/en\/wp-json\/wp\/v2\/media\/909183"}],"wp:attachment":[{"href":"https:\/\/dmcsrb.com\/en\/wp-json\/wp\/v2\/media?parent=949656"}],"wp:term":[{"taxonomy":"category","embeddable":true,"href":"https:\/\/dmcsrb.com\/en\/wp-json\/wp\/v2\/categories?post=949656"},{"taxonomy":"post_tag","embeddable":true,"href":"https:\/\/dmcsrb.com\/en\/wp-json\/wp\/v2\/tags?post=949656"},{"taxonomy":"naslovna","embeddable":true,"href":"https:\/\/dmcsrb.com\/en\/wp-json\/wp\/v2\/naslovna?post=949656"}],"curies":[{"name":"wp","href":"https:\/\/api.w.org\/{rel}","templated":true}]}}