{"id":949645,"date":"2025-09-02T07:20:00","date_gmt":"2025-09-02T05:20:00","guid":{"rendered":"https:\/\/dmcsrb.com\/uncategorized\/vojnici-koji-su-hapseni-na-kosovu-krivokapic-kaznjen-lalatovic-napustio-vojsku\/"},"modified":"2025-09-02T07:20:00","modified_gmt":"2025-09-02T05:20:00","slug":"vojnici-koji-su-hapseni-na-kosovu-krivokapic-kaznjen-lalatovic-napustio-vojsku","status":"publish","type":"post","link":"https:\/\/dmcsrb.com\/en\/drustvo\/vojnici-koji-su-hapseni-na-kosovu-krivokapic-kaznjen-lalatovic-napustio-vojsku\/","title":{"rendered":"Vojnici koji su hap\u0161eni na Kosovu: Krivokapi\u0107 ka\u017enjen, Lalatovi\u0107 napustio vojsku"},"content":{"rendered":"<p><\/p>\n\n\n\n<p>Iz tog resora, na \u010dijem je \u010delu&nbsp;<strong>Dragan Krapovi\u0107<\/strong>&nbsp;(Demokrate), su kazali da je postupak za utvr\u0111ivanje disciplinske odgovornosti koji je vo\u0111en protiv desetara Lalatovi\u0107a i Krivokapi\u0107a okon\u010dan poslije zavr\u0161enog dokaznog postupka i glavnog pretresa, te da je na\u010delnik General\u0161taba VCG donio rje\u0161enja u skladu sa Zakonom o VCG.<\/p>\n\n\n\n<p>\u201cPostupak protiv desetara Lalatovi\u0107a obustavljen je imaju\u0107i u vidu da mu je prestala slu\u017eba u Vojsci Crne Gore na li\u010dni zahtjev, shodno odredbama Pravilnika o disciplinskom postupku u Vojsci Crne Gore. Kad je rije\u010d o desetaru Krivokapi\u0107u, u postupku je utvr\u0111eno da je odgovoran za disciplinski prestup koji mu je stavljen na teret\u201d, saop\u0161tili su Vijestima iz Ministarstva, dodaju\u0107i da je na\u010delnik General\u0161taba, \u201cuzimaju\u0107i u obzir olak\u0161avaju\u0107e i ote\u017eavaju\u0107e okolnosti koje su utvr\u0111ene u postupku, kao i predlog Vojno-disciplinske komisije\u201d, donio odluku o kazni u skladu sa Zakonom o VCG.<\/p>\n\n\n\n<p>Vijesti od resora odbrane o\u010dekuju odgovor na pitanje koja kazna je izre\u010dena Krivokapi\u0107u i za koji disciplinski prestup.<\/p>\n\n\n\n<p>Izvor tog medija iz Ministarstva rekao da je Krivokapi\u0107 ka\u017enjen \u201cvaljda nov\u010dano\u201d.<\/p>\n\n\n\n<p>Krivokapi\u0107 i Lalatovi\u0107 su s&nbsp;<strong>Marinkom Jovanovi\u0107em<\/strong>&nbsp;uhap\u0161eni nakon proslave ktitorske slave u Visokim De\u010danima 24. novembra 2024. zbog natpisa \u201cKosovo je Srbija\u201d na registarskim tablicama, a dva dana kasnije odre\u0111en im je tridesetodnevni pritvor koji je kasnije produ\u017een za isto toliko dana.<\/p>\n\n\n\n<p>Na teret im se stavljalo da su \u201cpodsticali mr\u017enju i netrpeljivost\u201d. Iako im je krajem decembra pritvor produ\u017een do 23. januara, pu\u0161teni su sedam dana prije isteka tog roka, a dan kasnije je Specijalno tu\u017eila\u0161tvo Kosova obustavilo istragu protiv trojice crnogorskih dr\u017eavljana. U pritvoru su proveli 55 dana.<\/p>","protected":false},"excerpt":{"rendered":"<p>Vojnik\u00a0Rajko Krivokapi\u0107\u00a0ka\u017enjen je zbog toga \u0161to je u novembru pro\u0161le godine, bez znanja starje\u0161ine, oti\u0161ao na Kosovo gdje je uhap\u0161en zbog natpisa \u201cKosovo je Srbija\u201d na registarskim tablicama vozila, dok je protiv njegovog saputnika\u00a0Dragutina Lalatovi\u0107a, koji je tako\u0111e bio uhap\u0161en, obustavljen disciplinski postupak jer je napustio slu\u017ebu u Vojsci Crne Gore (VCG), saop\u0161teno je Vijestima\u00a0iz Ministarstva odbrane.<\/p>","protected":false},"author":1,"featured_media":949646,"comment_status":"open","ping_status":"open","sticky":false,"template":"","format":"standard","meta":{"_acf_changed":false,"footnotes":""},"categories":[2],"tags":[60,6615,3711,6616,5945],"naslovna":[],"class_list":["post-949645","post","type-post","status-publish","format-standard","has-post-thumbnail","hentry","category-drustvo","tag-dragan-krapovic","tag-dragutin-lalatovic","tag-kosovo","tag-rajko-krivokapic","tag-vojska-crne-gore"],"acf":[],"yoast_head":"<!-- This site is optimized with the Yoast SEO plugin v27.0 - https:\/\/yoast.com\/product\/yoast-seo-wordpress\/ -->\n<title>Vojnici koji su hap\u0161eni na Kosovu: Krivokapi\u0107 ka\u017enjen, Lalatovi\u0107 napustio vojsku - dmcsrb.com<\/title>\n<meta name=\"robots\" content=\"index, follow, max-snippet:-1, max-image-preview:large, max-video-preview:-1\" \/>\n<link rel=\"canonical\" href=\"https:\/\/dmcsrb.com\/en\/drustvo\/vojnici-koji-su-hapseni-na-kosovu-krivokapic-kaznjen-lalatovic-napustio-vojsku\/\" \/>\n<meta property=\"og:locale\" content=\"en_GB\" \/>\n<meta property=\"og:type\" content=\"article\" \/>\n<meta property=\"og:title\" content=\"Vojnici koji su hap\u0161eni na Kosovu: Krivokapi\u0107 ka\u017enjen, Lalatovi\u0107 napustio vojsku - dmcsrb.com\" \/>\n<meta property=\"og:description\" content=\"Vojnik\u00a0Rajko Krivokapi\u0107\u00a0ka\u017enjen je zbog toga \u0161to je u novembru pro\u0161le godine, bez znanja starje\u0161ine, oti\u0161ao na Kosovo gdje je uhap\u0161en zbog natpisa \u201cKosovo je Srbija\u201d na registarskim tablicama vozila, dok je protiv njegovog saputnika\u00a0Dragutina Lalatovi\u0107a, koji je tako\u0111e bio uhap\u0161en, obustavljen disciplinski postupak jer je napustio slu\u017ebu u Vojsci Crne Gore (VCG), saop\u0161teno je Vijestima\u00a0iz Ministarstva odbrane.\" \/>\n<meta property=\"og:url\" content=\"https:\/\/dmcsrb.com\/en\/drustvo\/vojnici-koji-su-hapseni-na-kosovu-krivokapic-kaznjen-lalatovic-napustio-vojsku\/\" \/>\n<meta property=\"og:site_name\" content=\"dmcsrb.com\" \/>\n<meta property=\"article:published_time\" content=\"2025-09-02T05:20:00+00:00\" \/>\n<meta property=\"og:image\" content=\"https:\/\/dmcsrb.com\/wp-content\/uploads\/2026\/01\/vojska-cg-1.webp\" \/>\n\t<meta property=\"og:image:width\" content=\"1123\" \/>\n\t<meta property=\"og:image:height\" content=\"611\" \/>\n\t<meta property=\"og:image:type\" content=\"image\/jpeg\" \/>\n<meta name=\"author\" content=\"dmcsrbija.com@gmail.com\" \/>\n<meta name=\"twitter:card\" content=\"summary_large_image\" \/>\n<meta name=\"twitter:label1\" content=\"Written by\" \/>\n\t<meta name=\"twitter:data1\" content=\"dmcsrbija.com@gmail.com\" \/>\n\t<meta name=\"twitter:label2\" content=\"Estimated reading time\" \/>\n\t<meta name=\"twitter:data2\" content=\"2 minutes\" \/>\n<script type=\"application\/ld+json\" class=\"yoast-schema-graph\">{\"@context\":\"https:\/\/schema.org\",\"@graph\":[{\"@type\":\"Article\",\"@id\":\"https:\/\/dmcsrb.com\/drustvo\/vojnici-koji-su-hapseni-na-kosovu-krivokapic-kaznjen-lalatovic-napustio-vojsku\/#article\",\"isPartOf\":{\"@id\":\"https:\/\/dmcsrb.com\/drustvo\/vojnici-koji-su-hapseni-na-kosovu-krivokapic-kaznjen-lalatovic-napustio-vojsku\/\"},\"author\":{\"name\":\"dmcsrbija.com@gmail.com\",\"@id\":\"https:\/\/dmcsrb.com\/#\/schema\/person\/5c39170f12db1b8b457732d0b5c854e2\"},\"headline\":\"Vojnici koji su hap\u0161eni na Kosovu: Krivokapi\u0107 ka\u017enjen, Lalatovi\u0107 napustio vojsku\",\"datePublished\":\"2025-09-02T05:20:00+00:00\",\"mainEntityOfPage\":{\"@id\":\"https:\/\/dmcsrb.com\/drustvo\/vojnici-koji-su-hapseni-na-kosovu-krivokapic-kaznjen-lalatovic-napustio-vojsku\/\"},\"wordCount\":314,\"commentCount\":0,\"image\":{\"@id\":\"https:\/\/dmcsrb.com\/drustvo\/vojnici-koji-su-hapseni-na-kosovu-krivokapic-kaznjen-lalatovic-napustio-vojsku\/#primaryimage\"},\"thumbnailUrl\":\"https:\/\/dmcsrb.com\/wp-content\/uploads\/2026\/01\/vojska-cg-1.webp\",\"keywords\":[\"Dragan Krapovi\u0107\",\"Dragutin Lalatovi\u0107\",\"Kosovo\",\"Rajko Krivokapi\u0107\",\"Vojska crne Gore\"],\"articleSection\":[\"Dru\u0161tvo\"],\"inLanguage\":\"en-GB\",\"potentialAction\":[{\"@type\":\"CommentAction\",\"name\":\"Comment\",\"target\":[\"https:\/\/dmcsrb.com\/drustvo\/vojnici-koji-su-hapseni-na-kosovu-krivokapic-kaznjen-lalatovic-napustio-vojsku\/#respond\"]}]},{\"@type\":\"WebPage\",\"@id\":\"https:\/\/dmcsrb.com\/drustvo\/vojnici-koji-su-hapseni-na-kosovu-krivokapic-kaznjen-lalatovic-napustio-vojsku\/\",\"url\":\"https:\/\/dmcsrb.com\/drustvo\/vojnici-koji-su-hapseni-na-kosovu-krivokapic-kaznjen-lalatovic-napustio-vojsku\/\",\"name\":\"Vojnici koji su hap\u0161eni na Kosovu: Krivokapi\u0107 ka\u017enjen, Lalatovi\u0107 napustio vojsku - dmcsrb.com\",\"isPartOf\":{\"@id\":\"https:\/\/dmcsrb.com\/#website\"},\"primaryImageOfPage\":{\"@id\":\"https:\/\/dmcsrb.com\/drustvo\/vojnici-koji-su-hapseni-na-kosovu-krivokapic-kaznjen-lalatovic-napustio-vojsku\/#primaryimage\"},\"image\":{\"@id\":\"https:\/\/dmcsrb.com\/drustvo\/vojnici-koji-su-hapseni-na-kosovu-krivokapic-kaznjen-lalatovic-napustio-vojsku\/#primaryimage\"},\"thumbnailUrl\":\"https:\/\/dmcsrb.com\/wp-content\/uploads\/2026\/01\/vojska-cg-1.webp\",\"datePublished\":\"2025-09-02T05:20:00+00:00\",\"author\":{\"@id\":\"https:\/\/dmcsrb.com\/#\/schema\/person\/5c39170f12db1b8b457732d0b5c854e2\"},\"breadcrumb\":{\"@id\":\"https:\/\/dmcsrb.com\/drustvo\/vojnici-koji-su-hapseni-na-kosovu-krivokapic-kaznjen-lalatovic-napustio-vojsku\/#breadcrumb\"},\"inLanguage\":\"en-GB\",\"potentialAction\":[{\"@type\":\"ReadAction\",\"target\":[\"https:\/\/dmcsrb.com\/drustvo\/vojnici-koji-su-hapseni-na-kosovu-krivokapic-kaznjen-lalatovic-napustio-vojsku\/\"]}]},{\"@type\":\"ImageObject\",\"inLanguage\":\"en-GB\",\"@id\":\"https:\/\/dmcsrb.com\/drustvo\/vojnici-koji-su-hapseni-na-kosovu-krivokapic-kaznjen-lalatovic-napustio-vojsku\/#primaryimage\",\"url\":\"https:\/\/dmcsrb.com\/wp-content\/uploads\/2026\/01\/vojska-cg-1.webp\",\"contentUrl\":\"https:\/\/dmcsrb.com\/wp-content\/uploads\/2026\/01\/vojska-cg-1.webp\",\"width\":1123,\"height\":611},{\"@type\":\"BreadcrumbList\",\"@id\":\"https:\/\/dmcsrb.com\/drustvo\/vojnici-koji-su-hapseni-na-kosovu-krivokapic-kaznjen-lalatovic-napustio-vojsku\/#breadcrumb\",\"itemListElement\":[{\"@type\":\"ListItem\",\"position\":1,\"name\":\"Home\",\"item\":\"https:\/\/dmcsrb.com\/\"},{\"@type\":\"ListItem\",\"position\":2,\"name\":\"Vojnici koji su hap\u0161eni na Kosovu: Krivokapi\u0107 ka\u017enjen, Lalatovi\u0107 napustio vojsku\"}]},{\"@type\":\"WebSite\",\"@id\":\"https:\/\/dmcsrb.com\/#website\",\"url\":\"https:\/\/dmcsrb.com\/\",\"name\":\"dmcsrb.com\",\"description\":\"\",\"potentialAction\":[{\"@type\":\"SearchAction\",\"target\":{\"@type\":\"EntryPoint\",\"urlTemplate\":\"https:\/\/dmcsrb.com\/?s={search_term_string}\"},\"query-input\":{\"@type\":\"PropertyValueSpecification\",\"valueRequired\":true,\"valueName\":\"search_term_string\"}}],\"inLanguage\":\"en-GB\"},{\"@type\":\"Person\",\"@id\":\"https:\/\/dmcsrb.com\/#\/schema\/person\/5c39170f12db1b8b457732d0b5c854e2\",\"name\":\"dmcsrbija.com@gmail.com\",\"image\":{\"@type\":\"ImageObject\",\"inLanguage\":\"en-GB\",\"@id\":\"https:\/\/dmcsrb.com\/#\/schema\/person\/image\/\",\"url\":\"https:\/\/secure.gravatar.com\/avatar\/68592660ad6347fad0fb587f8d5d8f1a7b44961362f56e4f2cd524feb87e9069?s=96&d=mm&r=g\",\"contentUrl\":\"https:\/\/secure.gravatar.com\/avatar\/68592660ad6347fad0fb587f8d5d8f1a7b44961362f56e4f2cd524feb87e9069?s=96&d=mm&r=g\",\"caption\":\"dmcsrbija.com@gmail.com\"},\"sameAs\":[\"https:\/\/dmcsrb.com\"],\"url\":\"https:\/\/dmcsrb.com\/en\/author\/dmcsrbija-comgmail-com\/\"}]}<\/script>\n<!-- \/ Yoast SEO plugin. -->","yoast_head_json":{"title":"Vojnici koji su hap\u0161eni na Kosovu: Krivokapi\u0107 ka\u017enjen, Lalatovi\u0107 napustio vojsku - dmcsrb.com","robots":{"index":"index","follow":"follow","max-snippet":"max-snippet:-1","max-image-preview":"max-image-preview:large","max-video-preview":"max-video-preview:-1"},"canonical":"https:\/\/dmcsrb.com\/en\/drustvo\/vojnici-koji-su-hapseni-na-kosovu-krivokapic-kaznjen-lalatovic-napustio-vojsku\/","og_locale":"en_GB","og_type":"article","og_title":"Vojnici koji su hap\u0161eni na Kosovu: Krivokapi\u0107 ka\u017enjen, Lalatovi\u0107 napustio vojsku - dmcsrb.com","og_description":"Vojnik\u00a0Rajko Krivokapi\u0107\u00a0ka\u017enjen je zbog toga \u0161to je u novembru pro\u0161le godine, bez znanja starje\u0161ine, oti\u0161ao na Kosovo gdje je uhap\u0161en zbog natpisa \u201cKosovo je Srbija\u201d na registarskim tablicama vozila, dok je protiv njegovog saputnika\u00a0Dragutina Lalatovi\u0107a, koji je tako\u0111e bio uhap\u0161en, obustavljen disciplinski postupak jer je napustio slu\u017ebu u Vojsci Crne Gore (VCG), saop\u0161teno je Vijestima\u00a0iz Ministarstva odbrane.","og_url":"https:\/\/dmcsrb.com\/en\/drustvo\/vojnici-koji-su-hapseni-na-kosovu-krivokapic-kaznjen-lalatovic-napustio-vojsku\/","og_site_name":"dmcsrb.com","article_published_time":"2025-09-02T05:20:00+00:00","og_image":[{"width":1123,"height":611,"url":"https:\/\/dmcsrb.com\/wp-content\/uploads\/2026\/01\/vojska-cg-1.webp","type":"image\/jpeg"}],"author":"dmcsrbija.com@gmail.com","twitter_card":"summary_large_image","twitter_misc":{"Written by":"dmcsrbija.com@gmail.com","Estimated reading time":"2 minutes"},"schema":{"@context":"https:\/\/schema.org","@graph":[{"@type":"Article","@id":"https:\/\/dmcsrb.com\/drustvo\/vojnici-koji-su-hapseni-na-kosovu-krivokapic-kaznjen-lalatovic-napustio-vojsku\/#article","isPartOf":{"@id":"https:\/\/dmcsrb.com\/drustvo\/vojnici-koji-su-hapseni-na-kosovu-krivokapic-kaznjen-lalatovic-napustio-vojsku\/"},"author":{"name":"dmcsrbija.com@gmail.com","@id":"https:\/\/dmcsrb.com\/#\/schema\/person\/5c39170f12db1b8b457732d0b5c854e2"},"headline":"Vojnici koji su hap\u0161eni na Kosovu: Krivokapi\u0107 ka\u017enjen, Lalatovi\u0107 napustio vojsku","datePublished":"2025-09-02T05:20:00+00:00","mainEntityOfPage":{"@id":"https:\/\/dmcsrb.com\/drustvo\/vojnici-koji-su-hapseni-na-kosovu-krivokapic-kaznjen-lalatovic-napustio-vojsku\/"},"wordCount":314,"commentCount":0,"image":{"@id":"https:\/\/dmcsrb.com\/drustvo\/vojnici-koji-su-hapseni-na-kosovu-krivokapic-kaznjen-lalatovic-napustio-vojsku\/#primaryimage"},"thumbnailUrl":"https:\/\/dmcsrb.com\/wp-content\/uploads\/2026\/01\/vojska-cg-1.webp","keywords":["Dragan Krapovi\u0107","Dragutin Lalatovi\u0107","Kosovo","Rajko Krivokapi\u0107","Vojska crne Gore"],"articleSection":["Dru\u0161tvo"],"inLanguage":"en-GB","potentialAction":[{"@type":"CommentAction","name":"Comment","target":["https:\/\/dmcsrb.com\/drustvo\/vojnici-koji-su-hapseni-na-kosovu-krivokapic-kaznjen-lalatovic-napustio-vojsku\/#respond"]}]},{"@type":"WebPage","@id":"https:\/\/dmcsrb.com\/drustvo\/vojnici-koji-su-hapseni-na-kosovu-krivokapic-kaznjen-lalatovic-napustio-vojsku\/","url":"https:\/\/dmcsrb.com\/drustvo\/vojnici-koji-su-hapseni-na-kosovu-krivokapic-kaznjen-lalatovic-napustio-vojsku\/","name":"Vojnici koji su hap\u0161eni na Kosovu: Krivokapi\u0107 ka\u017enjen, Lalatovi\u0107 napustio vojsku - dmcsrb.com","isPartOf":{"@id":"https:\/\/dmcsrb.com\/#website"},"primaryImageOfPage":{"@id":"https:\/\/dmcsrb.com\/drustvo\/vojnici-koji-su-hapseni-na-kosovu-krivokapic-kaznjen-lalatovic-napustio-vojsku\/#primaryimage"},"image":{"@id":"https:\/\/dmcsrb.com\/drustvo\/vojnici-koji-su-hapseni-na-kosovu-krivokapic-kaznjen-lalatovic-napustio-vojsku\/#primaryimage"},"thumbnailUrl":"https:\/\/dmcsrb.com\/wp-content\/uploads\/2026\/01\/vojska-cg-1.webp","datePublished":"2025-09-02T05:20:00+00:00","author":{"@id":"https:\/\/dmcsrb.com\/#\/schema\/person\/5c39170f12db1b8b457732d0b5c854e2"},"breadcrumb":{"@id":"https:\/\/dmcsrb.com\/drustvo\/vojnici-koji-su-hapseni-na-kosovu-krivokapic-kaznjen-lalatovic-napustio-vojsku\/#breadcrumb"},"inLanguage":"en-GB","potentialAction":[{"@type":"ReadAction","target":["https:\/\/dmcsrb.com\/drustvo\/vojnici-koji-su-hapseni-na-kosovu-krivokapic-kaznjen-lalatovic-napustio-vojsku\/"]}]},{"@type":"ImageObject","inLanguage":"en-GB","@id":"https:\/\/dmcsrb.com\/drustvo\/vojnici-koji-su-hapseni-na-kosovu-krivokapic-kaznjen-lalatovic-napustio-vojsku\/#primaryimage","url":"https:\/\/dmcsrb.com\/wp-content\/uploads\/2026\/01\/vojska-cg-1.webp","contentUrl":"https:\/\/dmcsrb.com\/wp-content\/uploads\/2026\/01\/vojska-cg-1.webp","width":1123,"height":611},{"@type":"BreadcrumbList","@id":"https:\/\/dmcsrb.com\/drustvo\/vojnici-koji-su-hapseni-na-kosovu-krivokapic-kaznjen-lalatovic-napustio-vojsku\/#breadcrumb","itemListElement":[{"@type":"ListItem","position":1,"name":"Home","item":"https:\/\/dmcsrb.com\/"},{"@type":"ListItem","position":2,"name":"Vojnici koji su hap\u0161eni na Kosovu: Krivokapi\u0107 ka\u017enjen, Lalatovi\u0107 napustio vojsku"}]},{"@type":"WebSite","@id":"https:\/\/dmcsrb.com\/#website","url":"https:\/\/dmcsrb.com\/","name":"dmcsrb.com","description":"","potentialAction":[{"@type":"SearchAction","target":{"@type":"EntryPoint","urlTemplate":"https:\/\/dmcsrb.com\/?s={search_term_string}"},"query-input":{"@type":"PropertyValueSpecification","valueRequired":true,"valueName":"search_term_string"}}],"inLanguage":"en-GB"},{"@type":"Person","@id":"https:\/\/dmcsrb.com\/#\/schema\/person\/5c39170f12db1b8b457732d0b5c854e2","name":"dmcsrbija.com@gmail.com","image":{"@type":"ImageObject","inLanguage":"en-GB","@id":"https:\/\/dmcsrb.com\/#\/schema\/person\/image\/","url":"https:\/\/secure.gravatar.com\/avatar\/68592660ad6347fad0fb587f8d5d8f1a7b44961362f56e4f2cd524feb87e9069?s=96&d=mm&r=g","contentUrl":"https:\/\/secure.gravatar.com\/avatar\/68592660ad6347fad0fb587f8d5d8f1a7b44961362f56e4f2cd524feb87e9069?s=96&d=mm&r=g","caption":"dmcsrbija.com@gmail.com"},"sameAs":["https:\/\/dmcsrb.com"],"url":"https:\/\/dmcsrb.com\/en\/author\/dmcsrbija-comgmail-com\/"}]}},"_links":{"self":[{"href":"https:\/\/dmcsrb.com\/en\/wp-json\/wp\/v2\/posts\/949645","targetHints":{"allow":["GET"]}}],"collection":[{"href":"https:\/\/dmcsrb.com\/en\/wp-json\/wp\/v2\/posts"}],"about":[{"href":"https:\/\/dmcsrb.com\/en\/wp-json\/wp\/v2\/types\/post"}],"author":[{"embeddable":true,"href":"https:\/\/dmcsrb.com\/en\/wp-json\/wp\/v2\/users\/1"}],"replies":[{"embeddable":true,"href":"https:\/\/dmcsrb.com\/en\/wp-json\/wp\/v2\/comments?post=949645"}],"version-history":[{"count":0,"href":"https:\/\/dmcsrb.com\/en\/wp-json\/wp\/v2\/posts\/949645\/revisions"}],"wp:featuredmedia":[{"embeddable":true,"href":"https:\/\/dmcsrb.com\/en\/wp-json\/wp\/v2\/media\/949646"}],"wp:attachment":[{"href":"https:\/\/dmcsrb.com\/en\/wp-json\/wp\/v2\/media?parent=949645"}],"wp:term":[{"taxonomy":"category","embeddable":true,"href":"https:\/\/dmcsrb.com\/en\/wp-json\/wp\/v2\/categories?post=949645"},{"taxonomy":"post_tag","embeddable":true,"href":"https:\/\/dmcsrb.com\/en\/wp-json\/wp\/v2\/tags?post=949645"},{"taxonomy":"naslovna","embeddable":true,"href":"https:\/\/dmcsrb.com\/en\/wp-json\/wp\/v2\/naslovna?post=949645"}],"curies":[{"name":"wp","href":"https:\/\/api.w.org\/{rel}","templated":true}]}}