{"id":949629,"date":"2025-09-02T05:24:00","date_gmt":"2025-09-02T03:24:00","guid":{"rendered":"https:\/\/dmcsrb.com\/uncategorized\/mvp-poglavlje-31-spremno-za-zatvaranje-nastavlja-se-dijalog-sa-hrvatskom\/"},"modified":"2025-09-02T05:24:00","modified_gmt":"2025-09-02T03:24:00","slug":"mvp-poglavlje-31-spremno-za-zatvaranje-nastavlja-se-dijalog-sa-hrvatskom","status":"publish","type":"post","link":"https:\/\/dmcsrb.com\/en\/politika\/mvp-poglavlje-31-spremno-za-zatvaranje-nastavlja-se-dijalog-sa-hrvatskom\/","title":{"rendered":"MVP: Poglavlje 31 spremno za zatvaranje, nastavlja se dijalog sa Hrvatskom"},"content":{"rendered":"<p><\/p>\n\n\n\n<p>\u0160kolski brod Jadran po\u010detkom avgusta je ponovo bio u fokusu kada je Hrvatska uputila protestnu notu Crnoj Gori zbog odluke crnogorskog Ministarstva odbrane o izradi zna\u010dki s likom broda. Populatni trojarbolni jedrenjak izgra\u0111en je 1931. godine za potrebe Kraljevske mornarice Kraljevine Jugoslavije, decenijama je, pod razli\u010ditim zastavama, slu\u017eio kao \u0161kolski brod za obuku mornara.<\/p>\n\n\n\n<p>Nakon raspada SFRJ, brod je ostao u Crnoj Gori, gde se i danas koristi u okviru crnogorske mornarice. Me\u0111utim, Hrvatska, koja smatra da brod pripada njoj, tra\u017ei njegovo vra\u0107anja u Split. Crna Gora ga, s druge strane smatra svojim vlasni\u0161tvom.<\/p>\n\n\n\n<p>Mi\u0161ljenja o ovom pitanju su decenijama podijeljena i u stru\u010dnoj i u lai\u010dkoj javnosti.<\/p>\n\n\n\n<p>MVP navodi da je u toku intenzivna diplomatska komunikacija.&nbsp;<\/p>\n\n\n\n<p>&#8220;Crna Gora i Republika Hrvatska u prethodnom periodu identifikovale niz pitanja koja tri decenije figuriraju kao otvorena u bilateralnim odnosima. U cilju rje\u0161avanja ovih pitanja uspostavljena je intenzivna diplomatska komunikacija, u okviru koje dvije strane, kroz konstruktivan dijalog, otvoreno i na principima dobrosusjedstva, razmjenjuju stavove i mi\u0161ljenja, te mapiraju dalje korake u ovom domenu&#8221;, navodi se u odgovorima Ministarstva vanjskih poslova.&nbsp;<\/p>\n\n\n\n<p>Kako podsje\u0107aju, Crna Gora se nalazi u zavr\u0161noj fazi pregovora o pristupanju sa Evropskom unijom, u kojoj, pored ispunjenja svih obaveza i mjerila, poseban zna\u010daj ima politi\u010dka dimenzija podr\u0161ke dr\u017eava \u010dlanica.<\/p>\n\n\n\n<p>&#8220;Kroz zatvaranje niza pregovara\u010dkih poglavlja u prethodnom periodu, Crna Gora je od strane na\u0161ih evropskih partnera prepoznata kao lider u integracionom procesu, a u tome je posebnu vrijednost imao pozitivan stav susjedne Hrvatske, koji se u kontinuitetu iskazuje kroz pru\u017eanje prvo ekspertske, a zatim i politi\u010dke podr\u0161ke. Kada se radi o pregovara\u010dkom poglavlju 31, koje se odnosi na vanjsku, bezbjednosnu i odbrambenu politiku, informi\u0161emo da je ono spremno za zatvaranje, a da bi ono bilo privremeno zatvoreno, potreban je konsenzus svih dr\u017eava \u010dlanica EU&#8221;, isti\u010du u odgovorima za Portal Javnog medijskog servisa RTCG.&nbsp;<\/p>\n\n\n\n<p>Do postizanja konsenzusa me\u0111u dr\u017eavama \u010dlanicama, Crna Gora \u0107e, ka\u017eu, nastaviti da se u potpunosti uskla\u0111uje sa zajedni\u010dkom vanjskom i bezbjednosnom politikom EU i o otvorenim pitanjima razgovara sa susjednom Hrvatskom.<\/p>\n\n\n\n<p>&#8220;Kako bismo na taj na\u010din pokazali privr\u017eenost evropskim i evroatlantskim vrijednostima. Nagla\u0161avamo da, u skladu sa na\u0161im vanjskopoliti\u010dkim prioritetima, Crna Gora ostaje \u010dvrsto opredijeljena da sa svim susjedima gradi najbolje mogu\u0107e odnose, utemeljene na principima dobrosusjedstva, me\u0111usobnog po\u0161tovanja i uva\u017eavanja&#8221;, naveli su iz MVP.&nbsp;<\/p>\n\n\n\n<p>Posebno isti\u010du da je potvrda posve\u0107enosti unaprje\u0111enju odnosa sa Republikom Hrvatskom i ju\u010dera\u0161nji sastanak na Bledskom strate\u0161kom forumu predsjednika Vlade Crne Gore Milojka Spaji\u0107a i potpredsjednika Vlade Crne Gore i ministra vanjskih poslova Ervina Ibrahimovi\u0107a sa hrvatskim premijerom Andrejem Plenkovi\u0107em i ministrom vanjskih i evropskih poslova Gordanom Grli\u0107em-Radmanom.<\/p>","protected":false},"excerpt":{"rendered":"<p>Crna Gora se nalazi u zavr\u0161noj fazi pregovora o pristupanju EU, a poglavlje 31, koje se odnosi na vanjsku, bezbjednosnu i odbrambenu politiku, spremno je za zatvaranje, navodi se u odgovorima Ministarstva vanjskih poslova (MVP) dostavljenim Portalu RTCG.<\/p>","protected":false},"author":1,"featured_media":916565,"comment_status":"open","ping_status":"open","sticky":false,"template":"","format":"standard","meta":{"_acf_changed":false,"footnotes":""},"categories":[12],"tags":[3406,95,10,595,919],"naslovna":[],"class_list":["post-949629","post","type-post","status-publish","format-standard","has-post-thumbnail","hentry","category-politika","tag-brod-jadran","tag-crna-gora","tag-eu","tag-mvp","tag-poglavlje-31"],"acf":[],"yoast_head":"<!-- This site is optimized with the Yoast SEO plugin v27.4 - https:\/\/yoast.com\/product\/yoast-seo-wordpress\/ -->\n<title>MVP: Poglavlje 31 spremno za zatvaranje, nastavlja se dijalog sa Hrvatskom - dmcsrb.com<\/title>\n<meta name=\"robots\" content=\"index, follow, max-snippet:-1, max-image-preview:large, max-video-preview:-1\" \/>\n<link rel=\"canonical\" href=\"https:\/\/dmcsrb.com\/en\/politika\/mvp-poglavlje-31-spremno-za-zatvaranje-nastavlja-se-dijalog-sa-hrvatskom\/\" \/>\n<meta property=\"og:locale\" content=\"en_GB\" \/>\n<meta property=\"og:type\" content=\"article\" \/>\n<meta property=\"og:title\" content=\"MVP: Poglavlje 31 spremno za zatvaranje, nastavlja se dijalog sa Hrvatskom - dmcsrb.com\" \/>\n<meta property=\"og:description\" content=\"Crna Gora se nalazi u zavr\u0161noj fazi pregovora o pristupanju EU, a poglavlje 31, koje se odnosi na vanjsku, bezbjednosnu i odbrambenu politiku, spremno je za zatvaranje, navodi se u odgovorima Ministarstva vanjskih poslova (MVP) dostavljenim Portalu RTCG.\" \/>\n<meta property=\"og:url\" content=\"https:\/\/dmcsrb.com\/en\/politika\/mvp-poglavlje-31-spremno-za-zatvaranje-nastavlja-se-dijalog-sa-hrvatskom\/\" \/>\n<meta property=\"og:site_name\" content=\"dmcsrb.com\" \/>\n<meta property=\"article:published_time\" content=\"2025-09-02T03:24:00+00:00\" \/>\n<meta property=\"og:image\" content=\"https:\/\/dmcsrb.com\/wp-content\/uploads\/2026\/01\/Crna_Gora_EU_4_Gov_506x900.jpg\" \/>\n\t<meta property=\"og:image:width\" content=\"900\" \/>\n\t<meta property=\"og:image:height\" content=\"506\" \/>\n\t<meta property=\"og:image:type\" content=\"image\/jpeg\" \/>\n<meta name=\"author\" content=\"dmcsrbija.com@gmail.com\" \/>\n<meta name=\"twitter:card\" content=\"summary_large_image\" \/>\n<meta name=\"twitter:label1\" content=\"Written by\" \/>\n\t<meta name=\"twitter:data1\" content=\"dmcsrbija.com@gmail.com\" \/>\n\t<meta name=\"twitter:label2\" content=\"Estimated reading time\" \/>\n\t<meta name=\"twitter:data2\" content=\"2 minutes\" \/>\n<script type=\"application\/ld+json\" class=\"yoast-schema-graph\">{\"@context\":\"https:\\\/\\\/schema.org\",\"@graph\":[{\"@type\":\"Article\",\"@id\":\"https:\\\/\\\/dmcsrb.com\\\/politika\\\/mvp-poglavlje-31-spremno-za-zatvaranje-nastavlja-se-dijalog-sa-hrvatskom\\\/#article\",\"isPartOf\":{\"@id\":\"https:\\\/\\\/dmcsrb.com\\\/politika\\\/mvp-poglavlje-31-spremno-za-zatvaranje-nastavlja-se-dijalog-sa-hrvatskom\\\/\"},\"author\":{\"name\":\"dmcsrbija.com@gmail.com\",\"@id\":\"https:\\\/\\\/dmcsrb.com\\\/#\\\/schema\\\/person\\\/5c39170f12db1b8b457732d0b5c854e2\"},\"headline\":\"MVP: Poglavlje 31 spremno za zatvaranje, nastavlja se dijalog sa Hrvatskom\",\"datePublished\":\"2025-09-02T03:24:00+00:00\",\"mainEntityOfPage\":{\"@id\":\"https:\\\/\\\/dmcsrb.com\\\/politika\\\/mvp-poglavlje-31-spremno-za-zatvaranje-nastavlja-se-dijalog-sa-hrvatskom\\\/\"},\"wordCount\":490,\"commentCount\":0,\"image\":{\"@id\":\"https:\\\/\\\/dmcsrb.com\\\/politika\\\/mvp-poglavlje-31-spremno-za-zatvaranje-nastavlja-se-dijalog-sa-hrvatskom\\\/#primaryimage\"},\"thumbnailUrl\":\"https:\\\/\\\/dmcsrb.com\\\/wp-content\\\/uploads\\\/2026\\\/01\\\/Crna_Gora_EU_4_Gov_506x900.jpg\",\"keywords\":[\"brod jadran\",\"Crna Gora\",\"EU\",\"MVP\",\"Poglavlje 31\"],\"articleSection\":[\"Politika\"],\"inLanguage\":\"en-GB\",\"potentialAction\":[{\"@type\":\"CommentAction\",\"name\":\"Comment\",\"target\":[\"https:\\\/\\\/dmcsrb.com\\\/politika\\\/mvp-poglavlje-31-spremno-za-zatvaranje-nastavlja-se-dijalog-sa-hrvatskom\\\/#respond\"]}]},{\"@type\":\"WebPage\",\"@id\":\"https:\\\/\\\/dmcsrb.com\\\/politika\\\/mvp-poglavlje-31-spremno-za-zatvaranje-nastavlja-se-dijalog-sa-hrvatskom\\\/\",\"url\":\"https:\\\/\\\/dmcsrb.com\\\/politika\\\/mvp-poglavlje-31-spremno-za-zatvaranje-nastavlja-se-dijalog-sa-hrvatskom\\\/\",\"name\":\"MVP: Poglavlje 31 spremno za zatvaranje, nastavlja se dijalog sa Hrvatskom - dmcsrb.com\",\"isPartOf\":{\"@id\":\"https:\\\/\\\/dmcsrb.com\\\/#website\"},\"primaryImageOfPage\":{\"@id\":\"https:\\\/\\\/dmcsrb.com\\\/politika\\\/mvp-poglavlje-31-spremno-za-zatvaranje-nastavlja-se-dijalog-sa-hrvatskom\\\/#primaryimage\"},\"image\":{\"@id\":\"https:\\\/\\\/dmcsrb.com\\\/politika\\\/mvp-poglavlje-31-spremno-za-zatvaranje-nastavlja-se-dijalog-sa-hrvatskom\\\/#primaryimage\"},\"thumbnailUrl\":\"https:\\\/\\\/dmcsrb.com\\\/wp-content\\\/uploads\\\/2026\\\/01\\\/Crna_Gora_EU_4_Gov_506x900.jpg\",\"datePublished\":\"2025-09-02T03:24:00+00:00\",\"author\":{\"@id\":\"https:\\\/\\\/dmcsrb.com\\\/#\\\/schema\\\/person\\\/5c39170f12db1b8b457732d0b5c854e2\"},\"breadcrumb\":{\"@id\":\"https:\\\/\\\/dmcsrb.com\\\/politika\\\/mvp-poglavlje-31-spremno-za-zatvaranje-nastavlja-se-dijalog-sa-hrvatskom\\\/#breadcrumb\"},\"inLanguage\":\"en-GB\",\"potentialAction\":[{\"@type\":\"ReadAction\",\"target\":[\"https:\\\/\\\/dmcsrb.com\\\/politika\\\/mvp-poglavlje-31-spremno-za-zatvaranje-nastavlja-se-dijalog-sa-hrvatskom\\\/\"]}]},{\"@type\":\"ImageObject\",\"inLanguage\":\"en-GB\",\"@id\":\"https:\\\/\\\/dmcsrb.com\\\/politika\\\/mvp-poglavlje-31-spremno-za-zatvaranje-nastavlja-se-dijalog-sa-hrvatskom\\\/#primaryimage\",\"url\":\"https:\\\/\\\/dmcsrb.com\\\/wp-content\\\/uploads\\\/2026\\\/01\\\/Crna_Gora_EU_4_Gov_506x900.jpg\",\"contentUrl\":\"https:\\\/\\\/dmcsrb.com\\\/wp-content\\\/uploads\\\/2026\\\/01\\\/Crna_Gora_EU_4_Gov_506x900.jpg\",\"width\":900,\"height\":506},{\"@type\":\"BreadcrumbList\",\"@id\":\"https:\\\/\\\/dmcsrb.com\\\/politika\\\/mvp-poglavlje-31-spremno-za-zatvaranje-nastavlja-se-dijalog-sa-hrvatskom\\\/#breadcrumb\",\"itemListElement\":[{\"@type\":\"ListItem\",\"position\":1,\"name\":\"Home\",\"item\":\"https:\\\/\\\/dmcsrb.com\\\/\"},{\"@type\":\"ListItem\",\"position\":2,\"name\":\"MVP: Poglavlje 31 spremno za zatvaranje, nastavlja se dijalog sa Hrvatskom\"}]},{\"@type\":\"WebSite\",\"@id\":\"https:\\\/\\\/dmcsrb.com\\\/#website\",\"url\":\"https:\\\/\\\/dmcsrb.com\\\/\",\"name\":\"dmcsrb.com\",\"description\":\"\",\"potentialAction\":[{\"@type\":\"SearchAction\",\"target\":{\"@type\":\"EntryPoint\",\"urlTemplate\":\"https:\\\/\\\/dmcsrb.com\\\/?s={search_term_string}\"},\"query-input\":{\"@type\":\"PropertyValueSpecification\",\"valueRequired\":true,\"valueName\":\"search_term_string\"}}],\"inLanguage\":\"en-GB\"},{\"@type\":\"Person\",\"@id\":\"https:\\\/\\\/dmcsrb.com\\\/#\\\/schema\\\/person\\\/5c39170f12db1b8b457732d0b5c854e2\",\"name\":\"dmcsrbija.com@gmail.com\",\"image\":{\"@type\":\"ImageObject\",\"inLanguage\":\"en-GB\",\"@id\":\"https:\\\/\\\/secure.gravatar.com\\\/avatar\\\/68592660ad6347fad0fb587f8d5d8f1a7b44961362f56e4f2cd524feb87e9069?s=96&d=mm&r=g\",\"url\":\"https:\\\/\\\/secure.gravatar.com\\\/avatar\\\/68592660ad6347fad0fb587f8d5d8f1a7b44961362f56e4f2cd524feb87e9069?s=96&d=mm&r=g\",\"contentUrl\":\"https:\\\/\\\/secure.gravatar.com\\\/avatar\\\/68592660ad6347fad0fb587f8d5d8f1a7b44961362f56e4f2cd524feb87e9069?s=96&d=mm&r=g\",\"caption\":\"dmcsrbija.com@gmail.com\"},\"sameAs\":[\"https:\\\/\\\/dmcsrb.com\"],\"url\":\"https:\\\/\\\/dmcsrb.com\\\/en\\\/author\\\/dmcsrbija-comgmail-com\\\/\"}]}<\/script>\n<!-- \/ Yoast SEO plugin. -->","yoast_head_json":{"title":"MVP: Poglavlje 31 spremno za zatvaranje, nastavlja se dijalog sa Hrvatskom - dmcsrb.com","robots":{"index":"index","follow":"follow","max-snippet":"max-snippet:-1","max-image-preview":"max-image-preview:large","max-video-preview":"max-video-preview:-1"},"canonical":"https:\/\/dmcsrb.com\/en\/politika\/mvp-poglavlje-31-spremno-za-zatvaranje-nastavlja-se-dijalog-sa-hrvatskom\/","og_locale":"en_GB","og_type":"article","og_title":"MVP: Poglavlje 31 spremno za zatvaranje, nastavlja se dijalog sa Hrvatskom - dmcsrb.com","og_description":"Crna Gora se nalazi u zavr\u0161noj fazi pregovora o pristupanju EU, a poglavlje 31, koje se odnosi na vanjsku, bezbjednosnu i odbrambenu politiku, spremno je za zatvaranje, navodi se u odgovorima Ministarstva vanjskih poslova (MVP) dostavljenim Portalu RTCG.","og_url":"https:\/\/dmcsrb.com\/en\/politika\/mvp-poglavlje-31-spremno-za-zatvaranje-nastavlja-se-dijalog-sa-hrvatskom\/","og_site_name":"dmcsrb.com","article_published_time":"2025-09-02T03:24:00+00:00","og_image":[{"width":900,"height":506,"url":"https:\/\/dmcsrb.com\/wp-content\/uploads\/2026\/01\/Crna_Gora_EU_4_Gov_506x900.jpg","type":"image\/jpeg"}],"author":"dmcsrbija.com@gmail.com","twitter_card":"summary_large_image","twitter_misc":{"Written by":"dmcsrbija.com@gmail.com","Estimated reading time":"2 minutes"},"schema":{"@context":"https:\/\/schema.org","@graph":[{"@type":"Article","@id":"https:\/\/dmcsrb.com\/politika\/mvp-poglavlje-31-spremno-za-zatvaranje-nastavlja-se-dijalog-sa-hrvatskom\/#article","isPartOf":{"@id":"https:\/\/dmcsrb.com\/politika\/mvp-poglavlje-31-spremno-za-zatvaranje-nastavlja-se-dijalog-sa-hrvatskom\/"},"author":{"name":"dmcsrbija.com@gmail.com","@id":"https:\/\/dmcsrb.com\/#\/schema\/person\/5c39170f12db1b8b457732d0b5c854e2"},"headline":"MVP: Poglavlje 31 spremno za zatvaranje, nastavlja se dijalog sa Hrvatskom","datePublished":"2025-09-02T03:24:00+00:00","mainEntityOfPage":{"@id":"https:\/\/dmcsrb.com\/politika\/mvp-poglavlje-31-spremno-za-zatvaranje-nastavlja-se-dijalog-sa-hrvatskom\/"},"wordCount":490,"commentCount":0,"image":{"@id":"https:\/\/dmcsrb.com\/politika\/mvp-poglavlje-31-spremno-za-zatvaranje-nastavlja-se-dijalog-sa-hrvatskom\/#primaryimage"},"thumbnailUrl":"https:\/\/dmcsrb.com\/wp-content\/uploads\/2026\/01\/Crna_Gora_EU_4_Gov_506x900.jpg","keywords":["brod jadran","Crna Gora","EU","MVP","Poglavlje 31"],"articleSection":["Politika"],"inLanguage":"en-GB","potentialAction":[{"@type":"CommentAction","name":"Comment","target":["https:\/\/dmcsrb.com\/politika\/mvp-poglavlje-31-spremno-za-zatvaranje-nastavlja-se-dijalog-sa-hrvatskom\/#respond"]}]},{"@type":"WebPage","@id":"https:\/\/dmcsrb.com\/politika\/mvp-poglavlje-31-spremno-za-zatvaranje-nastavlja-se-dijalog-sa-hrvatskom\/","url":"https:\/\/dmcsrb.com\/politika\/mvp-poglavlje-31-spremno-za-zatvaranje-nastavlja-se-dijalog-sa-hrvatskom\/","name":"MVP: Poglavlje 31 spremno za zatvaranje, nastavlja se dijalog sa Hrvatskom - dmcsrb.com","isPartOf":{"@id":"https:\/\/dmcsrb.com\/#website"},"primaryImageOfPage":{"@id":"https:\/\/dmcsrb.com\/politika\/mvp-poglavlje-31-spremno-za-zatvaranje-nastavlja-se-dijalog-sa-hrvatskom\/#primaryimage"},"image":{"@id":"https:\/\/dmcsrb.com\/politika\/mvp-poglavlje-31-spremno-za-zatvaranje-nastavlja-se-dijalog-sa-hrvatskom\/#primaryimage"},"thumbnailUrl":"https:\/\/dmcsrb.com\/wp-content\/uploads\/2026\/01\/Crna_Gora_EU_4_Gov_506x900.jpg","datePublished":"2025-09-02T03:24:00+00:00","author":{"@id":"https:\/\/dmcsrb.com\/#\/schema\/person\/5c39170f12db1b8b457732d0b5c854e2"},"breadcrumb":{"@id":"https:\/\/dmcsrb.com\/politika\/mvp-poglavlje-31-spremno-za-zatvaranje-nastavlja-se-dijalog-sa-hrvatskom\/#breadcrumb"},"inLanguage":"en-GB","potentialAction":[{"@type":"ReadAction","target":["https:\/\/dmcsrb.com\/politika\/mvp-poglavlje-31-spremno-za-zatvaranje-nastavlja-se-dijalog-sa-hrvatskom\/"]}]},{"@type":"ImageObject","inLanguage":"en-GB","@id":"https:\/\/dmcsrb.com\/politika\/mvp-poglavlje-31-spremno-za-zatvaranje-nastavlja-se-dijalog-sa-hrvatskom\/#primaryimage","url":"https:\/\/dmcsrb.com\/wp-content\/uploads\/2026\/01\/Crna_Gora_EU_4_Gov_506x900.jpg","contentUrl":"https:\/\/dmcsrb.com\/wp-content\/uploads\/2026\/01\/Crna_Gora_EU_4_Gov_506x900.jpg","width":900,"height":506},{"@type":"BreadcrumbList","@id":"https:\/\/dmcsrb.com\/politika\/mvp-poglavlje-31-spremno-za-zatvaranje-nastavlja-se-dijalog-sa-hrvatskom\/#breadcrumb","itemListElement":[{"@type":"ListItem","position":1,"name":"Home","item":"https:\/\/dmcsrb.com\/"},{"@type":"ListItem","position":2,"name":"MVP: Poglavlje 31 spremno za zatvaranje, nastavlja se dijalog sa Hrvatskom"}]},{"@type":"WebSite","@id":"https:\/\/dmcsrb.com\/#website","url":"https:\/\/dmcsrb.com\/","name":"dmcsrb.com","description":"","potentialAction":[{"@type":"SearchAction","target":{"@type":"EntryPoint","urlTemplate":"https:\/\/dmcsrb.com\/?s={search_term_string}"},"query-input":{"@type":"PropertyValueSpecification","valueRequired":true,"valueName":"search_term_string"}}],"inLanguage":"en-GB"},{"@type":"Person","@id":"https:\/\/dmcsrb.com\/#\/schema\/person\/5c39170f12db1b8b457732d0b5c854e2","name":"dmcsrbija.com@gmail.com","image":{"@type":"ImageObject","inLanguage":"en-GB","@id":"https:\/\/secure.gravatar.com\/avatar\/68592660ad6347fad0fb587f8d5d8f1a7b44961362f56e4f2cd524feb87e9069?s=96&d=mm&r=g","url":"https:\/\/secure.gravatar.com\/avatar\/68592660ad6347fad0fb587f8d5d8f1a7b44961362f56e4f2cd524feb87e9069?s=96&d=mm&r=g","contentUrl":"https:\/\/secure.gravatar.com\/avatar\/68592660ad6347fad0fb587f8d5d8f1a7b44961362f56e4f2cd524feb87e9069?s=96&d=mm&r=g","caption":"dmcsrbija.com@gmail.com"},"sameAs":["https:\/\/dmcsrb.com"],"url":"https:\/\/dmcsrb.com\/en\/author\/dmcsrbija-comgmail-com\/"}]}},"_links":{"self":[{"href":"https:\/\/dmcsrb.com\/en\/wp-json\/wp\/v2\/posts\/949629","targetHints":{"allow":["GET"]}}],"collection":[{"href":"https:\/\/dmcsrb.com\/en\/wp-json\/wp\/v2\/posts"}],"about":[{"href":"https:\/\/dmcsrb.com\/en\/wp-json\/wp\/v2\/types\/post"}],"author":[{"embeddable":true,"href":"https:\/\/dmcsrb.com\/en\/wp-json\/wp\/v2\/users\/1"}],"replies":[{"embeddable":true,"href":"https:\/\/dmcsrb.com\/en\/wp-json\/wp\/v2\/comments?post=949629"}],"version-history":[{"count":0,"href":"https:\/\/dmcsrb.com\/en\/wp-json\/wp\/v2\/posts\/949629\/revisions"}],"wp:featuredmedia":[{"embeddable":true,"href":"https:\/\/dmcsrb.com\/en\/wp-json\/wp\/v2\/media\/916565"}],"wp:attachment":[{"href":"https:\/\/dmcsrb.com\/en\/wp-json\/wp\/v2\/media?parent=949629"}],"wp:term":[{"taxonomy":"category","embeddable":true,"href":"https:\/\/dmcsrb.com\/en\/wp-json\/wp\/v2\/categories?post=949629"},{"taxonomy":"post_tag","embeddable":true,"href":"https:\/\/dmcsrb.com\/en\/wp-json\/wp\/v2\/tags?post=949629"},{"taxonomy":"naslovna","embeddable":true,"href":"https:\/\/dmcsrb.com\/en\/wp-json\/wp\/v2\/naslovna?post=949629"}],"curies":[{"name":"wp","href":"https:\/\/api.w.org\/{rel}","templated":true}]}}