{"id":949627,"date":"2025-09-02T08:17:00","date_gmt":"2025-09-02T06:17:00","guid":{"rendered":"https:\/\/dmcsrb.com\/uncategorized\/crnogorski-atletski-veterani-uspjesni-na-balkanijadi-u-hrvatskoj\/"},"modified":"2025-09-02T08:17:00","modified_gmt":"2025-09-02T06:17:00","slug":"crnogorski-atletski-veterani-uspjesni-na-balkanijadi-u-hrvatskoj","status":"publish","type":"post","link":"https:\/\/dmcsrb.com\/en\/sport\/crnogorski-atletski-veterani-uspjesni-na-balkanijadi-u-hrvatskoj\/","title":{"rendered":"Crnogorski atletski veterani uspje\u0161ni na Balkanijadi u Hrvatskoj"},"content":{"rendered":"<p>Na stadionu &#8220;Sloboda&#8221;, Crna Gora je nastupila sa 13 reprezentativaca, koji su se okitili sa 21 medaljom, od \u010dega je bilo deset zlatnih, pet srebrnih i \u0161est bronzanih.<\/p>\n\n\n\n<p>Crnogorsku delegaciju u Vara\u017edinu je predvodio predsjednik Atletskih veterana Crne Gore&nbsp;<strong>Dejan \u017divkovi\u0107<\/strong>, kojeg je organizator &#8211; Hrvatska atletska veteranska asocijacija anga\u017eovala da joj pomogne oko organizacije ovog zahtjevnog takmi\u010denja, s obzirom da je Crna Gora bila uspje\u0161an doma\u0107in prethodne Balkanijade krajem septembra pro\u0161le godine u Baru.<\/p>\n\n\n\n<p>Plasmani crnogorske ekspedicije:&nbsp;<strong>Aleksa Malikovi\u0107&nbsp;<\/strong>M35 &#8211; zlato 5000m, 3000m i 1500m,&nbsp;<strong>Radmila Miladinovi\u0107&nbsp;<\/strong>W45 &#8211; zlato 5000m, 1500m i 2000m stipl\u010dez, srebro 3000m,&nbsp;<strong>Biljana Radunovi\u0107&nbsp;<\/strong>W50 &#8211; zlato 5000m, srebro 100m, bronza 3000m, peto mjesto 1500m,&nbsp;<strong>Radmila \u010cabarkapa<\/strong>&nbsp;W60 &#8211; zlato 1500m, bronza 3000m, 5000m i 100m,&nbsp;<strong>Lazar Sekuli\u0107<\/strong>&nbsp;M75 &#8211; zlato 2000 stipl\u010dez, srebro 400m i 800m,&nbsp;<strong>Branko Vu\u010dini\u0107&nbsp;<\/strong>M75 &#8211; zlato u skoku s motkom,&nbsp;<strong>Veselin Petru\u0161i\u0107<\/strong>&nbsp;M50 &#8211; bronza 3000m, \u010detvrto mjesto 3000m stipli\u010dez, peto mjesto 5000m,&nbsp;<strong>Biljana \u0110urovi\u0107&nbsp;<\/strong>W35 &#8211; srebro u bacanju kugle, sedmo mjesto 400m,&nbsp;<strong>Margita Stijepovi\u0107&nbsp;<\/strong>W60 &#8211; srebro u bacanju kugle,&nbsp;<strong>Nada Petru\u0161i\u0107<\/strong>&nbsp;W50 &#8211; peto mjesto 5000m,&nbsp;<strong>Anto Pajovi\u0107<\/strong>&nbsp;M70 &#8211; peto mjesto 800m, sedmo mjesto 5000m,&nbsp;<strong>Dejan \u017divkovi\u0107<\/strong>&nbsp;M55 &#8211; \u010detvrto mjesto u bacanju kugle,&nbsp;<strong>Nikola Vuk\u010devi\u0107<\/strong>&nbsp;M60 &#8211; peto mjesto 800m, peto mjesto 1500m, \u0161esto mjesto 3000m.<\/p>","protected":false},"excerpt":{"rendered":"<p>Crnogorski atletski veterani su imali sjajan nastup na 34. Prvenstvu Balkana, na kojem je u Vara\u017edinu u\u010destvovalo u 25 disciplina oko 800 takmi\u010dara iz 13 dr\u017eava \u010dlanica Balkanskog atletskog veteranskog saveza.<\/p>","protected":false},"author":1,"featured_media":949628,"comment_status":"open","ping_status":"open","sticky":false,"template":"","format":"standard","meta":{"_acf_changed":false,"footnotes":""},"categories":[148],"tags":[5058,6598,6599,6600,6601],"naslovna":[],"class_list":["post-949627","post","type-post","status-publish","format-standard","has-post-thumbnail","hentry","category-sport","tag-atletika","tag-balkanijada","tag-crnogorski-atletski-veterani","tag-prvenstvo-balkana","tag-varazdin"],"acf":[],"yoast_head":"<!-- This site is optimized with the Yoast SEO plugin v27.0 - https:\/\/yoast.com\/product\/yoast-seo-wordpress\/ -->\n<title>Crnogorski atletski veterani uspje\u0161ni na Balkanijadi u Hrvatskoj - dmcsrb.com<\/title>\n<meta name=\"robots\" content=\"index, follow, max-snippet:-1, max-image-preview:large, max-video-preview:-1\" \/>\n<link rel=\"canonical\" href=\"https:\/\/dmcsrb.com\/en\/sport\/crnogorski-atletski-veterani-uspjesni-na-balkanijadi-u-hrvatskoj\/\" \/>\n<meta property=\"og:locale\" content=\"en_GB\" \/>\n<meta property=\"og:type\" content=\"article\" \/>\n<meta property=\"og:title\" content=\"Crnogorski atletski veterani uspje\u0161ni na Balkanijadi u Hrvatskoj - dmcsrb.com\" \/>\n<meta property=\"og:description\" content=\"Crnogorski atletski veterani su imali sjajan nastup na 34. Prvenstvu Balkana, na kojem je u Vara\u017edinu u\u010destvovalo u 25 disciplina oko 800 takmi\u010dara iz 13 dr\u017eava \u010dlanica Balkanskog atletskog veteranskog saveza.\" \/>\n<meta property=\"og:url\" content=\"https:\/\/dmcsrb.com\/en\/sport\/crnogorski-atletski-veterani-uspjesni-na-balkanijadi-u-hrvatskoj\/\" \/>\n<meta property=\"og:site_name\" content=\"dmcsrb.com\" \/>\n<meta property=\"article:published_time\" content=\"2025-09-02T06:17:00+00:00\" \/>\n<meta property=\"og:image\" content=\"https:\/\/dmcsrb.com\/wp-content\/uploads\/2026\/01\/Veterani-ASCG.webp\" \/>\n\t<meta property=\"og:image:width\" content=\"1024\" \/>\n\t<meta property=\"og:image:height\" content=\"558\" \/>\n\t<meta property=\"og:image:type\" content=\"image\/png\" \/>\n<meta name=\"author\" content=\"dmcsrbija.com@gmail.com\" \/>\n<meta name=\"twitter:card\" content=\"summary_large_image\" \/>\n<meta name=\"twitter:label1\" content=\"Written by\" \/>\n\t<meta name=\"twitter:data1\" content=\"dmcsrbija.com@gmail.com\" \/>\n\t<meta name=\"twitter:label2\" content=\"Estimated reading time\" \/>\n\t<meta name=\"twitter:data2\" content=\"1 minute\" \/>\n<script type=\"application\/ld+json\" class=\"yoast-schema-graph\">{\"@context\":\"https:\/\/schema.org\",\"@graph\":[{\"@type\":\"Article\",\"@id\":\"https:\/\/dmcsrb.com\/sport\/crnogorski-atletski-veterani-uspjesni-na-balkanijadi-u-hrvatskoj\/#article\",\"isPartOf\":{\"@id\":\"https:\/\/dmcsrb.com\/sport\/crnogorski-atletski-veterani-uspjesni-na-balkanijadi-u-hrvatskoj\/\"},\"author\":{\"name\":\"dmcsrbija.com@gmail.com\",\"@id\":\"https:\/\/dmcsrb.com\/#\/schema\/person\/5c39170f12db1b8b457732d0b5c854e2\"},\"headline\":\"Crnogorski atletski veterani uspje\u0161ni na Balkanijadi u Hrvatskoj\",\"datePublished\":\"2025-09-02T06:17:00+00:00\",\"mainEntityOfPage\":{\"@id\":\"https:\/\/dmcsrb.com\/sport\/crnogorski-atletski-veterani-uspjesni-na-balkanijadi-u-hrvatskoj\/\"},\"wordCount\":260,\"commentCount\":0,\"image\":{\"@id\":\"https:\/\/dmcsrb.com\/sport\/crnogorski-atletski-veterani-uspjesni-na-balkanijadi-u-hrvatskoj\/#primaryimage\"},\"thumbnailUrl\":\"https:\/\/dmcsrb.com\/wp-content\/uploads\/2026\/01\/Veterani-ASCG.webp\",\"keywords\":[\"Atletika\",\"Balkanijada\",\"crnogorski atletski veterani\",\"Prvenstvo Balkana\",\"Vara\u017edin\"],\"articleSection\":[\"Sport\"],\"inLanguage\":\"en-GB\",\"potentialAction\":[{\"@type\":\"CommentAction\",\"name\":\"Comment\",\"target\":[\"https:\/\/dmcsrb.com\/sport\/crnogorski-atletski-veterani-uspjesni-na-balkanijadi-u-hrvatskoj\/#respond\"]}]},{\"@type\":\"WebPage\",\"@id\":\"https:\/\/dmcsrb.com\/sport\/crnogorski-atletski-veterani-uspjesni-na-balkanijadi-u-hrvatskoj\/\",\"url\":\"https:\/\/dmcsrb.com\/sport\/crnogorski-atletski-veterani-uspjesni-na-balkanijadi-u-hrvatskoj\/\",\"name\":\"Crnogorski atletski veterani uspje\u0161ni na Balkanijadi u Hrvatskoj - dmcsrb.com\",\"isPartOf\":{\"@id\":\"https:\/\/dmcsrb.com\/#website\"},\"primaryImageOfPage\":{\"@id\":\"https:\/\/dmcsrb.com\/sport\/crnogorski-atletski-veterani-uspjesni-na-balkanijadi-u-hrvatskoj\/#primaryimage\"},\"image\":{\"@id\":\"https:\/\/dmcsrb.com\/sport\/crnogorski-atletski-veterani-uspjesni-na-balkanijadi-u-hrvatskoj\/#primaryimage\"},\"thumbnailUrl\":\"https:\/\/dmcsrb.com\/wp-content\/uploads\/2026\/01\/Veterani-ASCG.webp\",\"datePublished\":\"2025-09-02T06:17:00+00:00\",\"author\":{\"@id\":\"https:\/\/dmcsrb.com\/#\/schema\/person\/5c39170f12db1b8b457732d0b5c854e2\"},\"breadcrumb\":{\"@id\":\"https:\/\/dmcsrb.com\/sport\/crnogorski-atletski-veterani-uspjesni-na-balkanijadi-u-hrvatskoj\/#breadcrumb\"},\"inLanguage\":\"en-GB\",\"potentialAction\":[{\"@type\":\"ReadAction\",\"target\":[\"https:\/\/dmcsrb.com\/sport\/crnogorski-atletski-veterani-uspjesni-na-balkanijadi-u-hrvatskoj\/\"]}]},{\"@type\":\"ImageObject\",\"inLanguage\":\"en-GB\",\"@id\":\"https:\/\/dmcsrb.com\/sport\/crnogorski-atletski-veterani-uspjesni-na-balkanijadi-u-hrvatskoj\/#primaryimage\",\"url\":\"https:\/\/dmcsrb.com\/wp-content\/uploads\/2026\/01\/Veterani-ASCG.webp\",\"contentUrl\":\"https:\/\/dmcsrb.com\/wp-content\/uploads\/2026\/01\/Veterani-ASCG.webp\",\"width\":1024,\"height\":558},{\"@type\":\"BreadcrumbList\",\"@id\":\"https:\/\/dmcsrb.com\/sport\/crnogorski-atletski-veterani-uspjesni-na-balkanijadi-u-hrvatskoj\/#breadcrumb\",\"itemListElement\":[{\"@type\":\"ListItem\",\"position\":1,\"name\":\"Home\",\"item\":\"https:\/\/dmcsrb.com\/\"},{\"@type\":\"ListItem\",\"position\":2,\"name\":\"Crnogorski atletski veterani uspje\u0161ni na Balkanijadi u Hrvatskoj\"}]},{\"@type\":\"WebSite\",\"@id\":\"https:\/\/dmcsrb.com\/#website\",\"url\":\"https:\/\/dmcsrb.com\/\",\"name\":\"dmcsrb.com\",\"description\":\"\",\"potentialAction\":[{\"@type\":\"SearchAction\",\"target\":{\"@type\":\"EntryPoint\",\"urlTemplate\":\"https:\/\/dmcsrb.com\/?s={search_term_string}\"},\"query-input\":{\"@type\":\"PropertyValueSpecification\",\"valueRequired\":true,\"valueName\":\"search_term_string\"}}],\"inLanguage\":\"en-GB\"},{\"@type\":\"Person\",\"@id\":\"https:\/\/dmcsrb.com\/#\/schema\/person\/5c39170f12db1b8b457732d0b5c854e2\",\"name\":\"dmcsrbija.com@gmail.com\",\"image\":{\"@type\":\"ImageObject\",\"inLanguage\":\"en-GB\",\"@id\":\"https:\/\/dmcsrb.com\/#\/schema\/person\/image\/\",\"url\":\"https:\/\/secure.gravatar.com\/avatar\/68592660ad6347fad0fb587f8d5d8f1a7b44961362f56e4f2cd524feb87e9069?s=96&d=mm&r=g\",\"contentUrl\":\"https:\/\/secure.gravatar.com\/avatar\/68592660ad6347fad0fb587f8d5d8f1a7b44961362f56e4f2cd524feb87e9069?s=96&d=mm&r=g\",\"caption\":\"dmcsrbija.com@gmail.com\"},\"sameAs\":[\"https:\/\/dmcsrb.com\"],\"url\":\"https:\/\/dmcsrb.com\/en\/author\/dmcsrbija-comgmail-com\/\"}]}<\/script>\n<!-- \/ Yoast SEO plugin. -->","yoast_head_json":{"title":"Crnogorski atletski veterani uspje\u0161ni na Balkanijadi u Hrvatskoj - dmcsrb.com","robots":{"index":"index","follow":"follow","max-snippet":"max-snippet:-1","max-image-preview":"max-image-preview:large","max-video-preview":"max-video-preview:-1"},"canonical":"https:\/\/dmcsrb.com\/en\/sport\/crnogorski-atletski-veterani-uspjesni-na-balkanijadi-u-hrvatskoj\/","og_locale":"en_GB","og_type":"article","og_title":"Crnogorski atletski veterani uspje\u0161ni na Balkanijadi u Hrvatskoj - dmcsrb.com","og_description":"Crnogorski atletski veterani su imali sjajan nastup na 34. Prvenstvu Balkana, na kojem je u Vara\u017edinu u\u010destvovalo u 25 disciplina oko 800 takmi\u010dara iz 13 dr\u017eava \u010dlanica Balkanskog atletskog veteranskog saveza.","og_url":"https:\/\/dmcsrb.com\/en\/sport\/crnogorski-atletski-veterani-uspjesni-na-balkanijadi-u-hrvatskoj\/","og_site_name":"dmcsrb.com","article_published_time":"2025-09-02T06:17:00+00:00","og_image":[{"width":1024,"height":558,"url":"https:\/\/dmcsrb.com\/wp-content\/uploads\/2026\/01\/Veterani-ASCG.webp","type":"image\/png"}],"author":"dmcsrbija.com@gmail.com","twitter_card":"summary_large_image","twitter_misc":{"Written by":"dmcsrbija.com@gmail.com","Estimated reading time":"1 minute"},"schema":{"@context":"https:\/\/schema.org","@graph":[{"@type":"Article","@id":"https:\/\/dmcsrb.com\/sport\/crnogorski-atletski-veterani-uspjesni-na-balkanijadi-u-hrvatskoj\/#article","isPartOf":{"@id":"https:\/\/dmcsrb.com\/sport\/crnogorski-atletski-veterani-uspjesni-na-balkanijadi-u-hrvatskoj\/"},"author":{"name":"dmcsrbija.com@gmail.com","@id":"https:\/\/dmcsrb.com\/#\/schema\/person\/5c39170f12db1b8b457732d0b5c854e2"},"headline":"Crnogorski atletski veterani uspje\u0161ni na Balkanijadi u Hrvatskoj","datePublished":"2025-09-02T06:17:00+00:00","mainEntityOfPage":{"@id":"https:\/\/dmcsrb.com\/sport\/crnogorski-atletski-veterani-uspjesni-na-balkanijadi-u-hrvatskoj\/"},"wordCount":260,"commentCount":0,"image":{"@id":"https:\/\/dmcsrb.com\/sport\/crnogorski-atletski-veterani-uspjesni-na-balkanijadi-u-hrvatskoj\/#primaryimage"},"thumbnailUrl":"https:\/\/dmcsrb.com\/wp-content\/uploads\/2026\/01\/Veterani-ASCG.webp","keywords":["Atletika","Balkanijada","crnogorski atletski veterani","Prvenstvo Balkana","Vara\u017edin"],"articleSection":["Sport"],"inLanguage":"en-GB","potentialAction":[{"@type":"CommentAction","name":"Comment","target":["https:\/\/dmcsrb.com\/sport\/crnogorski-atletski-veterani-uspjesni-na-balkanijadi-u-hrvatskoj\/#respond"]}]},{"@type":"WebPage","@id":"https:\/\/dmcsrb.com\/sport\/crnogorski-atletski-veterani-uspjesni-na-balkanijadi-u-hrvatskoj\/","url":"https:\/\/dmcsrb.com\/sport\/crnogorski-atletski-veterani-uspjesni-na-balkanijadi-u-hrvatskoj\/","name":"Crnogorski atletski veterani uspje\u0161ni na Balkanijadi u Hrvatskoj - dmcsrb.com","isPartOf":{"@id":"https:\/\/dmcsrb.com\/#website"},"primaryImageOfPage":{"@id":"https:\/\/dmcsrb.com\/sport\/crnogorski-atletski-veterani-uspjesni-na-balkanijadi-u-hrvatskoj\/#primaryimage"},"image":{"@id":"https:\/\/dmcsrb.com\/sport\/crnogorski-atletski-veterani-uspjesni-na-balkanijadi-u-hrvatskoj\/#primaryimage"},"thumbnailUrl":"https:\/\/dmcsrb.com\/wp-content\/uploads\/2026\/01\/Veterani-ASCG.webp","datePublished":"2025-09-02T06:17:00+00:00","author":{"@id":"https:\/\/dmcsrb.com\/#\/schema\/person\/5c39170f12db1b8b457732d0b5c854e2"},"breadcrumb":{"@id":"https:\/\/dmcsrb.com\/sport\/crnogorski-atletski-veterani-uspjesni-na-balkanijadi-u-hrvatskoj\/#breadcrumb"},"inLanguage":"en-GB","potentialAction":[{"@type":"ReadAction","target":["https:\/\/dmcsrb.com\/sport\/crnogorski-atletski-veterani-uspjesni-na-balkanijadi-u-hrvatskoj\/"]}]},{"@type":"ImageObject","inLanguage":"en-GB","@id":"https:\/\/dmcsrb.com\/sport\/crnogorski-atletski-veterani-uspjesni-na-balkanijadi-u-hrvatskoj\/#primaryimage","url":"https:\/\/dmcsrb.com\/wp-content\/uploads\/2026\/01\/Veterani-ASCG.webp","contentUrl":"https:\/\/dmcsrb.com\/wp-content\/uploads\/2026\/01\/Veterani-ASCG.webp","width":1024,"height":558},{"@type":"BreadcrumbList","@id":"https:\/\/dmcsrb.com\/sport\/crnogorski-atletski-veterani-uspjesni-na-balkanijadi-u-hrvatskoj\/#breadcrumb","itemListElement":[{"@type":"ListItem","position":1,"name":"Home","item":"https:\/\/dmcsrb.com\/"},{"@type":"ListItem","position":2,"name":"Crnogorski atletski veterani uspje\u0161ni na Balkanijadi u Hrvatskoj"}]},{"@type":"WebSite","@id":"https:\/\/dmcsrb.com\/#website","url":"https:\/\/dmcsrb.com\/","name":"dmcsrb.com","description":"","potentialAction":[{"@type":"SearchAction","target":{"@type":"EntryPoint","urlTemplate":"https:\/\/dmcsrb.com\/?s={search_term_string}"},"query-input":{"@type":"PropertyValueSpecification","valueRequired":true,"valueName":"search_term_string"}}],"inLanguage":"en-GB"},{"@type":"Person","@id":"https:\/\/dmcsrb.com\/#\/schema\/person\/5c39170f12db1b8b457732d0b5c854e2","name":"dmcsrbija.com@gmail.com","image":{"@type":"ImageObject","inLanguage":"en-GB","@id":"https:\/\/dmcsrb.com\/#\/schema\/person\/image\/","url":"https:\/\/secure.gravatar.com\/avatar\/68592660ad6347fad0fb587f8d5d8f1a7b44961362f56e4f2cd524feb87e9069?s=96&d=mm&r=g","contentUrl":"https:\/\/secure.gravatar.com\/avatar\/68592660ad6347fad0fb587f8d5d8f1a7b44961362f56e4f2cd524feb87e9069?s=96&d=mm&r=g","caption":"dmcsrbija.com@gmail.com"},"sameAs":["https:\/\/dmcsrb.com"],"url":"https:\/\/dmcsrb.com\/en\/author\/dmcsrbija-comgmail-com\/"}]}},"_links":{"self":[{"href":"https:\/\/dmcsrb.com\/en\/wp-json\/wp\/v2\/posts\/949627","targetHints":{"allow":["GET"]}}],"collection":[{"href":"https:\/\/dmcsrb.com\/en\/wp-json\/wp\/v2\/posts"}],"about":[{"href":"https:\/\/dmcsrb.com\/en\/wp-json\/wp\/v2\/types\/post"}],"author":[{"embeddable":true,"href":"https:\/\/dmcsrb.com\/en\/wp-json\/wp\/v2\/users\/1"}],"replies":[{"embeddable":true,"href":"https:\/\/dmcsrb.com\/en\/wp-json\/wp\/v2\/comments?post=949627"}],"version-history":[{"count":0,"href":"https:\/\/dmcsrb.com\/en\/wp-json\/wp\/v2\/posts\/949627\/revisions"}],"wp:featuredmedia":[{"embeddable":true,"href":"https:\/\/dmcsrb.com\/en\/wp-json\/wp\/v2\/media\/949628"}],"wp:attachment":[{"href":"https:\/\/dmcsrb.com\/en\/wp-json\/wp\/v2\/media?parent=949627"}],"wp:term":[{"taxonomy":"category","embeddable":true,"href":"https:\/\/dmcsrb.com\/en\/wp-json\/wp\/v2\/categories?post=949627"},{"taxonomy":"post_tag","embeddable":true,"href":"https:\/\/dmcsrb.com\/en\/wp-json\/wp\/v2\/tags?post=949627"},{"taxonomy":"naslovna","embeddable":true,"href":"https:\/\/dmcsrb.com\/en\/wp-json\/wp\/v2\/naslovna?post=949627"}],"curies":[{"name":"wp","href":"https:\/\/api.w.org\/{rel}","templated":true}]}}