{"id":949612,"date":"2025-09-01T19:39:17","date_gmt":"2025-09-01T17:39:17","guid":{"rendered":"https:\/\/dmcsrb.com\/uncategorized\/pejovic-poruka-marte-kos-potvrda-da-se-krecemo-u-dobrom-pravcu\/"},"modified":"2025-09-01T19:39:17","modified_gmt":"2025-09-01T17:39:17","slug":"pejovic-poruka-marte-kos-potvrda-da-se-krecemo-u-dobrom-pravcu","status":"publish","type":"post","link":"https:\/\/dmcsrb.com\/en\/politika\/pejovic-poruka-marte-kos-potvrda-da-se-krecemo-u-dobrom-pravcu\/","title":{"rendered":"Pejovi\u0107: Poruka Marte Kos potvrda da se kre\u0107emo u dobrom pravcu"},"content":{"rendered":"<p>&#8220;Za nepune dvije godine rada ove Skup\u0161tine i Vlade zatvoreno je vi\u0161e pregovara\u010dkih poglavlja nego \u0161to je opozicija uspjela u vi\u0161e od decenije dok je bila na vlasti. Razlika je jasna \u2013 dok smo mi pokazali odlu\u010dnost, rezultate i politi\u010dku volju, oni su fingirali reforme i zaustavili evropski put. Deklarativno su se predstavljali kao proevropska vlast, ali u praksi nijesu uradili ni\u0161ta. Zato je Crna Gora godinama stajala u mjestu&#8221;, istakao je Pejovi\u0107.<\/p>\n\n\n\n<p>Danas, dodaje Pejovi\u0107, prvi put nakon dugo vremena, Crna Gora ima realnu perspektivu da postane \u010dlanica EU. <\/p>\n\n\n\n<p>&#8220;Nastavi\u0107emo sa reformama, jer gra\u0111ani zaslu\u017euju evropski standard, evropske vrijednosti i dr\u017eavu koja je dio evropske\u00a0porodice&#8221;, zaklju\u010dio je Pejovi\u0107.<\/p>\n\n\n\n<p><\/p>","protected":false},"excerpt":{"rendered":"<p>Pozdravljam izjavu Marte Kos da bi Crna Gora ve\u0107 2028. godine mogla postati \u010dlanica Evropske unije. To je jo\u0161 jedna potvrda da idemo u dobrom pravcu i da su na\u0161i napori prepoznati od strane Evropske komisije, saop\u0161tio je potpredsjednik SKup\u0161tine Crne Gore, Boris Pejovi\u0107.<\/p>","protected":false},"author":1,"featured_media":913151,"comment_status":"open","ping_status":"open","sticky":false,"template":"","format":"standard","meta":{"_acf_changed":false,"footnotes":""},"categories":[12],"tags":[2370,95,10,2815],"naslovna":[],"class_list":["post-949612","post","type-post","status-publish","format-standard","has-post-thumbnail","hentry","category-politika","tag-boris-pejovic","tag-crna-gora","tag-eu","tag-marta-kos"],"acf":[],"yoast_head":"<!-- This site is optimized with the Yoast SEO plugin v27.4 - https:\/\/yoast.com\/product\/yoast-seo-wordpress\/ -->\n<title>Pejovi\u0107: Poruka Marte Kos potvrda da se kre\u0107emo u dobrom pravcu - dmcsrb.com<\/title>\n<meta name=\"robots\" content=\"index, follow, max-snippet:-1, max-image-preview:large, max-video-preview:-1\" \/>\n<link rel=\"canonical\" href=\"https:\/\/dmcsrb.com\/en\/politika\/pejovic-poruka-marte-kos-potvrda-da-se-krecemo-u-dobrom-pravcu\/\" \/>\n<meta property=\"og:locale\" content=\"en_GB\" \/>\n<meta property=\"og:type\" content=\"article\" \/>\n<meta property=\"og:title\" content=\"Pejovi\u0107: Poruka Marte Kos potvrda da se kre\u0107emo u dobrom pravcu - dmcsrb.com\" \/>\n<meta property=\"og:description\" content=\"Pozdravljam izjavu Marte Kos da bi Crna Gora ve\u0107 2028. godine mogla postati \u010dlanica Evropske unije. To je jo\u0161 jedna potvrda da idemo u dobrom pravcu i da su na\u0161i napori prepoznati od strane Evropske komisije, saop\u0161tio je potpredsjednik SKup\u0161tine Crne Gore, Boris Pejovi\u0107.\" \/>\n<meta property=\"og:url\" content=\"https:\/\/dmcsrb.com\/en\/politika\/pejovic-poruka-marte-kos-potvrda-da-se-krecemo-u-dobrom-pravcu\/\" \/>\n<meta property=\"og:site_name\" content=\"dmcsrb.com\" \/>\n<meta property=\"article:published_time\" content=\"2025-09-01T17:39:17+00:00\" \/>\n<meta property=\"og:image\" content=\"https:\/\/dmcsrb.com\/wp-content\/uploads\/2026\/01\/Boris-Pejovic-1-696x464-1.jpg\" \/>\n\t<meta property=\"og:image:width\" content=\"696\" \/>\n\t<meta property=\"og:image:height\" content=\"464\" \/>\n\t<meta property=\"og:image:type\" content=\"image\/jpeg\" \/>\n<meta name=\"author\" content=\"dmcsrbija.com@gmail.com\" \/>\n<meta name=\"twitter:card\" content=\"summary_large_image\" \/>\n<meta name=\"twitter:label1\" content=\"Written by\" \/>\n\t<meta name=\"twitter:data1\" content=\"dmcsrbija.com@gmail.com\" \/>\n\t<meta name=\"twitter:label2\" content=\"Estimated reading time\" \/>\n\t<meta name=\"twitter:data2\" content=\"1 minute\" \/>\n<script type=\"application\/ld+json\" class=\"yoast-schema-graph\">{\"@context\":\"https:\\\/\\\/schema.org\",\"@graph\":[{\"@type\":\"Article\",\"@id\":\"https:\\\/\\\/dmcsrb.com\\\/politika\\\/pejovic-poruka-marte-kos-potvrda-da-se-krecemo-u-dobrom-pravcu\\\/#article\",\"isPartOf\":{\"@id\":\"https:\\\/\\\/dmcsrb.com\\\/politika\\\/pejovic-poruka-marte-kos-potvrda-da-se-krecemo-u-dobrom-pravcu\\\/\"},\"author\":{\"name\":\"dmcsrbija.com@gmail.com\",\"@id\":\"https:\\\/\\\/dmcsrb.com\\\/#\\\/schema\\\/person\\\/5c39170f12db1b8b457732d0b5c854e2\"},\"headline\":\"Pejovi\u0107: Poruka Marte Kos potvrda da se kre\u0107emo u dobrom pravcu\",\"datePublished\":\"2025-09-01T17:39:17+00:00\",\"mainEntityOfPage\":{\"@id\":\"https:\\\/\\\/dmcsrb.com\\\/politika\\\/pejovic-poruka-marte-kos-potvrda-da-se-krecemo-u-dobrom-pravcu\\\/\"},\"wordCount\":133,\"commentCount\":0,\"image\":{\"@id\":\"https:\\\/\\\/dmcsrb.com\\\/politika\\\/pejovic-poruka-marte-kos-potvrda-da-se-krecemo-u-dobrom-pravcu\\\/#primaryimage\"},\"thumbnailUrl\":\"https:\\\/\\\/dmcsrb.com\\\/wp-content\\\/uploads\\\/2026\\\/01\\\/Boris-Pejovic-1-696x464-1.jpg\",\"keywords\":[\"boris pejovi\u0107\",\"Crna Gora\",\"EU\",\"Marta Kos\"],\"articleSection\":[\"Politika\"],\"inLanguage\":\"en-GB\",\"potentialAction\":[{\"@type\":\"CommentAction\",\"name\":\"Comment\",\"target\":[\"https:\\\/\\\/dmcsrb.com\\\/politika\\\/pejovic-poruka-marte-kos-potvrda-da-se-krecemo-u-dobrom-pravcu\\\/#respond\"]}]},{\"@type\":\"WebPage\",\"@id\":\"https:\\\/\\\/dmcsrb.com\\\/politika\\\/pejovic-poruka-marte-kos-potvrda-da-se-krecemo-u-dobrom-pravcu\\\/\",\"url\":\"https:\\\/\\\/dmcsrb.com\\\/politika\\\/pejovic-poruka-marte-kos-potvrda-da-se-krecemo-u-dobrom-pravcu\\\/\",\"name\":\"Pejovi\u0107: Poruka Marte Kos potvrda da se kre\u0107emo u dobrom pravcu - dmcsrb.com\",\"isPartOf\":{\"@id\":\"https:\\\/\\\/dmcsrb.com\\\/#website\"},\"primaryImageOfPage\":{\"@id\":\"https:\\\/\\\/dmcsrb.com\\\/politika\\\/pejovic-poruka-marte-kos-potvrda-da-se-krecemo-u-dobrom-pravcu\\\/#primaryimage\"},\"image\":{\"@id\":\"https:\\\/\\\/dmcsrb.com\\\/politika\\\/pejovic-poruka-marte-kos-potvrda-da-se-krecemo-u-dobrom-pravcu\\\/#primaryimage\"},\"thumbnailUrl\":\"https:\\\/\\\/dmcsrb.com\\\/wp-content\\\/uploads\\\/2026\\\/01\\\/Boris-Pejovic-1-696x464-1.jpg\",\"datePublished\":\"2025-09-01T17:39:17+00:00\",\"author\":{\"@id\":\"https:\\\/\\\/dmcsrb.com\\\/#\\\/schema\\\/person\\\/5c39170f12db1b8b457732d0b5c854e2\"},\"breadcrumb\":{\"@id\":\"https:\\\/\\\/dmcsrb.com\\\/politika\\\/pejovic-poruka-marte-kos-potvrda-da-se-krecemo-u-dobrom-pravcu\\\/#breadcrumb\"},\"inLanguage\":\"en-GB\",\"potentialAction\":[{\"@type\":\"ReadAction\",\"target\":[\"https:\\\/\\\/dmcsrb.com\\\/politika\\\/pejovic-poruka-marte-kos-potvrda-da-se-krecemo-u-dobrom-pravcu\\\/\"]}]},{\"@type\":\"ImageObject\",\"inLanguage\":\"en-GB\",\"@id\":\"https:\\\/\\\/dmcsrb.com\\\/politika\\\/pejovic-poruka-marte-kos-potvrda-da-se-krecemo-u-dobrom-pravcu\\\/#primaryimage\",\"url\":\"https:\\\/\\\/dmcsrb.com\\\/wp-content\\\/uploads\\\/2026\\\/01\\\/Boris-Pejovic-1-696x464-1.jpg\",\"contentUrl\":\"https:\\\/\\\/dmcsrb.com\\\/wp-content\\\/uploads\\\/2026\\\/01\\\/Boris-Pejovic-1-696x464-1.jpg\",\"width\":696,\"height\":464},{\"@type\":\"BreadcrumbList\",\"@id\":\"https:\\\/\\\/dmcsrb.com\\\/politika\\\/pejovic-poruka-marte-kos-potvrda-da-se-krecemo-u-dobrom-pravcu\\\/#breadcrumb\",\"itemListElement\":[{\"@type\":\"ListItem\",\"position\":1,\"name\":\"Home\",\"item\":\"https:\\\/\\\/dmcsrb.com\\\/\"},{\"@type\":\"ListItem\",\"position\":2,\"name\":\"Pejovi\u0107: Poruka Marte Kos potvrda da se kre\u0107emo u dobrom pravcu\"}]},{\"@type\":\"WebSite\",\"@id\":\"https:\\\/\\\/dmcsrb.com\\\/#website\",\"url\":\"https:\\\/\\\/dmcsrb.com\\\/\",\"name\":\"dmcsrb.com\",\"description\":\"\",\"potentialAction\":[{\"@type\":\"SearchAction\",\"target\":{\"@type\":\"EntryPoint\",\"urlTemplate\":\"https:\\\/\\\/dmcsrb.com\\\/?s={search_term_string}\"},\"query-input\":{\"@type\":\"PropertyValueSpecification\",\"valueRequired\":true,\"valueName\":\"search_term_string\"}}],\"inLanguage\":\"en-GB\"},{\"@type\":\"Person\",\"@id\":\"https:\\\/\\\/dmcsrb.com\\\/#\\\/schema\\\/person\\\/5c39170f12db1b8b457732d0b5c854e2\",\"name\":\"dmcsrbija.com@gmail.com\",\"image\":{\"@type\":\"ImageObject\",\"inLanguage\":\"en-GB\",\"@id\":\"https:\\\/\\\/secure.gravatar.com\\\/avatar\\\/68592660ad6347fad0fb587f8d5d8f1a7b44961362f56e4f2cd524feb87e9069?s=96&d=mm&r=g\",\"url\":\"https:\\\/\\\/secure.gravatar.com\\\/avatar\\\/68592660ad6347fad0fb587f8d5d8f1a7b44961362f56e4f2cd524feb87e9069?s=96&d=mm&r=g\",\"contentUrl\":\"https:\\\/\\\/secure.gravatar.com\\\/avatar\\\/68592660ad6347fad0fb587f8d5d8f1a7b44961362f56e4f2cd524feb87e9069?s=96&d=mm&r=g\",\"caption\":\"dmcsrbija.com@gmail.com\"},\"sameAs\":[\"https:\\\/\\\/dmcsrb.com\"],\"url\":\"https:\\\/\\\/dmcsrb.com\\\/en\\\/author\\\/dmcsrbija-comgmail-com\\\/\"}]}<\/script>\n<!-- \/ Yoast SEO plugin. -->","yoast_head_json":{"title":"Pejovi\u0107: Poruka Marte Kos potvrda da se kre\u0107emo u dobrom pravcu - dmcsrb.com","robots":{"index":"index","follow":"follow","max-snippet":"max-snippet:-1","max-image-preview":"max-image-preview:large","max-video-preview":"max-video-preview:-1"},"canonical":"https:\/\/dmcsrb.com\/en\/politika\/pejovic-poruka-marte-kos-potvrda-da-se-krecemo-u-dobrom-pravcu\/","og_locale":"en_GB","og_type":"article","og_title":"Pejovi\u0107: Poruka Marte Kos potvrda da se kre\u0107emo u dobrom pravcu - dmcsrb.com","og_description":"Pozdravljam izjavu Marte Kos da bi Crna Gora ve\u0107 2028. godine mogla postati \u010dlanica Evropske unije. To je jo\u0161 jedna potvrda da idemo u dobrom pravcu i da su na\u0161i napori prepoznati od strane Evropske komisije, saop\u0161tio je potpredsjednik SKup\u0161tine Crne Gore, Boris Pejovi\u0107.","og_url":"https:\/\/dmcsrb.com\/en\/politika\/pejovic-poruka-marte-kos-potvrda-da-se-krecemo-u-dobrom-pravcu\/","og_site_name":"dmcsrb.com","article_published_time":"2025-09-01T17:39:17+00:00","og_image":[{"width":696,"height":464,"url":"https:\/\/dmcsrb.com\/wp-content\/uploads\/2026\/01\/Boris-Pejovic-1-696x464-1.jpg","type":"image\/jpeg"}],"author":"dmcsrbija.com@gmail.com","twitter_card":"summary_large_image","twitter_misc":{"Written by":"dmcsrbija.com@gmail.com","Estimated reading time":"1 minute"},"schema":{"@context":"https:\/\/schema.org","@graph":[{"@type":"Article","@id":"https:\/\/dmcsrb.com\/politika\/pejovic-poruka-marte-kos-potvrda-da-se-krecemo-u-dobrom-pravcu\/#article","isPartOf":{"@id":"https:\/\/dmcsrb.com\/politika\/pejovic-poruka-marte-kos-potvrda-da-se-krecemo-u-dobrom-pravcu\/"},"author":{"name":"dmcsrbija.com@gmail.com","@id":"https:\/\/dmcsrb.com\/#\/schema\/person\/5c39170f12db1b8b457732d0b5c854e2"},"headline":"Pejovi\u0107: Poruka Marte Kos potvrda da se kre\u0107emo u dobrom pravcu","datePublished":"2025-09-01T17:39:17+00:00","mainEntityOfPage":{"@id":"https:\/\/dmcsrb.com\/politika\/pejovic-poruka-marte-kos-potvrda-da-se-krecemo-u-dobrom-pravcu\/"},"wordCount":133,"commentCount":0,"image":{"@id":"https:\/\/dmcsrb.com\/politika\/pejovic-poruka-marte-kos-potvrda-da-se-krecemo-u-dobrom-pravcu\/#primaryimage"},"thumbnailUrl":"https:\/\/dmcsrb.com\/wp-content\/uploads\/2026\/01\/Boris-Pejovic-1-696x464-1.jpg","keywords":["boris pejovi\u0107","Crna Gora","EU","Marta Kos"],"articleSection":["Politika"],"inLanguage":"en-GB","potentialAction":[{"@type":"CommentAction","name":"Comment","target":["https:\/\/dmcsrb.com\/politika\/pejovic-poruka-marte-kos-potvrda-da-se-krecemo-u-dobrom-pravcu\/#respond"]}]},{"@type":"WebPage","@id":"https:\/\/dmcsrb.com\/politika\/pejovic-poruka-marte-kos-potvrda-da-se-krecemo-u-dobrom-pravcu\/","url":"https:\/\/dmcsrb.com\/politika\/pejovic-poruka-marte-kos-potvrda-da-se-krecemo-u-dobrom-pravcu\/","name":"Pejovi\u0107: Poruka Marte Kos potvrda da se kre\u0107emo u dobrom pravcu - dmcsrb.com","isPartOf":{"@id":"https:\/\/dmcsrb.com\/#website"},"primaryImageOfPage":{"@id":"https:\/\/dmcsrb.com\/politika\/pejovic-poruka-marte-kos-potvrda-da-se-krecemo-u-dobrom-pravcu\/#primaryimage"},"image":{"@id":"https:\/\/dmcsrb.com\/politika\/pejovic-poruka-marte-kos-potvrda-da-se-krecemo-u-dobrom-pravcu\/#primaryimage"},"thumbnailUrl":"https:\/\/dmcsrb.com\/wp-content\/uploads\/2026\/01\/Boris-Pejovic-1-696x464-1.jpg","datePublished":"2025-09-01T17:39:17+00:00","author":{"@id":"https:\/\/dmcsrb.com\/#\/schema\/person\/5c39170f12db1b8b457732d0b5c854e2"},"breadcrumb":{"@id":"https:\/\/dmcsrb.com\/politika\/pejovic-poruka-marte-kos-potvrda-da-se-krecemo-u-dobrom-pravcu\/#breadcrumb"},"inLanguage":"en-GB","potentialAction":[{"@type":"ReadAction","target":["https:\/\/dmcsrb.com\/politika\/pejovic-poruka-marte-kos-potvrda-da-se-krecemo-u-dobrom-pravcu\/"]}]},{"@type":"ImageObject","inLanguage":"en-GB","@id":"https:\/\/dmcsrb.com\/politika\/pejovic-poruka-marte-kos-potvrda-da-se-krecemo-u-dobrom-pravcu\/#primaryimage","url":"https:\/\/dmcsrb.com\/wp-content\/uploads\/2026\/01\/Boris-Pejovic-1-696x464-1.jpg","contentUrl":"https:\/\/dmcsrb.com\/wp-content\/uploads\/2026\/01\/Boris-Pejovic-1-696x464-1.jpg","width":696,"height":464},{"@type":"BreadcrumbList","@id":"https:\/\/dmcsrb.com\/politika\/pejovic-poruka-marte-kos-potvrda-da-se-krecemo-u-dobrom-pravcu\/#breadcrumb","itemListElement":[{"@type":"ListItem","position":1,"name":"Home","item":"https:\/\/dmcsrb.com\/"},{"@type":"ListItem","position":2,"name":"Pejovi\u0107: Poruka Marte Kos potvrda da se kre\u0107emo u dobrom pravcu"}]},{"@type":"WebSite","@id":"https:\/\/dmcsrb.com\/#website","url":"https:\/\/dmcsrb.com\/","name":"dmcsrb.com","description":"","potentialAction":[{"@type":"SearchAction","target":{"@type":"EntryPoint","urlTemplate":"https:\/\/dmcsrb.com\/?s={search_term_string}"},"query-input":{"@type":"PropertyValueSpecification","valueRequired":true,"valueName":"search_term_string"}}],"inLanguage":"en-GB"},{"@type":"Person","@id":"https:\/\/dmcsrb.com\/#\/schema\/person\/5c39170f12db1b8b457732d0b5c854e2","name":"dmcsrbija.com@gmail.com","image":{"@type":"ImageObject","inLanguage":"en-GB","@id":"https:\/\/secure.gravatar.com\/avatar\/68592660ad6347fad0fb587f8d5d8f1a7b44961362f56e4f2cd524feb87e9069?s=96&d=mm&r=g","url":"https:\/\/secure.gravatar.com\/avatar\/68592660ad6347fad0fb587f8d5d8f1a7b44961362f56e4f2cd524feb87e9069?s=96&d=mm&r=g","contentUrl":"https:\/\/secure.gravatar.com\/avatar\/68592660ad6347fad0fb587f8d5d8f1a7b44961362f56e4f2cd524feb87e9069?s=96&d=mm&r=g","caption":"dmcsrbija.com@gmail.com"},"sameAs":["https:\/\/dmcsrb.com"],"url":"https:\/\/dmcsrb.com\/en\/author\/dmcsrbija-comgmail-com\/"}]}},"_links":{"self":[{"href":"https:\/\/dmcsrb.com\/en\/wp-json\/wp\/v2\/posts\/949612","targetHints":{"allow":["GET"]}}],"collection":[{"href":"https:\/\/dmcsrb.com\/en\/wp-json\/wp\/v2\/posts"}],"about":[{"href":"https:\/\/dmcsrb.com\/en\/wp-json\/wp\/v2\/types\/post"}],"author":[{"embeddable":true,"href":"https:\/\/dmcsrb.com\/en\/wp-json\/wp\/v2\/users\/1"}],"replies":[{"embeddable":true,"href":"https:\/\/dmcsrb.com\/en\/wp-json\/wp\/v2\/comments?post=949612"}],"version-history":[{"count":0,"href":"https:\/\/dmcsrb.com\/en\/wp-json\/wp\/v2\/posts\/949612\/revisions"}],"wp:featuredmedia":[{"embeddable":true,"href":"https:\/\/dmcsrb.com\/en\/wp-json\/wp\/v2\/media\/913151"}],"wp:attachment":[{"href":"https:\/\/dmcsrb.com\/en\/wp-json\/wp\/v2\/media?parent=949612"}],"wp:term":[{"taxonomy":"category","embeddable":true,"href":"https:\/\/dmcsrb.com\/en\/wp-json\/wp\/v2\/categories?post=949612"},{"taxonomy":"post_tag","embeddable":true,"href":"https:\/\/dmcsrb.com\/en\/wp-json\/wp\/v2\/tags?post=949612"},{"taxonomy":"naslovna","embeddable":true,"href":"https:\/\/dmcsrb.com\/en\/wp-json\/wp\/v2\/naslovna?post=949612"}],"curies":[{"name":"wp","href":"https:\/\/api.w.org\/{rel}","templated":true}]}}