{"id":949591,"date":"2025-09-01T16:58:06","date_gmt":"2025-09-01T14:58:06","guid":{"rendered":"https:\/\/dmcsrb.com\/uncategorized\/kos-moguce-je-da-crna-gora-2028-postane-clanica-eu\/"},"modified":"2025-09-01T16:58:06","modified_gmt":"2025-09-01T14:58:06","slug":"kos-moguce-je-da-crna-gora-2028-postane-clanica-eu","status":"publish","type":"post","link":"https:\/\/dmcsrb.com\/en\/politika\/kos-moguce-je-da-crna-gora-2028-postane-clanica-eu\/","title":{"rendered":"Kos: Mogu\u0107e je da Crna Gora 2028. postane \u010dlanica EU"},"content":{"rendered":"<p>Ona je danas izjavila da je u proteklih osam mjeseci otvoreno vi\u0161e pregovara\u010dkih klastera nego u proteklih pet godina i zatvoreno vi\u0161e poglavlja nego u 10 godina.<\/p>\n\n\n\n<p>\u201cAko se dobar posao nastavi sa Crnom Gorom, u \u010demu imamo pomo\u0107 Hrvatske, i tehni\u010dki posao zavr\u0161i do kraja sljede\u0107e godine, onda bismo 2028. mogli da dobijemo Crnu Goru kao 28. \u010dlanicu EU. Ukoliko predsjednik Vlade Albanije Edi Rama nastavi da odli\u010dno radi svoj posao, 2029. mo\u017eemo dobiti i 29. \u010dlanicu EU\u201d, rekla je Marta Kos na Bledu.<\/p>\n\n\n\n<p><\/p>","protected":false},"excerpt":{"rendered":"<p>Ako se nastavi dobar posao, Crna Gora bi mogla 2028. godine da postane \u010dlanica Evropske unije, kazala je evropska komesarka za pro\u0161irenje Marta Kos.<\/p>","protected":false},"author":1,"featured_media":914359,"comment_status":"open","ping_status":"open","sticky":false,"template":"","format":"standard","meta":{"_acf_changed":false,"footnotes":""},"categories":[12],"tags":[95,10,2815,2028],"naslovna":[],"class_list":["post-949591","post","type-post","status-publish","format-standard","has-post-thumbnail","hentry","category-politika","tag-crna-gora","tag-eu","tag-marta-kos","tag-nikola-rovcanin-2"],"acf":[],"yoast_head":"<!-- This site is optimized with the Yoast SEO plugin v27.4 - https:\/\/yoast.com\/product\/yoast-seo-wordpress\/ -->\n<title>Kos: Mogu\u0107e je da Crna Gora 2028. postane \u010dlanica EU - dmcsrb.com<\/title>\n<meta name=\"robots\" content=\"index, follow, max-snippet:-1, max-image-preview:large, max-video-preview:-1\" \/>\n<link rel=\"canonical\" href=\"https:\/\/dmcsrb.com\/en\/politika\/kos-moguce-je-da-crna-gora-2028-postane-clanica-eu\/\" \/>\n<meta property=\"og:locale\" content=\"en_GB\" \/>\n<meta property=\"og:type\" content=\"article\" \/>\n<meta property=\"og:title\" content=\"Kos: Mogu\u0107e je da Crna Gora 2028. postane \u010dlanica EU - dmcsrb.com\" \/>\n<meta property=\"og:description\" content=\"Ako se nastavi dobar posao, Crna Gora bi mogla 2028. godine da postane \u010dlanica Evropske unije, kazala je evropska komesarka za pro\u0161irenje Marta Kos.\" \/>\n<meta property=\"og:url\" content=\"https:\/\/dmcsrb.com\/en\/politika\/kos-moguce-je-da-crna-gora-2028-postane-clanica-eu\/\" \/>\n<meta property=\"og:site_name\" content=\"dmcsrb.com\" \/>\n<meta property=\"article:published_time\" content=\"2025-09-01T14:58:06+00:00\" \/>\n<meta property=\"og:image\" content=\"https:\/\/dmcsrb.com\/wp-content\/uploads\/2026\/01\/Marta-Kos-evropska-komesarka-foto-Vlada-CG.jpg\" \/>\n\t<meta property=\"og:image:width\" content=\"1014\" \/>\n\t<meta property=\"og:image:height\" content=\"670\" \/>\n\t<meta property=\"og:image:type\" content=\"image\/jpeg\" \/>\n<meta name=\"author\" content=\"dmcsrbija.com@gmail.com\" \/>\n<meta name=\"twitter:card\" content=\"summary_large_image\" \/>\n<meta name=\"twitter:label1\" content=\"Written by\" \/>\n\t<meta name=\"twitter:data1\" content=\"dmcsrbija.com@gmail.com\" \/>\n<script type=\"application\/ld+json\" class=\"yoast-schema-graph\">{\"@context\":\"https:\\\/\\\/schema.org\",\"@graph\":[{\"@type\":\"Article\",\"@id\":\"https:\\\/\\\/dmcsrb.com\\\/politika\\\/kos-moguce-je-da-crna-gora-2028-postane-clanica-eu\\\/#article\",\"isPartOf\":{\"@id\":\"https:\\\/\\\/dmcsrb.com\\\/politika\\\/kos-moguce-je-da-crna-gora-2028-postane-clanica-eu\\\/\"},\"author\":{\"name\":\"dmcsrbija.com@gmail.com\",\"@id\":\"https:\\\/\\\/dmcsrb.com\\\/#\\\/schema\\\/person\\\/5c39170f12db1b8b457732d0b5c854e2\"},\"headline\":\"Kos: Mogu\u0107e je da Crna Gora 2028. postane \u010dlanica EU\",\"datePublished\":\"2025-09-01T14:58:06+00:00\",\"mainEntityOfPage\":{\"@id\":\"https:\\\/\\\/dmcsrb.com\\\/politika\\\/kos-moguce-je-da-crna-gora-2028-postane-clanica-eu\\\/\"},\"wordCount\":98,\"commentCount\":0,\"image\":{\"@id\":\"https:\\\/\\\/dmcsrb.com\\\/politika\\\/kos-moguce-je-da-crna-gora-2028-postane-clanica-eu\\\/#primaryimage\"},\"thumbnailUrl\":\"https:\\\/\\\/dmcsrb.com\\\/wp-content\\\/uploads\\\/2026\\\/01\\\/Marta-Kos-evropska-komesarka-foto-Vlada-CG.jpg\",\"keywords\":[\"Crna Gora\",\"EU\",\"Marta Kos\",\"Nikola Rov\u010danin\"],\"articleSection\":[\"Politika\"],\"inLanguage\":\"en-GB\",\"potentialAction\":[{\"@type\":\"CommentAction\",\"name\":\"Comment\",\"target\":[\"https:\\\/\\\/dmcsrb.com\\\/politika\\\/kos-moguce-je-da-crna-gora-2028-postane-clanica-eu\\\/#respond\"]}]},{\"@type\":\"WebPage\",\"@id\":\"https:\\\/\\\/dmcsrb.com\\\/politika\\\/kos-moguce-je-da-crna-gora-2028-postane-clanica-eu\\\/\",\"url\":\"https:\\\/\\\/dmcsrb.com\\\/politika\\\/kos-moguce-je-da-crna-gora-2028-postane-clanica-eu\\\/\",\"name\":\"Kos: Mogu\u0107e je da Crna Gora 2028. postane \u010dlanica EU - dmcsrb.com\",\"isPartOf\":{\"@id\":\"https:\\\/\\\/dmcsrb.com\\\/#website\"},\"primaryImageOfPage\":{\"@id\":\"https:\\\/\\\/dmcsrb.com\\\/politika\\\/kos-moguce-je-da-crna-gora-2028-postane-clanica-eu\\\/#primaryimage\"},\"image\":{\"@id\":\"https:\\\/\\\/dmcsrb.com\\\/politika\\\/kos-moguce-je-da-crna-gora-2028-postane-clanica-eu\\\/#primaryimage\"},\"thumbnailUrl\":\"https:\\\/\\\/dmcsrb.com\\\/wp-content\\\/uploads\\\/2026\\\/01\\\/Marta-Kos-evropska-komesarka-foto-Vlada-CG.jpg\",\"datePublished\":\"2025-09-01T14:58:06+00:00\",\"author\":{\"@id\":\"https:\\\/\\\/dmcsrb.com\\\/#\\\/schema\\\/person\\\/5c39170f12db1b8b457732d0b5c854e2\"},\"breadcrumb\":{\"@id\":\"https:\\\/\\\/dmcsrb.com\\\/politika\\\/kos-moguce-je-da-crna-gora-2028-postane-clanica-eu\\\/#breadcrumb\"},\"inLanguage\":\"en-GB\",\"potentialAction\":[{\"@type\":\"ReadAction\",\"target\":[\"https:\\\/\\\/dmcsrb.com\\\/politika\\\/kos-moguce-je-da-crna-gora-2028-postane-clanica-eu\\\/\"]}]},{\"@type\":\"ImageObject\",\"inLanguage\":\"en-GB\",\"@id\":\"https:\\\/\\\/dmcsrb.com\\\/politika\\\/kos-moguce-je-da-crna-gora-2028-postane-clanica-eu\\\/#primaryimage\",\"url\":\"https:\\\/\\\/dmcsrb.com\\\/wp-content\\\/uploads\\\/2026\\\/01\\\/Marta-Kos-evropska-komesarka-foto-Vlada-CG.jpg\",\"contentUrl\":\"https:\\\/\\\/dmcsrb.com\\\/wp-content\\\/uploads\\\/2026\\\/01\\\/Marta-Kos-evropska-komesarka-foto-Vlada-CG.jpg\",\"width\":1014,\"height\":670},{\"@type\":\"BreadcrumbList\",\"@id\":\"https:\\\/\\\/dmcsrb.com\\\/politika\\\/kos-moguce-je-da-crna-gora-2028-postane-clanica-eu\\\/#breadcrumb\",\"itemListElement\":[{\"@type\":\"ListItem\",\"position\":1,\"name\":\"Home\",\"item\":\"https:\\\/\\\/dmcsrb.com\\\/\"},{\"@type\":\"ListItem\",\"position\":2,\"name\":\"Kos: Mogu\u0107e je da Crna Gora 2028. postane \u010dlanica EU\"}]},{\"@type\":\"WebSite\",\"@id\":\"https:\\\/\\\/dmcsrb.com\\\/#website\",\"url\":\"https:\\\/\\\/dmcsrb.com\\\/\",\"name\":\"dmcsrb.com\",\"description\":\"\",\"potentialAction\":[{\"@type\":\"SearchAction\",\"target\":{\"@type\":\"EntryPoint\",\"urlTemplate\":\"https:\\\/\\\/dmcsrb.com\\\/?s={search_term_string}\"},\"query-input\":{\"@type\":\"PropertyValueSpecification\",\"valueRequired\":true,\"valueName\":\"search_term_string\"}}],\"inLanguage\":\"en-GB\"},{\"@type\":\"Person\",\"@id\":\"https:\\\/\\\/dmcsrb.com\\\/#\\\/schema\\\/person\\\/5c39170f12db1b8b457732d0b5c854e2\",\"name\":\"dmcsrbija.com@gmail.com\",\"image\":{\"@type\":\"ImageObject\",\"inLanguage\":\"en-GB\",\"@id\":\"https:\\\/\\\/secure.gravatar.com\\\/avatar\\\/68592660ad6347fad0fb587f8d5d8f1a7b44961362f56e4f2cd524feb87e9069?s=96&d=mm&r=g\",\"url\":\"https:\\\/\\\/secure.gravatar.com\\\/avatar\\\/68592660ad6347fad0fb587f8d5d8f1a7b44961362f56e4f2cd524feb87e9069?s=96&d=mm&r=g\",\"contentUrl\":\"https:\\\/\\\/secure.gravatar.com\\\/avatar\\\/68592660ad6347fad0fb587f8d5d8f1a7b44961362f56e4f2cd524feb87e9069?s=96&d=mm&r=g\",\"caption\":\"dmcsrbija.com@gmail.com\"},\"sameAs\":[\"https:\\\/\\\/dmcsrb.com\"],\"url\":\"https:\\\/\\\/dmcsrb.com\\\/en\\\/author\\\/dmcsrbija-comgmail-com\\\/\"}]}<\/script>\n<!-- \/ Yoast SEO plugin. -->","yoast_head_json":{"title":"Kos: Mogu\u0107e je da Crna Gora 2028. postane \u010dlanica EU - dmcsrb.com","robots":{"index":"index","follow":"follow","max-snippet":"max-snippet:-1","max-image-preview":"max-image-preview:large","max-video-preview":"max-video-preview:-1"},"canonical":"https:\/\/dmcsrb.com\/en\/politika\/kos-moguce-je-da-crna-gora-2028-postane-clanica-eu\/","og_locale":"en_GB","og_type":"article","og_title":"Kos: Mogu\u0107e je da Crna Gora 2028. postane \u010dlanica EU - dmcsrb.com","og_description":"Ako se nastavi dobar posao, Crna Gora bi mogla 2028. godine da postane \u010dlanica Evropske unije, kazala je evropska komesarka za pro\u0161irenje Marta Kos.","og_url":"https:\/\/dmcsrb.com\/en\/politika\/kos-moguce-je-da-crna-gora-2028-postane-clanica-eu\/","og_site_name":"dmcsrb.com","article_published_time":"2025-09-01T14:58:06+00:00","og_image":[{"width":1014,"height":670,"url":"https:\/\/dmcsrb.com\/wp-content\/uploads\/2026\/01\/Marta-Kos-evropska-komesarka-foto-Vlada-CG.jpg","type":"image\/jpeg"}],"author":"dmcsrbija.com@gmail.com","twitter_card":"summary_large_image","twitter_misc":{"Written by":"dmcsrbija.com@gmail.com"},"schema":{"@context":"https:\/\/schema.org","@graph":[{"@type":"Article","@id":"https:\/\/dmcsrb.com\/politika\/kos-moguce-je-da-crna-gora-2028-postane-clanica-eu\/#article","isPartOf":{"@id":"https:\/\/dmcsrb.com\/politika\/kos-moguce-je-da-crna-gora-2028-postane-clanica-eu\/"},"author":{"name":"dmcsrbija.com@gmail.com","@id":"https:\/\/dmcsrb.com\/#\/schema\/person\/5c39170f12db1b8b457732d0b5c854e2"},"headline":"Kos: Mogu\u0107e je da Crna Gora 2028. postane \u010dlanica EU","datePublished":"2025-09-01T14:58:06+00:00","mainEntityOfPage":{"@id":"https:\/\/dmcsrb.com\/politika\/kos-moguce-je-da-crna-gora-2028-postane-clanica-eu\/"},"wordCount":98,"commentCount":0,"image":{"@id":"https:\/\/dmcsrb.com\/politika\/kos-moguce-je-da-crna-gora-2028-postane-clanica-eu\/#primaryimage"},"thumbnailUrl":"https:\/\/dmcsrb.com\/wp-content\/uploads\/2026\/01\/Marta-Kos-evropska-komesarka-foto-Vlada-CG.jpg","keywords":["Crna Gora","EU","Marta Kos","Nikola Rov\u010danin"],"articleSection":["Politika"],"inLanguage":"en-GB","potentialAction":[{"@type":"CommentAction","name":"Comment","target":["https:\/\/dmcsrb.com\/politika\/kos-moguce-je-da-crna-gora-2028-postane-clanica-eu\/#respond"]}]},{"@type":"WebPage","@id":"https:\/\/dmcsrb.com\/politika\/kos-moguce-je-da-crna-gora-2028-postane-clanica-eu\/","url":"https:\/\/dmcsrb.com\/politika\/kos-moguce-je-da-crna-gora-2028-postane-clanica-eu\/","name":"Kos: Mogu\u0107e je da Crna Gora 2028. postane \u010dlanica EU - dmcsrb.com","isPartOf":{"@id":"https:\/\/dmcsrb.com\/#website"},"primaryImageOfPage":{"@id":"https:\/\/dmcsrb.com\/politika\/kos-moguce-je-da-crna-gora-2028-postane-clanica-eu\/#primaryimage"},"image":{"@id":"https:\/\/dmcsrb.com\/politika\/kos-moguce-je-da-crna-gora-2028-postane-clanica-eu\/#primaryimage"},"thumbnailUrl":"https:\/\/dmcsrb.com\/wp-content\/uploads\/2026\/01\/Marta-Kos-evropska-komesarka-foto-Vlada-CG.jpg","datePublished":"2025-09-01T14:58:06+00:00","author":{"@id":"https:\/\/dmcsrb.com\/#\/schema\/person\/5c39170f12db1b8b457732d0b5c854e2"},"breadcrumb":{"@id":"https:\/\/dmcsrb.com\/politika\/kos-moguce-je-da-crna-gora-2028-postane-clanica-eu\/#breadcrumb"},"inLanguage":"en-GB","potentialAction":[{"@type":"ReadAction","target":["https:\/\/dmcsrb.com\/politika\/kos-moguce-je-da-crna-gora-2028-postane-clanica-eu\/"]}]},{"@type":"ImageObject","inLanguage":"en-GB","@id":"https:\/\/dmcsrb.com\/politika\/kos-moguce-je-da-crna-gora-2028-postane-clanica-eu\/#primaryimage","url":"https:\/\/dmcsrb.com\/wp-content\/uploads\/2026\/01\/Marta-Kos-evropska-komesarka-foto-Vlada-CG.jpg","contentUrl":"https:\/\/dmcsrb.com\/wp-content\/uploads\/2026\/01\/Marta-Kos-evropska-komesarka-foto-Vlada-CG.jpg","width":1014,"height":670},{"@type":"BreadcrumbList","@id":"https:\/\/dmcsrb.com\/politika\/kos-moguce-je-da-crna-gora-2028-postane-clanica-eu\/#breadcrumb","itemListElement":[{"@type":"ListItem","position":1,"name":"Home","item":"https:\/\/dmcsrb.com\/"},{"@type":"ListItem","position":2,"name":"Kos: Mogu\u0107e je da Crna Gora 2028. postane \u010dlanica EU"}]},{"@type":"WebSite","@id":"https:\/\/dmcsrb.com\/#website","url":"https:\/\/dmcsrb.com\/","name":"dmcsrb.com","description":"","potentialAction":[{"@type":"SearchAction","target":{"@type":"EntryPoint","urlTemplate":"https:\/\/dmcsrb.com\/?s={search_term_string}"},"query-input":{"@type":"PropertyValueSpecification","valueRequired":true,"valueName":"search_term_string"}}],"inLanguage":"en-GB"},{"@type":"Person","@id":"https:\/\/dmcsrb.com\/#\/schema\/person\/5c39170f12db1b8b457732d0b5c854e2","name":"dmcsrbija.com@gmail.com","image":{"@type":"ImageObject","inLanguage":"en-GB","@id":"https:\/\/secure.gravatar.com\/avatar\/68592660ad6347fad0fb587f8d5d8f1a7b44961362f56e4f2cd524feb87e9069?s=96&d=mm&r=g","url":"https:\/\/secure.gravatar.com\/avatar\/68592660ad6347fad0fb587f8d5d8f1a7b44961362f56e4f2cd524feb87e9069?s=96&d=mm&r=g","contentUrl":"https:\/\/secure.gravatar.com\/avatar\/68592660ad6347fad0fb587f8d5d8f1a7b44961362f56e4f2cd524feb87e9069?s=96&d=mm&r=g","caption":"dmcsrbija.com@gmail.com"},"sameAs":["https:\/\/dmcsrb.com"],"url":"https:\/\/dmcsrb.com\/en\/author\/dmcsrbija-comgmail-com\/"}]}},"_links":{"self":[{"href":"https:\/\/dmcsrb.com\/en\/wp-json\/wp\/v2\/posts\/949591","targetHints":{"allow":["GET"]}}],"collection":[{"href":"https:\/\/dmcsrb.com\/en\/wp-json\/wp\/v2\/posts"}],"about":[{"href":"https:\/\/dmcsrb.com\/en\/wp-json\/wp\/v2\/types\/post"}],"author":[{"embeddable":true,"href":"https:\/\/dmcsrb.com\/en\/wp-json\/wp\/v2\/users\/1"}],"replies":[{"embeddable":true,"href":"https:\/\/dmcsrb.com\/en\/wp-json\/wp\/v2\/comments?post=949591"}],"version-history":[{"count":0,"href":"https:\/\/dmcsrb.com\/en\/wp-json\/wp\/v2\/posts\/949591\/revisions"}],"wp:featuredmedia":[{"embeddable":true,"href":"https:\/\/dmcsrb.com\/en\/wp-json\/wp\/v2\/media\/914359"}],"wp:attachment":[{"href":"https:\/\/dmcsrb.com\/en\/wp-json\/wp\/v2\/media?parent=949591"}],"wp:term":[{"taxonomy":"category","embeddable":true,"href":"https:\/\/dmcsrb.com\/en\/wp-json\/wp\/v2\/categories?post=949591"},{"taxonomy":"post_tag","embeddable":true,"href":"https:\/\/dmcsrb.com\/en\/wp-json\/wp\/v2\/tags?post=949591"},{"taxonomy":"naslovna","embeddable":true,"href":"https:\/\/dmcsrb.com\/en\/wp-json\/wp\/v2\/naslovna?post=949591"}],"curies":[{"name":"wp","href":"https:\/\/api.w.org\/{rel}","templated":true}]}}