{"id":949537,"date":"2025-09-01T11:46:32","date_gmt":"2025-09-01T09:46:32","guid":{"rendered":"https:\/\/dmcsrb.com\/uncategorized\/komisija-za-koncesije-usvojila-prigovor-luksemburskog-ponudjaca-za-aerodrome\/"},"modified":"2025-09-01T11:46:32","modified_gmt":"2025-09-01T09:46:32","slug":"komisija-za-koncesije-usvojila-prigovor-luksemburskog-ponudjaca-za-aerodrome","status":"publish","type":"post","link":"https:\/\/dmcsrb.com\/en\/ekonomija\/komisija-za-koncesije-usvojila-prigovor-luksemburskog-ponudjaca-za-aerodrome\/","title":{"rendered":"Komisija za koncesije usvojila prigovor luksembur\u0161kog ponu\u0111a\u010da za aerodrome"},"content":{"rendered":"<p><\/p>\n\n\n\n<p>Kako navode u saop\u0161tenju, rang lista ponu\u0111a\u010da, koju je Tenderska komisija utvrdila i Ministarstvo saobra\u0107aja objavilo 17. jula 2025. godine, vra\u0107ena je radi uklanjanja utvr\u0111enih nepravilnosti u obrazlo\u017eenju bodovanja i rangiranja ponuda.<\/p>\n\n\n\n<p>&#8220;Komisija je ocijenila da obrazlo\u017eenje dostavljene rang liste ne sadr\u017ei dovoljno jasne i valjane razloge na osnovu kojih je izvr\u0161eno bodovanje po pojedina\u010dnim kriterijumima, \u0161to je neophodno radi obezbje\u0111ivanja transparentnosti, jednakog tretmana i zakonitosti postupka&#8221;, navode u saop\u0161tenju.<\/p>","protected":false},"excerpt":{"rendered":"<p>Komisija za koncesije Vlade Crne Gore usvojila je djelimi\u010dno prigovor privrednog dru\u0161tva &#8220;Corporaci\u00f3n Am\u00e9rica Airports S.A.&#8221; na Rang listu ponu\u0111a\u010da u postupku dodjele koncesije za aerodrome Podgorica i Tivat.<\/p>","protected":false},"author":1,"featured_media":949538,"comment_status":"open","ping_status":"open","sticky":false,"template":"","format":"standard","meta":{"_acf_changed":false,"footnotes":""},"categories":[27],"tags":[6560,6561,4626],"naslovna":[],"class_list":["post-949537","post","type-post","status-publish","format-standard","has-post-thumbnail","hentry","category-ekonomija","tag-aerodromi-crna-gora","tag-koncesije","tag-tenderska-komisija"],"acf":[],"yoast_head":"<!-- This site is optimized with the Yoast SEO plugin v27.4 - https:\/\/yoast.com\/product\/yoast-seo-wordpress\/ -->\n<title>Komisija za koncesije usvojila prigovor luksembur\u0161kog ponu\u0111a\u010da za aerodrome - dmcsrb.com<\/title>\n<meta name=\"robots\" content=\"index, follow, max-snippet:-1, max-image-preview:large, max-video-preview:-1\" \/>\n<link rel=\"canonical\" href=\"https:\/\/dmcsrb.com\/en\/ekonomija\/komisija-za-koncesije-usvojila-prigovor-luksemburskog-ponudjaca-za-aerodrome\/\" \/>\n<meta property=\"og:locale\" content=\"en_GB\" \/>\n<meta property=\"og:type\" content=\"article\" \/>\n<meta property=\"og:title\" content=\"Komisija za koncesije usvojila prigovor luksembur\u0161kog ponu\u0111a\u010da za aerodrome - dmcsrb.com\" \/>\n<meta property=\"og:description\" content=\"Komisija za koncesije Vlade Crne Gore usvojila je djelimi\u010dno prigovor privrednog dru\u0161tva &quot;Corporaci\u00f3n Am\u00e9rica Airports S.A.&quot; na Rang listu ponu\u0111a\u010da u postupku dodjele koncesije za aerodrome Podgorica i Tivat.\" \/>\n<meta property=\"og:url\" content=\"https:\/\/dmcsrb.com\/en\/ekonomija\/komisija-za-koncesije-usvojila-prigovor-luksemburskog-ponudjaca-za-aerodrome\/\" \/>\n<meta property=\"og:site_name\" content=\"dmcsrb.com\" \/>\n<meta property=\"article:published_time\" content=\"2025-09-01T09:46:32+00:00\" \/>\n<meta property=\"og:image\" content=\"https:\/\/dmcsrb.com\/wp-content\/uploads\/2026\/01\/Aerodrom-Tivat-foto-Aerodromi-Crne-Gore.webp\" \/>\n\t<meta property=\"og:image:width\" content=\"1118\" \/>\n\t<meta property=\"og:image:height\" content=\"703\" \/>\n\t<meta property=\"og:image:type\" content=\"image\/jpeg\" \/>\n<meta name=\"author\" content=\"dmcsrbija.com@gmail.com\" \/>\n<meta name=\"twitter:card\" content=\"summary_large_image\" \/>\n<meta name=\"twitter:label1\" content=\"Written by\" \/>\n\t<meta name=\"twitter:data1\" content=\"dmcsrbija.com@gmail.com\" \/>\n<script type=\"application\/ld+json\" class=\"yoast-schema-graph\">{\"@context\":\"https:\\\/\\\/schema.org\",\"@graph\":[{\"@type\":\"Article\",\"@id\":\"https:\\\/\\\/dmcsrb.com\\\/ekonomija\\\/komisija-za-koncesije-usvojila-prigovor-luksemburskog-ponudjaca-za-aerodrome\\\/#article\",\"isPartOf\":{\"@id\":\"https:\\\/\\\/dmcsrb.com\\\/ekonomija\\\/komisija-za-koncesije-usvojila-prigovor-luksemburskog-ponudjaca-za-aerodrome\\\/\"},\"author\":{\"name\":\"dmcsrbija.com@gmail.com\",\"@id\":\"https:\\\/\\\/dmcsrb.com\\\/#\\\/schema\\\/person\\\/5c39170f12db1b8b457732d0b5c854e2\"},\"headline\":\"Komisija za koncesije usvojila prigovor luksembur\u0161kog ponu\u0111a\u010da za aerodrome\",\"datePublished\":\"2025-09-01T09:46:32+00:00\",\"mainEntityOfPage\":{\"@id\":\"https:\\\/\\\/dmcsrb.com\\\/ekonomija\\\/komisija-za-koncesije-usvojila-prigovor-luksemburskog-ponudjaca-za-aerodrome\\\/\"},\"wordCount\":93,\"commentCount\":0,\"image\":{\"@id\":\"https:\\\/\\\/dmcsrb.com\\\/ekonomija\\\/komisija-za-koncesije-usvojila-prigovor-luksemburskog-ponudjaca-za-aerodrome\\\/#primaryimage\"},\"thumbnailUrl\":\"https:\\\/\\\/dmcsrb.com\\\/wp-content\\\/uploads\\\/2026\\\/01\\\/Aerodrom-Tivat-foto-Aerodromi-Crne-Gore.webp\",\"keywords\":[\"Aerodromi Crna Gora\",\"koncesije\",\"Tenderska komisija\"],\"articleSection\":[\"Ekonomija\"],\"inLanguage\":\"en-GB\",\"potentialAction\":[{\"@type\":\"CommentAction\",\"name\":\"Comment\",\"target\":[\"https:\\\/\\\/dmcsrb.com\\\/ekonomija\\\/komisija-za-koncesije-usvojila-prigovor-luksemburskog-ponudjaca-za-aerodrome\\\/#respond\"]}]},{\"@type\":\"WebPage\",\"@id\":\"https:\\\/\\\/dmcsrb.com\\\/ekonomija\\\/komisija-za-koncesije-usvojila-prigovor-luksemburskog-ponudjaca-za-aerodrome\\\/\",\"url\":\"https:\\\/\\\/dmcsrb.com\\\/ekonomija\\\/komisija-za-koncesije-usvojila-prigovor-luksemburskog-ponudjaca-za-aerodrome\\\/\",\"name\":\"Komisija za koncesije usvojila prigovor luksembur\u0161kog ponu\u0111a\u010da za aerodrome - dmcsrb.com\",\"isPartOf\":{\"@id\":\"https:\\\/\\\/dmcsrb.com\\\/#website\"},\"primaryImageOfPage\":{\"@id\":\"https:\\\/\\\/dmcsrb.com\\\/ekonomija\\\/komisija-za-koncesije-usvojila-prigovor-luksemburskog-ponudjaca-za-aerodrome\\\/#primaryimage\"},\"image\":{\"@id\":\"https:\\\/\\\/dmcsrb.com\\\/ekonomija\\\/komisija-za-koncesije-usvojila-prigovor-luksemburskog-ponudjaca-za-aerodrome\\\/#primaryimage\"},\"thumbnailUrl\":\"https:\\\/\\\/dmcsrb.com\\\/wp-content\\\/uploads\\\/2026\\\/01\\\/Aerodrom-Tivat-foto-Aerodromi-Crne-Gore.webp\",\"datePublished\":\"2025-09-01T09:46:32+00:00\",\"author\":{\"@id\":\"https:\\\/\\\/dmcsrb.com\\\/#\\\/schema\\\/person\\\/5c39170f12db1b8b457732d0b5c854e2\"},\"breadcrumb\":{\"@id\":\"https:\\\/\\\/dmcsrb.com\\\/ekonomija\\\/komisija-za-koncesije-usvojila-prigovor-luksemburskog-ponudjaca-za-aerodrome\\\/#breadcrumb\"},\"inLanguage\":\"en-GB\",\"potentialAction\":[{\"@type\":\"ReadAction\",\"target\":[\"https:\\\/\\\/dmcsrb.com\\\/ekonomija\\\/komisija-za-koncesije-usvojila-prigovor-luksemburskog-ponudjaca-za-aerodrome\\\/\"]}]},{\"@type\":\"ImageObject\",\"inLanguage\":\"en-GB\",\"@id\":\"https:\\\/\\\/dmcsrb.com\\\/ekonomija\\\/komisija-za-koncesije-usvojila-prigovor-luksemburskog-ponudjaca-za-aerodrome\\\/#primaryimage\",\"url\":\"https:\\\/\\\/dmcsrb.com\\\/wp-content\\\/uploads\\\/2026\\\/01\\\/Aerodrom-Tivat-foto-Aerodromi-Crne-Gore.webp\",\"contentUrl\":\"https:\\\/\\\/dmcsrb.com\\\/wp-content\\\/uploads\\\/2026\\\/01\\\/Aerodrom-Tivat-foto-Aerodromi-Crne-Gore.webp\",\"width\":1118,\"height\":703},{\"@type\":\"BreadcrumbList\",\"@id\":\"https:\\\/\\\/dmcsrb.com\\\/ekonomija\\\/komisija-za-koncesije-usvojila-prigovor-luksemburskog-ponudjaca-za-aerodrome\\\/#breadcrumb\",\"itemListElement\":[{\"@type\":\"ListItem\",\"position\":1,\"name\":\"Home\",\"item\":\"https:\\\/\\\/dmcsrb.com\\\/\"},{\"@type\":\"ListItem\",\"position\":2,\"name\":\"Komisija za koncesije usvojila prigovor luksembur\u0161kog ponu\u0111a\u010da za aerodrome\"}]},{\"@type\":\"WebSite\",\"@id\":\"https:\\\/\\\/dmcsrb.com\\\/#website\",\"url\":\"https:\\\/\\\/dmcsrb.com\\\/\",\"name\":\"dmcsrb.com\",\"description\":\"\",\"potentialAction\":[{\"@type\":\"SearchAction\",\"target\":{\"@type\":\"EntryPoint\",\"urlTemplate\":\"https:\\\/\\\/dmcsrb.com\\\/?s={search_term_string}\"},\"query-input\":{\"@type\":\"PropertyValueSpecification\",\"valueRequired\":true,\"valueName\":\"search_term_string\"}}],\"inLanguage\":\"en-GB\"},{\"@type\":\"Person\",\"@id\":\"https:\\\/\\\/dmcsrb.com\\\/#\\\/schema\\\/person\\\/5c39170f12db1b8b457732d0b5c854e2\",\"name\":\"dmcsrbija.com@gmail.com\",\"image\":{\"@type\":\"ImageObject\",\"inLanguage\":\"en-GB\",\"@id\":\"https:\\\/\\\/secure.gravatar.com\\\/avatar\\\/68592660ad6347fad0fb587f8d5d8f1a7b44961362f56e4f2cd524feb87e9069?s=96&d=mm&r=g\",\"url\":\"https:\\\/\\\/secure.gravatar.com\\\/avatar\\\/68592660ad6347fad0fb587f8d5d8f1a7b44961362f56e4f2cd524feb87e9069?s=96&d=mm&r=g\",\"contentUrl\":\"https:\\\/\\\/secure.gravatar.com\\\/avatar\\\/68592660ad6347fad0fb587f8d5d8f1a7b44961362f56e4f2cd524feb87e9069?s=96&d=mm&r=g\",\"caption\":\"dmcsrbija.com@gmail.com\"},\"sameAs\":[\"https:\\\/\\\/dmcsrb.com\"],\"url\":\"https:\\\/\\\/dmcsrb.com\\\/en\\\/author\\\/dmcsrbija-comgmail-com\\\/\"}]}<\/script>\n<!-- \/ Yoast SEO plugin. -->","yoast_head_json":{"title":"Komisija za koncesije usvojila prigovor luksembur\u0161kog ponu\u0111a\u010da za aerodrome - dmcsrb.com","robots":{"index":"index","follow":"follow","max-snippet":"max-snippet:-1","max-image-preview":"max-image-preview:large","max-video-preview":"max-video-preview:-1"},"canonical":"https:\/\/dmcsrb.com\/en\/ekonomija\/komisija-za-koncesije-usvojila-prigovor-luksemburskog-ponudjaca-za-aerodrome\/","og_locale":"en_GB","og_type":"article","og_title":"Komisija za koncesije usvojila prigovor luksembur\u0161kog ponu\u0111a\u010da za aerodrome - dmcsrb.com","og_description":"Komisija za koncesije Vlade Crne Gore usvojila je djelimi\u010dno prigovor privrednog dru\u0161tva \"Corporaci\u00f3n Am\u00e9rica Airports S.A.\" na Rang listu ponu\u0111a\u010da u postupku dodjele koncesije za aerodrome Podgorica i Tivat.","og_url":"https:\/\/dmcsrb.com\/en\/ekonomija\/komisija-za-koncesije-usvojila-prigovor-luksemburskog-ponudjaca-za-aerodrome\/","og_site_name":"dmcsrb.com","article_published_time":"2025-09-01T09:46:32+00:00","og_image":[{"width":1118,"height":703,"url":"https:\/\/dmcsrb.com\/wp-content\/uploads\/2026\/01\/Aerodrom-Tivat-foto-Aerodromi-Crne-Gore.webp","type":"image\/jpeg"}],"author":"dmcsrbija.com@gmail.com","twitter_card":"summary_large_image","twitter_misc":{"Written by":"dmcsrbija.com@gmail.com"},"schema":{"@context":"https:\/\/schema.org","@graph":[{"@type":"Article","@id":"https:\/\/dmcsrb.com\/ekonomija\/komisija-za-koncesije-usvojila-prigovor-luksemburskog-ponudjaca-za-aerodrome\/#article","isPartOf":{"@id":"https:\/\/dmcsrb.com\/ekonomija\/komisija-za-koncesije-usvojila-prigovor-luksemburskog-ponudjaca-za-aerodrome\/"},"author":{"name":"dmcsrbija.com@gmail.com","@id":"https:\/\/dmcsrb.com\/#\/schema\/person\/5c39170f12db1b8b457732d0b5c854e2"},"headline":"Komisija za koncesije usvojila prigovor luksembur\u0161kog ponu\u0111a\u010da za aerodrome","datePublished":"2025-09-01T09:46:32+00:00","mainEntityOfPage":{"@id":"https:\/\/dmcsrb.com\/ekonomija\/komisija-za-koncesije-usvojila-prigovor-luksemburskog-ponudjaca-za-aerodrome\/"},"wordCount":93,"commentCount":0,"image":{"@id":"https:\/\/dmcsrb.com\/ekonomija\/komisija-za-koncesije-usvojila-prigovor-luksemburskog-ponudjaca-za-aerodrome\/#primaryimage"},"thumbnailUrl":"https:\/\/dmcsrb.com\/wp-content\/uploads\/2026\/01\/Aerodrom-Tivat-foto-Aerodromi-Crne-Gore.webp","keywords":["Aerodromi Crna Gora","koncesije","Tenderska komisija"],"articleSection":["Ekonomija"],"inLanguage":"en-GB","potentialAction":[{"@type":"CommentAction","name":"Comment","target":["https:\/\/dmcsrb.com\/ekonomija\/komisija-za-koncesije-usvojila-prigovor-luksemburskog-ponudjaca-za-aerodrome\/#respond"]}]},{"@type":"WebPage","@id":"https:\/\/dmcsrb.com\/ekonomija\/komisija-za-koncesije-usvojila-prigovor-luksemburskog-ponudjaca-za-aerodrome\/","url":"https:\/\/dmcsrb.com\/ekonomija\/komisija-za-koncesije-usvojila-prigovor-luksemburskog-ponudjaca-za-aerodrome\/","name":"Komisija za koncesije usvojila prigovor luksembur\u0161kog ponu\u0111a\u010da za aerodrome - dmcsrb.com","isPartOf":{"@id":"https:\/\/dmcsrb.com\/#website"},"primaryImageOfPage":{"@id":"https:\/\/dmcsrb.com\/ekonomija\/komisija-za-koncesije-usvojila-prigovor-luksemburskog-ponudjaca-za-aerodrome\/#primaryimage"},"image":{"@id":"https:\/\/dmcsrb.com\/ekonomija\/komisija-za-koncesije-usvojila-prigovor-luksemburskog-ponudjaca-za-aerodrome\/#primaryimage"},"thumbnailUrl":"https:\/\/dmcsrb.com\/wp-content\/uploads\/2026\/01\/Aerodrom-Tivat-foto-Aerodromi-Crne-Gore.webp","datePublished":"2025-09-01T09:46:32+00:00","author":{"@id":"https:\/\/dmcsrb.com\/#\/schema\/person\/5c39170f12db1b8b457732d0b5c854e2"},"breadcrumb":{"@id":"https:\/\/dmcsrb.com\/ekonomija\/komisija-za-koncesije-usvojila-prigovor-luksemburskog-ponudjaca-za-aerodrome\/#breadcrumb"},"inLanguage":"en-GB","potentialAction":[{"@type":"ReadAction","target":["https:\/\/dmcsrb.com\/ekonomija\/komisija-za-koncesije-usvojila-prigovor-luksemburskog-ponudjaca-za-aerodrome\/"]}]},{"@type":"ImageObject","inLanguage":"en-GB","@id":"https:\/\/dmcsrb.com\/ekonomija\/komisija-za-koncesije-usvojila-prigovor-luksemburskog-ponudjaca-za-aerodrome\/#primaryimage","url":"https:\/\/dmcsrb.com\/wp-content\/uploads\/2026\/01\/Aerodrom-Tivat-foto-Aerodromi-Crne-Gore.webp","contentUrl":"https:\/\/dmcsrb.com\/wp-content\/uploads\/2026\/01\/Aerodrom-Tivat-foto-Aerodromi-Crne-Gore.webp","width":1118,"height":703},{"@type":"BreadcrumbList","@id":"https:\/\/dmcsrb.com\/ekonomija\/komisija-za-koncesije-usvojila-prigovor-luksemburskog-ponudjaca-za-aerodrome\/#breadcrumb","itemListElement":[{"@type":"ListItem","position":1,"name":"Home","item":"https:\/\/dmcsrb.com\/"},{"@type":"ListItem","position":2,"name":"Komisija za koncesije usvojila prigovor luksembur\u0161kog ponu\u0111a\u010da za aerodrome"}]},{"@type":"WebSite","@id":"https:\/\/dmcsrb.com\/#website","url":"https:\/\/dmcsrb.com\/","name":"dmcsrb.com","description":"","potentialAction":[{"@type":"SearchAction","target":{"@type":"EntryPoint","urlTemplate":"https:\/\/dmcsrb.com\/?s={search_term_string}"},"query-input":{"@type":"PropertyValueSpecification","valueRequired":true,"valueName":"search_term_string"}}],"inLanguage":"en-GB"},{"@type":"Person","@id":"https:\/\/dmcsrb.com\/#\/schema\/person\/5c39170f12db1b8b457732d0b5c854e2","name":"dmcsrbija.com@gmail.com","image":{"@type":"ImageObject","inLanguage":"en-GB","@id":"https:\/\/secure.gravatar.com\/avatar\/68592660ad6347fad0fb587f8d5d8f1a7b44961362f56e4f2cd524feb87e9069?s=96&d=mm&r=g","url":"https:\/\/secure.gravatar.com\/avatar\/68592660ad6347fad0fb587f8d5d8f1a7b44961362f56e4f2cd524feb87e9069?s=96&d=mm&r=g","contentUrl":"https:\/\/secure.gravatar.com\/avatar\/68592660ad6347fad0fb587f8d5d8f1a7b44961362f56e4f2cd524feb87e9069?s=96&d=mm&r=g","caption":"dmcsrbija.com@gmail.com"},"sameAs":["https:\/\/dmcsrb.com"],"url":"https:\/\/dmcsrb.com\/en\/author\/dmcsrbija-comgmail-com\/"}]}},"_links":{"self":[{"href":"https:\/\/dmcsrb.com\/en\/wp-json\/wp\/v2\/posts\/949537","targetHints":{"allow":["GET"]}}],"collection":[{"href":"https:\/\/dmcsrb.com\/en\/wp-json\/wp\/v2\/posts"}],"about":[{"href":"https:\/\/dmcsrb.com\/en\/wp-json\/wp\/v2\/types\/post"}],"author":[{"embeddable":true,"href":"https:\/\/dmcsrb.com\/en\/wp-json\/wp\/v2\/users\/1"}],"replies":[{"embeddable":true,"href":"https:\/\/dmcsrb.com\/en\/wp-json\/wp\/v2\/comments?post=949537"}],"version-history":[{"count":0,"href":"https:\/\/dmcsrb.com\/en\/wp-json\/wp\/v2\/posts\/949537\/revisions"}],"wp:featuredmedia":[{"embeddable":true,"href":"https:\/\/dmcsrb.com\/en\/wp-json\/wp\/v2\/media\/949538"}],"wp:attachment":[{"href":"https:\/\/dmcsrb.com\/en\/wp-json\/wp\/v2\/media?parent=949537"}],"wp:term":[{"taxonomy":"category","embeddable":true,"href":"https:\/\/dmcsrb.com\/en\/wp-json\/wp\/v2\/categories?post=949537"},{"taxonomy":"post_tag","embeddable":true,"href":"https:\/\/dmcsrb.com\/en\/wp-json\/wp\/v2\/tags?post=949537"},{"taxonomy":"naslovna","embeddable":true,"href":"https:\/\/dmcsrb.com\/en\/wp-json\/wp\/v2\/naslovna?post=949537"}],"curies":[{"name":"wp","href":"https:\/\/api.w.org\/{rel}","templated":true}]}}