{"id":949483,"date":"2025-09-01T08:37:53","date_gmt":"2025-09-01T06:37:53","guid":{"rendered":"https:\/\/dmcsrb.com\/uncategorized\/mujovic-ako-misljenje-agencije-bude-negativno-odustajemo-od-gradnje-kolektora\/"},"modified":"2025-09-01T08:37:53","modified_gmt":"2025-09-01T06:37:53","slug":"mujovic-ako-misljenje-agencije-bude-negativno-odustajemo-od-gradnje-kolektora","status":"publish","type":"post","link":"https:\/\/dmcsrb.com\/en\/podgorica\/mujovic-ako-misljenje-agencije-bude-negativno-odustajemo-od-gradnje-kolektora\/","title":{"rendered":"Mujovi\u0107: Ako mi\u0161ljenje Agencije bude negativno, odustajemo od gradnje kolektora"},"content":{"rendered":"<p><\/p>\n\n\n\n<p><\/p>\n\n\n\n<p>Kazao je spreman za dijalog sa mje\u0161tanima Botuna oko izgradnje kolektora, ali da je zdravlje gra\u0111ana, koje je u zna\u010dajnoj mjeri ugro\u017eeno, na prvom mjestu.<\/p>\n\n\n\n<p>Komentari\u0161u\u0107i napade DNP-a zbog izgradnje kolektora u Botunu, Mujovi\u0107 je rekao da nema ni\u0161ta protiv da mu se sudi prema njegovim djelima.<\/p>\n\n\n\n<p>&#8220;Ako bilo ko smatra da radim bilo \u0161ta protiv druge op\u0161tine, smatram nisam dostojan gradona\u010delnik i da mi treba uskratiti povjerenje. Smatram da je kolektor za dobro i Podgorice i Zete, da nam je na pragu ekolo\u0161ka katastrofa i da ro treba sprije\u010diti. Dao sam 100 posto sebe i uva\u017eio stav mje\u0161tana Botuna, na\u0161ao alternativnu lokaciju, na\u017ealost, u tome se nije uspjelo&#8221;, kazao je gradona\u010delnik.<\/p>\n\n\n\n<p>Istakao je da imamo rokove koji se ti\u010du ulaska u EU.<\/p>\n\n\n\n<p>&#8220;Ali sve to po strani, po strani grantovi, zdravlje gra\u0111ana nema cijenu, a ono je u zna\u010dajnoj mjeri ugro\u017eeno&#8221;, kazao je on.<\/p>\n\n\n\n<p>Istakao je da mu je jako va\u017eno da se do\u0111e do odgovora da li je taj projekat opasan i u kojoj mjeri.&nbsp;<\/p>\n\n\n\n<p>Kad sumira prethodnih osam mjeseci rada, ka\u017ee da su ucrtane jasne smjernice i da uz podr\u0161ku Vlade mo\u017ee napraviti bolju Podgoricu.&nbsp;<\/p>\n\n\n\n<p>On je rekao da je koalicija na nivou Glavnog grada do sada funkcionisala dobro i kvalitetno iako svako od politi\u010dkih subjekata koji je \u010dine ima razli\u010dite strategije.<\/p>\n\n\n\n<p>&#8220;Dokle god je zajedni\u010dki cilj bolja Podgorica mi \u0107emo funkcionisati tako, ako do\u0111e do toga da partijski interesi budu iznad tog cilja, svako mo\u017ee krenuti svojim putem. Ja se nadam da do toga ne\u0107e do\u0107i&#8221;, kazao je Mujovi\u0107.<\/p>","protected":false},"excerpt":{"rendered":"<p>Gradona\u010delnik Podgorice Sa\u0161a Mujovi\u0107 istakao je da se do kraja septembra \u010deka mi\u0161ljenje Agencije za za\u0161titu \u017eivotne sredine o izgradnji kolektora u Botunu i ako ono bude negativno, odusta\u0107e se od izgradnje. On je u emisiji &#8220;Link&#8221; kazao da mu je va\u017eno da mi\u0161ljenje bude utemeljeno, i ako bude pozitivno, ne vidi racionalan razlog da se od toga odustaje.<\/p>","protected":false},"author":1,"featured_media":910906,"comment_status":"open","ping_status":"open","sticky":false,"template":"","format":"standard","meta":{"_acf_changed":false,"footnotes":""},"categories":[56],"tags":[968],"naslovna":[],"class_list":["post-949483","post","type-post","status-publish","format-standard","has-post-thumbnail","hentry","category-podgorica","tag-mujovic"],"acf":[],"yoast_head":"<!-- This site is optimized with the Yoast SEO plugin v27.0 - https:\/\/yoast.com\/product\/yoast-seo-wordpress\/ -->\n<title>Mujovi\u0107: Ako mi\u0161ljenje Agencije bude negativno, odustajemo od gradnje kolektora - dmcsrb.com<\/title>\n<meta name=\"robots\" content=\"index, follow, max-snippet:-1, max-image-preview:large, max-video-preview:-1\" \/>\n<link rel=\"canonical\" href=\"https:\/\/dmcsrb.com\/en\/podgorica\/mujovic-ako-misljenje-agencije-bude-negativno-odustajemo-od-gradnje-kolektora\/\" \/>\n<meta property=\"og:locale\" content=\"en_GB\" \/>\n<meta property=\"og:type\" content=\"article\" \/>\n<meta property=\"og:title\" content=\"Mujovi\u0107: Ako mi\u0161ljenje Agencije bude negativno, odustajemo od gradnje kolektora - dmcsrb.com\" \/>\n<meta property=\"og:description\" content=\"Gradona\u010delnik Podgorice Sa\u0161a Mujovi\u0107 istakao je da se do kraja septembra \u010deka mi\u0161ljenje Agencije za za\u0161titu \u017eivotne sredine o izgradnji kolektora u Botunu i ako ono bude negativno, odusta\u0107e se od izgradnje. On je u emisiji &quot;Link&quot; kazao da mu je va\u017eno da mi\u0161ljenje bude utemeljeno, i ako bude pozitivno, ne vidi racionalan razlog da se od toga odustaje.\" \/>\n<meta property=\"og:url\" content=\"https:\/\/dmcsrb.com\/en\/podgorica\/mujovic-ako-misljenje-agencije-bude-negativno-odustajemo-od-gradnje-kolektora\/\" \/>\n<meta property=\"og:site_name\" content=\"dmcsrb.com\" \/>\n<meta property=\"article:published_time\" content=\"2025-09-01T06:37:53+00:00\" \/>\n<meta property=\"og:image\" content=\"https:\/\/dmcsrb.com\/wp-content\/uploads\/2026\/01\/Sasa-Mujovic-Foto-Glavni-grad-Podgorica.jpg\" \/>\n\t<meta property=\"og:image:width\" content=\"1000\" \/>\n\t<meta property=\"og:image:height\" content=\"555\" \/>\n\t<meta property=\"og:image:type\" content=\"image\/jpeg\" \/>\n<meta name=\"author\" content=\"dmcsrbija.com@gmail.com\" \/>\n<meta name=\"twitter:card\" content=\"summary_large_image\" \/>\n<meta name=\"twitter:label1\" content=\"Written by\" \/>\n\t<meta name=\"twitter:data1\" content=\"dmcsrbija.com@gmail.com\" \/>\n\t<meta name=\"twitter:label2\" content=\"Estimated reading time\" \/>\n\t<meta name=\"twitter:data2\" content=\"1 minute\" \/>\n<script type=\"application\/ld+json\" class=\"yoast-schema-graph\">{\"@context\":\"https:\/\/schema.org\",\"@graph\":[{\"@type\":\"Article\",\"@id\":\"https:\/\/dmcsrb.com\/podgorica\/mujovic-ako-misljenje-agencije-bude-negativno-odustajemo-od-gradnje-kolektora\/#article\",\"isPartOf\":{\"@id\":\"https:\/\/dmcsrb.com\/podgorica\/mujovic-ako-misljenje-agencije-bude-negativno-odustajemo-od-gradnje-kolektora\/\"},\"author\":{\"name\":\"dmcsrbija.com@gmail.com\",\"@id\":\"https:\/\/dmcsrb.com\/#\/schema\/person\/5c39170f12db1b8b457732d0b5c854e2\"},\"headline\":\"Mujovi\u0107: Ako mi\u0161ljenje Agencije bude negativno, odustajemo od gradnje kolektora\",\"datePublished\":\"2025-09-01T06:37:53+00:00\",\"mainEntityOfPage\":{\"@id\":\"https:\/\/dmcsrb.com\/podgorica\/mujovic-ako-misljenje-agencije-bude-negativno-odustajemo-od-gradnje-kolektora\/\"},\"wordCount\":297,\"commentCount\":0,\"image\":{\"@id\":\"https:\/\/dmcsrb.com\/podgorica\/mujovic-ako-misljenje-agencije-bude-negativno-odustajemo-od-gradnje-kolektora\/#primaryimage\"},\"thumbnailUrl\":\"https:\/\/dmcsrb.com\/wp-content\/uploads\/2026\/01\/Sasa-Mujovic-Foto-Glavni-grad-Podgorica.jpg\",\"keywords\":[\"mujovi\u0107\"],\"articleSection\":[\"Podgorica\"],\"inLanguage\":\"en-GB\",\"potentialAction\":[{\"@type\":\"CommentAction\",\"name\":\"Comment\",\"target\":[\"https:\/\/dmcsrb.com\/podgorica\/mujovic-ako-misljenje-agencije-bude-negativno-odustajemo-od-gradnje-kolektora\/#respond\"]}]},{\"@type\":\"WebPage\",\"@id\":\"https:\/\/dmcsrb.com\/podgorica\/mujovic-ako-misljenje-agencije-bude-negativno-odustajemo-od-gradnje-kolektora\/\",\"url\":\"https:\/\/dmcsrb.com\/podgorica\/mujovic-ako-misljenje-agencije-bude-negativno-odustajemo-od-gradnje-kolektora\/\",\"name\":\"Mujovi\u0107: Ako mi\u0161ljenje Agencije bude negativno, odustajemo od gradnje kolektora - dmcsrb.com\",\"isPartOf\":{\"@id\":\"https:\/\/dmcsrb.com\/#website\"},\"primaryImageOfPage\":{\"@id\":\"https:\/\/dmcsrb.com\/podgorica\/mujovic-ako-misljenje-agencije-bude-negativno-odustajemo-od-gradnje-kolektora\/#primaryimage\"},\"image\":{\"@id\":\"https:\/\/dmcsrb.com\/podgorica\/mujovic-ako-misljenje-agencije-bude-negativno-odustajemo-od-gradnje-kolektora\/#primaryimage\"},\"thumbnailUrl\":\"https:\/\/dmcsrb.com\/wp-content\/uploads\/2026\/01\/Sasa-Mujovic-Foto-Glavni-grad-Podgorica.jpg\",\"datePublished\":\"2025-09-01T06:37:53+00:00\",\"author\":{\"@id\":\"https:\/\/dmcsrb.com\/#\/schema\/person\/5c39170f12db1b8b457732d0b5c854e2\"},\"breadcrumb\":{\"@id\":\"https:\/\/dmcsrb.com\/podgorica\/mujovic-ako-misljenje-agencije-bude-negativno-odustajemo-od-gradnje-kolektora\/#breadcrumb\"},\"inLanguage\":\"en-GB\",\"potentialAction\":[{\"@type\":\"ReadAction\",\"target\":[\"https:\/\/dmcsrb.com\/podgorica\/mujovic-ako-misljenje-agencije-bude-negativno-odustajemo-od-gradnje-kolektora\/\"]}]},{\"@type\":\"ImageObject\",\"inLanguage\":\"en-GB\",\"@id\":\"https:\/\/dmcsrb.com\/podgorica\/mujovic-ako-misljenje-agencije-bude-negativno-odustajemo-od-gradnje-kolektora\/#primaryimage\",\"url\":\"https:\/\/dmcsrb.com\/wp-content\/uploads\/2026\/01\/Sasa-Mujovic-Foto-Glavni-grad-Podgorica.jpg\",\"contentUrl\":\"https:\/\/dmcsrb.com\/wp-content\/uploads\/2026\/01\/Sasa-Mujovic-Foto-Glavni-grad-Podgorica.jpg\",\"width\":1000,\"height\":555},{\"@type\":\"BreadcrumbList\",\"@id\":\"https:\/\/dmcsrb.com\/podgorica\/mujovic-ako-misljenje-agencije-bude-negativno-odustajemo-od-gradnje-kolektora\/#breadcrumb\",\"itemListElement\":[{\"@type\":\"ListItem\",\"position\":1,\"name\":\"Home\",\"item\":\"https:\/\/dmcsrb.com\/\"},{\"@type\":\"ListItem\",\"position\":2,\"name\":\"Mujovi\u0107: Ako mi\u0161ljenje Agencije bude negativno, odustajemo od gradnje kolektora\"}]},{\"@type\":\"WebSite\",\"@id\":\"https:\/\/dmcsrb.com\/#website\",\"url\":\"https:\/\/dmcsrb.com\/\",\"name\":\"dmcsrb.com\",\"description\":\"\",\"potentialAction\":[{\"@type\":\"SearchAction\",\"target\":{\"@type\":\"EntryPoint\",\"urlTemplate\":\"https:\/\/dmcsrb.com\/?s={search_term_string}\"},\"query-input\":{\"@type\":\"PropertyValueSpecification\",\"valueRequired\":true,\"valueName\":\"search_term_string\"}}],\"inLanguage\":\"en-GB\"},{\"@type\":\"Person\",\"@id\":\"https:\/\/dmcsrb.com\/#\/schema\/person\/5c39170f12db1b8b457732d0b5c854e2\",\"name\":\"dmcsrbija.com@gmail.com\",\"image\":{\"@type\":\"ImageObject\",\"inLanguage\":\"en-GB\",\"@id\":\"https:\/\/dmcsrb.com\/#\/schema\/person\/image\/\",\"url\":\"https:\/\/secure.gravatar.com\/avatar\/68592660ad6347fad0fb587f8d5d8f1a7b44961362f56e4f2cd524feb87e9069?s=96&d=mm&r=g\",\"contentUrl\":\"https:\/\/secure.gravatar.com\/avatar\/68592660ad6347fad0fb587f8d5d8f1a7b44961362f56e4f2cd524feb87e9069?s=96&d=mm&r=g\",\"caption\":\"dmcsrbija.com@gmail.com\"},\"sameAs\":[\"https:\/\/dmcsrb.com\"],\"url\":\"https:\/\/dmcsrb.com\/en\/author\/dmcsrbija-comgmail-com\/\"}]}<\/script>\n<!-- \/ Yoast SEO plugin. -->","yoast_head_json":{"title":"Mujovi\u0107: Ako mi\u0161ljenje Agencije bude negativno, odustajemo od gradnje kolektora - dmcsrb.com","robots":{"index":"index","follow":"follow","max-snippet":"max-snippet:-1","max-image-preview":"max-image-preview:large","max-video-preview":"max-video-preview:-1"},"canonical":"https:\/\/dmcsrb.com\/en\/podgorica\/mujovic-ako-misljenje-agencije-bude-negativno-odustajemo-od-gradnje-kolektora\/","og_locale":"en_GB","og_type":"article","og_title":"Mujovi\u0107: Ako mi\u0161ljenje Agencije bude negativno, odustajemo od gradnje kolektora - dmcsrb.com","og_description":"Gradona\u010delnik Podgorice Sa\u0161a Mujovi\u0107 istakao je da se do kraja septembra \u010deka mi\u0161ljenje Agencije za za\u0161titu \u017eivotne sredine o izgradnji kolektora u Botunu i ako ono bude negativno, odusta\u0107e se od izgradnje. On je u emisiji \"Link\" kazao da mu je va\u017eno da mi\u0161ljenje bude utemeljeno, i ako bude pozitivno, ne vidi racionalan razlog da se od toga odustaje.","og_url":"https:\/\/dmcsrb.com\/en\/podgorica\/mujovic-ako-misljenje-agencije-bude-negativno-odustajemo-od-gradnje-kolektora\/","og_site_name":"dmcsrb.com","article_published_time":"2025-09-01T06:37:53+00:00","og_image":[{"width":1000,"height":555,"url":"https:\/\/dmcsrb.com\/wp-content\/uploads\/2026\/01\/Sasa-Mujovic-Foto-Glavni-grad-Podgorica.jpg","type":"image\/jpeg"}],"author":"dmcsrbija.com@gmail.com","twitter_card":"summary_large_image","twitter_misc":{"Written by":"dmcsrbija.com@gmail.com","Estimated reading time":"1 minute"},"schema":{"@context":"https:\/\/schema.org","@graph":[{"@type":"Article","@id":"https:\/\/dmcsrb.com\/podgorica\/mujovic-ako-misljenje-agencije-bude-negativno-odustajemo-od-gradnje-kolektora\/#article","isPartOf":{"@id":"https:\/\/dmcsrb.com\/podgorica\/mujovic-ako-misljenje-agencije-bude-negativno-odustajemo-od-gradnje-kolektora\/"},"author":{"name":"dmcsrbija.com@gmail.com","@id":"https:\/\/dmcsrb.com\/#\/schema\/person\/5c39170f12db1b8b457732d0b5c854e2"},"headline":"Mujovi\u0107: Ako mi\u0161ljenje Agencije bude negativno, odustajemo od gradnje kolektora","datePublished":"2025-09-01T06:37:53+00:00","mainEntityOfPage":{"@id":"https:\/\/dmcsrb.com\/podgorica\/mujovic-ako-misljenje-agencije-bude-negativno-odustajemo-od-gradnje-kolektora\/"},"wordCount":297,"commentCount":0,"image":{"@id":"https:\/\/dmcsrb.com\/podgorica\/mujovic-ako-misljenje-agencije-bude-negativno-odustajemo-od-gradnje-kolektora\/#primaryimage"},"thumbnailUrl":"https:\/\/dmcsrb.com\/wp-content\/uploads\/2026\/01\/Sasa-Mujovic-Foto-Glavni-grad-Podgorica.jpg","keywords":["mujovi\u0107"],"articleSection":["Podgorica"],"inLanguage":"en-GB","potentialAction":[{"@type":"CommentAction","name":"Comment","target":["https:\/\/dmcsrb.com\/podgorica\/mujovic-ako-misljenje-agencije-bude-negativno-odustajemo-od-gradnje-kolektora\/#respond"]}]},{"@type":"WebPage","@id":"https:\/\/dmcsrb.com\/podgorica\/mujovic-ako-misljenje-agencije-bude-negativno-odustajemo-od-gradnje-kolektora\/","url":"https:\/\/dmcsrb.com\/podgorica\/mujovic-ako-misljenje-agencije-bude-negativno-odustajemo-od-gradnje-kolektora\/","name":"Mujovi\u0107: Ako mi\u0161ljenje Agencije bude negativno, odustajemo od gradnje kolektora - dmcsrb.com","isPartOf":{"@id":"https:\/\/dmcsrb.com\/#website"},"primaryImageOfPage":{"@id":"https:\/\/dmcsrb.com\/podgorica\/mujovic-ako-misljenje-agencije-bude-negativno-odustajemo-od-gradnje-kolektora\/#primaryimage"},"image":{"@id":"https:\/\/dmcsrb.com\/podgorica\/mujovic-ako-misljenje-agencije-bude-negativno-odustajemo-od-gradnje-kolektora\/#primaryimage"},"thumbnailUrl":"https:\/\/dmcsrb.com\/wp-content\/uploads\/2026\/01\/Sasa-Mujovic-Foto-Glavni-grad-Podgorica.jpg","datePublished":"2025-09-01T06:37:53+00:00","author":{"@id":"https:\/\/dmcsrb.com\/#\/schema\/person\/5c39170f12db1b8b457732d0b5c854e2"},"breadcrumb":{"@id":"https:\/\/dmcsrb.com\/podgorica\/mujovic-ako-misljenje-agencije-bude-negativno-odustajemo-od-gradnje-kolektora\/#breadcrumb"},"inLanguage":"en-GB","potentialAction":[{"@type":"ReadAction","target":["https:\/\/dmcsrb.com\/podgorica\/mujovic-ako-misljenje-agencije-bude-negativno-odustajemo-od-gradnje-kolektora\/"]}]},{"@type":"ImageObject","inLanguage":"en-GB","@id":"https:\/\/dmcsrb.com\/podgorica\/mujovic-ako-misljenje-agencije-bude-negativno-odustajemo-od-gradnje-kolektora\/#primaryimage","url":"https:\/\/dmcsrb.com\/wp-content\/uploads\/2026\/01\/Sasa-Mujovic-Foto-Glavni-grad-Podgorica.jpg","contentUrl":"https:\/\/dmcsrb.com\/wp-content\/uploads\/2026\/01\/Sasa-Mujovic-Foto-Glavni-grad-Podgorica.jpg","width":1000,"height":555},{"@type":"BreadcrumbList","@id":"https:\/\/dmcsrb.com\/podgorica\/mujovic-ako-misljenje-agencije-bude-negativno-odustajemo-od-gradnje-kolektora\/#breadcrumb","itemListElement":[{"@type":"ListItem","position":1,"name":"Home","item":"https:\/\/dmcsrb.com\/"},{"@type":"ListItem","position":2,"name":"Mujovi\u0107: Ako mi\u0161ljenje Agencije bude negativno, odustajemo od gradnje kolektora"}]},{"@type":"WebSite","@id":"https:\/\/dmcsrb.com\/#website","url":"https:\/\/dmcsrb.com\/","name":"dmcsrb.com","description":"","potentialAction":[{"@type":"SearchAction","target":{"@type":"EntryPoint","urlTemplate":"https:\/\/dmcsrb.com\/?s={search_term_string}"},"query-input":{"@type":"PropertyValueSpecification","valueRequired":true,"valueName":"search_term_string"}}],"inLanguage":"en-GB"},{"@type":"Person","@id":"https:\/\/dmcsrb.com\/#\/schema\/person\/5c39170f12db1b8b457732d0b5c854e2","name":"dmcsrbija.com@gmail.com","image":{"@type":"ImageObject","inLanguage":"en-GB","@id":"https:\/\/dmcsrb.com\/#\/schema\/person\/image\/","url":"https:\/\/secure.gravatar.com\/avatar\/68592660ad6347fad0fb587f8d5d8f1a7b44961362f56e4f2cd524feb87e9069?s=96&d=mm&r=g","contentUrl":"https:\/\/secure.gravatar.com\/avatar\/68592660ad6347fad0fb587f8d5d8f1a7b44961362f56e4f2cd524feb87e9069?s=96&d=mm&r=g","caption":"dmcsrbija.com@gmail.com"},"sameAs":["https:\/\/dmcsrb.com"],"url":"https:\/\/dmcsrb.com\/en\/author\/dmcsrbija-comgmail-com\/"}]}},"_links":{"self":[{"href":"https:\/\/dmcsrb.com\/en\/wp-json\/wp\/v2\/posts\/949483","targetHints":{"allow":["GET"]}}],"collection":[{"href":"https:\/\/dmcsrb.com\/en\/wp-json\/wp\/v2\/posts"}],"about":[{"href":"https:\/\/dmcsrb.com\/en\/wp-json\/wp\/v2\/types\/post"}],"author":[{"embeddable":true,"href":"https:\/\/dmcsrb.com\/en\/wp-json\/wp\/v2\/users\/1"}],"replies":[{"embeddable":true,"href":"https:\/\/dmcsrb.com\/en\/wp-json\/wp\/v2\/comments?post=949483"}],"version-history":[{"count":0,"href":"https:\/\/dmcsrb.com\/en\/wp-json\/wp\/v2\/posts\/949483\/revisions"}],"wp:featuredmedia":[{"embeddable":true,"href":"https:\/\/dmcsrb.com\/en\/wp-json\/wp\/v2\/media\/910906"}],"wp:attachment":[{"href":"https:\/\/dmcsrb.com\/en\/wp-json\/wp\/v2\/media?parent=949483"}],"wp:term":[{"taxonomy":"category","embeddable":true,"href":"https:\/\/dmcsrb.com\/en\/wp-json\/wp\/v2\/categories?post=949483"},{"taxonomy":"post_tag","embeddable":true,"href":"https:\/\/dmcsrb.com\/en\/wp-json\/wp\/v2\/tags?post=949483"},{"taxonomy":"naslovna","embeddable":true,"href":"https:\/\/dmcsrb.com\/en\/wp-json\/wp\/v2\/naslovna?post=949483"}],"curies":[{"name":"wp","href":"https:\/\/api.w.org\/{rel}","templated":true}]}}