{"id":949476,"date":"2025-09-01T09:49:00","date_gmt":"2025-09-01T07:49:00","guid":{"rendered":"https:\/\/dmcsrb.com\/uncategorized\/pokret-solidarnosti-sa-palestinom-odrzao-drugi-zbor-apel-vladi-crne-gore-i-gradjanima-za-hitnu-akciju\/"},"modified":"2025-09-01T09:49:00","modified_gmt":"2025-09-01T07:49:00","slug":"pokret-solidarnosti-sa-palestinom-odrzao-drugi-zbor-apel-vladi-crne-gore-i-gradjanima-za-hitnu-akciju","status":"publish","type":"post","link":"https:\/\/dmcsrb.com\/en\/drustvo\/pokret-solidarnosti-sa-palestinom-odrzao-drugi-zbor-apel-vladi-crne-gore-i-gradjanima-za-hitnu-akciju\/","title":{"rendered":"Pokret solidarnosti sa Palestinom odr\u017eao Drugi Zbor: Apel Vladi Crne Gore i gra\u0111anima za hitnu akciju"},"content":{"rendered":"<p><br><\/p>\n\n\n\n<p>\u201cZbor je otpo\u010deo minutom \u0107utanja za \u017ertve najve\u0107eg civilizacijskog sloma, a pitanje koje je postavljeno bilo je jasno: \u0161ta Crna Gora mo\u017ee i mora u\u010diniti kako bi podr\u017eala palestinski narod u njegovoj borbi za \u017eivot, dostojanstvo i pravdu\u201d, navodi se u saop\u0161tenju.<\/p>\n\n\n\n<p>Kroz otvoreni dijalog, Zbor je usvojio konkretne smjernice za daljnje aktivnosti, uklju\u010duju\u0107i poziv institucijama Crne Gore na hitno djelovanje. Glavni zahtjevi odnose se na uvo\u0111enje embarga na oru\u017eje, prekid svih oblika saradnje s Izraelom, usvajanje jasne rezolucije u Skup\u0161tini Crne Gore, te organizaciju hitne humanitarne pomo\u0107i Gazi. Poseban naglasak stavljen je na primjer Slovenije, kao moralnog perjanika Evropske unije, koji je brzo i odlu\u010dno reagovao u pru\u017eanju konkretne pomo\u0107i Palestini. Slovenija je pokazala visok nivo odgovornosti i solidarnosti, a njena brzina i efikasnost u pru\u017eanju humanitarne pomo\u0107i predstavljaju uzor kojem Crna Gora treba da te\u017ei.<\/p>\n\n\n\n<p>\u201cNakon niza avgustovskih akcija i simboli\u010dnih protesta odr\u017eanih u op\u0161tinama \u0161irom Crne Gore, kao i kontinuiranog i ustrajnog djelovanja Pokreta solidarnosti u posljednje dvije godine, pozivamo sve gra\u0111ane i gra\u0111anke na veliki regionalni protest koji \u0107e se odr\u017eati 14. septembra u Podgorici, kao jasan izraz sveobuhvatne solidarnosti i zahtjev za hitnu akciju na\u0161ih institucija\u201d, dodaje se u saop\u0161tenju.<\/p>\n\n\n\n<p>Pored toga, u sklopu Zbora, usvojen je i javni proglas koji poziva na pravno i moralno djelovanje, a koji se prila\u017ee uz ovo saop\u0161tenje za javnu distribuciju.<\/p>\n\n\n\n<p>\u201cPokret solidarnosti sa Palestinom poziva sve gra\u0111ane \u2013 studente, mlade ljude, roditelje, radnike, penzionere, nevladine organizacije, vjerske zajednice, umjetnike, intelektualce, politi\u010dke aktere, sportiste, influensere, medije i sve ljude dobre volje \u2013 da se pridru\u017ee ovoj inicijativi. Zajedni\u010dkim naporima mo\u017eemo izvr\u0161iti uticaj na zvani\u010dne institucije Crne Gore da preduzmu konkretne mjere\u201d, zaklju\u010duju u saop\u0161tenju.<strong><br><\/strong><\/p>","protected":false},"excerpt":{"rendered":"<p>Pokret solidarnosti sa Palestinom odr\u017eao je Drugi Zbor na kojem su se okupili predstavnici vi\u0161e nevladinih organizacija i gra\u0111anskih inicijativa. Zbor je bio prilika za zajedni\u010dko promi\u0161ljanje, dijalog i konkretno djelovanje u cilju pru\u017eanja podr\u0161ke palestinskom narodu. Zbor je otpo\u010deo minutom \u0107utanja za \u017ertve najve\u0107eg civilizacijskog sloma, a pitanje koje je postavljeno bilo je jasno: \u0161ta Crna Gora mo\u017ee i mora u\u010diniti kako bi podr\u017eala palestinski narod u njegovoj borbi za \u017eivot, dostojanstvo i pravdu?<\/p>","protected":false},"author":1,"featured_media":949477,"comment_status":"open","ping_status":"open","sticky":false,"template":"","format":"standard","meta":{"_acf_changed":false,"footnotes":""},"categories":[2],"tags":[3343,6534],"naslovna":[],"class_list":["post-949476","post","type-post","status-publish","format-standard","has-post-thumbnail","hentry","category-drustvo","tag-apel","tag-pokret-solidarnosti-sa-palestinom"],"acf":[],"yoast_head":"<!-- This site is optimized with the Yoast SEO plugin v27.4 - https:\/\/yoast.com\/product\/yoast-seo-wordpress\/ -->\n<title>Pokret solidarnosti sa Palestinom odr\u017eao Drugi Zbor: Apel Vladi Crne Gore i gra\u0111anima za hitnu akciju - dmcsrb.com<\/title>\n<meta name=\"robots\" content=\"index, follow, max-snippet:-1, max-image-preview:large, max-video-preview:-1\" \/>\n<link rel=\"canonical\" href=\"https:\/\/dmcsrb.com\/en\/drustvo\/pokret-solidarnosti-sa-palestinom-odrzao-drugi-zbor-apel-vladi-crne-gore-i-gradjanima-za-hitnu-akciju\/\" \/>\n<meta property=\"og:locale\" content=\"en_GB\" \/>\n<meta property=\"og:type\" content=\"article\" \/>\n<meta property=\"og:title\" content=\"Pokret solidarnosti sa Palestinom odr\u017eao Drugi Zbor: Apel Vladi Crne Gore i gra\u0111anima za hitnu akciju - dmcsrb.com\" \/>\n<meta property=\"og:description\" content=\"Pokret solidarnosti sa Palestinom odr\u017eao je Drugi Zbor na kojem su se okupili predstavnici vi\u0161e nevladinih organizacija i gra\u0111anskih inicijativa. Zbor je bio prilika za zajedni\u010dko promi\u0161ljanje, dijalog i konkretno djelovanje u cilju pru\u017eanja podr\u0161ke palestinskom narodu. Zbor je otpo\u010deo minutom \u0107utanja za \u017ertve najve\u0107eg civilizacijskog sloma, a pitanje koje je postavljeno bilo je jasno: \u0161ta Crna Gora mo\u017ee i mora u\u010diniti kako bi podr\u017eala palestinski narod u njegovoj borbi za \u017eivot, dostojanstvo i pravdu?\" \/>\n<meta property=\"og:url\" content=\"https:\/\/dmcsrb.com\/en\/drustvo\/pokret-solidarnosti-sa-palestinom-odrzao-drugi-zbor-apel-vladi-crne-gore-i-gradjanima-za-hitnu-akciju\/\" \/>\n<meta property=\"og:site_name\" content=\"dmcsrb.com\" \/>\n<meta property=\"article:published_time\" content=\"2025-09-01T07:49:00+00:00\" \/>\n<meta property=\"og:image\" content=\"https:\/\/dmcsrb.com\/wp-content\/uploads\/2026\/01\/viber_image_2025-09-01_09-50-14-183.webp\" \/>\n\t<meta property=\"og:image:width\" content=\"1600\" \/>\n\t<meta property=\"og:image:height\" content=\"1200\" \/>\n\t<meta property=\"og:image:type\" content=\"image\/jpeg\" \/>\n<meta name=\"author\" content=\"dmcsrbija.com@gmail.com\" \/>\n<meta name=\"twitter:card\" content=\"summary_large_image\" \/>\n<meta name=\"twitter:label1\" content=\"Written by\" \/>\n\t<meta name=\"twitter:data1\" content=\"dmcsrbija.com@gmail.com\" \/>\n\t<meta name=\"twitter:label2\" content=\"Estimated reading time\" \/>\n\t<meta name=\"twitter:data2\" content=\"2 minutes\" \/>\n<script type=\"application\/ld+json\" class=\"yoast-schema-graph\">{\"@context\":\"https:\\\/\\\/schema.org\",\"@graph\":[{\"@type\":\"Article\",\"@id\":\"https:\\\/\\\/dmcsrb.com\\\/drustvo\\\/pokret-solidarnosti-sa-palestinom-odrzao-drugi-zbor-apel-vladi-crne-gore-i-gradjanima-za-hitnu-akciju\\\/#article\",\"isPartOf\":{\"@id\":\"https:\\\/\\\/dmcsrb.com\\\/drustvo\\\/pokret-solidarnosti-sa-palestinom-odrzao-drugi-zbor-apel-vladi-crne-gore-i-gradjanima-za-hitnu-akciju\\\/\"},\"author\":{\"name\":\"dmcsrbija.com@gmail.com\",\"@id\":\"https:\\\/\\\/dmcsrb.com\\\/#\\\/schema\\\/person\\\/5c39170f12db1b8b457732d0b5c854e2\"},\"headline\":\"Pokret solidarnosti sa Palestinom odr\u017eao Drugi Zbor: Apel Vladi Crne Gore i gra\u0111anima za hitnu akciju\",\"datePublished\":\"2025-09-01T07:49:00+00:00\",\"mainEntityOfPage\":{\"@id\":\"https:\\\/\\\/dmcsrb.com\\\/drustvo\\\/pokret-solidarnosti-sa-palestinom-odrzao-drugi-zbor-apel-vladi-crne-gore-i-gradjanima-za-hitnu-akciju\\\/\"},\"wordCount\":327,\"commentCount\":0,\"image\":{\"@id\":\"https:\\\/\\\/dmcsrb.com\\\/drustvo\\\/pokret-solidarnosti-sa-palestinom-odrzao-drugi-zbor-apel-vladi-crne-gore-i-gradjanima-za-hitnu-akciju\\\/#primaryimage\"},\"thumbnailUrl\":\"https:\\\/\\\/dmcsrb.com\\\/wp-content\\\/uploads\\\/2026\\\/01\\\/viber_image_2025-09-01_09-50-14-183.webp\",\"keywords\":[\"apel\",\"Pokret solidarnosti sa Palestinom\"],\"articleSection\":[\"Dru\u0161tvo\"],\"inLanguage\":\"en-GB\",\"potentialAction\":[{\"@type\":\"CommentAction\",\"name\":\"Comment\",\"target\":[\"https:\\\/\\\/dmcsrb.com\\\/drustvo\\\/pokret-solidarnosti-sa-palestinom-odrzao-drugi-zbor-apel-vladi-crne-gore-i-gradjanima-za-hitnu-akciju\\\/#respond\"]}]},{\"@type\":\"WebPage\",\"@id\":\"https:\\\/\\\/dmcsrb.com\\\/drustvo\\\/pokret-solidarnosti-sa-palestinom-odrzao-drugi-zbor-apel-vladi-crne-gore-i-gradjanima-za-hitnu-akciju\\\/\",\"url\":\"https:\\\/\\\/dmcsrb.com\\\/drustvo\\\/pokret-solidarnosti-sa-palestinom-odrzao-drugi-zbor-apel-vladi-crne-gore-i-gradjanima-za-hitnu-akciju\\\/\",\"name\":\"Pokret solidarnosti sa Palestinom odr\u017eao Drugi Zbor: Apel Vladi Crne Gore i gra\u0111anima za hitnu akciju - dmcsrb.com\",\"isPartOf\":{\"@id\":\"https:\\\/\\\/dmcsrb.com\\\/#website\"},\"primaryImageOfPage\":{\"@id\":\"https:\\\/\\\/dmcsrb.com\\\/drustvo\\\/pokret-solidarnosti-sa-palestinom-odrzao-drugi-zbor-apel-vladi-crne-gore-i-gradjanima-za-hitnu-akciju\\\/#primaryimage\"},\"image\":{\"@id\":\"https:\\\/\\\/dmcsrb.com\\\/drustvo\\\/pokret-solidarnosti-sa-palestinom-odrzao-drugi-zbor-apel-vladi-crne-gore-i-gradjanima-za-hitnu-akciju\\\/#primaryimage\"},\"thumbnailUrl\":\"https:\\\/\\\/dmcsrb.com\\\/wp-content\\\/uploads\\\/2026\\\/01\\\/viber_image_2025-09-01_09-50-14-183.webp\",\"datePublished\":\"2025-09-01T07:49:00+00:00\",\"author\":{\"@id\":\"https:\\\/\\\/dmcsrb.com\\\/#\\\/schema\\\/person\\\/5c39170f12db1b8b457732d0b5c854e2\"},\"breadcrumb\":{\"@id\":\"https:\\\/\\\/dmcsrb.com\\\/drustvo\\\/pokret-solidarnosti-sa-palestinom-odrzao-drugi-zbor-apel-vladi-crne-gore-i-gradjanima-za-hitnu-akciju\\\/#breadcrumb\"},\"inLanguage\":\"en-GB\",\"potentialAction\":[{\"@type\":\"ReadAction\",\"target\":[\"https:\\\/\\\/dmcsrb.com\\\/drustvo\\\/pokret-solidarnosti-sa-palestinom-odrzao-drugi-zbor-apel-vladi-crne-gore-i-gradjanima-za-hitnu-akciju\\\/\"]}]},{\"@type\":\"ImageObject\",\"inLanguage\":\"en-GB\",\"@id\":\"https:\\\/\\\/dmcsrb.com\\\/drustvo\\\/pokret-solidarnosti-sa-palestinom-odrzao-drugi-zbor-apel-vladi-crne-gore-i-gradjanima-za-hitnu-akciju\\\/#primaryimage\",\"url\":\"https:\\\/\\\/dmcsrb.com\\\/wp-content\\\/uploads\\\/2026\\\/01\\\/viber_image_2025-09-01_09-50-14-183.webp\",\"contentUrl\":\"https:\\\/\\\/dmcsrb.com\\\/wp-content\\\/uploads\\\/2026\\\/01\\\/viber_image_2025-09-01_09-50-14-183.webp\",\"width\":1600,\"height\":1200},{\"@type\":\"BreadcrumbList\",\"@id\":\"https:\\\/\\\/dmcsrb.com\\\/drustvo\\\/pokret-solidarnosti-sa-palestinom-odrzao-drugi-zbor-apel-vladi-crne-gore-i-gradjanima-za-hitnu-akciju\\\/#breadcrumb\",\"itemListElement\":[{\"@type\":\"ListItem\",\"position\":1,\"name\":\"Home\",\"item\":\"https:\\\/\\\/dmcsrb.com\\\/\"},{\"@type\":\"ListItem\",\"position\":2,\"name\":\"Pokret solidarnosti sa Palestinom odr\u017eao Drugi Zbor: Apel Vladi Crne Gore i gra\u0111anima za hitnu akciju\"}]},{\"@type\":\"WebSite\",\"@id\":\"https:\\\/\\\/dmcsrb.com\\\/#website\",\"url\":\"https:\\\/\\\/dmcsrb.com\\\/\",\"name\":\"dmcsrb.com\",\"description\":\"\",\"potentialAction\":[{\"@type\":\"SearchAction\",\"target\":{\"@type\":\"EntryPoint\",\"urlTemplate\":\"https:\\\/\\\/dmcsrb.com\\\/?s={search_term_string}\"},\"query-input\":{\"@type\":\"PropertyValueSpecification\",\"valueRequired\":true,\"valueName\":\"search_term_string\"}}],\"inLanguage\":\"en-GB\"},{\"@type\":\"Person\",\"@id\":\"https:\\\/\\\/dmcsrb.com\\\/#\\\/schema\\\/person\\\/5c39170f12db1b8b457732d0b5c854e2\",\"name\":\"dmcsrbija.com@gmail.com\",\"image\":{\"@type\":\"ImageObject\",\"inLanguage\":\"en-GB\",\"@id\":\"https:\\\/\\\/secure.gravatar.com\\\/avatar\\\/68592660ad6347fad0fb587f8d5d8f1a7b44961362f56e4f2cd524feb87e9069?s=96&d=mm&r=g\",\"url\":\"https:\\\/\\\/secure.gravatar.com\\\/avatar\\\/68592660ad6347fad0fb587f8d5d8f1a7b44961362f56e4f2cd524feb87e9069?s=96&d=mm&r=g\",\"contentUrl\":\"https:\\\/\\\/secure.gravatar.com\\\/avatar\\\/68592660ad6347fad0fb587f8d5d8f1a7b44961362f56e4f2cd524feb87e9069?s=96&d=mm&r=g\",\"caption\":\"dmcsrbija.com@gmail.com\"},\"sameAs\":[\"https:\\\/\\\/dmcsrb.com\"],\"url\":\"https:\\\/\\\/dmcsrb.com\\\/en\\\/author\\\/dmcsrbija-comgmail-com\\\/\"}]}<\/script>\n<!-- \/ Yoast SEO plugin. -->","yoast_head_json":{"title":"Pokret solidarnosti sa Palestinom odr\u017eao Drugi Zbor: Apel Vladi Crne Gore i gra\u0111anima za hitnu akciju - dmcsrb.com","robots":{"index":"index","follow":"follow","max-snippet":"max-snippet:-1","max-image-preview":"max-image-preview:large","max-video-preview":"max-video-preview:-1"},"canonical":"https:\/\/dmcsrb.com\/en\/drustvo\/pokret-solidarnosti-sa-palestinom-odrzao-drugi-zbor-apel-vladi-crne-gore-i-gradjanima-za-hitnu-akciju\/","og_locale":"en_GB","og_type":"article","og_title":"Pokret solidarnosti sa Palestinom odr\u017eao Drugi Zbor: Apel Vladi Crne Gore i gra\u0111anima za hitnu akciju - dmcsrb.com","og_description":"Pokret solidarnosti sa Palestinom odr\u017eao je Drugi Zbor na kojem su se okupili predstavnici vi\u0161e nevladinih organizacija i gra\u0111anskih inicijativa. Zbor je bio prilika za zajedni\u010dko promi\u0161ljanje, dijalog i konkretno djelovanje u cilju pru\u017eanja podr\u0161ke palestinskom narodu. Zbor je otpo\u010deo minutom \u0107utanja za \u017ertve najve\u0107eg civilizacijskog sloma, a pitanje koje je postavljeno bilo je jasno: \u0161ta Crna Gora mo\u017ee i mora u\u010diniti kako bi podr\u017eala palestinski narod u njegovoj borbi za \u017eivot, dostojanstvo i pravdu?","og_url":"https:\/\/dmcsrb.com\/en\/drustvo\/pokret-solidarnosti-sa-palestinom-odrzao-drugi-zbor-apel-vladi-crne-gore-i-gradjanima-za-hitnu-akciju\/","og_site_name":"dmcsrb.com","article_published_time":"2025-09-01T07:49:00+00:00","og_image":[{"width":1600,"height":1200,"url":"https:\/\/dmcsrb.com\/wp-content\/uploads\/2026\/01\/viber_image_2025-09-01_09-50-14-183.webp","type":"image\/jpeg"}],"author":"dmcsrbija.com@gmail.com","twitter_card":"summary_large_image","twitter_misc":{"Written by":"dmcsrbija.com@gmail.com","Estimated reading time":"2 minutes"},"schema":{"@context":"https:\/\/schema.org","@graph":[{"@type":"Article","@id":"https:\/\/dmcsrb.com\/drustvo\/pokret-solidarnosti-sa-palestinom-odrzao-drugi-zbor-apel-vladi-crne-gore-i-gradjanima-za-hitnu-akciju\/#article","isPartOf":{"@id":"https:\/\/dmcsrb.com\/drustvo\/pokret-solidarnosti-sa-palestinom-odrzao-drugi-zbor-apel-vladi-crne-gore-i-gradjanima-za-hitnu-akciju\/"},"author":{"name":"dmcsrbija.com@gmail.com","@id":"https:\/\/dmcsrb.com\/#\/schema\/person\/5c39170f12db1b8b457732d0b5c854e2"},"headline":"Pokret solidarnosti sa Palestinom odr\u017eao Drugi Zbor: Apel Vladi Crne Gore i gra\u0111anima za hitnu akciju","datePublished":"2025-09-01T07:49:00+00:00","mainEntityOfPage":{"@id":"https:\/\/dmcsrb.com\/drustvo\/pokret-solidarnosti-sa-palestinom-odrzao-drugi-zbor-apel-vladi-crne-gore-i-gradjanima-za-hitnu-akciju\/"},"wordCount":327,"commentCount":0,"image":{"@id":"https:\/\/dmcsrb.com\/drustvo\/pokret-solidarnosti-sa-palestinom-odrzao-drugi-zbor-apel-vladi-crne-gore-i-gradjanima-za-hitnu-akciju\/#primaryimage"},"thumbnailUrl":"https:\/\/dmcsrb.com\/wp-content\/uploads\/2026\/01\/viber_image_2025-09-01_09-50-14-183.webp","keywords":["apel","Pokret solidarnosti sa Palestinom"],"articleSection":["Dru\u0161tvo"],"inLanguage":"en-GB","potentialAction":[{"@type":"CommentAction","name":"Comment","target":["https:\/\/dmcsrb.com\/drustvo\/pokret-solidarnosti-sa-palestinom-odrzao-drugi-zbor-apel-vladi-crne-gore-i-gradjanima-za-hitnu-akciju\/#respond"]}]},{"@type":"WebPage","@id":"https:\/\/dmcsrb.com\/drustvo\/pokret-solidarnosti-sa-palestinom-odrzao-drugi-zbor-apel-vladi-crne-gore-i-gradjanima-za-hitnu-akciju\/","url":"https:\/\/dmcsrb.com\/drustvo\/pokret-solidarnosti-sa-palestinom-odrzao-drugi-zbor-apel-vladi-crne-gore-i-gradjanima-za-hitnu-akciju\/","name":"Pokret solidarnosti sa Palestinom odr\u017eao Drugi Zbor: Apel Vladi Crne Gore i gra\u0111anima za hitnu akciju - dmcsrb.com","isPartOf":{"@id":"https:\/\/dmcsrb.com\/#website"},"primaryImageOfPage":{"@id":"https:\/\/dmcsrb.com\/drustvo\/pokret-solidarnosti-sa-palestinom-odrzao-drugi-zbor-apel-vladi-crne-gore-i-gradjanima-za-hitnu-akciju\/#primaryimage"},"image":{"@id":"https:\/\/dmcsrb.com\/drustvo\/pokret-solidarnosti-sa-palestinom-odrzao-drugi-zbor-apel-vladi-crne-gore-i-gradjanima-za-hitnu-akciju\/#primaryimage"},"thumbnailUrl":"https:\/\/dmcsrb.com\/wp-content\/uploads\/2026\/01\/viber_image_2025-09-01_09-50-14-183.webp","datePublished":"2025-09-01T07:49:00+00:00","author":{"@id":"https:\/\/dmcsrb.com\/#\/schema\/person\/5c39170f12db1b8b457732d0b5c854e2"},"breadcrumb":{"@id":"https:\/\/dmcsrb.com\/drustvo\/pokret-solidarnosti-sa-palestinom-odrzao-drugi-zbor-apel-vladi-crne-gore-i-gradjanima-za-hitnu-akciju\/#breadcrumb"},"inLanguage":"en-GB","potentialAction":[{"@type":"ReadAction","target":["https:\/\/dmcsrb.com\/drustvo\/pokret-solidarnosti-sa-palestinom-odrzao-drugi-zbor-apel-vladi-crne-gore-i-gradjanima-za-hitnu-akciju\/"]}]},{"@type":"ImageObject","inLanguage":"en-GB","@id":"https:\/\/dmcsrb.com\/drustvo\/pokret-solidarnosti-sa-palestinom-odrzao-drugi-zbor-apel-vladi-crne-gore-i-gradjanima-za-hitnu-akciju\/#primaryimage","url":"https:\/\/dmcsrb.com\/wp-content\/uploads\/2026\/01\/viber_image_2025-09-01_09-50-14-183.webp","contentUrl":"https:\/\/dmcsrb.com\/wp-content\/uploads\/2026\/01\/viber_image_2025-09-01_09-50-14-183.webp","width":1600,"height":1200},{"@type":"BreadcrumbList","@id":"https:\/\/dmcsrb.com\/drustvo\/pokret-solidarnosti-sa-palestinom-odrzao-drugi-zbor-apel-vladi-crne-gore-i-gradjanima-za-hitnu-akciju\/#breadcrumb","itemListElement":[{"@type":"ListItem","position":1,"name":"Home","item":"https:\/\/dmcsrb.com\/"},{"@type":"ListItem","position":2,"name":"Pokret solidarnosti sa Palestinom odr\u017eao Drugi Zbor: Apel Vladi Crne Gore i gra\u0111anima za hitnu akciju"}]},{"@type":"WebSite","@id":"https:\/\/dmcsrb.com\/#website","url":"https:\/\/dmcsrb.com\/","name":"dmcsrb.com","description":"","potentialAction":[{"@type":"SearchAction","target":{"@type":"EntryPoint","urlTemplate":"https:\/\/dmcsrb.com\/?s={search_term_string}"},"query-input":{"@type":"PropertyValueSpecification","valueRequired":true,"valueName":"search_term_string"}}],"inLanguage":"en-GB"},{"@type":"Person","@id":"https:\/\/dmcsrb.com\/#\/schema\/person\/5c39170f12db1b8b457732d0b5c854e2","name":"dmcsrbija.com@gmail.com","image":{"@type":"ImageObject","inLanguage":"en-GB","@id":"https:\/\/secure.gravatar.com\/avatar\/68592660ad6347fad0fb587f8d5d8f1a7b44961362f56e4f2cd524feb87e9069?s=96&d=mm&r=g","url":"https:\/\/secure.gravatar.com\/avatar\/68592660ad6347fad0fb587f8d5d8f1a7b44961362f56e4f2cd524feb87e9069?s=96&d=mm&r=g","contentUrl":"https:\/\/secure.gravatar.com\/avatar\/68592660ad6347fad0fb587f8d5d8f1a7b44961362f56e4f2cd524feb87e9069?s=96&d=mm&r=g","caption":"dmcsrbija.com@gmail.com"},"sameAs":["https:\/\/dmcsrb.com"],"url":"https:\/\/dmcsrb.com\/en\/author\/dmcsrbija-comgmail-com\/"}]}},"_links":{"self":[{"href":"https:\/\/dmcsrb.com\/en\/wp-json\/wp\/v2\/posts\/949476","targetHints":{"allow":["GET"]}}],"collection":[{"href":"https:\/\/dmcsrb.com\/en\/wp-json\/wp\/v2\/posts"}],"about":[{"href":"https:\/\/dmcsrb.com\/en\/wp-json\/wp\/v2\/types\/post"}],"author":[{"embeddable":true,"href":"https:\/\/dmcsrb.com\/en\/wp-json\/wp\/v2\/users\/1"}],"replies":[{"embeddable":true,"href":"https:\/\/dmcsrb.com\/en\/wp-json\/wp\/v2\/comments?post=949476"}],"version-history":[{"count":0,"href":"https:\/\/dmcsrb.com\/en\/wp-json\/wp\/v2\/posts\/949476\/revisions"}],"wp:featuredmedia":[{"embeddable":true,"href":"https:\/\/dmcsrb.com\/en\/wp-json\/wp\/v2\/media\/949477"}],"wp:attachment":[{"href":"https:\/\/dmcsrb.com\/en\/wp-json\/wp\/v2\/media?parent=949476"}],"wp:term":[{"taxonomy":"category","embeddable":true,"href":"https:\/\/dmcsrb.com\/en\/wp-json\/wp\/v2\/categories?post=949476"},{"taxonomy":"post_tag","embeddable":true,"href":"https:\/\/dmcsrb.com\/en\/wp-json\/wp\/v2\/tags?post=949476"},{"taxonomy":"naslovna","embeddable":true,"href":"https:\/\/dmcsrb.com\/en\/wp-json\/wp\/v2\/naslovna?post=949476"}],"curies":[{"name":"wp","href":"https:\/\/api.w.org\/{rel}","templated":true}]}}