{"id":949367,"date":"2025-08-31T15:13:00","date_gmt":"2025-08-31T13:13:00","guid":{"rendered":"https:\/\/dmcsrb.com\/uncategorized\/kalas-moskva-hoce-jos-rata-razmotricemo-odnose-sa-izraelom-eu-mora-da-pokaze-rezultate\/"},"modified":"2025-08-31T15:13:00","modified_gmt":"2025-08-31T13:13:00","slug":"kalas-moskva-hoce-jos-rata-razmotricemo-odnose-sa-izraelom-eu-mora-da-pokaze-rezultate","status":"publish","type":"post","link":"https:\/\/dmcsrb.com\/en\/svijet\/kalas-moskva-hoce-jos-rata-razmotricemo-odnose-sa-izraelom-eu-mora-da-pokaze-rezultate\/","title":{"rendered":"Kalas: Moskva ho\u0107e jo\u0161 rata, razmotri\u0107emo odnose sa Izraelom, EU mora da poka\u017ee rezultate"},"content":{"rendered":"<p>Kalasova je, u tom kontekstu, najavila poja\u010davanje sankcija Moskvi i nastavak razgovora o kori\u0161\u0107enju zamrznute ruske imovine.<\/p>\n\n\n\n<p>&#8220;Evropska unija i sve dr\u017eave \u010dlanice podr\u017eavaju diplomatske napore da se postigne mir i okon\u010da ruski rat, ali jasno je \u2013 Rusija se ne priprema za mir. Suprotno, oni se pripremaju za jo\u0161 rata&#8221;, rekla je Kalasova.<\/p>\n\n\n\n<p>Podsetila je da je ove sedmice Rusija izvela drugi po snazi vazdu\u0161ni napad na Kijev od po\u010detka rata, u kojem je pogo\u0111ena i infrastruktura EU i drugih me\u0111unarodnih organizacija.<\/p>\n\n\n\n<p>&#8220;Ove nedelje Rusija je izvela drugi po snazi vazdu\u0161ni napad na Kijev od po\u010detka rata. Uni\u0161teni su civilni ciljevi, uklju\u010duju\u0107i zgrade koje koristi Evropska unija i Britanski savet&#8221;, navela je Kalasova.<\/p>\n\n\n\n<p>Ministri EU su, kako je podvukla, razgovarali o &#8220;mogu\u0107im osnovama za novi paket sankcija&#8221; koji bi uklju\u010divao i sekundarne sankcije za one koji podr\u017eavaju ruski rat, kao i zabrane uvoza i uvo\u0111enje tarifa na rusku robu.<\/p>\n\n\n\n<p>&#8220;Cilj je da izvr\u0161imo maksimalan pritisak na Rusiju&#8221;, istakla je Kalasova, nagla\u0161avaju\u0107i da bi nove mere bile efikasnije &#8220;ako ih podr\u017ee i transatlantski partneri&#8221;.<\/p>\n\n\n\n<p>Istakla je da je me\u0111u ministrima vo\u0111ena &#8220;veoma dobra i su\u0161tinska rasprava&#8221; o upotrebi zamrznute ruske imovine za podr\u0161ku odbrani Ukrajine.<\/p>\n\n\n\n<p>&#8220;Jedna stvar je apsolutno jasna i tu su se svi slo\u017eili \u2013 s obzirom na to kakva su razaranja koje je Rusija izazvala u Ukrajini, nezamislivo je da ikada vi\u0161e vidi taj novac \u2013 osim ako u potpunosti ne nadoknadi \u0161tetu koju je prouzrokovala&#8221;, izjavila je Kalasova.<\/p>\n\n\n\n<p>Zaklju\u010dila je da tr\u017ei\u0161ta nisu negativno reagovala na zamrzavanje sredstava i da &#8220;postoje rizici koji mogu da se ubla\u017ee&#8221;.<\/p>\n\n\n\n<h3 class=\"wp-block-heading\"><strong>Sporna ta\u010dka Bliskog istoka<\/strong><\/h3>\n\n\n\n<p>Govore\u0107i o situaciji na Bliskom istoku, Kalasova je rekla da najava Izraela da je Gaza progla\u0161ena borbenom zonom mo\u017ee dodatno da pogor\u0161a humanitarnu situaciju.<\/p>\n\n\n\n<p>&#8220;Gazi je potrebno manje, a ne vi\u0161e rata. Ako bi vojno re\u0161enje bilo mogu\u0107e, ovaj rat bi ve\u0107 bio zavr\u0161en&#8221;, rekla je Kalasova.<\/p>\n\n\n\n<p>Naglasila je da je \u0161irenje izraelskih naselja na Zapadnoj obali &#8220;nezakonito i podriva re\u0161enje sa dve dr\u017eave&#8221;.<\/p>\n\n\n\n<p>Istakla je da su neke \u010dlanice EU ve\u0107 uvele mere &#8220;ne protiv Izraela ve\u0107 protiv izraelske vlade&#8221;, uklju\u010duju\u0107i sankcije ministrima i suspenzije izvoza oru\u017eja.<\/p>\n\n\n\n<p>&#8220;Nema ulep\u0161avanja situacije u kojoj se nalazimo&#8221;, rekla je Kalasova, napominju\u0107i da su \u010dlanice EU podeljene oko konkretnih koraka, ali da &#8220;raste ve\u0107ina koja se zala\u017ee za dodatne mere&#8221;.<\/p>\n\n\n\n<h3 class=\"wp-block-heading\"><strong>EU u ogledalu<\/strong><\/h3>\n\n\n\n<p>Tako\u0111e je izrazila sumnju u sposobnost EU da donosi i sprovodi odluke u oblasti spoljne politike, pozivaju\u0107i na reformu metoda rada.<\/p>\n\n\n\n<p>&#8220;Moje li\u010dno ose\u0107anje je da gra\u0111ani Evrope gube poverenje u EU ako nismo u stanju da postignemo rezultate&#8221;, rekla je Kalasova.<\/p>\n\n\n\n<p>Govore\u0107i o sopstvenoj ulozi, istakla je da nije lako biti &#8220;osoba koja se krivi kada odluka izostane&#8221;, budu\u0107i da odluke EU donosi svih 27 \u010dlanica konsenzusom.<\/p>\n\n\n\n<p>&#8220;To je te\u0161ko. Ali kao visoka predstavnica, ja ne donosim odluke \u2013 to moraju da u\u010dine sve \u010dlanice zajedno&#8221;, zaklju\u010dila je Kalasova. Kako je navela, ministri spoljnih poslova EU danas &#8220;nisu imali dovoljno vremena&#8221; da razmatraju eventualne izmene mehanizma dono\u0161enja odluka o pitanjima spoljne politike, koje podrazumevaju da odre\u0111ene odluke donosi ve\u0107ina \u010dlanica EU bez potpunog konsenzusa, posebno u slu\u010dajevima kada jedna zemlja usporava proces dono\u0161enja odluka na nivou EU.<\/p>","protected":false},"excerpt":{"rendered":"<p>Visoka predstavnica Evropske unije za spoljnu politiku i bezbednost Kaja Kalas izjavila je posle neformalnog sastanka ministara spoljnih poslova Evropske unije da Rusija ne pokazuje nameru da okon\u010da rat u Ukrajini, ve\u0107 se priprema za njegovo intenziviranje.<\/p>","protected":false},"author":1,"featured_media":917198,"comment_status":"open","ping_status":"open","sticky":false,"template":"","format":"standard","meta":{"_acf_changed":false,"footnotes":""},"categories":[144],"tags":[2814],"naslovna":[],"class_list":["post-949367","post","type-post","status-publish","format-standard","has-post-thumbnail","hentry","category-svijet","tag-kaja-kalas"],"acf":[],"yoast_head":"<!-- This site is optimized with the Yoast SEO plugin v27.4 - https:\/\/yoast.com\/product\/yoast-seo-wordpress\/ -->\n<title>Kalas: Moskva ho\u0107e jo\u0161 rata, razmotri\u0107emo odnose sa Izraelom, EU mora da poka\u017ee rezultate - dmcsrb.com<\/title>\n<meta name=\"robots\" content=\"index, follow, max-snippet:-1, max-image-preview:large, max-video-preview:-1\" \/>\n<link rel=\"canonical\" href=\"https:\/\/dmcsrb.com\/en\/svijet\/kalas-moskva-hoce-jos-rata-razmotricemo-odnose-sa-izraelom-eu-mora-da-pokaze-rezultate\/\" \/>\n<meta property=\"og:locale\" content=\"en_GB\" \/>\n<meta property=\"og:type\" content=\"article\" \/>\n<meta property=\"og:title\" content=\"Kalas: Moskva ho\u0107e jo\u0161 rata, razmotri\u0107emo odnose sa Izraelom, EU mora da poka\u017ee rezultate - dmcsrb.com\" \/>\n<meta property=\"og:description\" content=\"Visoka predstavnica Evropske unije za spoljnu politiku i bezbednost Kaja Kalas izjavila je posle neformalnog sastanka ministara spoljnih poslova Evropske unije da Rusija ne pokazuje nameru da okon\u010da rat u Ukrajini, ve\u0107 se priprema za njegovo intenziviranje.\" \/>\n<meta property=\"og:url\" content=\"https:\/\/dmcsrb.com\/en\/svijet\/kalas-moskva-hoce-jos-rata-razmotricemo-odnose-sa-izraelom-eu-mora-da-pokaze-rezultate\/\" \/>\n<meta property=\"og:site_name\" content=\"dmcsrb.com\" \/>\n<meta property=\"article:published_time\" content=\"2025-08-31T13:13:00+00:00\" \/>\n<meta property=\"og:image\" content=\"https:\/\/dmcsrb.com\/wp-content\/uploads\/2026\/01\/Kaja-Kalas-Estonija-foto-AP.jpg\" \/>\n\t<meta property=\"og:image:width\" content=\"1009\" \/>\n\t<meta property=\"og:image:height\" content=\"651\" \/>\n\t<meta property=\"og:image:type\" content=\"image\/jpeg\" \/>\n<meta name=\"author\" content=\"dmcsrbija.com@gmail.com\" \/>\n<meta name=\"twitter:card\" content=\"summary_large_image\" \/>\n<meta name=\"twitter:label1\" content=\"Written by\" \/>\n\t<meta name=\"twitter:data1\" content=\"dmcsrbija.com@gmail.com\" \/>\n\t<meta name=\"twitter:label2\" content=\"Estimated reading time\" \/>\n\t<meta name=\"twitter:data2\" content=\"3 minutes\" \/>\n<script type=\"application\/ld+json\" class=\"yoast-schema-graph\">{\"@context\":\"https:\\\/\\\/schema.org\",\"@graph\":[{\"@type\":\"Article\",\"@id\":\"https:\\\/\\\/dmcsrb.com\\\/svijet\\\/kalas-moskva-hoce-jos-rata-razmotricemo-odnose-sa-izraelom-eu-mora-da-pokaze-rezultate\\\/#article\",\"isPartOf\":{\"@id\":\"https:\\\/\\\/dmcsrb.com\\\/svijet\\\/kalas-moskva-hoce-jos-rata-razmotricemo-odnose-sa-izraelom-eu-mora-da-pokaze-rezultate\\\/\"},\"author\":{\"name\":\"dmcsrbija.com@gmail.com\",\"@id\":\"https:\\\/\\\/dmcsrb.com\\\/#\\\/schema\\\/person\\\/5c39170f12db1b8b457732d0b5c854e2\"},\"headline\":\"Kalas: Moskva ho\u0107e jo\u0161 rata, razmotri\u0107emo odnose sa Izraelom, EU mora da poka\u017ee rezultate\",\"datePublished\":\"2025-08-31T13:13:00+00:00\",\"mainEntityOfPage\":{\"@id\":\"https:\\\/\\\/dmcsrb.com\\\/svijet\\\/kalas-moskva-hoce-jos-rata-razmotricemo-odnose-sa-izraelom-eu-mora-da-pokaze-rezultate\\\/\"},\"wordCount\":600,\"commentCount\":0,\"image\":{\"@id\":\"https:\\\/\\\/dmcsrb.com\\\/svijet\\\/kalas-moskva-hoce-jos-rata-razmotricemo-odnose-sa-izraelom-eu-mora-da-pokaze-rezultate\\\/#primaryimage\"},\"thumbnailUrl\":\"https:\\\/\\\/dmcsrb.com\\\/wp-content\\\/uploads\\\/2026\\\/01\\\/Kaja-Kalas-Estonija-foto-AP.jpg\",\"keywords\":[\"Kaja Kalas\"],\"articleSection\":[\"Svijet\"],\"inLanguage\":\"en-GB\",\"potentialAction\":[{\"@type\":\"CommentAction\",\"name\":\"Comment\",\"target\":[\"https:\\\/\\\/dmcsrb.com\\\/svijet\\\/kalas-moskva-hoce-jos-rata-razmotricemo-odnose-sa-izraelom-eu-mora-da-pokaze-rezultate\\\/#respond\"]}]},{\"@type\":\"WebPage\",\"@id\":\"https:\\\/\\\/dmcsrb.com\\\/svijet\\\/kalas-moskva-hoce-jos-rata-razmotricemo-odnose-sa-izraelom-eu-mora-da-pokaze-rezultate\\\/\",\"url\":\"https:\\\/\\\/dmcsrb.com\\\/svijet\\\/kalas-moskva-hoce-jos-rata-razmotricemo-odnose-sa-izraelom-eu-mora-da-pokaze-rezultate\\\/\",\"name\":\"Kalas: Moskva ho\u0107e jo\u0161 rata, razmotri\u0107emo odnose sa Izraelom, EU mora da poka\u017ee rezultate - dmcsrb.com\",\"isPartOf\":{\"@id\":\"https:\\\/\\\/dmcsrb.com\\\/#website\"},\"primaryImageOfPage\":{\"@id\":\"https:\\\/\\\/dmcsrb.com\\\/svijet\\\/kalas-moskva-hoce-jos-rata-razmotricemo-odnose-sa-izraelom-eu-mora-da-pokaze-rezultate\\\/#primaryimage\"},\"image\":{\"@id\":\"https:\\\/\\\/dmcsrb.com\\\/svijet\\\/kalas-moskva-hoce-jos-rata-razmotricemo-odnose-sa-izraelom-eu-mora-da-pokaze-rezultate\\\/#primaryimage\"},\"thumbnailUrl\":\"https:\\\/\\\/dmcsrb.com\\\/wp-content\\\/uploads\\\/2026\\\/01\\\/Kaja-Kalas-Estonija-foto-AP.jpg\",\"datePublished\":\"2025-08-31T13:13:00+00:00\",\"author\":{\"@id\":\"https:\\\/\\\/dmcsrb.com\\\/#\\\/schema\\\/person\\\/5c39170f12db1b8b457732d0b5c854e2\"},\"breadcrumb\":{\"@id\":\"https:\\\/\\\/dmcsrb.com\\\/svijet\\\/kalas-moskva-hoce-jos-rata-razmotricemo-odnose-sa-izraelom-eu-mora-da-pokaze-rezultate\\\/#breadcrumb\"},\"inLanguage\":\"en-GB\",\"potentialAction\":[{\"@type\":\"ReadAction\",\"target\":[\"https:\\\/\\\/dmcsrb.com\\\/svijet\\\/kalas-moskva-hoce-jos-rata-razmotricemo-odnose-sa-izraelom-eu-mora-da-pokaze-rezultate\\\/\"]}]},{\"@type\":\"ImageObject\",\"inLanguage\":\"en-GB\",\"@id\":\"https:\\\/\\\/dmcsrb.com\\\/svijet\\\/kalas-moskva-hoce-jos-rata-razmotricemo-odnose-sa-izraelom-eu-mora-da-pokaze-rezultate\\\/#primaryimage\",\"url\":\"https:\\\/\\\/dmcsrb.com\\\/wp-content\\\/uploads\\\/2026\\\/01\\\/Kaja-Kalas-Estonija-foto-AP.jpg\",\"contentUrl\":\"https:\\\/\\\/dmcsrb.com\\\/wp-content\\\/uploads\\\/2026\\\/01\\\/Kaja-Kalas-Estonija-foto-AP.jpg\",\"width\":1009,\"height\":651},{\"@type\":\"BreadcrumbList\",\"@id\":\"https:\\\/\\\/dmcsrb.com\\\/svijet\\\/kalas-moskva-hoce-jos-rata-razmotricemo-odnose-sa-izraelom-eu-mora-da-pokaze-rezultate\\\/#breadcrumb\",\"itemListElement\":[{\"@type\":\"ListItem\",\"position\":1,\"name\":\"Home\",\"item\":\"https:\\\/\\\/dmcsrb.com\\\/\"},{\"@type\":\"ListItem\",\"position\":2,\"name\":\"Kalas: Moskva ho\u0107e jo\u0161 rata, razmotri\u0107emo odnose sa Izraelom, EU mora da poka\u017ee rezultate\"}]},{\"@type\":\"WebSite\",\"@id\":\"https:\\\/\\\/dmcsrb.com\\\/#website\",\"url\":\"https:\\\/\\\/dmcsrb.com\\\/\",\"name\":\"dmcsrb.com\",\"description\":\"\",\"potentialAction\":[{\"@type\":\"SearchAction\",\"target\":{\"@type\":\"EntryPoint\",\"urlTemplate\":\"https:\\\/\\\/dmcsrb.com\\\/?s={search_term_string}\"},\"query-input\":{\"@type\":\"PropertyValueSpecification\",\"valueRequired\":true,\"valueName\":\"search_term_string\"}}],\"inLanguage\":\"en-GB\"},{\"@type\":\"Person\",\"@id\":\"https:\\\/\\\/dmcsrb.com\\\/#\\\/schema\\\/person\\\/5c39170f12db1b8b457732d0b5c854e2\",\"name\":\"dmcsrbija.com@gmail.com\",\"image\":{\"@type\":\"ImageObject\",\"inLanguage\":\"en-GB\",\"@id\":\"https:\\\/\\\/secure.gravatar.com\\\/avatar\\\/68592660ad6347fad0fb587f8d5d8f1a7b44961362f56e4f2cd524feb87e9069?s=96&d=mm&r=g\",\"url\":\"https:\\\/\\\/secure.gravatar.com\\\/avatar\\\/68592660ad6347fad0fb587f8d5d8f1a7b44961362f56e4f2cd524feb87e9069?s=96&d=mm&r=g\",\"contentUrl\":\"https:\\\/\\\/secure.gravatar.com\\\/avatar\\\/68592660ad6347fad0fb587f8d5d8f1a7b44961362f56e4f2cd524feb87e9069?s=96&d=mm&r=g\",\"caption\":\"dmcsrbija.com@gmail.com\"},\"sameAs\":[\"https:\\\/\\\/dmcsrb.com\"],\"url\":\"https:\\\/\\\/dmcsrb.com\\\/en\\\/author\\\/dmcsrbija-comgmail-com\\\/\"}]}<\/script>\n<!-- \/ Yoast SEO plugin. -->","yoast_head_json":{"title":"Kalas: Moskva ho\u0107e jo\u0161 rata, razmotri\u0107emo odnose sa Izraelom, EU mora da poka\u017ee rezultate - dmcsrb.com","robots":{"index":"index","follow":"follow","max-snippet":"max-snippet:-1","max-image-preview":"max-image-preview:large","max-video-preview":"max-video-preview:-1"},"canonical":"https:\/\/dmcsrb.com\/en\/svijet\/kalas-moskva-hoce-jos-rata-razmotricemo-odnose-sa-izraelom-eu-mora-da-pokaze-rezultate\/","og_locale":"en_GB","og_type":"article","og_title":"Kalas: Moskva ho\u0107e jo\u0161 rata, razmotri\u0107emo odnose sa Izraelom, EU mora da poka\u017ee rezultate - dmcsrb.com","og_description":"Visoka predstavnica Evropske unije za spoljnu politiku i bezbednost Kaja Kalas izjavila je posle neformalnog sastanka ministara spoljnih poslova Evropske unije da Rusija ne pokazuje nameru da okon\u010da rat u Ukrajini, ve\u0107 se priprema za njegovo intenziviranje.","og_url":"https:\/\/dmcsrb.com\/en\/svijet\/kalas-moskva-hoce-jos-rata-razmotricemo-odnose-sa-izraelom-eu-mora-da-pokaze-rezultate\/","og_site_name":"dmcsrb.com","article_published_time":"2025-08-31T13:13:00+00:00","og_image":[{"width":1009,"height":651,"url":"https:\/\/dmcsrb.com\/wp-content\/uploads\/2026\/01\/Kaja-Kalas-Estonija-foto-AP.jpg","type":"image\/jpeg"}],"author":"dmcsrbija.com@gmail.com","twitter_card":"summary_large_image","twitter_misc":{"Written by":"dmcsrbija.com@gmail.com","Estimated reading time":"3 minutes"},"schema":{"@context":"https:\/\/schema.org","@graph":[{"@type":"Article","@id":"https:\/\/dmcsrb.com\/svijet\/kalas-moskva-hoce-jos-rata-razmotricemo-odnose-sa-izraelom-eu-mora-da-pokaze-rezultate\/#article","isPartOf":{"@id":"https:\/\/dmcsrb.com\/svijet\/kalas-moskva-hoce-jos-rata-razmotricemo-odnose-sa-izraelom-eu-mora-da-pokaze-rezultate\/"},"author":{"name":"dmcsrbija.com@gmail.com","@id":"https:\/\/dmcsrb.com\/#\/schema\/person\/5c39170f12db1b8b457732d0b5c854e2"},"headline":"Kalas: Moskva ho\u0107e jo\u0161 rata, razmotri\u0107emo odnose sa Izraelom, EU mora da poka\u017ee rezultate","datePublished":"2025-08-31T13:13:00+00:00","mainEntityOfPage":{"@id":"https:\/\/dmcsrb.com\/svijet\/kalas-moskva-hoce-jos-rata-razmotricemo-odnose-sa-izraelom-eu-mora-da-pokaze-rezultate\/"},"wordCount":600,"commentCount":0,"image":{"@id":"https:\/\/dmcsrb.com\/svijet\/kalas-moskva-hoce-jos-rata-razmotricemo-odnose-sa-izraelom-eu-mora-da-pokaze-rezultate\/#primaryimage"},"thumbnailUrl":"https:\/\/dmcsrb.com\/wp-content\/uploads\/2026\/01\/Kaja-Kalas-Estonija-foto-AP.jpg","keywords":["Kaja Kalas"],"articleSection":["Svijet"],"inLanguage":"en-GB","potentialAction":[{"@type":"CommentAction","name":"Comment","target":["https:\/\/dmcsrb.com\/svijet\/kalas-moskva-hoce-jos-rata-razmotricemo-odnose-sa-izraelom-eu-mora-da-pokaze-rezultate\/#respond"]}]},{"@type":"WebPage","@id":"https:\/\/dmcsrb.com\/svijet\/kalas-moskva-hoce-jos-rata-razmotricemo-odnose-sa-izraelom-eu-mora-da-pokaze-rezultate\/","url":"https:\/\/dmcsrb.com\/svijet\/kalas-moskva-hoce-jos-rata-razmotricemo-odnose-sa-izraelom-eu-mora-da-pokaze-rezultate\/","name":"Kalas: Moskva ho\u0107e jo\u0161 rata, razmotri\u0107emo odnose sa Izraelom, EU mora da poka\u017ee rezultate - dmcsrb.com","isPartOf":{"@id":"https:\/\/dmcsrb.com\/#website"},"primaryImageOfPage":{"@id":"https:\/\/dmcsrb.com\/svijet\/kalas-moskva-hoce-jos-rata-razmotricemo-odnose-sa-izraelom-eu-mora-da-pokaze-rezultate\/#primaryimage"},"image":{"@id":"https:\/\/dmcsrb.com\/svijet\/kalas-moskva-hoce-jos-rata-razmotricemo-odnose-sa-izraelom-eu-mora-da-pokaze-rezultate\/#primaryimage"},"thumbnailUrl":"https:\/\/dmcsrb.com\/wp-content\/uploads\/2026\/01\/Kaja-Kalas-Estonija-foto-AP.jpg","datePublished":"2025-08-31T13:13:00+00:00","author":{"@id":"https:\/\/dmcsrb.com\/#\/schema\/person\/5c39170f12db1b8b457732d0b5c854e2"},"breadcrumb":{"@id":"https:\/\/dmcsrb.com\/svijet\/kalas-moskva-hoce-jos-rata-razmotricemo-odnose-sa-izraelom-eu-mora-da-pokaze-rezultate\/#breadcrumb"},"inLanguage":"en-GB","potentialAction":[{"@type":"ReadAction","target":["https:\/\/dmcsrb.com\/svijet\/kalas-moskva-hoce-jos-rata-razmotricemo-odnose-sa-izraelom-eu-mora-da-pokaze-rezultate\/"]}]},{"@type":"ImageObject","inLanguage":"en-GB","@id":"https:\/\/dmcsrb.com\/svijet\/kalas-moskva-hoce-jos-rata-razmotricemo-odnose-sa-izraelom-eu-mora-da-pokaze-rezultate\/#primaryimage","url":"https:\/\/dmcsrb.com\/wp-content\/uploads\/2026\/01\/Kaja-Kalas-Estonija-foto-AP.jpg","contentUrl":"https:\/\/dmcsrb.com\/wp-content\/uploads\/2026\/01\/Kaja-Kalas-Estonija-foto-AP.jpg","width":1009,"height":651},{"@type":"BreadcrumbList","@id":"https:\/\/dmcsrb.com\/svijet\/kalas-moskva-hoce-jos-rata-razmotricemo-odnose-sa-izraelom-eu-mora-da-pokaze-rezultate\/#breadcrumb","itemListElement":[{"@type":"ListItem","position":1,"name":"Home","item":"https:\/\/dmcsrb.com\/"},{"@type":"ListItem","position":2,"name":"Kalas: Moskva ho\u0107e jo\u0161 rata, razmotri\u0107emo odnose sa Izraelom, EU mora da poka\u017ee rezultate"}]},{"@type":"WebSite","@id":"https:\/\/dmcsrb.com\/#website","url":"https:\/\/dmcsrb.com\/","name":"dmcsrb.com","description":"","potentialAction":[{"@type":"SearchAction","target":{"@type":"EntryPoint","urlTemplate":"https:\/\/dmcsrb.com\/?s={search_term_string}"},"query-input":{"@type":"PropertyValueSpecification","valueRequired":true,"valueName":"search_term_string"}}],"inLanguage":"en-GB"},{"@type":"Person","@id":"https:\/\/dmcsrb.com\/#\/schema\/person\/5c39170f12db1b8b457732d0b5c854e2","name":"dmcsrbija.com@gmail.com","image":{"@type":"ImageObject","inLanguage":"en-GB","@id":"https:\/\/secure.gravatar.com\/avatar\/68592660ad6347fad0fb587f8d5d8f1a7b44961362f56e4f2cd524feb87e9069?s=96&d=mm&r=g","url":"https:\/\/secure.gravatar.com\/avatar\/68592660ad6347fad0fb587f8d5d8f1a7b44961362f56e4f2cd524feb87e9069?s=96&d=mm&r=g","contentUrl":"https:\/\/secure.gravatar.com\/avatar\/68592660ad6347fad0fb587f8d5d8f1a7b44961362f56e4f2cd524feb87e9069?s=96&d=mm&r=g","caption":"dmcsrbija.com@gmail.com"},"sameAs":["https:\/\/dmcsrb.com"],"url":"https:\/\/dmcsrb.com\/en\/author\/dmcsrbija-comgmail-com\/"}]}},"_links":{"self":[{"href":"https:\/\/dmcsrb.com\/en\/wp-json\/wp\/v2\/posts\/949367","targetHints":{"allow":["GET"]}}],"collection":[{"href":"https:\/\/dmcsrb.com\/en\/wp-json\/wp\/v2\/posts"}],"about":[{"href":"https:\/\/dmcsrb.com\/en\/wp-json\/wp\/v2\/types\/post"}],"author":[{"embeddable":true,"href":"https:\/\/dmcsrb.com\/en\/wp-json\/wp\/v2\/users\/1"}],"replies":[{"embeddable":true,"href":"https:\/\/dmcsrb.com\/en\/wp-json\/wp\/v2\/comments?post=949367"}],"version-history":[{"count":0,"href":"https:\/\/dmcsrb.com\/en\/wp-json\/wp\/v2\/posts\/949367\/revisions"}],"wp:featuredmedia":[{"embeddable":true,"href":"https:\/\/dmcsrb.com\/en\/wp-json\/wp\/v2\/media\/917198"}],"wp:attachment":[{"href":"https:\/\/dmcsrb.com\/en\/wp-json\/wp\/v2\/media?parent=949367"}],"wp:term":[{"taxonomy":"category","embeddable":true,"href":"https:\/\/dmcsrb.com\/en\/wp-json\/wp\/v2\/categories?post=949367"},{"taxonomy":"post_tag","embeddable":true,"href":"https:\/\/dmcsrb.com\/en\/wp-json\/wp\/v2\/tags?post=949367"},{"taxonomy":"naslovna","embeddable":true,"href":"https:\/\/dmcsrb.com\/en\/wp-json\/wp\/v2\/naslovna?post=949367"}],"curies":[{"name":"wp","href":"https:\/\/api.w.org\/{rel}","templated":true}]}}