{"id":949231,"date":"2025-08-30T17:00:00","date_gmt":"2025-08-30T15:00:00","guid":{"rendered":"https:\/\/dmcsrb.com\/uncategorized\/video-pet-godina-od-promjene-vlasti-odbornici-u-glavnom-gradu-saglasni-da-je-veci-zivotni-standard-i-stepen-slobode-govora\/"},"modified":"2025-08-30T17:00:00","modified_gmt":"2025-08-30T15:00:00","slug":"video-pet-godina-od-promjene-vlasti-odbornici-u-glavnom-gradu-saglasni-da-je-veci-zivotni-standard-i-stepen-slobode-govora","status":"publish","type":"post","link":"https:\/\/dmcsrb.com\/en\/politika\/video-pet-godina-od-promjene-vlasti-odbornici-u-glavnom-gradu-saglasni-da-je-veci-zivotni-standard-i-stepen-slobode-govora\/","title":{"rendered":"(VIDEO) Pet godina od promjene vlasti: Odbornici u Glavnom gradu saglasni da je ve\u0107i \u017eivotni standard i stepen slobode govora"},"content":{"rendered":"<p><\/p>\n\n\n\n<p>30. avgusta 2020. godine ve\u0107ina Crne Gore, okupljena u koaliciji oko Demokratskog fronta, Demokratske Crne Gore i Gra\u0111anskog pokreta URA, slavila je smjenu Demokratske partije socijalista. Odbornike podgori\u010dke skup\u0161tine upitali smo gdje je Crna Gora pet godina nakon smjene trodecenijskog re\u017eima. Za predstavnike skup\u0161tinske ve\u0107ine mnogo je pozitivnih promjena, a sloboda govora najve\u0107a je vrijednost posttridesetoavgustovske vlasti.<\/p>\n\n\n\n<figure class=\"wp-block-image size-large\"><img decoding=\"async\" src=\"https:\/\/gradski.me\/wp-content\/uploads\/2025\/08\/susic-1024x496.jpg\" alt=\"\" class=\"wp-image-823575\"\/><\/figure>\n\n\n\n<p>&#8220;Osnovna promjena koja je nastupila u ovom dru\u0161tvu, \u0161to je bila te\u017enja tridesetoavgustovske ve\u0107ine, jeste \u0161to je zna\u010dajno pove\u0107an stepen sloboda u Crnoj Gori. Kako politi\u010dikih, odnosno nacionalnih, vjerskih i ostalih identitetskih, tako i ekonomskih, odnosno ljudi su pove\u0107anjem \u017eivotnog standarda drasti\u010dnim pove\u0107anjem plata, nezavisniji u izboru i rada i zanimanja i svega onog \u0161to determini\u0161e \u017eivot u jednom prostoru&#8221;, kazao je Mitar \u0160u\u0161i\u0107 iz NSD-a.<\/p>\n\n\n\n<p>Tamara Crnogor\u010di\u0107, odbornica PES-a, isti\u010de da su ovih pet godina i promjenu te vlasti obilje\u017eili  programi Evropa sad 1 i Evropa sad 2, koji su fokusirani na pobolj\u0161anje \u017eivotnog standarda gra\u0111ana.<\/p>\n\n\n\n<figure class=\"wp-block-image size-large\"><img decoding=\"async\" src=\"https:\/\/gradski.me\/wp-content\/uploads\/2025\/08\/tamara-1024x489.jpg\" alt=\"\" class=\"wp-image-823576\"\/><\/figure>\n\n\n\n<p>&#8220;Da su zadovoljni u\u010dinjenim, jesu zadovoljni, da mo\u017ee bolje, naravno da mo\u017ee&#8221;, dodaje.<\/p>\n\n\n\n<p>Odbornik Demokrata, Mitar Paunovi\u0107 navodi da su brojke jasne kada je u pitanju prosje\u010dna plata koja je ve\u0107 prema\u0161ila 1000 eura minimalne zarade koje su koje su sa nepunih 200 eura do\u0161le na 600 ili 800 eura.<\/p>\n\n\n\n<figure class=\"wp-block-image size-large\"><img decoding=\"async\" src=\"https:\/\/gradski.me\/wp-content\/uploads\/2025\/08\/mitar-pa-1024x468.jpg\" alt=\"\" class=\"wp-image-823577\"\/><\/figure>\n\n\n\n<p>&#8220;Pored toga minimalna penzija podignuta na 400 eura sa nekada\u0161njih ispod 200 eura. Pored toga, dje\u010diji dodaci, naknade za novoro\u0111en\u010dad, to su sve mjerljivi rezultati boljeg \u017eivota u Crnoj Gori. Ja bih rekao da se svakim korakom i danom vidi&#8221;, dodaje on.<\/p>\n\n\n\n<p>Iz opozicionih klupa smatraju da je svaka smjena vlasti korisna, ali da za pet godina nije mnogo konkretnih pomaka u dru\u0161tveno-politi\u010dkom \u017eivotu.<\/p>\n\n\n\n<figure class=\"wp-block-image size-large\"><img decoding=\"async\" src=\"https:\/\/gradski.me\/wp-content\/uploads\/2025\/08\/peric-1024x501.jpg\" alt=\"\" class=\"wp-image-823578\"\/><\/figure>\n\n\n\n<p>&#8220;U ovom slu\u010daju mi osim te nominalne promjene nijesmo dobili gotovo ni\u0161ta, sistem vlasti je ostao netaknut, na\u010din na koji se \u010duva i obezbje\u0111uje vlast su sostali netaknuti, svi instrumenti prethodne vlasti koji se odnose na o\u010duvanje vlasti su u nekim slu\u010dajevima \u010dak i unaprije\u0111eni, \u0161to dovodi do toga da mo\u017eemo smatrati da klju\u010dno obe\u0107anje o tome da \u0107e se promijeniti na\u010din upravljanja nije ispunjen. Vi i dalje imate partijska zapo\u0161ljavanja, kadrovska namje\u0161tenja od strane partije, i dalje se potencijal dru\u0161tva ne ispunjava u tom kapacitetu time \u0161to \u0107ete imenovati najbolje i najsposobnije na najodgovornije pozicije, i dalje imamo problem odlaska mladih&#8221;, kazao je Sr\u0111an Peri\u0107 iz Pokreta Preokret.<\/p>\n\n\n\n<p>Da je prostora za dodatni razvoj i napredovanje na pretek, smatraju i odbornici skup\u0161tinske ve\u0107ine.<\/p>\n\n\n\n<p>&#8220;Vidimo jednu heterogenost vlasti, vidimo jednu smjenu vlasti, \u0161to moramo ponovo ocijeniti kao jednim dobrim korakom, ali generalno stabilnost kao stabilnost sigurno da ne postoji. Moramo mnogo vi\u0161e raditi na polju vladavine prava, koje je jedno od uslova ulaska u EU i mislim da je to jedno polje na koje definitivno moramo mnogo vi\u0161e raditi&#8221;, smatra odbornik Pokreta za Podgoricu Milo\u0161 Krstovi\u0107.<\/p>\n\n\n\n<figure class=\"wp-block-image size-large\"><img decoding=\"async\" src=\"https:\/\/gradski.me\/wp-content\/uploads\/2025\/08\/krst-1024x496.jpg\" alt=\"\" class=\"wp-image-823579\"\/><\/figure>\n\n\n\n<p>\u0160u\u0161i\u0107 ka\u017ee da vjeruje da smo postigli nivo demokratije i slobode koji pomalo zna da bude i iritantan za gra\u0111ane.<\/p>\n\n\n\n<p>&#8220;To je ne\u0161to sa \u010dim trenutno \u017eivimo i vjerujem da \u0107emo se u tom smislu popravljati u narednim godinama&#8221;, dodaje.<\/p>\n\n\n\n<p>&#8220;Da li uvijek mo\u017ee bolje i da li \u0107e u narednom periodu biti bolje s obzirom da znamo da vlast nije trajala pet godina i da su se de\u0161avali prekidi, kada je vlast preuzimala DPS. Aktuelna Vlada je preuzela vlast u novembru 2023. godine, tako da ima jo\u0161 vremena do 2027. godine da bude jo\u0161 rezultata&#8221;, zaklju\u010dio je Paunovi\u0107.<\/p>\n\n\n\n<p>Podgori\u010dki odbornici su saglasni da su javni diskurs i sloboda u izja\u0161njavanju, kritici i govoru veoma va\u017eni, te da se na pove\u0107anju demokratskih standarda u proteklih pet godina uradilo mnogo. Nagla\u0161avaju da smo kao dru\u0161tvo tek na po\u010detku reformskog procesa i da ogromne reforme tek o\u010dekuju Crnu Goru.<\/p>\n\n\n\n<figure class=\"wp-block-embed is-type-video is-provider-youtube wp-block-embed-youtube wp-embed-aspect-16-9 wp-has-aspect-ratio\"><div class=\"wp-block-embed__wrapper\">\n<iframe loading=\"lazy\" title=\"Pet godina od promjene vlasti u Crnoj Gori\" width=\"500\" height=\"281\" src=\"https:\/\/www.youtube.com\/embed\/2ng29sqElkc?feature=oembed\" frameborder=\"0\" allow=\"accelerometer; autoplay; clipboard-write; encrypted-media; gyroscope; picture-in-picture; web-share\" referrerpolicy=\"strict-origin-when-cross-origin\" allowfullscreen><\/iframe>\n<\/div><\/figure>","protected":false},"excerpt":{"rendered":"<p>Pet je godina od promjene vlasti u Crnoj Gori, kada je nakon gotovo 30 godina vladavine Demokratska partija socijalista sjela u opozicione klupe. Odbornici u gradskoj Skup\u0161tini su saglasni da je od 2020. godine stepen slobode govora i kritike vlasti mnogo ve\u0107i, ali da se jo\u0161 mnogo toga mora uraditi na polju vladavine prava.\u00a0<\/p>","protected":false},"author":1,"featured_media":949232,"comment_status":"open","ping_status":"open","sticky":false,"template":"","format":"standard","meta":{"_acf_changed":false,"footnotes":""},"categories":[12],"tags":[6437,63,2898,2475,12732,5030,5210],"naslovna":[],"class_list":["post-949231","post","type-post","status-publish","format-standard","has-post-thumbnail","hentry","category-politika","tag-30-avgust","tag-dps","tag-milos-krstovic","tag-mitar-paunovic","tag-mitar-susic","tag-srdjan-peric","tag-tamara-crnogorcic"],"acf":[],"yoast_head":"<!-- This site is optimized with the Yoast SEO plugin v27.4 - https:\/\/yoast.com\/product\/yoast-seo-wordpress\/ -->\n<title>(VIDEO) Pet godina od promjene vlasti: Odbornici u Glavnom gradu saglasni da je ve\u0107i \u017eivotni standard i stepen slobode govora - dmcsrb.com<\/title>\n<meta name=\"robots\" content=\"index, follow, max-snippet:-1, max-image-preview:large, max-video-preview:-1\" \/>\n<link rel=\"canonical\" href=\"https:\/\/dmcsrb.com\/en\/politika\/video-pet-godina-od-promjene-vlasti-odbornici-u-glavnom-gradu-saglasni-da-je-veci-zivotni-standard-i-stepen-slobode-govora\/\" \/>\n<meta property=\"og:locale\" content=\"en_GB\" \/>\n<meta property=\"og:type\" content=\"article\" \/>\n<meta property=\"og:title\" content=\"(VIDEO) Pet godina od promjene vlasti: Odbornici u Glavnom gradu saglasni da je ve\u0107i \u017eivotni standard i stepen slobode govora - dmcsrb.com\" \/>\n<meta property=\"og:description\" content=\"Pet je godina od promjene vlasti u Crnoj Gori, kada je nakon gotovo 30 godina vladavine Demokratska partija socijalista sjela u opozicione klupe. Odbornici u gradskoj Skup\u0161tini su saglasni da je od 2020. godine stepen slobode govora i kritike vlasti mnogo ve\u0107i, ali da se jo\u0161 mnogo toga mora uraditi na polju vladavine prava.\u00a0\" \/>\n<meta property=\"og:url\" content=\"https:\/\/dmcsrb.com\/en\/politika\/video-pet-godina-od-promjene-vlasti-odbornici-u-glavnom-gradu-saglasni-da-je-veci-zivotni-standard-i-stepen-slobode-govora\/\" \/>\n<meta property=\"og:site_name\" content=\"dmcsrb.com\" \/>\n<meta property=\"article:published_time\" content=\"2025-08-30T15:00:00+00:00\" \/>\n<meta property=\"og:image\" content=\"https:\/\/dmcsrb.com\/wp-content\/uploads\/2026\/01\/sk.webp\" \/>\n\t<meta property=\"og:image:width\" content=\"1831\" \/>\n\t<meta property=\"og:image:height\" content=\"883\" \/>\n\t<meta property=\"og:image:type\" content=\"image\/jpeg\" \/>\n<meta name=\"author\" content=\"dmcsrbija.com@gmail.com\" \/>\n<meta name=\"twitter:card\" content=\"summary_large_image\" \/>\n<meta name=\"twitter:label1\" content=\"Written by\" \/>\n\t<meta name=\"twitter:data1\" content=\"dmcsrbija.com@gmail.com\" \/>\n\t<meta name=\"twitter:label2\" content=\"Estimated reading time\" \/>\n\t<meta name=\"twitter:data2\" content=\"3 minutes\" \/>\n<script type=\"application\/ld+json\" class=\"yoast-schema-graph\">{\"@context\":\"https:\\\/\\\/schema.org\",\"@graph\":[{\"@type\":\"Article\",\"@id\":\"https:\\\/\\\/dmcsrb.com\\\/politika\\\/video-pet-godina-od-promjene-vlasti-odbornici-u-glavnom-gradu-saglasni-da-je-veci-zivotni-standard-i-stepen-slobode-govora\\\/#article\",\"isPartOf\":{\"@id\":\"https:\\\/\\\/dmcsrb.com\\\/politika\\\/video-pet-godina-od-promjene-vlasti-odbornici-u-glavnom-gradu-saglasni-da-je-veci-zivotni-standard-i-stepen-slobode-govora\\\/\"},\"author\":{\"name\":\"dmcsrbija.com@gmail.com\",\"@id\":\"https:\\\/\\\/dmcsrb.com\\\/#\\\/schema\\\/person\\\/5c39170f12db1b8b457732d0b5c854e2\"},\"headline\":\"(VIDEO) Pet godina od promjene vlasti: Odbornici u Glavnom gradu saglasni da je ve\u0107i \u017eivotni standard i stepen slobode govora\",\"datePublished\":\"2025-08-30T15:00:00+00:00\",\"mainEntityOfPage\":{\"@id\":\"https:\\\/\\\/dmcsrb.com\\\/politika\\\/video-pet-godina-od-promjene-vlasti-odbornici-u-glavnom-gradu-saglasni-da-je-veci-zivotni-standard-i-stepen-slobode-govora\\\/\"},\"wordCount\":685,\"commentCount\":0,\"image\":{\"@id\":\"https:\\\/\\\/dmcsrb.com\\\/politika\\\/video-pet-godina-od-promjene-vlasti-odbornici-u-glavnom-gradu-saglasni-da-je-veci-zivotni-standard-i-stepen-slobode-govora\\\/#primaryimage\"},\"thumbnailUrl\":\"https:\\\/\\\/dmcsrb.com\\\/wp-content\\\/uploads\\\/2026\\\/01\\\/sk.webp\",\"keywords\":[\"30. Avgust\",\"DPS\",\"Milo\u0161 Krstovi\u0107\",\"Mitar Paunovi\u0107\",\"Mitar \u0160u\u0161i\u0107\",\"Sr\u0111an Peri\u0107\",\"Tamara Crnogor\u010di\u0107\"],\"articleSection\":[\"Politika\"],\"inLanguage\":\"en-GB\",\"potentialAction\":[{\"@type\":\"CommentAction\",\"name\":\"Comment\",\"target\":[\"https:\\\/\\\/dmcsrb.com\\\/politika\\\/video-pet-godina-od-promjene-vlasti-odbornici-u-glavnom-gradu-saglasni-da-je-veci-zivotni-standard-i-stepen-slobode-govora\\\/#respond\"]}]},{\"@type\":\"WebPage\",\"@id\":\"https:\\\/\\\/dmcsrb.com\\\/politika\\\/video-pet-godina-od-promjene-vlasti-odbornici-u-glavnom-gradu-saglasni-da-je-veci-zivotni-standard-i-stepen-slobode-govora\\\/\",\"url\":\"https:\\\/\\\/dmcsrb.com\\\/politika\\\/video-pet-godina-od-promjene-vlasti-odbornici-u-glavnom-gradu-saglasni-da-je-veci-zivotni-standard-i-stepen-slobode-govora\\\/\",\"name\":\"(VIDEO) Pet godina od promjene vlasti: Odbornici u Glavnom gradu saglasni da je ve\u0107i \u017eivotni standard i stepen slobode govora - dmcsrb.com\",\"isPartOf\":{\"@id\":\"https:\\\/\\\/dmcsrb.com\\\/#website\"},\"primaryImageOfPage\":{\"@id\":\"https:\\\/\\\/dmcsrb.com\\\/politika\\\/video-pet-godina-od-promjene-vlasti-odbornici-u-glavnom-gradu-saglasni-da-je-veci-zivotni-standard-i-stepen-slobode-govora\\\/#primaryimage\"},\"image\":{\"@id\":\"https:\\\/\\\/dmcsrb.com\\\/politika\\\/video-pet-godina-od-promjene-vlasti-odbornici-u-glavnom-gradu-saglasni-da-je-veci-zivotni-standard-i-stepen-slobode-govora\\\/#primaryimage\"},\"thumbnailUrl\":\"https:\\\/\\\/dmcsrb.com\\\/wp-content\\\/uploads\\\/2026\\\/01\\\/sk.webp\",\"datePublished\":\"2025-08-30T15:00:00+00:00\",\"author\":{\"@id\":\"https:\\\/\\\/dmcsrb.com\\\/#\\\/schema\\\/person\\\/5c39170f12db1b8b457732d0b5c854e2\"},\"breadcrumb\":{\"@id\":\"https:\\\/\\\/dmcsrb.com\\\/politika\\\/video-pet-godina-od-promjene-vlasti-odbornici-u-glavnom-gradu-saglasni-da-je-veci-zivotni-standard-i-stepen-slobode-govora\\\/#breadcrumb\"},\"inLanguage\":\"en-GB\",\"potentialAction\":[{\"@type\":\"ReadAction\",\"target\":[\"https:\\\/\\\/dmcsrb.com\\\/politika\\\/video-pet-godina-od-promjene-vlasti-odbornici-u-glavnom-gradu-saglasni-da-je-veci-zivotni-standard-i-stepen-slobode-govora\\\/\"]}]},{\"@type\":\"ImageObject\",\"inLanguage\":\"en-GB\",\"@id\":\"https:\\\/\\\/dmcsrb.com\\\/politika\\\/video-pet-godina-od-promjene-vlasti-odbornici-u-glavnom-gradu-saglasni-da-je-veci-zivotni-standard-i-stepen-slobode-govora\\\/#primaryimage\",\"url\":\"https:\\\/\\\/dmcsrb.com\\\/wp-content\\\/uploads\\\/2026\\\/01\\\/sk.webp\",\"contentUrl\":\"https:\\\/\\\/dmcsrb.com\\\/wp-content\\\/uploads\\\/2026\\\/01\\\/sk.webp\",\"width\":1831,\"height\":883},{\"@type\":\"BreadcrumbList\",\"@id\":\"https:\\\/\\\/dmcsrb.com\\\/politika\\\/video-pet-godina-od-promjene-vlasti-odbornici-u-glavnom-gradu-saglasni-da-je-veci-zivotni-standard-i-stepen-slobode-govora\\\/#breadcrumb\",\"itemListElement\":[{\"@type\":\"ListItem\",\"position\":1,\"name\":\"Home\",\"item\":\"https:\\\/\\\/dmcsrb.com\\\/\"},{\"@type\":\"ListItem\",\"position\":2,\"name\":\"(VIDEO) Pet godina od promjene vlasti: Odbornici u Glavnom gradu saglasni da je ve\u0107i \u017eivotni standard i stepen slobode govora\"}]},{\"@type\":\"WebSite\",\"@id\":\"https:\\\/\\\/dmcsrb.com\\\/#website\",\"url\":\"https:\\\/\\\/dmcsrb.com\\\/\",\"name\":\"dmcsrb.com\",\"description\":\"\",\"potentialAction\":[{\"@type\":\"SearchAction\",\"target\":{\"@type\":\"EntryPoint\",\"urlTemplate\":\"https:\\\/\\\/dmcsrb.com\\\/?s={search_term_string}\"},\"query-input\":{\"@type\":\"PropertyValueSpecification\",\"valueRequired\":true,\"valueName\":\"search_term_string\"}}],\"inLanguage\":\"en-GB\"},{\"@type\":\"Person\",\"@id\":\"https:\\\/\\\/dmcsrb.com\\\/#\\\/schema\\\/person\\\/5c39170f12db1b8b457732d0b5c854e2\",\"name\":\"dmcsrbija.com@gmail.com\",\"image\":{\"@type\":\"ImageObject\",\"inLanguage\":\"en-GB\",\"@id\":\"https:\\\/\\\/secure.gravatar.com\\\/avatar\\\/68592660ad6347fad0fb587f8d5d8f1a7b44961362f56e4f2cd524feb87e9069?s=96&d=mm&r=g\",\"url\":\"https:\\\/\\\/secure.gravatar.com\\\/avatar\\\/68592660ad6347fad0fb587f8d5d8f1a7b44961362f56e4f2cd524feb87e9069?s=96&d=mm&r=g\",\"contentUrl\":\"https:\\\/\\\/secure.gravatar.com\\\/avatar\\\/68592660ad6347fad0fb587f8d5d8f1a7b44961362f56e4f2cd524feb87e9069?s=96&d=mm&r=g\",\"caption\":\"dmcsrbija.com@gmail.com\"},\"sameAs\":[\"https:\\\/\\\/dmcsrb.com\"],\"url\":\"https:\\\/\\\/dmcsrb.com\\\/en\\\/author\\\/dmcsrbija-comgmail-com\\\/\"}]}<\/script>\n<!-- \/ Yoast SEO plugin. -->","yoast_head_json":{"title":"(VIDEO) Pet godina od promjene vlasti: Odbornici u Glavnom gradu saglasni da je ve\u0107i \u017eivotni standard i stepen slobode govora - dmcsrb.com","robots":{"index":"index","follow":"follow","max-snippet":"max-snippet:-1","max-image-preview":"max-image-preview:large","max-video-preview":"max-video-preview:-1"},"canonical":"https:\/\/dmcsrb.com\/en\/politika\/video-pet-godina-od-promjene-vlasti-odbornici-u-glavnom-gradu-saglasni-da-je-veci-zivotni-standard-i-stepen-slobode-govora\/","og_locale":"en_GB","og_type":"article","og_title":"(VIDEO) Pet godina od promjene vlasti: Odbornici u Glavnom gradu saglasni da je ve\u0107i \u017eivotni standard i stepen slobode govora - dmcsrb.com","og_description":"Pet je godina od promjene vlasti u Crnoj Gori, kada je nakon gotovo 30 godina vladavine Demokratska partija socijalista sjela u opozicione klupe. Odbornici u gradskoj Skup\u0161tini su saglasni da je od 2020. godine stepen slobode govora i kritike vlasti mnogo ve\u0107i, ali da se jo\u0161 mnogo toga mora uraditi na polju vladavine prava.\u00a0","og_url":"https:\/\/dmcsrb.com\/en\/politika\/video-pet-godina-od-promjene-vlasti-odbornici-u-glavnom-gradu-saglasni-da-je-veci-zivotni-standard-i-stepen-slobode-govora\/","og_site_name":"dmcsrb.com","article_published_time":"2025-08-30T15:00:00+00:00","og_image":[{"width":1831,"height":883,"url":"https:\/\/dmcsrb.com\/wp-content\/uploads\/2026\/01\/sk.webp","type":"image\/jpeg"}],"author":"dmcsrbija.com@gmail.com","twitter_card":"summary_large_image","twitter_misc":{"Written by":"dmcsrbija.com@gmail.com","Estimated reading time":"3 minutes"},"schema":{"@context":"https:\/\/schema.org","@graph":[{"@type":"Article","@id":"https:\/\/dmcsrb.com\/politika\/video-pet-godina-od-promjene-vlasti-odbornici-u-glavnom-gradu-saglasni-da-je-veci-zivotni-standard-i-stepen-slobode-govora\/#article","isPartOf":{"@id":"https:\/\/dmcsrb.com\/politika\/video-pet-godina-od-promjene-vlasti-odbornici-u-glavnom-gradu-saglasni-da-je-veci-zivotni-standard-i-stepen-slobode-govora\/"},"author":{"name":"dmcsrbija.com@gmail.com","@id":"https:\/\/dmcsrb.com\/#\/schema\/person\/5c39170f12db1b8b457732d0b5c854e2"},"headline":"(VIDEO) Pet godina od promjene vlasti: Odbornici u Glavnom gradu saglasni da je ve\u0107i \u017eivotni standard i stepen slobode govora","datePublished":"2025-08-30T15:00:00+00:00","mainEntityOfPage":{"@id":"https:\/\/dmcsrb.com\/politika\/video-pet-godina-od-promjene-vlasti-odbornici-u-glavnom-gradu-saglasni-da-je-veci-zivotni-standard-i-stepen-slobode-govora\/"},"wordCount":685,"commentCount":0,"image":{"@id":"https:\/\/dmcsrb.com\/politika\/video-pet-godina-od-promjene-vlasti-odbornici-u-glavnom-gradu-saglasni-da-je-veci-zivotni-standard-i-stepen-slobode-govora\/#primaryimage"},"thumbnailUrl":"https:\/\/dmcsrb.com\/wp-content\/uploads\/2026\/01\/sk.webp","keywords":["30. Avgust","DPS","Milo\u0161 Krstovi\u0107","Mitar Paunovi\u0107","Mitar \u0160u\u0161i\u0107","Sr\u0111an Peri\u0107","Tamara Crnogor\u010di\u0107"],"articleSection":["Politika"],"inLanguage":"en-GB","potentialAction":[{"@type":"CommentAction","name":"Comment","target":["https:\/\/dmcsrb.com\/politika\/video-pet-godina-od-promjene-vlasti-odbornici-u-glavnom-gradu-saglasni-da-je-veci-zivotni-standard-i-stepen-slobode-govora\/#respond"]}]},{"@type":"WebPage","@id":"https:\/\/dmcsrb.com\/politika\/video-pet-godina-od-promjene-vlasti-odbornici-u-glavnom-gradu-saglasni-da-je-veci-zivotni-standard-i-stepen-slobode-govora\/","url":"https:\/\/dmcsrb.com\/politika\/video-pet-godina-od-promjene-vlasti-odbornici-u-glavnom-gradu-saglasni-da-je-veci-zivotni-standard-i-stepen-slobode-govora\/","name":"(VIDEO) Pet godina od promjene vlasti: Odbornici u Glavnom gradu saglasni da je ve\u0107i \u017eivotni standard i stepen slobode govora - dmcsrb.com","isPartOf":{"@id":"https:\/\/dmcsrb.com\/#website"},"primaryImageOfPage":{"@id":"https:\/\/dmcsrb.com\/politika\/video-pet-godina-od-promjene-vlasti-odbornici-u-glavnom-gradu-saglasni-da-je-veci-zivotni-standard-i-stepen-slobode-govora\/#primaryimage"},"image":{"@id":"https:\/\/dmcsrb.com\/politika\/video-pet-godina-od-promjene-vlasti-odbornici-u-glavnom-gradu-saglasni-da-je-veci-zivotni-standard-i-stepen-slobode-govora\/#primaryimage"},"thumbnailUrl":"https:\/\/dmcsrb.com\/wp-content\/uploads\/2026\/01\/sk.webp","datePublished":"2025-08-30T15:00:00+00:00","author":{"@id":"https:\/\/dmcsrb.com\/#\/schema\/person\/5c39170f12db1b8b457732d0b5c854e2"},"breadcrumb":{"@id":"https:\/\/dmcsrb.com\/politika\/video-pet-godina-od-promjene-vlasti-odbornici-u-glavnom-gradu-saglasni-da-je-veci-zivotni-standard-i-stepen-slobode-govora\/#breadcrumb"},"inLanguage":"en-GB","potentialAction":[{"@type":"ReadAction","target":["https:\/\/dmcsrb.com\/politika\/video-pet-godina-od-promjene-vlasti-odbornici-u-glavnom-gradu-saglasni-da-je-veci-zivotni-standard-i-stepen-slobode-govora\/"]}]},{"@type":"ImageObject","inLanguage":"en-GB","@id":"https:\/\/dmcsrb.com\/politika\/video-pet-godina-od-promjene-vlasti-odbornici-u-glavnom-gradu-saglasni-da-je-veci-zivotni-standard-i-stepen-slobode-govora\/#primaryimage","url":"https:\/\/dmcsrb.com\/wp-content\/uploads\/2026\/01\/sk.webp","contentUrl":"https:\/\/dmcsrb.com\/wp-content\/uploads\/2026\/01\/sk.webp","width":1831,"height":883},{"@type":"BreadcrumbList","@id":"https:\/\/dmcsrb.com\/politika\/video-pet-godina-od-promjene-vlasti-odbornici-u-glavnom-gradu-saglasni-da-je-veci-zivotni-standard-i-stepen-slobode-govora\/#breadcrumb","itemListElement":[{"@type":"ListItem","position":1,"name":"Home","item":"https:\/\/dmcsrb.com\/"},{"@type":"ListItem","position":2,"name":"(VIDEO) Pet godina od promjene vlasti: Odbornici u Glavnom gradu saglasni da je ve\u0107i \u017eivotni standard i stepen slobode govora"}]},{"@type":"WebSite","@id":"https:\/\/dmcsrb.com\/#website","url":"https:\/\/dmcsrb.com\/","name":"dmcsrb.com","description":"","potentialAction":[{"@type":"SearchAction","target":{"@type":"EntryPoint","urlTemplate":"https:\/\/dmcsrb.com\/?s={search_term_string}"},"query-input":{"@type":"PropertyValueSpecification","valueRequired":true,"valueName":"search_term_string"}}],"inLanguage":"en-GB"},{"@type":"Person","@id":"https:\/\/dmcsrb.com\/#\/schema\/person\/5c39170f12db1b8b457732d0b5c854e2","name":"dmcsrbija.com@gmail.com","image":{"@type":"ImageObject","inLanguage":"en-GB","@id":"https:\/\/secure.gravatar.com\/avatar\/68592660ad6347fad0fb587f8d5d8f1a7b44961362f56e4f2cd524feb87e9069?s=96&d=mm&r=g","url":"https:\/\/secure.gravatar.com\/avatar\/68592660ad6347fad0fb587f8d5d8f1a7b44961362f56e4f2cd524feb87e9069?s=96&d=mm&r=g","contentUrl":"https:\/\/secure.gravatar.com\/avatar\/68592660ad6347fad0fb587f8d5d8f1a7b44961362f56e4f2cd524feb87e9069?s=96&d=mm&r=g","caption":"dmcsrbija.com@gmail.com"},"sameAs":["https:\/\/dmcsrb.com"],"url":"https:\/\/dmcsrb.com\/en\/author\/dmcsrbija-comgmail-com\/"}]}},"_links":{"self":[{"href":"https:\/\/dmcsrb.com\/en\/wp-json\/wp\/v2\/posts\/949231","targetHints":{"allow":["GET"]}}],"collection":[{"href":"https:\/\/dmcsrb.com\/en\/wp-json\/wp\/v2\/posts"}],"about":[{"href":"https:\/\/dmcsrb.com\/en\/wp-json\/wp\/v2\/types\/post"}],"author":[{"embeddable":true,"href":"https:\/\/dmcsrb.com\/en\/wp-json\/wp\/v2\/users\/1"}],"replies":[{"embeddable":true,"href":"https:\/\/dmcsrb.com\/en\/wp-json\/wp\/v2\/comments?post=949231"}],"version-history":[{"count":0,"href":"https:\/\/dmcsrb.com\/en\/wp-json\/wp\/v2\/posts\/949231\/revisions"}],"wp:featuredmedia":[{"embeddable":true,"href":"https:\/\/dmcsrb.com\/en\/wp-json\/wp\/v2\/media\/949232"}],"wp:attachment":[{"href":"https:\/\/dmcsrb.com\/en\/wp-json\/wp\/v2\/media?parent=949231"}],"wp:term":[{"taxonomy":"category","embeddable":true,"href":"https:\/\/dmcsrb.com\/en\/wp-json\/wp\/v2\/categories?post=949231"},{"taxonomy":"post_tag","embeddable":true,"href":"https:\/\/dmcsrb.com\/en\/wp-json\/wp\/v2\/tags?post=949231"},{"taxonomy":"naslovna","embeddable":true,"href":"https:\/\/dmcsrb.com\/en\/wp-json\/wp\/v2\/naslovna?post=949231"}],"curies":[{"name":"wp","href":"https:\/\/api.w.org\/{rel}","templated":true}]}}