{"id":949227,"date":"2025-08-30T16:19:00","date_gmt":"2025-08-30T14:19:00","guid":{"rendered":"https:\/\/dmcsrb.com\/uncategorized\/eu-poziva-sad-da-preispitaju-uskracivanje-viza-palestinskim-zvanicnicima\/"},"modified":"2025-08-30T16:19:00","modified_gmt":"2025-08-30T14:19:00","slug":"eu-poziva-sad-da-preispitaju-uskracivanje-viza-palestinskim-zvanicnicima","status":"publish","type":"post","link":"https:\/\/dmcsrb.com\/en\/svijet\/eu-poziva-sad-da-preispitaju-uskracivanje-viza-palestinskim-zvanicnicima\/","title":{"rendered":"EU poziva SAD da preispitaju uskra\u0107ivanje viza palestinskim zvani\u010dnicima"},"content":{"rendered":"<p>\u201cU svjetlu postoje\u0107ih sporazuma izme\u0111u UN-a i dr\u017eave doma\u0107ina, svi pozivamo da se ova odluka preispita\u201d, rekla je Kaja Kalas.<\/p>\n\n\n\n<p>Izrael je pokrenuo ofanzivu u Gazi 7. oktobra 2023. nakon \u0161to je militantna organizacija Hamas, koju su SAD proglasile teroristi\u010dkom, izveo napad na jugu Izraela u kome je ubijeno oko 1.200 osoba, a 251 je oteta.<\/p>\n\n\n\n<p>Posljednjih sedmica pojedine vlade dr\u017eava \u010dlanica EU su kritikovale izraelsko vo\u0111enje rata zbog smrti civila i ograni\u010denja humanitarne pomo\u0107i, ali je Izrael vi\u0161e puta odbacio te kritike.<\/p>\n\n\n\n<p>Irska, \u0160panija, \u0160vedska i Holandiju su prethodno pozvale na suspenziju sporazuma o slobodnoj trgovini EU s Izraelom, prenosi Rojters.&nbsp; S druge strane, Njema\u010dka, Ma\u0111arska i \u010ce\u0161ka su odbacili su takve korake.<\/p>\n\n\n\n<p>U me\u0111uvremenu su Ujedinjene nacije su proglasile krizu gladi u Gazi.<\/p>\n\n\n\n<p>Rojters podsje\u0107a da je Evropska unija najve\u0107i trgovinski partner Izraela. Prema podacima EU pro\u0161le godine je taj promet iznosio skoro 43 milijarde eura.<\/p>\n\n\n\n<p>Kallas je nakon ministarskog sastanka u Kopenhagenu rekla i da je zatra\u017eila od vlada EU da sljede\u0107e sedmice podnesu prijedloge za jo\u0161 jedan paket sankcija protiv Rusije zbog njenog rata u Ukrajini.<\/p>\n\n\n\n<p><\/p>","protected":false},"excerpt":{"rendered":"<p>EU \u017eeli da Sjedinjene Dr\u017eave preispitaju svoju odluku o uskra\u0107ivanju viza palestinskim zvani\u010dnicima koji \u017eele prisustvovati Generalnoj skup\u0161tini UN-a sljede\u0107eg mjeseca, izjavila je \u0161efica EU za vanjsku politiku Kaja Kalas, nakon ministarskog sastanka u Kopenhagenu.<\/p>","protected":false},"author":1,"featured_media":943978,"comment_status":"open","ping_status":"open","sticky":false,"template":"","format":"standard","meta":{"_acf_changed":false,"footnotes":""},"categories":[144],"tags":[10,2814,195],"naslovna":[],"class_list":["post-949227","post","type-post","status-publish","format-standard","has-post-thumbnail","hentry","category-svijet","tag-eu","tag-kaja-kalas","tag-sad"],"acf":[],"yoast_head":"<!-- This site is optimized with the Yoast SEO plugin v27.4 - https:\/\/yoast.com\/product\/yoast-seo-wordpress\/ -->\n<title>EU poziva SAD da preispitaju uskra\u0107ivanje viza palestinskim zvani\u010dnicima - dmcsrb.com<\/title>\n<meta name=\"robots\" content=\"index, follow, max-snippet:-1, max-image-preview:large, max-video-preview:-1\" \/>\n<link rel=\"canonical\" href=\"https:\/\/dmcsrb.com\/en\/svijet\/eu-poziva-sad-da-preispitaju-uskracivanje-viza-palestinskim-zvanicnicima\/\" \/>\n<meta property=\"og:locale\" content=\"en_GB\" \/>\n<meta property=\"og:type\" content=\"article\" \/>\n<meta property=\"og:title\" content=\"EU poziva SAD da preispitaju uskra\u0107ivanje viza palestinskim zvani\u010dnicima - dmcsrb.com\" \/>\n<meta property=\"og:description\" content=\"EU \u017eeli da Sjedinjene Dr\u017eave preispitaju svoju odluku o uskra\u0107ivanju viza palestinskim zvani\u010dnicima koji \u017eele prisustvovati Generalnoj skup\u0161tini UN-a sljede\u0107eg mjeseca, izjavila je \u0161efica EU za vanjsku politiku Kaja Kalas, nakon ministarskog sastanka u Kopenhagenu.\" \/>\n<meta property=\"og:url\" content=\"https:\/\/dmcsrb.com\/en\/svijet\/eu-poziva-sad-da-preispitaju-uskracivanje-viza-palestinskim-zvanicnicima\/\" \/>\n<meta property=\"og:site_name\" content=\"dmcsrb.com\" \/>\n<meta property=\"article:published_time\" content=\"2025-08-30T14:19:00+00:00\" \/>\n<meta property=\"og:image\" content=\"https:\/\/dmcsrb.com\/wp-content\/uploads\/2026\/01\/european-flag-4777467_1280.webp\" \/>\n\t<meta property=\"og:image:width\" content=\"1280\" \/>\n\t<meta property=\"og:image:height\" content=\"853\" \/>\n\t<meta property=\"og:image:type\" content=\"image\/jpeg\" \/>\n<meta name=\"author\" content=\"dmcsrbija.com@gmail.com\" \/>\n<meta name=\"twitter:card\" content=\"summary_large_image\" \/>\n<meta name=\"twitter:label1\" content=\"Written by\" \/>\n\t<meta name=\"twitter:data1\" content=\"dmcsrbija.com@gmail.com\" \/>\n\t<meta name=\"twitter:label2\" content=\"Estimated reading time\" \/>\n\t<meta name=\"twitter:data2\" content=\"1 minute\" \/>\n<script type=\"application\/ld+json\" class=\"yoast-schema-graph\">{\"@context\":\"https:\\\/\\\/schema.org\",\"@graph\":[{\"@type\":\"Article\",\"@id\":\"https:\\\/\\\/dmcsrb.com\\\/svijet\\\/eu-poziva-sad-da-preispitaju-uskracivanje-viza-palestinskim-zvanicnicima\\\/#article\",\"isPartOf\":{\"@id\":\"https:\\\/\\\/dmcsrb.com\\\/svijet\\\/eu-poziva-sad-da-preispitaju-uskracivanje-viza-palestinskim-zvanicnicima\\\/\"},\"author\":{\"name\":\"dmcsrbija.com@gmail.com\",\"@id\":\"https:\\\/\\\/dmcsrb.com\\\/#\\\/schema\\\/person\\\/5c39170f12db1b8b457732d0b5c854e2\"},\"headline\":\"EU poziva SAD da preispitaju uskra\u0107ivanje viza palestinskim zvani\u010dnicima\",\"datePublished\":\"2025-08-30T14:19:00+00:00\",\"mainEntityOfPage\":{\"@id\":\"https:\\\/\\\/dmcsrb.com\\\/svijet\\\/eu-poziva-sad-da-preispitaju-uskracivanje-viza-palestinskim-zvanicnicima\\\/\"},\"wordCount\":206,\"commentCount\":0,\"image\":{\"@id\":\"https:\\\/\\\/dmcsrb.com\\\/svijet\\\/eu-poziva-sad-da-preispitaju-uskracivanje-viza-palestinskim-zvanicnicima\\\/#primaryimage\"},\"thumbnailUrl\":\"https:\\\/\\\/dmcsrb.com\\\/wp-content\\\/uploads\\\/2026\\\/01\\\/european-flag-4777467_1280.webp\",\"keywords\":[\"EU\",\"Kaja Kalas\",\"SAD\"],\"articleSection\":[\"Svijet\"],\"inLanguage\":\"en-GB\",\"potentialAction\":[{\"@type\":\"CommentAction\",\"name\":\"Comment\",\"target\":[\"https:\\\/\\\/dmcsrb.com\\\/svijet\\\/eu-poziva-sad-da-preispitaju-uskracivanje-viza-palestinskim-zvanicnicima\\\/#respond\"]}]},{\"@type\":\"WebPage\",\"@id\":\"https:\\\/\\\/dmcsrb.com\\\/svijet\\\/eu-poziva-sad-da-preispitaju-uskracivanje-viza-palestinskim-zvanicnicima\\\/\",\"url\":\"https:\\\/\\\/dmcsrb.com\\\/svijet\\\/eu-poziva-sad-da-preispitaju-uskracivanje-viza-palestinskim-zvanicnicima\\\/\",\"name\":\"EU poziva SAD da preispitaju uskra\u0107ivanje viza palestinskim zvani\u010dnicima - dmcsrb.com\",\"isPartOf\":{\"@id\":\"https:\\\/\\\/dmcsrb.com\\\/#website\"},\"primaryImageOfPage\":{\"@id\":\"https:\\\/\\\/dmcsrb.com\\\/svijet\\\/eu-poziva-sad-da-preispitaju-uskracivanje-viza-palestinskim-zvanicnicima\\\/#primaryimage\"},\"image\":{\"@id\":\"https:\\\/\\\/dmcsrb.com\\\/svijet\\\/eu-poziva-sad-da-preispitaju-uskracivanje-viza-palestinskim-zvanicnicima\\\/#primaryimage\"},\"thumbnailUrl\":\"https:\\\/\\\/dmcsrb.com\\\/wp-content\\\/uploads\\\/2026\\\/01\\\/european-flag-4777467_1280.webp\",\"datePublished\":\"2025-08-30T14:19:00+00:00\",\"author\":{\"@id\":\"https:\\\/\\\/dmcsrb.com\\\/#\\\/schema\\\/person\\\/5c39170f12db1b8b457732d0b5c854e2\"},\"breadcrumb\":{\"@id\":\"https:\\\/\\\/dmcsrb.com\\\/svijet\\\/eu-poziva-sad-da-preispitaju-uskracivanje-viza-palestinskim-zvanicnicima\\\/#breadcrumb\"},\"inLanguage\":\"en-GB\",\"potentialAction\":[{\"@type\":\"ReadAction\",\"target\":[\"https:\\\/\\\/dmcsrb.com\\\/svijet\\\/eu-poziva-sad-da-preispitaju-uskracivanje-viza-palestinskim-zvanicnicima\\\/\"]}]},{\"@type\":\"ImageObject\",\"inLanguage\":\"en-GB\",\"@id\":\"https:\\\/\\\/dmcsrb.com\\\/svijet\\\/eu-poziva-sad-da-preispitaju-uskracivanje-viza-palestinskim-zvanicnicima\\\/#primaryimage\",\"url\":\"https:\\\/\\\/dmcsrb.com\\\/wp-content\\\/uploads\\\/2026\\\/01\\\/european-flag-4777467_1280.webp\",\"contentUrl\":\"https:\\\/\\\/dmcsrb.com\\\/wp-content\\\/uploads\\\/2026\\\/01\\\/european-flag-4777467_1280.webp\",\"width\":1280,\"height\":853},{\"@type\":\"BreadcrumbList\",\"@id\":\"https:\\\/\\\/dmcsrb.com\\\/svijet\\\/eu-poziva-sad-da-preispitaju-uskracivanje-viza-palestinskim-zvanicnicima\\\/#breadcrumb\",\"itemListElement\":[{\"@type\":\"ListItem\",\"position\":1,\"name\":\"Home\",\"item\":\"https:\\\/\\\/dmcsrb.com\\\/\"},{\"@type\":\"ListItem\",\"position\":2,\"name\":\"EU poziva SAD da preispitaju uskra\u0107ivanje viza palestinskim zvani\u010dnicima\"}]},{\"@type\":\"WebSite\",\"@id\":\"https:\\\/\\\/dmcsrb.com\\\/#website\",\"url\":\"https:\\\/\\\/dmcsrb.com\\\/\",\"name\":\"dmcsrb.com\",\"description\":\"\",\"potentialAction\":[{\"@type\":\"SearchAction\",\"target\":{\"@type\":\"EntryPoint\",\"urlTemplate\":\"https:\\\/\\\/dmcsrb.com\\\/?s={search_term_string}\"},\"query-input\":{\"@type\":\"PropertyValueSpecification\",\"valueRequired\":true,\"valueName\":\"search_term_string\"}}],\"inLanguage\":\"en-GB\"},{\"@type\":\"Person\",\"@id\":\"https:\\\/\\\/dmcsrb.com\\\/#\\\/schema\\\/person\\\/5c39170f12db1b8b457732d0b5c854e2\",\"name\":\"dmcsrbija.com@gmail.com\",\"image\":{\"@type\":\"ImageObject\",\"inLanguage\":\"en-GB\",\"@id\":\"https:\\\/\\\/secure.gravatar.com\\\/avatar\\\/68592660ad6347fad0fb587f8d5d8f1a7b44961362f56e4f2cd524feb87e9069?s=96&d=mm&r=g\",\"url\":\"https:\\\/\\\/secure.gravatar.com\\\/avatar\\\/68592660ad6347fad0fb587f8d5d8f1a7b44961362f56e4f2cd524feb87e9069?s=96&d=mm&r=g\",\"contentUrl\":\"https:\\\/\\\/secure.gravatar.com\\\/avatar\\\/68592660ad6347fad0fb587f8d5d8f1a7b44961362f56e4f2cd524feb87e9069?s=96&d=mm&r=g\",\"caption\":\"dmcsrbija.com@gmail.com\"},\"sameAs\":[\"https:\\\/\\\/dmcsrb.com\"],\"url\":\"https:\\\/\\\/dmcsrb.com\\\/en\\\/author\\\/dmcsrbija-comgmail-com\\\/\"}]}<\/script>\n<!-- \/ Yoast SEO plugin. -->","yoast_head_json":{"title":"EU poziva SAD da preispitaju uskra\u0107ivanje viza palestinskim zvani\u010dnicima - dmcsrb.com","robots":{"index":"index","follow":"follow","max-snippet":"max-snippet:-1","max-image-preview":"max-image-preview:large","max-video-preview":"max-video-preview:-1"},"canonical":"https:\/\/dmcsrb.com\/en\/svijet\/eu-poziva-sad-da-preispitaju-uskracivanje-viza-palestinskim-zvanicnicima\/","og_locale":"en_GB","og_type":"article","og_title":"EU poziva SAD da preispitaju uskra\u0107ivanje viza palestinskim zvani\u010dnicima - dmcsrb.com","og_description":"EU \u017eeli da Sjedinjene Dr\u017eave preispitaju svoju odluku o uskra\u0107ivanju viza palestinskim zvani\u010dnicima koji \u017eele prisustvovati Generalnoj skup\u0161tini UN-a sljede\u0107eg mjeseca, izjavila je \u0161efica EU za vanjsku politiku Kaja Kalas, nakon ministarskog sastanka u Kopenhagenu.","og_url":"https:\/\/dmcsrb.com\/en\/svijet\/eu-poziva-sad-da-preispitaju-uskracivanje-viza-palestinskim-zvanicnicima\/","og_site_name":"dmcsrb.com","article_published_time":"2025-08-30T14:19:00+00:00","og_image":[{"width":1280,"height":853,"url":"https:\/\/dmcsrb.com\/wp-content\/uploads\/2026\/01\/european-flag-4777467_1280.webp","type":"image\/jpeg"}],"author":"dmcsrbija.com@gmail.com","twitter_card":"summary_large_image","twitter_misc":{"Written by":"dmcsrbija.com@gmail.com","Estimated reading time":"1 minute"},"schema":{"@context":"https:\/\/schema.org","@graph":[{"@type":"Article","@id":"https:\/\/dmcsrb.com\/svijet\/eu-poziva-sad-da-preispitaju-uskracivanje-viza-palestinskim-zvanicnicima\/#article","isPartOf":{"@id":"https:\/\/dmcsrb.com\/svijet\/eu-poziva-sad-da-preispitaju-uskracivanje-viza-palestinskim-zvanicnicima\/"},"author":{"name":"dmcsrbija.com@gmail.com","@id":"https:\/\/dmcsrb.com\/#\/schema\/person\/5c39170f12db1b8b457732d0b5c854e2"},"headline":"EU poziva SAD da preispitaju uskra\u0107ivanje viza palestinskim zvani\u010dnicima","datePublished":"2025-08-30T14:19:00+00:00","mainEntityOfPage":{"@id":"https:\/\/dmcsrb.com\/svijet\/eu-poziva-sad-da-preispitaju-uskracivanje-viza-palestinskim-zvanicnicima\/"},"wordCount":206,"commentCount":0,"image":{"@id":"https:\/\/dmcsrb.com\/svijet\/eu-poziva-sad-da-preispitaju-uskracivanje-viza-palestinskim-zvanicnicima\/#primaryimage"},"thumbnailUrl":"https:\/\/dmcsrb.com\/wp-content\/uploads\/2026\/01\/european-flag-4777467_1280.webp","keywords":["EU","Kaja Kalas","SAD"],"articleSection":["Svijet"],"inLanguage":"en-GB","potentialAction":[{"@type":"CommentAction","name":"Comment","target":["https:\/\/dmcsrb.com\/svijet\/eu-poziva-sad-da-preispitaju-uskracivanje-viza-palestinskim-zvanicnicima\/#respond"]}]},{"@type":"WebPage","@id":"https:\/\/dmcsrb.com\/svijet\/eu-poziva-sad-da-preispitaju-uskracivanje-viza-palestinskim-zvanicnicima\/","url":"https:\/\/dmcsrb.com\/svijet\/eu-poziva-sad-da-preispitaju-uskracivanje-viza-palestinskim-zvanicnicima\/","name":"EU poziva SAD da preispitaju uskra\u0107ivanje viza palestinskim zvani\u010dnicima - dmcsrb.com","isPartOf":{"@id":"https:\/\/dmcsrb.com\/#website"},"primaryImageOfPage":{"@id":"https:\/\/dmcsrb.com\/svijet\/eu-poziva-sad-da-preispitaju-uskracivanje-viza-palestinskim-zvanicnicima\/#primaryimage"},"image":{"@id":"https:\/\/dmcsrb.com\/svijet\/eu-poziva-sad-da-preispitaju-uskracivanje-viza-palestinskim-zvanicnicima\/#primaryimage"},"thumbnailUrl":"https:\/\/dmcsrb.com\/wp-content\/uploads\/2026\/01\/european-flag-4777467_1280.webp","datePublished":"2025-08-30T14:19:00+00:00","author":{"@id":"https:\/\/dmcsrb.com\/#\/schema\/person\/5c39170f12db1b8b457732d0b5c854e2"},"breadcrumb":{"@id":"https:\/\/dmcsrb.com\/svijet\/eu-poziva-sad-da-preispitaju-uskracivanje-viza-palestinskim-zvanicnicima\/#breadcrumb"},"inLanguage":"en-GB","potentialAction":[{"@type":"ReadAction","target":["https:\/\/dmcsrb.com\/svijet\/eu-poziva-sad-da-preispitaju-uskracivanje-viza-palestinskim-zvanicnicima\/"]}]},{"@type":"ImageObject","inLanguage":"en-GB","@id":"https:\/\/dmcsrb.com\/svijet\/eu-poziva-sad-da-preispitaju-uskracivanje-viza-palestinskim-zvanicnicima\/#primaryimage","url":"https:\/\/dmcsrb.com\/wp-content\/uploads\/2026\/01\/european-flag-4777467_1280.webp","contentUrl":"https:\/\/dmcsrb.com\/wp-content\/uploads\/2026\/01\/european-flag-4777467_1280.webp","width":1280,"height":853},{"@type":"BreadcrumbList","@id":"https:\/\/dmcsrb.com\/svijet\/eu-poziva-sad-da-preispitaju-uskracivanje-viza-palestinskim-zvanicnicima\/#breadcrumb","itemListElement":[{"@type":"ListItem","position":1,"name":"Home","item":"https:\/\/dmcsrb.com\/"},{"@type":"ListItem","position":2,"name":"EU poziva SAD da preispitaju uskra\u0107ivanje viza palestinskim zvani\u010dnicima"}]},{"@type":"WebSite","@id":"https:\/\/dmcsrb.com\/#website","url":"https:\/\/dmcsrb.com\/","name":"dmcsrb.com","description":"","potentialAction":[{"@type":"SearchAction","target":{"@type":"EntryPoint","urlTemplate":"https:\/\/dmcsrb.com\/?s={search_term_string}"},"query-input":{"@type":"PropertyValueSpecification","valueRequired":true,"valueName":"search_term_string"}}],"inLanguage":"en-GB"},{"@type":"Person","@id":"https:\/\/dmcsrb.com\/#\/schema\/person\/5c39170f12db1b8b457732d0b5c854e2","name":"dmcsrbija.com@gmail.com","image":{"@type":"ImageObject","inLanguage":"en-GB","@id":"https:\/\/secure.gravatar.com\/avatar\/68592660ad6347fad0fb587f8d5d8f1a7b44961362f56e4f2cd524feb87e9069?s=96&d=mm&r=g","url":"https:\/\/secure.gravatar.com\/avatar\/68592660ad6347fad0fb587f8d5d8f1a7b44961362f56e4f2cd524feb87e9069?s=96&d=mm&r=g","contentUrl":"https:\/\/secure.gravatar.com\/avatar\/68592660ad6347fad0fb587f8d5d8f1a7b44961362f56e4f2cd524feb87e9069?s=96&d=mm&r=g","caption":"dmcsrbija.com@gmail.com"},"sameAs":["https:\/\/dmcsrb.com"],"url":"https:\/\/dmcsrb.com\/en\/author\/dmcsrbija-comgmail-com\/"}]}},"_links":{"self":[{"href":"https:\/\/dmcsrb.com\/en\/wp-json\/wp\/v2\/posts\/949227","targetHints":{"allow":["GET"]}}],"collection":[{"href":"https:\/\/dmcsrb.com\/en\/wp-json\/wp\/v2\/posts"}],"about":[{"href":"https:\/\/dmcsrb.com\/en\/wp-json\/wp\/v2\/types\/post"}],"author":[{"embeddable":true,"href":"https:\/\/dmcsrb.com\/en\/wp-json\/wp\/v2\/users\/1"}],"replies":[{"embeddable":true,"href":"https:\/\/dmcsrb.com\/en\/wp-json\/wp\/v2\/comments?post=949227"}],"version-history":[{"count":0,"href":"https:\/\/dmcsrb.com\/en\/wp-json\/wp\/v2\/posts\/949227\/revisions"}],"wp:featuredmedia":[{"embeddable":true,"href":"https:\/\/dmcsrb.com\/en\/wp-json\/wp\/v2\/media\/943978"}],"wp:attachment":[{"href":"https:\/\/dmcsrb.com\/en\/wp-json\/wp\/v2\/media?parent=949227"}],"wp:term":[{"taxonomy":"category","embeddable":true,"href":"https:\/\/dmcsrb.com\/en\/wp-json\/wp\/v2\/categories?post=949227"},{"taxonomy":"post_tag","embeddable":true,"href":"https:\/\/dmcsrb.com\/en\/wp-json\/wp\/v2\/tags?post=949227"},{"taxonomy":"naslovna","embeddable":true,"href":"https:\/\/dmcsrb.com\/en\/wp-json\/wp\/v2\/naslovna?post=949227"}],"curies":[{"name":"wp","href":"https:\/\/api.w.org\/{rel}","templated":true}]}}