{"id":949169,"date":"2025-08-30T11:10:00","date_gmt":"2025-08-30T09:10:00","guid":{"rendered":"https:\/\/dmcsrb.com\/uncategorized\/pronadjena-srpska-drzavljanka-nestala-u-moru-kod-soluna-hitna-pomoc-konstatovala-smrt\/"},"modified":"2025-08-30T11:10:00","modified_gmt":"2025-08-30T09:10:00","slug":"pronadjena-srpska-drzavljanka-nestala-u-moru-kod-soluna-hitna-pomoc-konstatovala-smrt","status":"publish","type":"post","link":"https:\/\/dmcsrb.com\/en\/region\/pronadjena-srpska-drzavljanka-nestala-u-moru-kod-soluna-hitna-pomoc-konstatovala-smrt\/","title":{"rendered":"Prona\u0111ena srpska dr\u017eavljanka nestala u moru kod Soluna, hitna pomo\u0107 konstatovala smrt"},"content":{"rendered":"<p>Sedamdeset\u0161estogodi\u0161nja \u017eena iz Srbije, koja je oti\u0161la na plivanje sa prijateljima, prona\u0111ena je bez svijesti u oblasti Agija Trijada u Solunu.<\/p>\n\n\n\n<p>Portal Prototema ranije je saop\u0161tio da je \u017eena oti\u0161la na plivanje sa dva prijatelja, a da je obalska stra\u017ea obavije\u0161tena o nestanku oko 21.30 po lokalnom vremenu, prenosi RTS.<\/p>\n\n\n\n<p>U Lu\u010dkoj upravi \u201eNea Mihaniona\u201c potom je podignuta uzbuna, a pomo\u0107 je zatra\u017eena i od dobrovoljnih spasila\u010dkih timova, kada je i zvani\u010dno pokrenuta potraga.<\/p>\n\n\n\n<p>Do dva sata poslije pono\u0107i, potraga je bila bezuspje\u0161na, a nakon pauze zbog nepreglednog terena tokom no\u0107i, nastavljena je u jutarnjim \u010dasovima.<\/p>\n\n\n\n<p>Ubrzo poslije osam \u010dasova ujutru, lu\u010dki slu\u017ebenici su prona\u0161li 76-godi\u0161nju \u017eenu bez svijesti, blizu mjesta na kom je posljednji put vi\u0111ena kako pliva.<\/p>\n\n\n\n<p>Hitna pomo\u0107, koja je potom stigla na lice mjesta, konstatovala je smrt.<\/p>\n\n\n\n<p><\/p>","protected":false},"excerpt":{"rendered":"<p>Dr\u017eavljanka Srbije, koja je sino\u0107 nestala tokom plivanja u blizini mjesta Agija Trijada kod Soluna, prona\u0111ena je jutros bez svijesti u moru kod Soluna, a hitna pomo\u0107 je konstatovala smrt, prenosi RTS.<\/p>","protected":false},"author":1,"featured_media":949170,"comment_status":"open","ping_status":"open","sticky":false,"template":"","format":"standard","meta":{"_acf_changed":false,"footnotes":""},"categories":[103],"tags":[1886,2050],"naslovna":[],"class_list":["post-949169","post","type-post","status-publish","format-standard","has-post-thumbnail","hentry","category-region","tag-grcka","tag-nestanak"],"acf":[],"yoast_head":"<!-- This site is optimized with the Yoast SEO plugin v27.4 - https:\/\/yoast.com\/product\/yoast-seo-wordpress\/ -->\n<title>Prona\u0111ena srpska dr\u017eavljanka nestala u moru kod Soluna, hitna pomo\u0107 konstatovala smrt - dmcsrb.com<\/title>\n<meta name=\"robots\" content=\"index, follow, max-snippet:-1, max-image-preview:large, max-video-preview:-1\" \/>\n<link rel=\"canonical\" href=\"https:\/\/dmcsrb.com\/en\/region\/pronadjena-srpska-drzavljanka-nestala-u-moru-kod-soluna-hitna-pomoc-konstatovala-smrt\/\" \/>\n<meta property=\"og:locale\" content=\"en_GB\" \/>\n<meta property=\"og:type\" content=\"article\" \/>\n<meta property=\"og:title\" content=\"Prona\u0111ena srpska dr\u017eavljanka nestala u moru kod Soluna, hitna pomo\u0107 konstatovala smrt - dmcsrb.com\" \/>\n<meta property=\"og:description\" content=\"Dr\u017eavljanka Srbije, koja je sino\u0107 nestala tokom plivanja u blizini mjesta Agija Trijada kod Soluna, prona\u0111ena je jutros bez svijesti u moru kod Soluna, a hitna pomo\u0107 je konstatovala smrt, prenosi RTS.\" \/>\n<meta property=\"og:url\" content=\"https:\/\/dmcsrb.com\/en\/region\/pronadjena-srpska-drzavljanka-nestala-u-moru-kod-soluna-hitna-pomoc-konstatovala-smrt\/\" \/>\n<meta property=\"og:site_name\" content=\"dmcsrb.com\" \/>\n<meta property=\"article:published_time\" content=\"2025-08-30T09:10:00+00:00\" \/>\n<meta property=\"og:image\" content=\"https:\/\/dmcsrb.com\/wp-content\/uploads\/2026\/01\/sea-6949256_640.webp\" \/>\n\t<meta property=\"og:image:width\" content=\"640\" \/>\n\t<meta property=\"og:image:height\" content=\"427\" \/>\n\t<meta property=\"og:image:type\" content=\"image\/jpeg\" \/>\n<meta name=\"author\" content=\"dmcsrbija.com@gmail.com\" \/>\n<meta name=\"twitter:card\" content=\"summary_large_image\" \/>\n<meta name=\"twitter:label1\" content=\"Written by\" \/>\n\t<meta name=\"twitter:data1\" content=\"dmcsrbija.com@gmail.com\" \/>\n\t<meta name=\"twitter:label2\" content=\"Estimated reading time\" \/>\n\t<meta name=\"twitter:data2\" content=\"1 minute\" \/>\n<script type=\"application\/ld+json\" class=\"yoast-schema-graph\">{\"@context\":\"https:\\\/\\\/schema.org\",\"@graph\":[{\"@type\":\"Article\",\"@id\":\"https:\\\/\\\/dmcsrb.com\\\/region\\\/pronadjena-srpska-drzavljanka-nestala-u-moru-kod-soluna-hitna-pomoc-konstatovala-smrt\\\/#article\",\"isPartOf\":{\"@id\":\"https:\\\/\\\/dmcsrb.com\\\/region\\\/pronadjena-srpska-drzavljanka-nestala-u-moru-kod-soluna-hitna-pomoc-konstatovala-smrt\\\/\"},\"author\":{\"name\":\"dmcsrbija.com@gmail.com\",\"@id\":\"https:\\\/\\\/dmcsrb.com\\\/#\\\/schema\\\/person\\\/5c39170f12db1b8b457732d0b5c854e2\"},\"headline\":\"Prona\u0111ena srpska dr\u017eavljanka nestala u moru kod Soluna, hitna pomo\u0107 konstatovala smrt\",\"datePublished\":\"2025-08-30T09:10:00+00:00\",\"mainEntityOfPage\":{\"@id\":\"https:\\\/\\\/dmcsrb.com\\\/region\\\/pronadjena-srpska-drzavljanka-nestala-u-moru-kod-soluna-hitna-pomoc-konstatovala-smrt\\\/\"},\"wordCount\":164,\"commentCount\":0,\"image\":{\"@id\":\"https:\\\/\\\/dmcsrb.com\\\/region\\\/pronadjena-srpska-drzavljanka-nestala-u-moru-kod-soluna-hitna-pomoc-konstatovala-smrt\\\/#primaryimage\"},\"thumbnailUrl\":\"https:\\\/\\\/dmcsrb.com\\\/wp-content\\\/uploads\\\/2026\\\/01\\\/sea-6949256_640.webp\",\"keywords\":[\"Gr\u010dka\",\"nestanak\"],\"articleSection\":[\"Region\"],\"inLanguage\":\"en-GB\",\"potentialAction\":[{\"@type\":\"CommentAction\",\"name\":\"Comment\",\"target\":[\"https:\\\/\\\/dmcsrb.com\\\/region\\\/pronadjena-srpska-drzavljanka-nestala-u-moru-kod-soluna-hitna-pomoc-konstatovala-smrt\\\/#respond\"]}]},{\"@type\":\"WebPage\",\"@id\":\"https:\\\/\\\/dmcsrb.com\\\/region\\\/pronadjena-srpska-drzavljanka-nestala-u-moru-kod-soluna-hitna-pomoc-konstatovala-smrt\\\/\",\"url\":\"https:\\\/\\\/dmcsrb.com\\\/region\\\/pronadjena-srpska-drzavljanka-nestala-u-moru-kod-soluna-hitna-pomoc-konstatovala-smrt\\\/\",\"name\":\"Prona\u0111ena srpska dr\u017eavljanka nestala u moru kod Soluna, hitna pomo\u0107 konstatovala smrt - dmcsrb.com\",\"isPartOf\":{\"@id\":\"https:\\\/\\\/dmcsrb.com\\\/#website\"},\"primaryImageOfPage\":{\"@id\":\"https:\\\/\\\/dmcsrb.com\\\/region\\\/pronadjena-srpska-drzavljanka-nestala-u-moru-kod-soluna-hitna-pomoc-konstatovala-smrt\\\/#primaryimage\"},\"image\":{\"@id\":\"https:\\\/\\\/dmcsrb.com\\\/region\\\/pronadjena-srpska-drzavljanka-nestala-u-moru-kod-soluna-hitna-pomoc-konstatovala-smrt\\\/#primaryimage\"},\"thumbnailUrl\":\"https:\\\/\\\/dmcsrb.com\\\/wp-content\\\/uploads\\\/2026\\\/01\\\/sea-6949256_640.webp\",\"datePublished\":\"2025-08-30T09:10:00+00:00\",\"author\":{\"@id\":\"https:\\\/\\\/dmcsrb.com\\\/#\\\/schema\\\/person\\\/5c39170f12db1b8b457732d0b5c854e2\"},\"breadcrumb\":{\"@id\":\"https:\\\/\\\/dmcsrb.com\\\/region\\\/pronadjena-srpska-drzavljanka-nestala-u-moru-kod-soluna-hitna-pomoc-konstatovala-smrt\\\/#breadcrumb\"},\"inLanguage\":\"en-GB\",\"potentialAction\":[{\"@type\":\"ReadAction\",\"target\":[\"https:\\\/\\\/dmcsrb.com\\\/region\\\/pronadjena-srpska-drzavljanka-nestala-u-moru-kod-soluna-hitna-pomoc-konstatovala-smrt\\\/\"]}]},{\"@type\":\"ImageObject\",\"inLanguage\":\"en-GB\",\"@id\":\"https:\\\/\\\/dmcsrb.com\\\/region\\\/pronadjena-srpska-drzavljanka-nestala-u-moru-kod-soluna-hitna-pomoc-konstatovala-smrt\\\/#primaryimage\",\"url\":\"https:\\\/\\\/dmcsrb.com\\\/wp-content\\\/uploads\\\/2026\\\/01\\\/sea-6949256_640.webp\",\"contentUrl\":\"https:\\\/\\\/dmcsrb.com\\\/wp-content\\\/uploads\\\/2026\\\/01\\\/sea-6949256_640.webp\",\"width\":640,\"height\":427},{\"@type\":\"BreadcrumbList\",\"@id\":\"https:\\\/\\\/dmcsrb.com\\\/region\\\/pronadjena-srpska-drzavljanka-nestala-u-moru-kod-soluna-hitna-pomoc-konstatovala-smrt\\\/#breadcrumb\",\"itemListElement\":[{\"@type\":\"ListItem\",\"position\":1,\"name\":\"Home\",\"item\":\"https:\\\/\\\/dmcsrb.com\\\/\"},{\"@type\":\"ListItem\",\"position\":2,\"name\":\"Prona\u0111ena srpska dr\u017eavljanka nestala u moru kod Soluna, hitna pomo\u0107 konstatovala smrt\"}]},{\"@type\":\"WebSite\",\"@id\":\"https:\\\/\\\/dmcsrb.com\\\/#website\",\"url\":\"https:\\\/\\\/dmcsrb.com\\\/\",\"name\":\"dmcsrb.com\",\"description\":\"\",\"potentialAction\":[{\"@type\":\"SearchAction\",\"target\":{\"@type\":\"EntryPoint\",\"urlTemplate\":\"https:\\\/\\\/dmcsrb.com\\\/?s={search_term_string}\"},\"query-input\":{\"@type\":\"PropertyValueSpecification\",\"valueRequired\":true,\"valueName\":\"search_term_string\"}}],\"inLanguage\":\"en-GB\"},{\"@type\":\"Person\",\"@id\":\"https:\\\/\\\/dmcsrb.com\\\/#\\\/schema\\\/person\\\/5c39170f12db1b8b457732d0b5c854e2\",\"name\":\"dmcsrbija.com@gmail.com\",\"image\":{\"@type\":\"ImageObject\",\"inLanguage\":\"en-GB\",\"@id\":\"https:\\\/\\\/secure.gravatar.com\\\/avatar\\\/68592660ad6347fad0fb587f8d5d8f1a7b44961362f56e4f2cd524feb87e9069?s=96&d=mm&r=g\",\"url\":\"https:\\\/\\\/secure.gravatar.com\\\/avatar\\\/68592660ad6347fad0fb587f8d5d8f1a7b44961362f56e4f2cd524feb87e9069?s=96&d=mm&r=g\",\"contentUrl\":\"https:\\\/\\\/secure.gravatar.com\\\/avatar\\\/68592660ad6347fad0fb587f8d5d8f1a7b44961362f56e4f2cd524feb87e9069?s=96&d=mm&r=g\",\"caption\":\"dmcsrbija.com@gmail.com\"},\"sameAs\":[\"https:\\\/\\\/dmcsrb.com\"],\"url\":\"https:\\\/\\\/dmcsrb.com\\\/en\\\/author\\\/dmcsrbija-comgmail-com\\\/\"}]}<\/script>\n<!-- \/ Yoast SEO plugin. -->","yoast_head_json":{"title":"Prona\u0111ena srpska dr\u017eavljanka nestala u moru kod Soluna, hitna pomo\u0107 konstatovala smrt - dmcsrb.com","robots":{"index":"index","follow":"follow","max-snippet":"max-snippet:-1","max-image-preview":"max-image-preview:large","max-video-preview":"max-video-preview:-1"},"canonical":"https:\/\/dmcsrb.com\/en\/region\/pronadjena-srpska-drzavljanka-nestala-u-moru-kod-soluna-hitna-pomoc-konstatovala-smrt\/","og_locale":"en_GB","og_type":"article","og_title":"Prona\u0111ena srpska dr\u017eavljanka nestala u moru kod Soluna, hitna pomo\u0107 konstatovala smrt - dmcsrb.com","og_description":"Dr\u017eavljanka Srbije, koja je sino\u0107 nestala tokom plivanja u blizini mjesta Agija Trijada kod Soluna, prona\u0111ena je jutros bez svijesti u moru kod Soluna, a hitna pomo\u0107 je konstatovala smrt, prenosi RTS.","og_url":"https:\/\/dmcsrb.com\/en\/region\/pronadjena-srpska-drzavljanka-nestala-u-moru-kod-soluna-hitna-pomoc-konstatovala-smrt\/","og_site_name":"dmcsrb.com","article_published_time":"2025-08-30T09:10:00+00:00","og_image":[{"width":640,"height":427,"url":"https:\/\/dmcsrb.com\/wp-content\/uploads\/2026\/01\/sea-6949256_640.webp","type":"image\/jpeg"}],"author":"dmcsrbija.com@gmail.com","twitter_card":"summary_large_image","twitter_misc":{"Written by":"dmcsrbija.com@gmail.com","Estimated reading time":"1 minute"},"schema":{"@context":"https:\/\/schema.org","@graph":[{"@type":"Article","@id":"https:\/\/dmcsrb.com\/region\/pronadjena-srpska-drzavljanka-nestala-u-moru-kod-soluna-hitna-pomoc-konstatovala-smrt\/#article","isPartOf":{"@id":"https:\/\/dmcsrb.com\/region\/pronadjena-srpska-drzavljanka-nestala-u-moru-kod-soluna-hitna-pomoc-konstatovala-smrt\/"},"author":{"name":"dmcsrbija.com@gmail.com","@id":"https:\/\/dmcsrb.com\/#\/schema\/person\/5c39170f12db1b8b457732d0b5c854e2"},"headline":"Prona\u0111ena srpska dr\u017eavljanka nestala u moru kod Soluna, hitna pomo\u0107 konstatovala smrt","datePublished":"2025-08-30T09:10:00+00:00","mainEntityOfPage":{"@id":"https:\/\/dmcsrb.com\/region\/pronadjena-srpska-drzavljanka-nestala-u-moru-kod-soluna-hitna-pomoc-konstatovala-smrt\/"},"wordCount":164,"commentCount":0,"image":{"@id":"https:\/\/dmcsrb.com\/region\/pronadjena-srpska-drzavljanka-nestala-u-moru-kod-soluna-hitna-pomoc-konstatovala-smrt\/#primaryimage"},"thumbnailUrl":"https:\/\/dmcsrb.com\/wp-content\/uploads\/2026\/01\/sea-6949256_640.webp","keywords":["Gr\u010dka","nestanak"],"articleSection":["Region"],"inLanguage":"en-GB","potentialAction":[{"@type":"CommentAction","name":"Comment","target":["https:\/\/dmcsrb.com\/region\/pronadjena-srpska-drzavljanka-nestala-u-moru-kod-soluna-hitna-pomoc-konstatovala-smrt\/#respond"]}]},{"@type":"WebPage","@id":"https:\/\/dmcsrb.com\/region\/pronadjena-srpska-drzavljanka-nestala-u-moru-kod-soluna-hitna-pomoc-konstatovala-smrt\/","url":"https:\/\/dmcsrb.com\/region\/pronadjena-srpska-drzavljanka-nestala-u-moru-kod-soluna-hitna-pomoc-konstatovala-smrt\/","name":"Prona\u0111ena srpska dr\u017eavljanka nestala u moru kod Soluna, hitna pomo\u0107 konstatovala smrt - dmcsrb.com","isPartOf":{"@id":"https:\/\/dmcsrb.com\/#website"},"primaryImageOfPage":{"@id":"https:\/\/dmcsrb.com\/region\/pronadjena-srpska-drzavljanka-nestala-u-moru-kod-soluna-hitna-pomoc-konstatovala-smrt\/#primaryimage"},"image":{"@id":"https:\/\/dmcsrb.com\/region\/pronadjena-srpska-drzavljanka-nestala-u-moru-kod-soluna-hitna-pomoc-konstatovala-smrt\/#primaryimage"},"thumbnailUrl":"https:\/\/dmcsrb.com\/wp-content\/uploads\/2026\/01\/sea-6949256_640.webp","datePublished":"2025-08-30T09:10:00+00:00","author":{"@id":"https:\/\/dmcsrb.com\/#\/schema\/person\/5c39170f12db1b8b457732d0b5c854e2"},"breadcrumb":{"@id":"https:\/\/dmcsrb.com\/region\/pronadjena-srpska-drzavljanka-nestala-u-moru-kod-soluna-hitna-pomoc-konstatovala-smrt\/#breadcrumb"},"inLanguage":"en-GB","potentialAction":[{"@type":"ReadAction","target":["https:\/\/dmcsrb.com\/region\/pronadjena-srpska-drzavljanka-nestala-u-moru-kod-soluna-hitna-pomoc-konstatovala-smrt\/"]}]},{"@type":"ImageObject","inLanguage":"en-GB","@id":"https:\/\/dmcsrb.com\/region\/pronadjena-srpska-drzavljanka-nestala-u-moru-kod-soluna-hitna-pomoc-konstatovala-smrt\/#primaryimage","url":"https:\/\/dmcsrb.com\/wp-content\/uploads\/2026\/01\/sea-6949256_640.webp","contentUrl":"https:\/\/dmcsrb.com\/wp-content\/uploads\/2026\/01\/sea-6949256_640.webp","width":640,"height":427},{"@type":"BreadcrumbList","@id":"https:\/\/dmcsrb.com\/region\/pronadjena-srpska-drzavljanka-nestala-u-moru-kod-soluna-hitna-pomoc-konstatovala-smrt\/#breadcrumb","itemListElement":[{"@type":"ListItem","position":1,"name":"Home","item":"https:\/\/dmcsrb.com\/"},{"@type":"ListItem","position":2,"name":"Prona\u0111ena srpska dr\u017eavljanka nestala u moru kod Soluna, hitna pomo\u0107 konstatovala smrt"}]},{"@type":"WebSite","@id":"https:\/\/dmcsrb.com\/#website","url":"https:\/\/dmcsrb.com\/","name":"dmcsrb.com","description":"","potentialAction":[{"@type":"SearchAction","target":{"@type":"EntryPoint","urlTemplate":"https:\/\/dmcsrb.com\/?s={search_term_string}"},"query-input":{"@type":"PropertyValueSpecification","valueRequired":true,"valueName":"search_term_string"}}],"inLanguage":"en-GB"},{"@type":"Person","@id":"https:\/\/dmcsrb.com\/#\/schema\/person\/5c39170f12db1b8b457732d0b5c854e2","name":"dmcsrbija.com@gmail.com","image":{"@type":"ImageObject","inLanguage":"en-GB","@id":"https:\/\/secure.gravatar.com\/avatar\/68592660ad6347fad0fb587f8d5d8f1a7b44961362f56e4f2cd524feb87e9069?s=96&d=mm&r=g","url":"https:\/\/secure.gravatar.com\/avatar\/68592660ad6347fad0fb587f8d5d8f1a7b44961362f56e4f2cd524feb87e9069?s=96&d=mm&r=g","contentUrl":"https:\/\/secure.gravatar.com\/avatar\/68592660ad6347fad0fb587f8d5d8f1a7b44961362f56e4f2cd524feb87e9069?s=96&d=mm&r=g","caption":"dmcsrbija.com@gmail.com"},"sameAs":["https:\/\/dmcsrb.com"],"url":"https:\/\/dmcsrb.com\/en\/author\/dmcsrbija-comgmail-com\/"}]}},"_links":{"self":[{"href":"https:\/\/dmcsrb.com\/en\/wp-json\/wp\/v2\/posts\/949169","targetHints":{"allow":["GET"]}}],"collection":[{"href":"https:\/\/dmcsrb.com\/en\/wp-json\/wp\/v2\/posts"}],"about":[{"href":"https:\/\/dmcsrb.com\/en\/wp-json\/wp\/v2\/types\/post"}],"author":[{"embeddable":true,"href":"https:\/\/dmcsrb.com\/en\/wp-json\/wp\/v2\/users\/1"}],"replies":[{"embeddable":true,"href":"https:\/\/dmcsrb.com\/en\/wp-json\/wp\/v2\/comments?post=949169"}],"version-history":[{"count":0,"href":"https:\/\/dmcsrb.com\/en\/wp-json\/wp\/v2\/posts\/949169\/revisions"}],"wp:featuredmedia":[{"embeddable":true,"href":"https:\/\/dmcsrb.com\/en\/wp-json\/wp\/v2\/media\/949170"}],"wp:attachment":[{"href":"https:\/\/dmcsrb.com\/en\/wp-json\/wp\/v2\/media?parent=949169"}],"wp:term":[{"taxonomy":"category","embeddable":true,"href":"https:\/\/dmcsrb.com\/en\/wp-json\/wp\/v2\/categories?post=949169"},{"taxonomy":"post_tag","embeddable":true,"href":"https:\/\/dmcsrb.com\/en\/wp-json\/wp\/v2\/tags?post=949169"},{"taxonomy":"naslovna","embeddable":true,"href":"https:\/\/dmcsrb.com\/en\/wp-json\/wp\/v2\/naslovna?post=949169"}],"curies":[{"name":"wp","href":"https:\/\/api.w.org\/{rel}","templated":true}]}}