{"id":949151,"date":"2025-08-30T08:51:00","date_gmt":"2025-08-30T06:51:00","guid":{"rendered":"https:\/\/dmcsrb.com\/uncategorized\/svaka-porodica-koja-ceka-vijest-o-svom-najblizem-nosi-teret-tuge-i-nade\/"},"modified":"2025-08-30T08:51:00","modified_gmt":"2025-08-30T06:51:00","slug":"svaka-porodica-koja-ceka-vijest-o-svom-najblizem-nosi-teret-tuge-i-nade","status":"publish","type":"post","link":"https:\/\/dmcsrb.com\/en\/drustvo\/svaka-porodica-koja-ceka-vijest-o-svom-najblizem-nosi-teret-tuge-i-nade\/","title":{"rendered":"Svaka porodica koja \u010deka vijest o svom najbli\u017eem nosi teret tuge i nade"},"content":{"rendered":"<p>&#8220;Komisija za nestala lica potra\u017euje jo\u0161 50 lica nestalih na prostoru biv\u0161e Jugoslavije, \u0161to predstavlja trajni izazov ne samo za dr\u017eavne institucije, ve\u0107 i za cijelo dru\u0161tvo. Svako nestalo lice ima ime, lice i \u017eivotnu pri\u010du. Svaka porodica koja \u010deka vijest o svom najbli\u017eem nosi teret tuge i nade, a na\u0161e opredjeljenje je da im vratimo pravo na istinu i sje\u0107anje&#8221;, stoji u saop\u0161tenju.<\/p>\n\n\n\n<p>Kako ka\u017eu, svako ima pravo da zna gdje su njihovi najmiliji.<\/p>\n\n\n\n<p>&#8220;Komisija, u saradnji sa nadle\u017enim organima, me\u0111unarodnim partnerima i udru\u017eenjima porodica, nastavlja istrajnu potragu za odgovorima, uvjerena da svaka majka, otac, supruga, dijete ili brat ima pravo da zna gdje su njihovi najmiliji. Poseban zna\u010daj imaju napori u ja\u010danju regionalne saradnje, razmjeni informacija i unapre\u0111enju mehanizama identifikacije posmrtnih ostataka&#8221;, kazali su iz Ministarstva.<\/p>\n\n\n\n<p>Obilje\u017eavanje ovog dana, dodaju, poziv je na solidarnost, saosje\u0107anje i zajedni\u010dku odgovornost.<\/p>\n\n\n\n<p>&#8220;Vlada Crne Gore i Komisija za nestala lica potvr\u0111uju odlu\u010dnost da istraju u misiji pronalaska svakog nestalog lica, sa uvjerenjem da je pravo porodica da znaju istinu \u2013 neotu\u0111ivo ljudsko pravo i uslov za trajnu pomirenost i mir&#8221;, zaklju\u010dak je saop\u0161tenja.<\/p>","protected":false},"excerpt":{"rendered":"<p>Komisija za nestala lica Vlade Crne Gore pridru\u017euje se obilje\u017eavanju Me\u0111unarodnog dana nestalih lica, posve\u0107enog sje\u0107anju na sva lica koja su nestala uslijed oru\u017eanih sukoba, kr\u0161enja ljudskih prava ili drugih tragi\u010dnih okolnosti. Ovaj dan je prilika da izrazimo duboko po\u0161tovanje i solidarnost sa svim porodicama koje \u017eive u neizvjesnosti i bolu zbog gubitka svojih najbli\u017eih, saop\u0161teno je iz Ministarstva socijalnog straranja, brige o porodici i demografije<\/p>","protected":false},"author":1,"featured_media":943338,"comment_status":"open","ping_status":"open","sticky":false,"template":"","format":"standard","meta":{"_acf_changed":false,"footnotes":""},"categories":[2],"tags":[18727,7670],"naslovna":[],"class_list":["post-949151","post","type-post","status-publish","format-standard","has-post-thumbnail","hentry","category-drustvo","tag-medjunarodni-dan-nestalih-osoba","tag-porodica"],"acf":[],"yoast_head":"<!-- This site is optimized with the Yoast SEO plugin v27.0 - https:\/\/yoast.com\/product\/yoast-seo-wordpress\/ -->\n<title>Svaka porodica koja \u010deka vijest o svom najbli\u017eem nosi teret tuge i nade - dmcsrb.com<\/title>\n<meta name=\"robots\" content=\"index, follow, max-snippet:-1, max-image-preview:large, max-video-preview:-1\" \/>\n<link rel=\"canonical\" href=\"https:\/\/dmcsrb.com\/en\/drustvo\/svaka-porodica-koja-ceka-vijest-o-svom-najblizem-nosi-teret-tuge-i-nade\/\" \/>\n<meta property=\"og:locale\" content=\"en_GB\" \/>\n<meta property=\"og:type\" content=\"article\" \/>\n<meta property=\"og:title\" content=\"Svaka porodica koja \u010deka vijest o svom najbli\u017eem nosi teret tuge i nade - dmcsrb.com\" \/>\n<meta property=\"og:description\" content=\"Komisija za nestala lica Vlade Crne Gore pridru\u017euje se obilje\u017eavanju Me\u0111unarodnog dana nestalih lica, posve\u0107enog sje\u0107anju na sva lica koja su nestala uslijed oru\u017eanih sukoba, kr\u0161enja ljudskih prava ili drugih tragi\u010dnih okolnosti. Ovaj dan je prilika da izrazimo duboko po\u0161tovanje i solidarnost sa svim porodicama koje \u017eive u neizvjesnosti i bolu zbog gubitka svojih najbli\u017eih, saop\u0161teno je iz Ministarstva socijalnog straranja, brige o porodici i demografije\" \/>\n<meta property=\"og:url\" content=\"https:\/\/dmcsrb.com\/en\/drustvo\/svaka-porodica-koja-ceka-vijest-o-svom-najblizem-nosi-teret-tuge-i-nade\/\" \/>\n<meta property=\"og:site_name\" content=\"dmcsrb.com\" \/>\n<meta property=\"article:published_time\" content=\"2025-08-30T06:51:00+00:00\" \/>\n<meta property=\"og:image\" content=\"https:\/\/dmcsrb.com\/wp-content\/uploads\/2026\/01\/djeca1pix.webp\" \/>\n\t<meta property=\"og:image:width\" content=\"900\" \/>\n\t<meta property=\"og:image:height\" content=\"599\" \/>\n\t<meta property=\"og:image:type\" content=\"image\/jpeg\" \/>\n<meta name=\"author\" content=\"dmcsrbija.com@gmail.com\" \/>\n<meta name=\"twitter:card\" content=\"summary_large_image\" \/>\n<meta name=\"twitter:label1\" content=\"Written by\" \/>\n\t<meta name=\"twitter:data1\" content=\"dmcsrbija.com@gmail.com\" \/>\n\t<meta name=\"twitter:label2\" content=\"Estimated reading time\" \/>\n\t<meta name=\"twitter:data2\" content=\"1 minute\" \/>\n<script type=\"application\/ld+json\" class=\"yoast-schema-graph\">{\"@context\":\"https:\/\/schema.org\",\"@graph\":[{\"@type\":\"Article\",\"@id\":\"https:\/\/dmcsrb.com\/drustvo\/svaka-porodica-koja-ceka-vijest-o-svom-najblizem-nosi-teret-tuge-i-nade\/#article\",\"isPartOf\":{\"@id\":\"https:\/\/dmcsrb.com\/drustvo\/svaka-porodica-koja-ceka-vijest-o-svom-najblizem-nosi-teret-tuge-i-nade\/\"},\"author\":{\"name\":\"dmcsrbija.com@gmail.com\",\"@id\":\"https:\/\/dmcsrb.com\/#\/schema\/person\/5c39170f12db1b8b457732d0b5c854e2\"},\"headline\":\"Svaka porodica koja \u010deka vijest o svom najbli\u017eem nosi teret tuge i nade\",\"datePublished\":\"2025-08-30T06:51:00+00:00\",\"mainEntityOfPage\":{\"@id\":\"https:\/\/dmcsrb.com\/drustvo\/svaka-porodica-koja-ceka-vijest-o-svom-najblizem-nosi-teret-tuge-i-nade\/\"},\"wordCount\":217,\"commentCount\":0,\"image\":{\"@id\":\"https:\/\/dmcsrb.com\/drustvo\/svaka-porodica-koja-ceka-vijest-o-svom-najblizem-nosi-teret-tuge-i-nade\/#primaryimage\"},\"thumbnailUrl\":\"https:\/\/dmcsrb.com\/wp-content\/uploads\/2026\/01\/djeca1pix.webp\",\"keywords\":[\"Me\u0111unarodni dan nestalih osoba\",\"Porodica\"],\"articleSection\":[\"Dru\u0161tvo\"],\"inLanguage\":\"en-GB\",\"potentialAction\":[{\"@type\":\"CommentAction\",\"name\":\"Comment\",\"target\":[\"https:\/\/dmcsrb.com\/drustvo\/svaka-porodica-koja-ceka-vijest-o-svom-najblizem-nosi-teret-tuge-i-nade\/#respond\"]}]},{\"@type\":\"WebPage\",\"@id\":\"https:\/\/dmcsrb.com\/drustvo\/svaka-porodica-koja-ceka-vijest-o-svom-najblizem-nosi-teret-tuge-i-nade\/\",\"url\":\"https:\/\/dmcsrb.com\/drustvo\/svaka-porodica-koja-ceka-vijest-o-svom-najblizem-nosi-teret-tuge-i-nade\/\",\"name\":\"Svaka porodica koja \u010deka vijest o svom najbli\u017eem nosi teret tuge i nade - dmcsrb.com\",\"isPartOf\":{\"@id\":\"https:\/\/dmcsrb.com\/#website\"},\"primaryImageOfPage\":{\"@id\":\"https:\/\/dmcsrb.com\/drustvo\/svaka-porodica-koja-ceka-vijest-o-svom-najblizem-nosi-teret-tuge-i-nade\/#primaryimage\"},\"image\":{\"@id\":\"https:\/\/dmcsrb.com\/drustvo\/svaka-porodica-koja-ceka-vijest-o-svom-najblizem-nosi-teret-tuge-i-nade\/#primaryimage\"},\"thumbnailUrl\":\"https:\/\/dmcsrb.com\/wp-content\/uploads\/2026\/01\/djeca1pix.webp\",\"datePublished\":\"2025-08-30T06:51:00+00:00\",\"author\":{\"@id\":\"https:\/\/dmcsrb.com\/#\/schema\/person\/5c39170f12db1b8b457732d0b5c854e2\"},\"breadcrumb\":{\"@id\":\"https:\/\/dmcsrb.com\/drustvo\/svaka-porodica-koja-ceka-vijest-o-svom-najblizem-nosi-teret-tuge-i-nade\/#breadcrumb\"},\"inLanguage\":\"en-GB\",\"potentialAction\":[{\"@type\":\"ReadAction\",\"target\":[\"https:\/\/dmcsrb.com\/drustvo\/svaka-porodica-koja-ceka-vijest-o-svom-najblizem-nosi-teret-tuge-i-nade\/\"]}]},{\"@type\":\"ImageObject\",\"inLanguage\":\"en-GB\",\"@id\":\"https:\/\/dmcsrb.com\/drustvo\/svaka-porodica-koja-ceka-vijest-o-svom-najblizem-nosi-teret-tuge-i-nade\/#primaryimage\",\"url\":\"https:\/\/dmcsrb.com\/wp-content\/uploads\/2026\/01\/djeca1pix.webp\",\"contentUrl\":\"https:\/\/dmcsrb.com\/wp-content\/uploads\/2026\/01\/djeca1pix.webp\",\"width\":900,\"height\":599},{\"@type\":\"BreadcrumbList\",\"@id\":\"https:\/\/dmcsrb.com\/drustvo\/svaka-porodica-koja-ceka-vijest-o-svom-najblizem-nosi-teret-tuge-i-nade\/#breadcrumb\",\"itemListElement\":[{\"@type\":\"ListItem\",\"position\":1,\"name\":\"Home\",\"item\":\"https:\/\/dmcsrb.com\/\"},{\"@type\":\"ListItem\",\"position\":2,\"name\":\"Svaka porodica koja \u010deka vijest o svom najbli\u017eem nosi teret tuge i nade\"}]},{\"@type\":\"WebSite\",\"@id\":\"https:\/\/dmcsrb.com\/#website\",\"url\":\"https:\/\/dmcsrb.com\/\",\"name\":\"dmcsrb.com\",\"description\":\"\",\"potentialAction\":[{\"@type\":\"SearchAction\",\"target\":{\"@type\":\"EntryPoint\",\"urlTemplate\":\"https:\/\/dmcsrb.com\/?s={search_term_string}\"},\"query-input\":{\"@type\":\"PropertyValueSpecification\",\"valueRequired\":true,\"valueName\":\"search_term_string\"}}],\"inLanguage\":\"en-GB\"},{\"@type\":\"Person\",\"@id\":\"https:\/\/dmcsrb.com\/#\/schema\/person\/5c39170f12db1b8b457732d0b5c854e2\",\"name\":\"dmcsrbija.com@gmail.com\",\"image\":{\"@type\":\"ImageObject\",\"inLanguage\":\"en-GB\",\"@id\":\"https:\/\/dmcsrb.com\/#\/schema\/person\/image\/\",\"url\":\"https:\/\/secure.gravatar.com\/avatar\/68592660ad6347fad0fb587f8d5d8f1a7b44961362f56e4f2cd524feb87e9069?s=96&d=mm&r=g\",\"contentUrl\":\"https:\/\/secure.gravatar.com\/avatar\/68592660ad6347fad0fb587f8d5d8f1a7b44961362f56e4f2cd524feb87e9069?s=96&d=mm&r=g\",\"caption\":\"dmcsrbija.com@gmail.com\"},\"sameAs\":[\"https:\/\/dmcsrb.com\"],\"url\":\"https:\/\/dmcsrb.com\/en\/author\/dmcsrbija-comgmail-com\/\"}]}<\/script>\n<!-- \/ Yoast SEO plugin. -->","yoast_head_json":{"title":"Svaka porodica koja \u010deka vijest o svom najbli\u017eem nosi teret tuge i nade - dmcsrb.com","robots":{"index":"index","follow":"follow","max-snippet":"max-snippet:-1","max-image-preview":"max-image-preview:large","max-video-preview":"max-video-preview:-1"},"canonical":"https:\/\/dmcsrb.com\/en\/drustvo\/svaka-porodica-koja-ceka-vijest-o-svom-najblizem-nosi-teret-tuge-i-nade\/","og_locale":"en_GB","og_type":"article","og_title":"Svaka porodica koja \u010deka vijest o svom najbli\u017eem nosi teret tuge i nade - dmcsrb.com","og_description":"Komisija za nestala lica Vlade Crne Gore pridru\u017euje se obilje\u017eavanju Me\u0111unarodnog dana nestalih lica, posve\u0107enog sje\u0107anju na sva lica koja su nestala uslijed oru\u017eanih sukoba, kr\u0161enja ljudskih prava ili drugih tragi\u010dnih okolnosti. Ovaj dan je prilika da izrazimo duboko po\u0161tovanje i solidarnost sa svim porodicama koje \u017eive u neizvjesnosti i bolu zbog gubitka svojih najbli\u017eih, saop\u0161teno je iz Ministarstva socijalnog straranja, brige o porodici i demografije","og_url":"https:\/\/dmcsrb.com\/en\/drustvo\/svaka-porodica-koja-ceka-vijest-o-svom-najblizem-nosi-teret-tuge-i-nade\/","og_site_name":"dmcsrb.com","article_published_time":"2025-08-30T06:51:00+00:00","og_image":[{"width":900,"height":599,"url":"https:\/\/dmcsrb.com\/wp-content\/uploads\/2026\/01\/djeca1pix.webp","type":"image\/jpeg"}],"author":"dmcsrbija.com@gmail.com","twitter_card":"summary_large_image","twitter_misc":{"Written by":"dmcsrbija.com@gmail.com","Estimated reading time":"1 minute"},"schema":{"@context":"https:\/\/schema.org","@graph":[{"@type":"Article","@id":"https:\/\/dmcsrb.com\/drustvo\/svaka-porodica-koja-ceka-vijest-o-svom-najblizem-nosi-teret-tuge-i-nade\/#article","isPartOf":{"@id":"https:\/\/dmcsrb.com\/drustvo\/svaka-porodica-koja-ceka-vijest-o-svom-najblizem-nosi-teret-tuge-i-nade\/"},"author":{"name":"dmcsrbija.com@gmail.com","@id":"https:\/\/dmcsrb.com\/#\/schema\/person\/5c39170f12db1b8b457732d0b5c854e2"},"headline":"Svaka porodica koja \u010deka vijest o svom najbli\u017eem nosi teret tuge i nade","datePublished":"2025-08-30T06:51:00+00:00","mainEntityOfPage":{"@id":"https:\/\/dmcsrb.com\/drustvo\/svaka-porodica-koja-ceka-vijest-o-svom-najblizem-nosi-teret-tuge-i-nade\/"},"wordCount":217,"commentCount":0,"image":{"@id":"https:\/\/dmcsrb.com\/drustvo\/svaka-porodica-koja-ceka-vijest-o-svom-najblizem-nosi-teret-tuge-i-nade\/#primaryimage"},"thumbnailUrl":"https:\/\/dmcsrb.com\/wp-content\/uploads\/2026\/01\/djeca1pix.webp","keywords":["Me\u0111unarodni dan nestalih osoba","Porodica"],"articleSection":["Dru\u0161tvo"],"inLanguage":"en-GB","potentialAction":[{"@type":"CommentAction","name":"Comment","target":["https:\/\/dmcsrb.com\/drustvo\/svaka-porodica-koja-ceka-vijest-o-svom-najblizem-nosi-teret-tuge-i-nade\/#respond"]}]},{"@type":"WebPage","@id":"https:\/\/dmcsrb.com\/drustvo\/svaka-porodica-koja-ceka-vijest-o-svom-najblizem-nosi-teret-tuge-i-nade\/","url":"https:\/\/dmcsrb.com\/drustvo\/svaka-porodica-koja-ceka-vijest-o-svom-najblizem-nosi-teret-tuge-i-nade\/","name":"Svaka porodica koja \u010deka vijest o svom najbli\u017eem nosi teret tuge i nade - dmcsrb.com","isPartOf":{"@id":"https:\/\/dmcsrb.com\/#website"},"primaryImageOfPage":{"@id":"https:\/\/dmcsrb.com\/drustvo\/svaka-porodica-koja-ceka-vijest-o-svom-najblizem-nosi-teret-tuge-i-nade\/#primaryimage"},"image":{"@id":"https:\/\/dmcsrb.com\/drustvo\/svaka-porodica-koja-ceka-vijest-o-svom-najblizem-nosi-teret-tuge-i-nade\/#primaryimage"},"thumbnailUrl":"https:\/\/dmcsrb.com\/wp-content\/uploads\/2026\/01\/djeca1pix.webp","datePublished":"2025-08-30T06:51:00+00:00","author":{"@id":"https:\/\/dmcsrb.com\/#\/schema\/person\/5c39170f12db1b8b457732d0b5c854e2"},"breadcrumb":{"@id":"https:\/\/dmcsrb.com\/drustvo\/svaka-porodica-koja-ceka-vijest-o-svom-najblizem-nosi-teret-tuge-i-nade\/#breadcrumb"},"inLanguage":"en-GB","potentialAction":[{"@type":"ReadAction","target":["https:\/\/dmcsrb.com\/drustvo\/svaka-porodica-koja-ceka-vijest-o-svom-najblizem-nosi-teret-tuge-i-nade\/"]}]},{"@type":"ImageObject","inLanguage":"en-GB","@id":"https:\/\/dmcsrb.com\/drustvo\/svaka-porodica-koja-ceka-vijest-o-svom-najblizem-nosi-teret-tuge-i-nade\/#primaryimage","url":"https:\/\/dmcsrb.com\/wp-content\/uploads\/2026\/01\/djeca1pix.webp","contentUrl":"https:\/\/dmcsrb.com\/wp-content\/uploads\/2026\/01\/djeca1pix.webp","width":900,"height":599},{"@type":"BreadcrumbList","@id":"https:\/\/dmcsrb.com\/drustvo\/svaka-porodica-koja-ceka-vijest-o-svom-najblizem-nosi-teret-tuge-i-nade\/#breadcrumb","itemListElement":[{"@type":"ListItem","position":1,"name":"Home","item":"https:\/\/dmcsrb.com\/"},{"@type":"ListItem","position":2,"name":"Svaka porodica koja \u010deka vijest o svom najbli\u017eem nosi teret tuge i nade"}]},{"@type":"WebSite","@id":"https:\/\/dmcsrb.com\/#website","url":"https:\/\/dmcsrb.com\/","name":"dmcsrb.com","description":"","potentialAction":[{"@type":"SearchAction","target":{"@type":"EntryPoint","urlTemplate":"https:\/\/dmcsrb.com\/?s={search_term_string}"},"query-input":{"@type":"PropertyValueSpecification","valueRequired":true,"valueName":"search_term_string"}}],"inLanguage":"en-GB"},{"@type":"Person","@id":"https:\/\/dmcsrb.com\/#\/schema\/person\/5c39170f12db1b8b457732d0b5c854e2","name":"dmcsrbija.com@gmail.com","image":{"@type":"ImageObject","inLanguage":"en-GB","@id":"https:\/\/dmcsrb.com\/#\/schema\/person\/image\/","url":"https:\/\/secure.gravatar.com\/avatar\/68592660ad6347fad0fb587f8d5d8f1a7b44961362f56e4f2cd524feb87e9069?s=96&d=mm&r=g","contentUrl":"https:\/\/secure.gravatar.com\/avatar\/68592660ad6347fad0fb587f8d5d8f1a7b44961362f56e4f2cd524feb87e9069?s=96&d=mm&r=g","caption":"dmcsrbija.com@gmail.com"},"sameAs":["https:\/\/dmcsrb.com"],"url":"https:\/\/dmcsrb.com\/en\/author\/dmcsrbija-comgmail-com\/"}]}},"_links":{"self":[{"href":"https:\/\/dmcsrb.com\/en\/wp-json\/wp\/v2\/posts\/949151","targetHints":{"allow":["GET"]}}],"collection":[{"href":"https:\/\/dmcsrb.com\/en\/wp-json\/wp\/v2\/posts"}],"about":[{"href":"https:\/\/dmcsrb.com\/en\/wp-json\/wp\/v2\/types\/post"}],"author":[{"embeddable":true,"href":"https:\/\/dmcsrb.com\/en\/wp-json\/wp\/v2\/users\/1"}],"replies":[{"embeddable":true,"href":"https:\/\/dmcsrb.com\/en\/wp-json\/wp\/v2\/comments?post=949151"}],"version-history":[{"count":0,"href":"https:\/\/dmcsrb.com\/en\/wp-json\/wp\/v2\/posts\/949151\/revisions"}],"wp:featuredmedia":[{"embeddable":true,"href":"https:\/\/dmcsrb.com\/en\/wp-json\/wp\/v2\/media\/943338"}],"wp:attachment":[{"href":"https:\/\/dmcsrb.com\/en\/wp-json\/wp\/v2\/media?parent=949151"}],"wp:term":[{"taxonomy":"category","embeddable":true,"href":"https:\/\/dmcsrb.com\/en\/wp-json\/wp\/v2\/categories?post=949151"},{"taxonomy":"post_tag","embeddable":true,"href":"https:\/\/dmcsrb.com\/en\/wp-json\/wp\/v2\/tags?post=949151"},{"taxonomy":"naslovna","embeddable":true,"href":"https:\/\/dmcsrb.com\/en\/wp-json\/wp\/v2\/naslovna?post=949151"}],"curies":[{"name":"wp","href":"https:\/\/api.w.org\/{rel}","templated":true}]}}