{"id":949089,"date":"2025-08-29T19:28:00","date_gmt":"2025-08-29T17:28:00","guid":{"rendered":"https:\/\/dmcsrb.com\/uncategorized\/becirovic-trazi-ocjenu-ustavnosti-zakljucaka-skupstine-rs-o-dodikovom-mandatu\/"},"modified":"2025-08-29T19:28:00","modified_gmt":"2025-08-29T17:28:00","slug":"becirovic-trazi-ocjenu-ustavnosti-zakljucaka-skupstine-rs-o-dodikovom-mandatu","status":"publish","type":"post","link":"https:\/\/dmcsrb.com\/en\/region\/becirovic-trazi-ocjenu-ustavnosti-zakljucaka-skupstine-rs-o-dodikovom-mandatu\/","title":{"rendered":"Be\u0107irovi\u0107 tra\u017ei ocjenu ustavnosti zaklju\u010daka Skup\u0161tine RS o Dodikovom mandatu"},"content":{"rendered":"<p><\/p>\n\n\n\n<p>Skup\u0161tina RS-a je 22. augusta usvojila set zaklju\u010daka kojima odbacuje presudu Suda BiH i odluku CIK-a kojima je prestao mandat Dodiku na funkciji predsjednika RS.<\/p>\n\n\n\n<p>U zaklju\u010dcima se navodi da se Skup\u0161tina RS protivi odr\u017eavanju prijevremenih izbora, da se &#8220;poziva Dodik da nastavi obavljati funkciju predsjednika RS&#8221; i da se od svih institucija u entitetu zahtijeva da ne preduzimaju aktivnosti u vezi s raspisivanjem izbora.<\/p>\n\n\n\n<p>Jedan od zaklju\u010daka upozorava da bi &#8220;eventualna saradnja sa CIK BiH povodom ovog pitanja predstavljala izvr\u0161avanje krivi\u010dnog djela nepo\u0161tovanja odluka institucija ili organa RS, propisanog Krivi\u010dnim zakonikom RS&#8221;.<\/p>\n\n\n\n<p>Be\u0107irovi\u0107 isti\u010de da usvojeni zaklju\u010dci kr\u0161e Ustav BiH, njene zakone, brojne me\u0111unarodne sporazume i ne po\u0161tuju pravosna\u017ene presude sudova BiH, prenosi Radio Slobodna Evropa.<\/p>\n\n\n\n<p>&#8220;Nepo\u0161tovanje pravosna\u017enih presuda i odluka nadle\u017enih organa vlasti predstavlja flagrantno kr\u0161enje Ustava BiH i Op\u0161teg okvirnog sporazuma za mir u BiH, kao i Krivi\u010dnog zakona BiH&#8221;, navodi se u zahtjevu.<\/p>\n\n\n\n<p>Be\u0107irovi\u0107 tra\u017ei da Ustavni sud BiH utvrdi, u skladu s Ustavom i svojom dosada\u0161njom praksom, da entitet RS nema ustavnu nadle\u017enost za dono\u0161enje osporenih zaklju\u010daka i da poni\u0161ti i stavi van pravne snage te zaklju\u010dke.<\/p>","protected":false},"excerpt":{"rendered":"<p>\u010clan Predsjedni\u0161tva Bosne i Hercegovine (BiH) Denis Be\u0107irovi\u0107 zatra\u017eio je od Ustavnog suda da preispita ustavnost zaklju\u010daka Skup\u0161tine Republike Srpske (RS), koji se odnose na odluku Centralne izborne komisije (CIK) BiH o oduzimanju mandata Miloradu Dodiku.<\/p>","protected":false},"author":1,"featured_media":947879,"comment_status":"open","ping_status":"open","sticky":false,"template":"","format":"standard","meta":{"_acf_changed":false,"footnotes":""},"categories":[103],"tags":[18247,18703,18704,12920,11765],"naslovna":[],"class_list":["post-949089","post","type-post","status-publish","format-standard","has-post-thumbnail","hentry","category-region","tag-denis-becirovic","tag-dodikov-mandat","tag-ocjena-ustavnosti","tag-skupstina-rs","tag-zakljucci"],"acf":[],"yoast_head":"<!-- This site is optimized with the Yoast SEO plugin v27.0 - https:\/\/yoast.com\/product\/yoast-seo-wordpress\/ -->\n<title>Be\u0107irovi\u0107 tra\u017ei ocjenu ustavnosti zaklju\u010daka Skup\u0161tine RS o Dodikovom mandatu - dmcsrb.com<\/title>\n<meta name=\"robots\" content=\"index, follow, max-snippet:-1, max-image-preview:large, max-video-preview:-1\" \/>\n<link rel=\"canonical\" href=\"https:\/\/dmcsrb.com\/en\/region\/becirovic-trazi-ocjenu-ustavnosti-zakljucaka-skupstine-rs-o-dodikovom-mandatu\/\" \/>\n<meta property=\"og:locale\" content=\"en_GB\" \/>\n<meta property=\"og:type\" content=\"article\" \/>\n<meta property=\"og:title\" content=\"Be\u0107irovi\u0107 tra\u017ei ocjenu ustavnosti zaklju\u010daka Skup\u0161tine RS o Dodikovom mandatu - dmcsrb.com\" \/>\n<meta property=\"og:description\" content=\"\u010clan Predsjedni\u0161tva Bosne i Hercegovine (BiH) Denis Be\u0107irovi\u0107 zatra\u017eio je od Ustavnog suda da preispita ustavnost zaklju\u010daka Skup\u0161tine Republike Srpske (RS), koji se odnose na odluku Centralne izborne komisije (CIK) BiH o oduzimanju mandata Miloradu Dodiku.\" \/>\n<meta property=\"og:url\" content=\"https:\/\/dmcsrb.com\/en\/region\/becirovic-trazi-ocjenu-ustavnosti-zakljucaka-skupstine-rs-o-dodikovom-mandatu\/\" \/>\n<meta property=\"og:site_name\" content=\"dmcsrb.com\" \/>\n<meta property=\"article:published_time\" content=\"2025-08-29T17:28:00+00:00\" \/>\n<meta property=\"og:image\" content=\"https:\/\/dmcsrb.com\/wp-content\/uploads\/2026\/01\/AP24128620032585.webp\" \/>\n\t<meta property=\"og:image:width\" content=\"1024\" \/>\n\t<meta property=\"og:image:height\" content=\"683\" \/>\n\t<meta property=\"og:image:type\" content=\"image\/jpeg\" \/>\n<meta name=\"author\" content=\"dmcsrbija.com@gmail.com\" \/>\n<meta name=\"twitter:card\" content=\"summary_large_image\" \/>\n<meta name=\"twitter:label1\" content=\"Written by\" \/>\n\t<meta name=\"twitter:data1\" content=\"dmcsrbija.com@gmail.com\" \/>\n\t<meta name=\"twitter:label2\" content=\"Estimated reading time\" \/>\n\t<meta name=\"twitter:data2\" content=\"1 minute\" \/>\n<script type=\"application\/ld+json\" class=\"yoast-schema-graph\">{\"@context\":\"https:\/\/schema.org\",\"@graph\":[{\"@type\":\"Article\",\"@id\":\"https:\/\/dmcsrb.com\/region\/becirovic-trazi-ocjenu-ustavnosti-zakljucaka-skupstine-rs-o-dodikovom-mandatu\/#article\",\"isPartOf\":{\"@id\":\"https:\/\/dmcsrb.com\/region\/becirovic-trazi-ocjenu-ustavnosti-zakljucaka-skupstine-rs-o-dodikovom-mandatu\/\"},\"author\":{\"name\":\"dmcsrbija.com@gmail.com\",\"@id\":\"https:\/\/dmcsrb.com\/#\/schema\/person\/5c39170f12db1b8b457732d0b5c854e2\"},\"headline\":\"Be\u0107irovi\u0107 tra\u017ei ocjenu ustavnosti zaklju\u010daka Skup\u0161tine RS o Dodikovom mandatu\",\"datePublished\":\"2025-08-29T17:28:00+00:00\",\"mainEntityOfPage\":{\"@id\":\"https:\/\/dmcsrb.com\/region\/becirovic-trazi-ocjenu-ustavnosti-zakljucaka-skupstine-rs-o-dodikovom-mandatu\/\"},\"wordCount\":226,\"commentCount\":0,\"image\":{\"@id\":\"https:\/\/dmcsrb.com\/region\/becirovic-trazi-ocjenu-ustavnosti-zakljucaka-skupstine-rs-o-dodikovom-mandatu\/#primaryimage\"},\"thumbnailUrl\":\"https:\/\/dmcsrb.com\/wp-content\/uploads\/2026\/01\/AP24128620032585.webp\",\"keywords\":[\"Denis Be\u0107irovi\u0107\",\"Dodikov mandat\",\"Ocjena ustavnosti\",\"Skup\u0161tina RS\",\"Zaklju\u010dci\"],\"articleSection\":[\"Region\"],\"inLanguage\":\"en-GB\",\"potentialAction\":[{\"@type\":\"CommentAction\",\"name\":\"Comment\",\"target\":[\"https:\/\/dmcsrb.com\/region\/becirovic-trazi-ocjenu-ustavnosti-zakljucaka-skupstine-rs-o-dodikovom-mandatu\/#respond\"]}]},{\"@type\":\"WebPage\",\"@id\":\"https:\/\/dmcsrb.com\/region\/becirovic-trazi-ocjenu-ustavnosti-zakljucaka-skupstine-rs-o-dodikovom-mandatu\/\",\"url\":\"https:\/\/dmcsrb.com\/region\/becirovic-trazi-ocjenu-ustavnosti-zakljucaka-skupstine-rs-o-dodikovom-mandatu\/\",\"name\":\"Be\u0107irovi\u0107 tra\u017ei ocjenu ustavnosti zaklju\u010daka Skup\u0161tine RS o Dodikovom mandatu - dmcsrb.com\",\"isPartOf\":{\"@id\":\"https:\/\/dmcsrb.com\/#website\"},\"primaryImageOfPage\":{\"@id\":\"https:\/\/dmcsrb.com\/region\/becirovic-trazi-ocjenu-ustavnosti-zakljucaka-skupstine-rs-o-dodikovom-mandatu\/#primaryimage\"},\"image\":{\"@id\":\"https:\/\/dmcsrb.com\/region\/becirovic-trazi-ocjenu-ustavnosti-zakljucaka-skupstine-rs-o-dodikovom-mandatu\/#primaryimage\"},\"thumbnailUrl\":\"https:\/\/dmcsrb.com\/wp-content\/uploads\/2026\/01\/AP24128620032585.webp\",\"datePublished\":\"2025-08-29T17:28:00+00:00\",\"author\":{\"@id\":\"https:\/\/dmcsrb.com\/#\/schema\/person\/5c39170f12db1b8b457732d0b5c854e2\"},\"breadcrumb\":{\"@id\":\"https:\/\/dmcsrb.com\/region\/becirovic-trazi-ocjenu-ustavnosti-zakljucaka-skupstine-rs-o-dodikovom-mandatu\/#breadcrumb\"},\"inLanguage\":\"en-GB\",\"potentialAction\":[{\"@type\":\"ReadAction\",\"target\":[\"https:\/\/dmcsrb.com\/region\/becirovic-trazi-ocjenu-ustavnosti-zakljucaka-skupstine-rs-o-dodikovom-mandatu\/\"]}]},{\"@type\":\"ImageObject\",\"inLanguage\":\"en-GB\",\"@id\":\"https:\/\/dmcsrb.com\/region\/becirovic-trazi-ocjenu-ustavnosti-zakljucaka-skupstine-rs-o-dodikovom-mandatu\/#primaryimage\",\"url\":\"https:\/\/dmcsrb.com\/wp-content\/uploads\/2026\/01\/AP24128620032585.webp\",\"contentUrl\":\"https:\/\/dmcsrb.com\/wp-content\/uploads\/2026\/01\/AP24128620032585.webp\",\"width\":1024,\"height\":683},{\"@type\":\"BreadcrumbList\",\"@id\":\"https:\/\/dmcsrb.com\/region\/becirovic-trazi-ocjenu-ustavnosti-zakljucaka-skupstine-rs-o-dodikovom-mandatu\/#breadcrumb\",\"itemListElement\":[{\"@type\":\"ListItem\",\"position\":1,\"name\":\"Home\",\"item\":\"https:\/\/dmcsrb.com\/\"},{\"@type\":\"ListItem\",\"position\":2,\"name\":\"Be\u0107irovi\u0107 tra\u017ei ocjenu ustavnosti zaklju\u010daka Skup\u0161tine RS o Dodikovom mandatu\"}]},{\"@type\":\"WebSite\",\"@id\":\"https:\/\/dmcsrb.com\/#website\",\"url\":\"https:\/\/dmcsrb.com\/\",\"name\":\"dmcsrb.com\",\"description\":\"\",\"potentialAction\":[{\"@type\":\"SearchAction\",\"target\":{\"@type\":\"EntryPoint\",\"urlTemplate\":\"https:\/\/dmcsrb.com\/?s={search_term_string}\"},\"query-input\":{\"@type\":\"PropertyValueSpecification\",\"valueRequired\":true,\"valueName\":\"search_term_string\"}}],\"inLanguage\":\"en-GB\"},{\"@type\":\"Person\",\"@id\":\"https:\/\/dmcsrb.com\/#\/schema\/person\/5c39170f12db1b8b457732d0b5c854e2\",\"name\":\"dmcsrbija.com@gmail.com\",\"image\":{\"@type\":\"ImageObject\",\"inLanguage\":\"en-GB\",\"@id\":\"https:\/\/dmcsrb.com\/#\/schema\/person\/image\/\",\"url\":\"https:\/\/secure.gravatar.com\/avatar\/68592660ad6347fad0fb587f8d5d8f1a7b44961362f56e4f2cd524feb87e9069?s=96&d=mm&r=g\",\"contentUrl\":\"https:\/\/secure.gravatar.com\/avatar\/68592660ad6347fad0fb587f8d5d8f1a7b44961362f56e4f2cd524feb87e9069?s=96&d=mm&r=g\",\"caption\":\"dmcsrbija.com@gmail.com\"},\"sameAs\":[\"https:\/\/dmcsrb.com\"],\"url\":\"https:\/\/dmcsrb.com\/en\/author\/dmcsrbija-comgmail-com\/\"}]}<\/script>\n<!-- \/ Yoast SEO plugin. -->","yoast_head_json":{"title":"Be\u0107irovi\u0107 tra\u017ei ocjenu ustavnosti zaklju\u010daka Skup\u0161tine RS o Dodikovom mandatu - dmcsrb.com","robots":{"index":"index","follow":"follow","max-snippet":"max-snippet:-1","max-image-preview":"max-image-preview:large","max-video-preview":"max-video-preview:-1"},"canonical":"https:\/\/dmcsrb.com\/en\/region\/becirovic-trazi-ocjenu-ustavnosti-zakljucaka-skupstine-rs-o-dodikovom-mandatu\/","og_locale":"en_GB","og_type":"article","og_title":"Be\u0107irovi\u0107 tra\u017ei ocjenu ustavnosti zaklju\u010daka Skup\u0161tine RS o Dodikovom mandatu - dmcsrb.com","og_description":"\u010clan Predsjedni\u0161tva Bosne i Hercegovine (BiH) Denis Be\u0107irovi\u0107 zatra\u017eio je od Ustavnog suda da preispita ustavnost zaklju\u010daka Skup\u0161tine Republike Srpske (RS), koji se odnose na odluku Centralne izborne komisije (CIK) BiH o oduzimanju mandata Miloradu Dodiku.","og_url":"https:\/\/dmcsrb.com\/en\/region\/becirovic-trazi-ocjenu-ustavnosti-zakljucaka-skupstine-rs-o-dodikovom-mandatu\/","og_site_name":"dmcsrb.com","article_published_time":"2025-08-29T17:28:00+00:00","og_image":[{"width":1024,"height":683,"url":"https:\/\/dmcsrb.com\/wp-content\/uploads\/2026\/01\/AP24128620032585.webp","type":"image\/jpeg"}],"author":"dmcsrbija.com@gmail.com","twitter_card":"summary_large_image","twitter_misc":{"Written by":"dmcsrbija.com@gmail.com","Estimated reading time":"1 minute"},"schema":{"@context":"https:\/\/schema.org","@graph":[{"@type":"Article","@id":"https:\/\/dmcsrb.com\/region\/becirovic-trazi-ocjenu-ustavnosti-zakljucaka-skupstine-rs-o-dodikovom-mandatu\/#article","isPartOf":{"@id":"https:\/\/dmcsrb.com\/region\/becirovic-trazi-ocjenu-ustavnosti-zakljucaka-skupstine-rs-o-dodikovom-mandatu\/"},"author":{"name":"dmcsrbija.com@gmail.com","@id":"https:\/\/dmcsrb.com\/#\/schema\/person\/5c39170f12db1b8b457732d0b5c854e2"},"headline":"Be\u0107irovi\u0107 tra\u017ei ocjenu ustavnosti zaklju\u010daka Skup\u0161tine RS o Dodikovom mandatu","datePublished":"2025-08-29T17:28:00+00:00","mainEntityOfPage":{"@id":"https:\/\/dmcsrb.com\/region\/becirovic-trazi-ocjenu-ustavnosti-zakljucaka-skupstine-rs-o-dodikovom-mandatu\/"},"wordCount":226,"commentCount":0,"image":{"@id":"https:\/\/dmcsrb.com\/region\/becirovic-trazi-ocjenu-ustavnosti-zakljucaka-skupstine-rs-o-dodikovom-mandatu\/#primaryimage"},"thumbnailUrl":"https:\/\/dmcsrb.com\/wp-content\/uploads\/2026\/01\/AP24128620032585.webp","keywords":["Denis Be\u0107irovi\u0107","Dodikov mandat","Ocjena ustavnosti","Skup\u0161tina RS","Zaklju\u010dci"],"articleSection":["Region"],"inLanguage":"en-GB","potentialAction":[{"@type":"CommentAction","name":"Comment","target":["https:\/\/dmcsrb.com\/region\/becirovic-trazi-ocjenu-ustavnosti-zakljucaka-skupstine-rs-o-dodikovom-mandatu\/#respond"]}]},{"@type":"WebPage","@id":"https:\/\/dmcsrb.com\/region\/becirovic-trazi-ocjenu-ustavnosti-zakljucaka-skupstine-rs-o-dodikovom-mandatu\/","url":"https:\/\/dmcsrb.com\/region\/becirovic-trazi-ocjenu-ustavnosti-zakljucaka-skupstine-rs-o-dodikovom-mandatu\/","name":"Be\u0107irovi\u0107 tra\u017ei ocjenu ustavnosti zaklju\u010daka Skup\u0161tine RS o Dodikovom mandatu - dmcsrb.com","isPartOf":{"@id":"https:\/\/dmcsrb.com\/#website"},"primaryImageOfPage":{"@id":"https:\/\/dmcsrb.com\/region\/becirovic-trazi-ocjenu-ustavnosti-zakljucaka-skupstine-rs-o-dodikovom-mandatu\/#primaryimage"},"image":{"@id":"https:\/\/dmcsrb.com\/region\/becirovic-trazi-ocjenu-ustavnosti-zakljucaka-skupstine-rs-o-dodikovom-mandatu\/#primaryimage"},"thumbnailUrl":"https:\/\/dmcsrb.com\/wp-content\/uploads\/2026\/01\/AP24128620032585.webp","datePublished":"2025-08-29T17:28:00+00:00","author":{"@id":"https:\/\/dmcsrb.com\/#\/schema\/person\/5c39170f12db1b8b457732d0b5c854e2"},"breadcrumb":{"@id":"https:\/\/dmcsrb.com\/region\/becirovic-trazi-ocjenu-ustavnosti-zakljucaka-skupstine-rs-o-dodikovom-mandatu\/#breadcrumb"},"inLanguage":"en-GB","potentialAction":[{"@type":"ReadAction","target":["https:\/\/dmcsrb.com\/region\/becirovic-trazi-ocjenu-ustavnosti-zakljucaka-skupstine-rs-o-dodikovom-mandatu\/"]}]},{"@type":"ImageObject","inLanguage":"en-GB","@id":"https:\/\/dmcsrb.com\/region\/becirovic-trazi-ocjenu-ustavnosti-zakljucaka-skupstine-rs-o-dodikovom-mandatu\/#primaryimage","url":"https:\/\/dmcsrb.com\/wp-content\/uploads\/2026\/01\/AP24128620032585.webp","contentUrl":"https:\/\/dmcsrb.com\/wp-content\/uploads\/2026\/01\/AP24128620032585.webp","width":1024,"height":683},{"@type":"BreadcrumbList","@id":"https:\/\/dmcsrb.com\/region\/becirovic-trazi-ocjenu-ustavnosti-zakljucaka-skupstine-rs-o-dodikovom-mandatu\/#breadcrumb","itemListElement":[{"@type":"ListItem","position":1,"name":"Home","item":"https:\/\/dmcsrb.com\/"},{"@type":"ListItem","position":2,"name":"Be\u0107irovi\u0107 tra\u017ei ocjenu ustavnosti zaklju\u010daka Skup\u0161tine RS o Dodikovom mandatu"}]},{"@type":"WebSite","@id":"https:\/\/dmcsrb.com\/#website","url":"https:\/\/dmcsrb.com\/","name":"dmcsrb.com","description":"","potentialAction":[{"@type":"SearchAction","target":{"@type":"EntryPoint","urlTemplate":"https:\/\/dmcsrb.com\/?s={search_term_string}"},"query-input":{"@type":"PropertyValueSpecification","valueRequired":true,"valueName":"search_term_string"}}],"inLanguage":"en-GB"},{"@type":"Person","@id":"https:\/\/dmcsrb.com\/#\/schema\/person\/5c39170f12db1b8b457732d0b5c854e2","name":"dmcsrbija.com@gmail.com","image":{"@type":"ImageObject","inLanguage":"en-GB","@id":"https:\/\/dmcsrb.com\/#\/schema\/person\/image\/","url":"https:\/\/secure.gravatar.com\/avatar\/68592660ad6347fad0fb587f8d5d8f1a7b44961362f56e4f2cd524feb87e9069?s=96&d=mm&r=g","contentUrl":"https:\/\/secure.gravatar.com\/avatar\/68592660ad6347fad0fb587f8d5d8f1a7b44961362f56e4f2cd524feb87e9069?s=96&d=mm&r=g","caption":"dmcsrbija.com@gmail.com"},"sameAs":["https:\/\/dmcsrb.com"],"url":"https:\/\/dmcsrb.com\/en\/author\/dmcsrbija-comgmail-com\/"}]}},"_links":{"self":[{"href":"https:\/\/dmcsrb.com\/en\/wp-json\/wp\/v2\/posts\/949089","targetHints":{"allow":["GET"]}}],"collection":[{"href":"https:\/\/dmcsrb.com\/en\/wp-json\/wp\/v2\/posts"}],"about":[{"href":"https:\/\/dmcsrb.com\/en\/wp-json\/wp\/v2\/types\/post"}],"author":[{"embeddable":true,"href":"https:\/\/dmcsrb.com\/en\/wp-json\/wp\/v2\/users\/1"}],"replies":[{"embeddable":true,"href":"https:\/\/dmcsrb.com\/en\/wp-json\/wp\/v2\/comments?post=949089"}],"version-history":[{"count":0,"href":"https:\/\/dmcsrb.com\/en\/wp-json\/wp\/v2\/posts\/949089\/revisions"}],"wp:featuredmedia":[{"embeddable":true,"href":"https:\/\/dmcsrb.com\/en\/wp-json\/wp\/v2\/media\/947879"}],"wp:attachment":[{"href":"https:\/\/dmcsrb.com\/en\/wp-json\/wp\/v2\/media?parent=949089"}],"wp:term":[{"taxonomy":"category","embeddable":true,"href":"https:\/\/dmcsrb.com\/en\/wp-json\/wp\/v2\/categories?post=949089"},{"taxonomy":"post_tag","embeddable":true,"href":"https:\/\/dmcsrb.com\/en\/wp-json\/wp\/v2\/tags?post=949089"},{"taxonomy":"naslovna","embeddable":true,"href":"https:\/\/dmcsrb.com\/en\/wp-json\/wp\/v2\/naslovna?post=949089"}],"curies":[{"name":"wp","href":"https:\/\/api.w.org\/{rel}","templated":true}]}}