{"id":949076,"date":"2025-08-29T18:04:00","date_gmt":"2025-08-29T16:04:00","guid":{"rendered":"https:\/\/dmcsrb.com\/uncategorized\/specijalna-izvjestiteljka-un-licni-napadi-i-omalozavanje-gorjanac-i-radulovica-nedozvoljeni-u-demokratskom-drustvu\/"},"modified":"2025-08-29T18:04:00","modified_gmt":"2025-08-29T16:04:00","slug":"specijalna-izvjestiteljka-un-licni-napadi-i-omalozavanje-gorjanac-i-radulovica-nedozvoljeni-u-demokratskom-drustvu","status":"publish","type":"post","link":"https:\/\/dmcsrb.com\/en\/drustvo\/specijalna-izvjestiteljka-un-licni-napadi-i-omalozavanje-gorjanac-i-radulovica-nedozvoljeni-u-demokratskom-drustvu\/","title":{"rendered":"Specijalna izvjestiteljka UN: Li\u010dni napadi i omalo\u017eavanje Gorjanac i Radulovi\u0107a nedozvoljeni u demokratskom dru\u0161tvu"},"content":{"rendered":"<p>\u201e\u010cini se da su ovi napadi usmjereni na njih zbog njihovog profesionalnog rada u odbrani vladavine prava. Takvi li\u010dni napadi i omalova\u017eavanje braniteljke pravde i advokata ne bi trebali imati nikakvu ulogu u demokratskom dru\u0161tvu\u201c, poru\u010dila je Satervajt.<\/p>\n\n\n\n<p><a href=\"https:\/\/rtcg.me\/vijesti\/drustvo\/747867\/radulovic-podnio-krivicnu-prijavu-protiv-demokrata-saranovica-vise-nn-lica-i-funkcionera-cedis-a.html\"><\/a><\/p>\n\n\n\n<figure class=\"wp-block-embed is-type-rich is-provider-twitter wp-block-embed-twitter\"><div class=\"wp-block-embed__wrapper\">\n<blockquote class=\"twitter-tweet\" data-width=\"500\" data-dnt=\"true\"><p lang=\"en\" dir=\"ltr\"><a href=\"https:\/\/twitter.com\/hashtag\/Montenegro?src=hash&amp;ref_src=twsrc%5Etfw\">#Montenegro<\/a>: Concerning news&#8211;attacks and accusations have been\u00a0made against human rights defender Tea Gorjanc Prelevic, the director of the NGO <a href=\"https:\/\/twitter.com\/HRA_MNE?ref_src=twsrc%5Etfw\">@HRA_MNE<\/a> and lawyer Veselin Radoluvic by political leaders. These attacks appear to target them for their professional work to defend\u2026<\/p>&mdash; Margaret Satterthwaite (@SRjudgeslawyers) <a href=\"https:\/\/twitter.com\/SRjudgeslawyers\/status\/1961441909005525138?ref_src=twsrc%5Etfw\">August 29, 2025<\/a><\/blockquote><script async src=\"https:\/\/platform.twitter.com\/widgets.js\" charset=\"utf-8\"><\/script>\n<\/div><\/figure>","protected":false},"excerpt":{"rendered":"<p>Specijalna izvjestiteljka Ujedinjenih nacija za nezavisnost sudija i advokata, Margaret Satervajt, oglasila se na svom X nalogu povodom, kako je navela, \u201cbezprizornih napada\u201d predstavnika Vlasti na direktoricu HRA Teu Gorjanac Prelevi\u0107 i advokata Veselina Radulovi\u0107a.<\/p>","protected":false},"author":1,"featured_media":949077,"comment_status":"open","ping_status":"open","sticky":false,"template":"","format":"standard","meta":{"_acf_changed":false,"footnotes":""},"categories":[2],"tags":[18699,6992,192,2901],"naslovna":[],"class_list":["post-949076","post","type-post","status-publish","format-standard","has-post-thumbnail","hentry","category-drustvo","tag-margaret-satervajt","tag-tea-gorjanac-prelevic","tag-un","tag-veselin-radulovic"],"acf":[],"yoast_head":"<!-- This site is optimized with the Yoast SEO plugin v27.0 - https:\/\/yoast.com\/product\/yoast-seo-wordpress\/ -->\n<title>Specijalna izvjestiteljka UN: Li\u010dni napadi i omalo\u017eavanje Gorjanac i Radulovi\u0107a nedozvoljeni u demokratskom dru\u0161tvu - dmcsrb.com<\/title>\n<meta name=\"robots\" content=\"index, follow, max-snippet:-1, max-image-preview:large, max-video-preview:-1\" \/>\n<link rel=\"canonical\" href=\"https:\/\/dmcsrb.com\/en\/drustvo\/specijalna-izvjestiteljka-un-licni-napadi-i-omalozavanje-gorjanac-i-radulovica-nedozvoljeni-u-demokratskom-drustvu\/\" \/>\n<meta property=\"og:locale\" content=\"en_GB\" \/>\n<meta property=\"og:type\" content=\"article\" \/>\n<meta property=\"og:title\" content=\"Specijalna izvjestiteljka UN: Li\u010dni napadi i omalo\u017eavanje Gorjanac i Radulovi\u0107a nedozvoljeni u demokratskom dru\u0161tvu - dmcsrb.com\" \/>\n<meta property=\"og:description\" content=\"Specijalna izvjestiteljka Ujedinjenih nacija za nezavisnost sudija i advokata, Margaret Satervajt, oglasila se na svom X nalogu povodom, kako je navela, \u201cbezprizornih napada\u201d predstavnika Vlasti na direktoricu HRA Teu Gorjanac Prelevi\u0107 i advokata Veselina Radulovi\u0107a.\" \/>\n<meta property=\"og:url\" content=\"https:\/\/dmcsrb.com\/en\/drustvo\/specijalna-izvjestiteljka-un-licni-napadi-i-omalozavanje-gorjanac-i-radulovica-nedozvoljeni-u-demokratskom-drustvu\/\" \/>\n<meta property=\"og:site_name\" content=\"dmcsrb.com\" \/>\n<meta property=\"article:published_time\" content=\"2025-08-29T16:04:00+00:00\" \/>\n<meta property=\"og:image\" content=\"https:\/\/dmcsrb.com\/wp-content\/uploads\/2026\/01\/DZO_8668-1000x555-1.webp\" \/>\n\t<meta property=\"og:image:width\" content=\"1000\" \/>\n\t<meta property=\"og:image:height\" content=\"555\" \/>\n\t<meta property=\"og:image:type\" content=\"image\/jpeg\" \/>\n<meta name=\"author\" content=\"dmcsrbija.com@gmail.com\" \/>\n<meta name=\"twitter:card\" content=\"summary_large_image\" \/>\n<meta name=\"twitter:label1\" content=\"Written by\" \/>\n\t<meta name=\"twitter:data1\" content=\"dmcsrbija.com@gmail.com\" \/>\n<script type=\"application\/ld+json\" class=\"yoast-schema-graph\">{\"@context\":\"https:\/\/schema.org\",\"@graph\":[{\"@type\":\"Article\",\"@id\":\"https:\/\/dmcsrb.com\/drustvo\/specijalna-izvjestiteljka-un-licni-napadi-i-omalozavanje-gorjanac-i-radulovica-nedozvoljeni-u-demokratskom-drustvu\/#article\",\"isPartOf\":{\"@id\":\"https:\/\/dmcsrb.com\/drustvo\/specijalna-izvjestiteljka-un-licni-napadi-i-omalozavanje-gorjanac-i-radulovica-nedozvoljeni-u-demokratskom-drustvu\/\"},\"author\":{\"name\":\"dmcsrbija.com@gmail.com\",\"@id\":\"https:\/\/dmcsrb.com\/#\/schema\/person\/5c39170f12db1b8b457732d0b5c854e2\"},\"headline\":\"Specijalna izvjestiteljka UN: Li\u010dni napadi i omalo\u017eavanje Gorjanac i Radulovi\u0107a nedozvoljeni u demokratskom dru\u0161tvu\",\"datePublished\":\"2025-08-29T16:04:00+00:00\",\"mainEntityOfPage\":{\"@id\":\"https:\/\/dmcsrb.com\/drustvo\/specijalna-izvjestiteljka-un-licni-napadi-i-omalozavanje-gorjanac-i-radulovica-nedozvoljeni-u-demokratskom-drustvu\/\"},\"wordCount\":102,\"commentCount\":0,\"image\":{\"@id\":\"https:\/\/dmcsrb.com\/drustvo\/specijalna-izvjestiteljka-un-licni-napadi-i-omalozavanje-gorjanac-i-radulovica-nedozvoljeni-u-demokratskom-drustvu\/#primaryimage\"},\"thumbnailUrl\":\"https:\/\/dmcsrb.com\/wp-content\/uploads\/2026\/01\/DZO_8668-1000x555-1.webp\",\"keywords\":[\"Margaret Satervajt\",\"Tea Gorjanac Prelevi\u0107\",\"UN\",\"Veselin Radulovi\u0107\"],\"articleSection\":[\"Dru\u0161tvo\"],\"inLanguage\":\"en-GB\",\"potentialAction\":[{\"@type\":\"CommentAction\",\"name\":\"Comment\",\"target\":[\"https:\/\/dmcsrb.com\/drustvo\/specijalna-izvjestiteljka-un-licni-napadi-i-omalozavanje-gorjanac-i-radulovica-nedozvoljeni-u-demokratskom-drustvu\/#respond\"]}]},{\"@type\":\"WebPage\",\"@id\":\"https:\/\/dmcsrb.com\/drustvo\/specijalna-izvjestiteljka-un-licni-napadi-i-omalozavanje-gorjanac-i-radulovica-nedozvoljeni-u-demokratskom-drustvu\/\",\"url\":\"https:\/\/dmcsrb.com\/drustvo\/specijalna-izvjestiteljka-un-licni-napadi-i-omalozavanje-gorjanac-i-radulovica-nedozvoljeni-u-demokratskom-drustvu\/\",\"name\":\"Specijalna izvjestiteljka UN: Li\u010dni napadi i omalo\u017eavanje Gorjanac i Radulovi\u0107a nedozvoljeni u demokratskom dru\u0161tvu - dmcsrb.com\",\"isPartOf\":{\"@id\":\"https:\/\/dmcsrb.com\/#website\"},\"primaryImageOfPage\":{\"@id\":\"https:\/\/dmcsrb.com\/drustvo\/specijalna-izvjestiteljka-un-licni-napadi-i-omalozavanje-gorjanac-i-radulovica-nedozvoljeni-u-demokratskom-drustvu\/#primaryimage\"},\"image\":{\"@id\":\"https:\/\/dmcsrb.com\/drustvo\/specijalna-izvjestiteljka-un-licni-napadi-i-omalozavanje-gorjanac-i-radulovica-nedozvoljeni-u-demokratskom-drustvu\/#primaryimage\"},\"thumbnailUrl\":\"https:\/\/dmcsrb.com\/wp-content\/uploads\/2026\/01\/DZO_8668-1000x555-1.webp\",\"datePublished\":\"2025-08-29T16:04:00+00:00\",\"author\":{\"@id\":\"https:\/\/dmcsrb.com\/#\/schema\/person\/5c39170f12db1b8b457732d0b5c854e2\"},\"breadcrumb\":{\"@id\":\"https:\/\/dmcsrb.com\/drustvo\/specijalna-izvjestiteljka-un-licni-napadi-i-omalozavanje-gorjanac-i-radulovica-nedozvoljeni-u-demokratskom-drustvu\/#breadcrumb\"},\"inLanguage\":\"en-GB\",\"potentialAction\":[{\"@type\":\"ReadAction\",\"target\":[\"https:\/\/dmcsrb.com\/drustvo\/specijalna-izvjestiteljka-un-licni-napadi-i-omalozavanje-gorjanac-i-radulovica-nedozvoljeni-u-demokratskom-drustvu\/\"]}]},{\"@type\":\"ImageObject\",\"inLanguage\":\"en-GB\",\"@id\":\"https:\/\/dmcsrb.com\/drustvo\/specijalna-izvjestiteljka-un-licni-napadi-i-omalozavanje-gorjanac-i-radulovica-nedozvoljeni-u-demokratskom-drustvu\/#primaryimage\",\"url\":\"https:\/\/dmcsrb.com\/wp-content\/uploads\/2026\/01\/DZO_8668-1000x555-1.webp\",\"contentUrl\":\"https:\/\/dmcsrb.com\/wp-content\/uploads\/2026\/01\/DZO_8668-1000x555-1.webp\",\"width\":1000,\"height\":555},{\"@type\":\"BreadcrumbList\",\"@id\":\"https:\/\/dmcsrb.com\/drustvo\/specijalna-izvjestiteljka-un-licni-napadi-i-omalozavanje-gorjanac-i-radulovica-nedozvoljeni-u-demokratskom-drustvu\/#breadcrumb\",\"itemListElement\":[{\"@type\":\"ListItem\",\"position\":1,\"name\":\"Home\",\"item\":\"https:\/\/dmcsrb.com\/\"},{\"@type\":\"ListItem\",\"position\":2,\"name\":\"Specijalna izvjestiteljka UN: Li\u010dni napadi i omalo\u017eavanje Gorjanac i Radulovi\u0107a nedozvoljeni u demokratskom dru\u0161tvu\"}]},{\"@type\":\"WebSite\",\"@id\":\"https:\/\/dmcsrb.com\/#website\",\"url\":\"https:\/\/dmcsrb.com\/\",\"name\":\"dmcsrb.com\",\"description\":\"\",\"potentialAction\":[{\"@type\":\"SearchAction\",\"target\":{\"@type\":\"EntryPoint\",\"urlTemplate\":\"https:\/\/dmcsrb.com\/?s={search_term_string}\"},\"query-input\":{\"@type\":\"PropertyValueSpecification\",\"valueRequired\":true,\"valueName\":\"search_term_string\"}}],\"inLanguage\":\"en-GB\"},{\"@type\":\"Person\",\"@id\":\"https:\/\/dmcsrb.com\/#\/schema\/person\/5c39170f12db1b8b457732d0b5c854e2\",\"name\":\"dmcsrbija.com@gmail.com\",\"image\":{\"@type\":\"ImageObject\",\"inLanguage\":\"en-GB\",\"@id\":\"https:\/\/dmcsrb.com\/#\/schema\/person\/image\/\",\"url\":\"https:\/\/secure.gravatar.com\/avatar\/68592660ad6347fad0fb587f8d5d8f1a7b44961362f56e4f2cd524feb87e9069?s=96&d=mm&r=g\",\"contentUrl\":\"https:\/\/secure.gravatar.com\/avatar\/68592660ad6347fad0fb587f8d5d8f1a7b44961362f56e4f2cd524feb87e9069?s=96&d=mm&r=g\",\"caption\":\"dmcsrbija.com@gmail.com\"},\"sameAs\":[\"https:\/\/dmcsrb.com\"],\"url\":\"https:\/\/dmcsrb.com\/en\/author\/dmcsrbija-comgmail-com\/\"}]}<\/script>\n<!-- \/ Yoast SEO plugin. -->","yoast_head_json":{"title":"Specijalna izvjestiteljka UN: Li\u010dni napadi i omalo\u017eavanje Gorjanac i Radulovi\u0107a nedozvoljeni u demokratskom dru\u0161tvu - dmcsrb.com","robots":{"index":"index","follow":"follow","max-snippet":"max-snippet:-1","max-image-preview":"max-image-preview:large","max-video-preview":"max-video-preview:-1"},"canonical":"https:\/\/dmcsrb.com\/en\/drustvo\/specijalna-izvjestiteljka-un-licni-napadi-i-omalozavanje-gorjanac-i-radulovica-nedozvoljeni-u-demokratskom-drustvu\/","og_locale":"en_GB","og_type":"article","og_title":"Specijalna izvjestiteljka UN: Li\u010dni napadi i omalo\u017eavanje Gorjanac i Radulovi\u0107a nedozvoljeni u demokratskom dru\u0161tvu - dmcsrb.com","og_description":"Specijalna izvjestiteljka Ujedinjenih nacija za nezavisnost sudija i advokata, Margaret Satervajt, oglasila se na svom X nalogu povodom, kako je navela, \u201cbezprizornih napada\u201d predstavnika Vlasti na direktoricu HRA Teu Gorjanac Prelevi\u0107 i advokata Veselina Radulovi\u0107a.","og_url":"https:\/\/dmcsrb.com\/en\/drustvo\/specijalna-izvjestiteljka-un-licni-napadi-i-omalozavanje-gorjanac-i-radulovica-nedozvoljeni-u-demokratskom-drustvu\/","og_site_name":"dmcsrb.com","article_published_time":"2025-08-29T16:04:00+00:00","og_image":[{"width":1000,"height":555,"url":"https:\/\/dmcsrb.com\/wp-content\/uploads\/2026\/01\/DZO_8668-1000x555-1.webp","type":"image\/jpeg"}],"author":"dmcsrbija.com@gmail.com","twitter_card":"summary_large_image","twitter_misc":{"Written by":"dmcsrbija.com@gmail.com"},"schema":{"@context":"https:\/\/schema.org","@graph":[{"@type":"Article","@id":"https:\/\/dmcsrb.com\/drustvo\/specijalna-izvjestiteljka-un-licni-napadi-i-omalozavanje-gorjanac-i-radulovica-nedozvoljeni-u-demokratskom-drustvu\/#article","isPartOf":{"@id":"https:\/\/dmcsrb.com\/drustvo\/specijalna-izvjestiteljka-un-licni-napadi-i-omalozavanje-gorjanac-i-radulovica-nedozvoljeni-u-demokratskom-drustvu\/"},"author":{"name":"dmcsrbija.com@gmail.com","@id":"https:\/\/dmcsrb.com\/#\/schema\/person\/5c39170f12db1b8b457732d0b5c854e2"},"headline":"Specijalna izvjestiteljka UN: Li\u010dni napadi i omalo\u017eavanje Gorjanac i Radulovi\u0107a nedozvoljeni u demokratskom dru\u0161tvu","datePublished":"2025-08-29T16:04:00+00:00","mainEntityOfPage":{"@id":"https:\/\/dmcsrb.com\/drustvo\/specijalna-izvjestiteljka-un-licni-napadi-i-omalozavanje-gorjanac-i-radulovica-nedozvoljeni-u-demokratskom-drustvu\/"},"wordCount":102,"commentCount":0,"image":{"@id":"https:\/\/dmcsrb.com\/drustvo\/specijalna-izvjestiteljka-un-licni-napadi-i-omalozavanje-gorjanac-i-radulovica-nedozvoljeni-u-demokratskom-drustvu\/#primaryimage"},"thumbnailUrl":"https:\/\/dmcsrb.com\/wp-content\/uploads\/2026\/01\/DZO_8668-1000x555-1.webp","keywords":["Margaret Satervajt","Tea Gorjanac Prelevi\u0107","UN","Veselin Radulovi\u0107"],"articleSection":["Dru\u0161tvo"],"inLanguage":"en-GB","potentialAction":[{"@type":"CommentAction","name":"Comment","target":["https:\/\/dmcsrb.com\/drustvo\/specijalna-izvjestiteljka-un-licni-napadi-i-omalozavanje-gorjanac-i-radulovica-nedozvoljeni-u-demokratskom-drustvu\/#respond"]}]},{"@type":"WebPage","@id":"https:\/\/dmcsrb.com\/drustvo\/specijalna-izvjestiteljka-un-licni-napadi-i-omalozavanje-gorjanac-i-radulovica-nedozvoljeni-u-demokratskom-drustvu\/","url":"https:\/\/dmcsrb.com\/drustvo\/specijalna-izvjestiteljka-un-licni-napadi-i-omalozavanje-gorjanac-i-radulovica-nedozvoljeni-u-demokratskom-drustvu\/","name":"Specijalna izvjestiteljka UN: Li\u010dni napadi i omalo\u017eavanje Gorjanac i Radulovi\u0107a nedozvoljeni u demokratskom dru\u0161tvu - dmcsrb.com","isPartOf":{"@id":"https:\/\/dmcsrb.com\/#website"},"primaryImageOfPage":{"@id":"https:\/\/dmcsrb.com\/drustvo\/specijalna-izvjestiteljka-un-licni-napadi-i-omalozavanje-gorjanac-i-radulovica-nedozvoljeni-u-demokratskom-drustvu\/#primaryimage"},"image":{"@id":"https:\/\/dmcsrb.com\/drustvo\/specijalna-izvjestiteljka-un-licni-napadi-i-omalozavanje-gorjanac-i-radulovica-nedozvoljeni-u-demokratskom-drustvu\/#primaryimage"},"thumbnailUrl":"https:\/\/dmcsrb.com\/wp-content\/uploads\/2026\/01\/DZO_8668-1000x555-1.webp","datePublished":"2025-08-29T16:04:00+00:00","author":{"@id":"https:\/\/dmcsrb.com\/#\/schema\/person\/5c39170f12db1b8b457732d0b5c854e2"},"breadcrumb":{"@id":"https:\/\/dmcsrb.com\/drustvo\/specijalna-izvjestiteljka-un-licni-napadi-i-omalozavanje-gorjanac-i-radulovica-nedozvoljeni-u-demokratskom-drustvu\/#breadcrumb"},"inLanguage":"en-GB","potentialAction":[{"@type":"ReadAction","target":["https:\/\/dmcsrb.com\/drustvo\/specijalna-izvjestiteljka-un-licni-napadi-i-omalozavanje-gorjanac-i-radulovica-nedozvoljeni-u-demokratskom-drustvu\/"]}]},{"@type":"ImageObject","inLanguage":"en-GB","@id":"https:\/\/dmcsrb.com\/drustvo\/specijalna-izvjestiteljka-un-licni-napadi-i-omalozavanje-gorjanac-i-radulovica-nedozvoljeni-u-demokratskom-drustvu\/#primaryimage","url":"https:\/\/dmcsrb.com\/wp-content\/uploads\/2026\/01\/DZO_8668-1000x555-1.webp","contentUrl":"https:\/\/dmcsrb.com\/wp-content\/uploads\/2026\/01\/DZO_8668-1000x555-1.webp","width":1000,"height":555},{"@type":"BreadcrumbList","@id":"https:\/\/dmcsrb.com\/drustvo\/specijalna-izvjestiteljka-un-licni-napadi-i-omalozavanje-gorjanac-i-radulovica-nedozvoljeni-u-demokratskom-drustvu\/#breadcrumb","itemListElement":[{"@type":"ListItem","position":1,"name":"Home","item":"https:\/\/dmcsrb.com\/"},{"@type":"ListItem","position":2,"name":"Specijalna izvjestiteljka UN: Li\u010dni napadi i omalo\u017eavanje Gorjanac i Radulovi\u0107a nedozvoljeni u demokratskom dru\u0161tvu"}]},{"@type":"WebSite","@id":"https:\/\/dmcsrb.com\/#website","url":"https:\/\/dmcsrb.com\/","name":"dmcsrb.com","description":"","potentialAction":[{"@type":"SearchAction","target":{"@type":"EntryPoint","urlTemplate":"https:\/\/dmcsrb.com\/?s={search_term_string}"},"query-input":{"@type":"PropertyValueSpecification","valueRequired":true,"valueName":"search_term_string"}}],"inLanguage":"en-GB"},{"@type":"Person","@id":"https:\/\/dmcsrb.com\/#\/schema\/person\/5c39170f12db1b8b457732d0b5c854e2","name":"dmcsrbija.com@gmail.com","image":{"@type":"ImageObject","inLanguage":"en-GB","@id":"https:\/\/dmcsrb.com\/#\/schema\/person\/image\/","url":"https:\/\/secure.gravatar.com\/avatar\/68592660ad6347fad0fb587f8d5d8f1a7b44961362f56e4f2cd524feb87e9069?s=96&d=mm&r=g","contentUrl":"https:\/\/secure.gravatar.com\/avatar\/68592660ad6347fad0fb587f8d5d8f1a7b44961362f56e4f2cd524feb87e9069?s=96&d=mm&r=g","caption":"dmcsrbija.com@gmail.com"},"sameAs":["https:\/\/dmcsrb.com"],"url":"https:\/\/dmcsrb.com\/en\/author\/dmcsrbija-comgmail-com\/"}]}},"_links":{"self":[{"href":"https:\/\/dmcsrb.com\/en\/wp-json\/wp\/v2\/posts\/949076","targetHints":{"allow":["GET"]}}],"collection":[{"href":"https:\/\/dmcsrb.com\/en\/wp-json\/wp\/v2\/posts"}],"about":[{"href":"https:\/\/dmcsrb.com\/en\/wp-json\/wp\/v2\/types\/post"}],"author":[{"embeddable":true,"href":"https:\/\/dmcsrb.com\/en\/wp-json\/wp\/v2\/users\/1"}],"replies":[{"embeddable":true,"href":"https:\/\/dmcsrb.com\/en\/wp-json\/wp\/v2\/comments?post=949076"}],"version-history":[{"count":0,"href":"https:\/\/dmcsrb.com\/en\/wp-json\/wp\/v2\/posts\/949076\/revisions"}],"wp:featuredmedia":[{"embeddable":true,"href":"https:\/\/dmcsrb.com\/en\/wp-json\/wp\/v2\/media\/949077"}],"wp:attachment":[{"href":"https:\/\/dmcsrb.com\/en\/wp-json\/wp\/v2\/media?parent=949076"}],"wp:term":[{"taxonomy":"category","embeddable":true,"href":"https:\/\/dmcsrb.com\/en\/wp-json\/wp\/v2\/categories?post=949076"},{"taxonomy":"post_tag","embeddable":true,"href":"https:\/\/dmcsrb.com\/en\/wp-json\/wp\/v2\/tags?post=949076"},{"taxonomy":"naslovna","embeddable":true,"href":"https:\/\/dmcsrb.com\/en\/wp-json\/wp\/v2\/naslovna?post=949076"}],"curies":[{"name":"wp","href":"https:\/\/api.w.org\/{rel}","templated":true}]}}