{"id":949072,"date":"2025-08-29T15:55:00","date_gmt":"2025-08-29T13:55:00","guid":{"rendered":"https:\/\/dmcsrb.com\/uncategorized\/radovic-nadam-se-da-ne-moze-gore-od-ovoga\/"},"modified":"2025-08-29T15:55:00","modified_gmt":"2025-08-29T13:55:00","slug":"radovic-nadam-se-da-ne-moze-gore-od-ovoga","status":"publish","type":"post","link":"https:\/\/dmcsrb.com\/en\/sport\/radovic-nadam-se-da-ne-moze-gore-od-ovoga\/","title":{"rendered":"Radovi\u0107: Nadam se da ne mo\u017ee gore od ovoga"},"content":{"rendered":"<p>\u201cCrveni\u201d su glatko izgubili od Litvanije 94:67, a selektor Bo\u0161ko Radovi\u0107 ne krije da je o\u010dekivao bolji nastup.<\/p>\n\n\n\n<p>\u201cVe\u0107 od tre\u0107eg napada je samo Litvanija bila na terenu. Za razliku od prve utakmice, kada smo makar jedno poluvrijeme odigrali dobro, sada je to bilo lo\u0161e svih 40 minuta. Ovo nije slu\u010dajnost \u2013 dvije utakmice su bile veoma lo\u0161e. Igrali smo i ranije sa Litvanijom i sa ja\u010dim reprezentacijama, ali nismo ovako gubili\u201d, rekao je Radovi\u0107.<\/p>\n\n\n\n<p>U subotu je rival Finska.<\/p>\n\n\n\n<p>\u201cAko se ne\u0161to bukvalno preko no\u0107i ne desi, ne znam \u0161ta da o\u010dekujemo protiv Finske jer ne vidim neki boljitak. Odigrali smo dvije o\u010dajne utakmice, nadam se da ne mo\u017eemo gore od ovoga u nastavku. Poku\u0161a\u0107emo da napravimo bolji rezultat, te\u0161ko je pri\u010dati tako nakon ovih me\u010deva, ali dok \u0161anse za drugi krug postoje \u2013 bori\u0107emo se\u201d, istakao je Radovi\u0107.<\/p>\n\n\n\n<figure class=\"wp-block-embed is-type-wp-embed is-provider-gradski-portal wp-block-embed-gradski-portal\"><div class=\"wp-block-embed__wrapper\">\nhttps:\/\/gradski.me\/uzivo-crna-gora-litvanija-crveni-protiv-favorita-i-negativne-tradicije\/\n<\/div><\/figure>","protected":false},"excerpt":{"rendered":"<p>Drugi poraz crnogorskih ko\u0161arka\u0161a, jo\u0161 jedan ubjedljiv na Eurobasketu.<\/p>","protected":false},"author":1,"featured_media":949073,"comment_status":"open","ping_status":"open","sticky":false,"template":"","format":"standard","meta":{"_acf_changed":false,"footnotes":""},"categories":[148],"tags":[6473,6462,5444,6670],"naslovna":[],"class_list":["post-949072","post","type-post","status-publish","format-standard","has-post-thumbnail","hentry","category-sport","tag-bosko-radovic","tag-eurobasket-2025","tag-muska-kosarkaska-reprezentacija-crne-gore","tag-muska-kosarkaska-reprezentacija-litvanije"],"acf":[],"yoast_head":"<!-- This site is optimized with the Yoast SEO plugin v27.4 - https:\/\/yoast.com\/product\/yoast-seo-wordpress\/ -->\n<title>Radovi\u0107: Nadam se da ne mo\u017ee gore od ovoga - dmcsrb.com<\/title>\n<meta name=\"robots\" content=\"index, follow, max-snippet:-1, max-image-preview:large, max-video-preview:-1\" \/>\n<link rel=\"canonical\" href=\"https:\/\/dmcsrb.com\/en\/sport\/radovic-nadam-se-da-ne-moze-gore-od-ovoga\/\" \/>\n<meta property=\"og:locale\" content=\"en_GB\" \/>\n<meta property=\"og:type\" content=\"article\" \/>\n<meta property=\"og:title\" content=\"Radovi\u0107: Nadam se da ne mo\u017ee gore od ovoga - dmcsrb.com\" \/>\n<meta property=\"og:description\" content=\"Drugi poraz crnogorskih ko\u0161arka\u0161a, jo\u0161 jedan ubjedljiv na Eurobasketu.\" \/>\n<meta property=\"og:url\" content=\"https:\/\/dmcsrb.com\/en\/sport\/radovic-nadam-se-da-ne-moze-gore-od-ovoga\/\" \/>\n<meta property=\"og:site_name\" content=\"dmcsrb.com\" \/>\n<meta property=\"article:published_time\" content=\"2025-08-29T13:55:00+00:00\" \/>\n<meta property=\"og:image\" content=\"https:\/\/dmcsrb.com\/wp-content\/uploads\/2026\/01\/Bosko-Radovic-FIBA-.webp\" \/>\n\t<meta property=\"og:image:width\" content=\"1280\" \/>\n\t<meta property=\"og:image:height\" content=\"851\" \/>\n\t<meta property=\"og:image:type\" content=\"image\/webp\" \/>\n<meta name=\"author\" content=\"dmcsrbija.com@gmail.com\" \/>\n<meta name=\"twitter:card\" content=\"summary_large_image\" \/>\n<meta name=\"twitter:label1\" content=\"Written by\" \/>\n\t<meta name=\"twitter:data1\" content=\"dmcsrbija.com@gmail.com\" \/>\n\t<meta name=\"twitter:label2\" content=\"Estimated reading time\" \/>\n\t<meta name=\"twitter:data2\" content=\"1 minute\" \/>\n<script type=\"application\/ld+json\" class=\"yoast-schema-graph\">{\"@context\":\"https:\\\/\\\/schema.org\",\"@graph\":[{\"@type\":\"Article\",\"@id\":\"https:\\\/\\\/dmcsrb.com\\\/sport\\\/radovic-nadam-se-da-ne-moze-gore-od-ovoga\\\/#article\",\"isPartOf\":{\"@id\":\"https:\\\/\\\/dmcsrb.com\\\/sport\\\/radovic-nadam-se-da-ne-moze-gore-od-ovoga\\\/\"},\"author\":{\"name\":\"dmcsrbija.com@gmail.com\",\"@id\":\"https:\\\/\\\/dmcsrb.com\\\/#\\\/schema\\\/person\\\/5c39170f12db1b8b457732d0b5c854e2\"},\"headline\":\"Radovi\u0107: Nadam se da ne mo\u017ee gore od ovoga\",\"datePublished\":\"2025-08-29T13:55:00+00:00\",\"mainEntityOfPage\":{\"@id\":\"https:\\\/\\\/dmcsrb.com\\\/sport\\\/radovic-nadam-se-da-ne-moze-gore-od-ovoga\\\/\"},\"wordCount\":168,\"commentCount\":0,\"image\":{\"@id\":\"https:\\\/\\\/dmcsrb.com\\\/sport\\\/radovic-nadam-se-da-ne-moze-gore-od-ovoga\\\/#primaryimage\"},\"thumbnailUrl\":\"https:\\\/\\\/dmcsrb.com\\\/wp-content\\\/uploads\\\/2026\\\/01\\\/Bosko-Radovic-FIBA-.webp\",\"keywords\":[\"Bo\u0161ko Radovi\u0107\",\"Eurobasket 2025\",\"Mu\u0161ka ko\u0161arka\u0161ka reprezentacija Crne Gore\",\"Mu\u0161ka ko\u0161arka\u0161ka reprezentacija Litvanije\"],\"articleSection\":[\"Sport\"],\"inLanguage\":\"en-GB\",\"potentialAction\":[{\"@type\":\"CommentAction\",\"name\":\"Comment\",\"target\":[\"https:\\\/\\\/dmcsrb.com\\\/sport\\\/radovic-nadam-se-da-ne-moze-gore-od-ovoga\\\/#respond\"]}]},{\"@type\":\"WebPage\",\"@id\":\"https:\\\/\\\/dmcsrb.com\\\/sport\\\/radovic-nadam-se-da-ne-moze-gore-od-ovoga\\\/\",\"url\":\"https:\\\/\\\/dmcsrb.com\\\/sport\\\/radovic-nadam-se-da-ne-moze-gore-od-ovoga\\\/\",\"name\":\"Radovi\u0107: Nadam se da ne mo\u017ee gore od ovoga - dmcsrb.com\",\"isPartOf\":{\"@id\":\"https:\\\/\\\/dmcsrb.com\\\/#website\"},\"primaryImageOfPage\":{\"@id\":\"https:\\\/\\\/dmcsrb.com\\\/sport\\\/radovic-nadam-se-da-ne-moze-gore-od-ovoga\\\/#primaryimage\"},\"image\":{\"@id\":\"https:\\\/\\\/dmcsrb.com\\\/sport\\\/radovic-nadam-se-da-ne-moze-gore-od-ovoga\\\/#primaryimage\"},\"thumbnailUrl\":\"https:\\\/\\\/dmcsrb.com\\\/wp-content\\\/uploads\\\/2026\\\/01\\\/Bosko-Radovic-FIBA-.webp\",\"datePublished\":\"2025-08-29T13:55:00+00:00\",\"author\":{\"@id\":\"https:\\\/\\\/dmcsrb.com\\\/#\\\/schema\\\/person\\\/5c39170f12db1b8b457732d0b5c854e2\"},\"breadcrumb\":{\"@id\":\"https:\\\/\\\/dmcsrb.com\\\/sport\\\/radovic-nadam-se-da-ne-moze-gore-od-ovoga\\\/#breadcrumb\"},\"inLanguage\":\"en-GB\",\"potentialAction\":[{\"@type\":\"ReadAction\",\"target\":[\"https:\\\/\\\/dmcsrb.com\\\/sport\\\/radovic-nadam-se-da-ne-moze-gore-od-ovoga\\\/\"]}]},{\"@type\":\"ImageObject\",\"inLanguage\":\"en-GB\",\"@id\":\"https:\\\/\\\/dmcsrb.com\\\/sport\\\/radovic-nadam-se-da-ne-moze-gore-od-ovoga\\\/#primaryimage\",\"url\":\"https:\\\/\\\/dmcsrb.com\\\/wp-content\\\/uploads\\\/2026\\\/01\\\/Bosko-Radovic-FIBA-.webp\",\"contentUrl\":\"https:\\\/\\\/dmcsrb.com\\\/wp-content\\\/uploads\\\/2026\\\/01\\\/Bosko-Radovic-FIBA-.webp\",\"width\":1280,\"height\":851},{\"@type\":\"BreadcrumbList\",\"@id\":\"https:\\\/\\\/dmcsrb.com\\\/sport\\\/radovic-nadam-se-da-ne-moze-gore-od-ovoga\\\/#breadcrumb\",\"itemListElement\":[{\"@type\":\"ListItem\",\"position\":1,\"name\":\"Home\",\"item\":\"https:\\\/\\\/dmcsrb.com\\\/\"},{\"@type\":\"ListItem\",\"position\":2,\"name\":\"Radovi\u0107: Nadam se da ne mo\u017ee gore od ovoga\"}]},{\"@type\":\"WebSite\",\"@id\":\"https:\\\/\\\/dmcsrb.com\\\/#website\",\"url\":\"https:\\\/\\\/dmcsrb.com\\\/\",\"name\":\"dmcsrb.com\",\"description\":\"\",\"potentialAction\":[{\"@type\":\"SearchAction\",\"target\":{\"@type\":\"EntryPoint\",\"urlTemplate\":\"https:\\\/\\\/dmcsrb.com\\\/?s={search_term_string}\"},\"query-input\":{\"@type\":\"PropertyValueSpecification\",\"valueRequired\":true,\"valueName\":\"search_term_string\"}}],\"inLanguage\":\"en-GB\"},{\"@type\":\"Person\",\"@id\":\"https:\\\/\\\/dmcsrb.com\\\/#\\\/schema\\\/person\\\/5c39170f12db1b8b457732d0b5c854e2\",\"name\":\"dmcsrbija.com@gmail.com\",\"image\":{\"@type\":\"ImageObject\",\"inLanguage\":\"en-GB\",\"@id\":\"https:\\\/\\\/secure.gravatar.com\\\/avatar\\\/68592660ad6347fad0fb587f8d5d8f1a7b44961362f56e4f2cd524feb87e9069?s=96&d=mm&r=g\",\"url\":\"https:\\\/\\\/secure.gravatar.com\\\/avatar\\\/68592660ad6347fad0fb587f8d5d8f1a7b44961362f56e4f2cd524feb87e9069?s=96&d=mm&r=g\",\"contentUrl\":\"https:\\\/\\\/secure.gravatar.com\\\/avatar\\\/68592660ad6347fad0fb587f8d5d8f1a7b44961362f56e4f2cd524feb87e9069?s=96&d=mm&r=g\",\"caption\":\"dmcsrbija.com@gmail.com\"},\"sameAs\":[\"https:\\\/\\\/dmcsrb.com\"],\"url\":\"https:\\\/\\\/dmcsrb.com\\\/en\\\/author\\\/dmcsrbija-comgmail-com\\\/\"}]}<\/script>\n<!-- \/ Yoast SEO plugin. -->","yoast_head_json":{"title":"Radovi\u0107: Nadam se da ne mo\u017ee gore od ovoga - dmcsrb.com","robots":{"index":"index","follow":"follow","max-snippet":"max-snippet:-1","max-image-preview":"max-image-preview:large","max-video-preview":"max-video-preview:-1"},"canonical":"https:\/\/dmcsrb.com\/en\/sport\/radovic-nadam-se-da-ne-moze-gore-od-ovoga\/","og_locale":"en_GB","og_type":"article","og_title":"Radovi\u0107: Nadam se da ne mo\u017ee gore od ovoga - dmcsrb.com","og_description":"Drugi poraz crnogorskih ko\u0161arka\u0161a, jo\u0161 jedan ubjedljiv na Eurobasketu.","og_url":"https:\/\/dmcsrb.com\/en\/sport\/radovic-nadam-se-da-ne-moze-gore-od-ovoga\/","og_site_name":"dmcsrb.com","article_published_time":"2025-08-29T13:55:00+00:00","og_image":[{"width":1280,"height":851,"url":"https:\/\/dmcsrb.com\/wp-content\/uploads\/2026\/01\/Bosko-Radovic-FIBA-.webp","type":"image\/webp"}],"author":"dmcsrbija.com@gmail.com","twitter_card":"summary_large_image","twitter_misc":{"Written by":"dmcsrbija.com@gmail.com","Estimated reading time":"1 minute"},"schema":{"@context":"https:\/\/schema.org","@graph":[{"@type":"Article","@id":"https:\/\/dmcsrb.com\/sport\/radovic-nadam-se-da-ne-moze-gore-od-ovoga\/#article","isPartOf":{"@id":"https:\/\/dmcsrb.com\/sport\/radovic-nadam-se-da-ne-moze-gore-od-ovoga\/"},"author":{"name":"dmcsrbija.com@gmail.com","@id":"https:\/\/dmcsrb.com\/#\/schema\/person\/5c39170f12db1b8b457732d0b5c854e2"},"headline":"Radovi\u0107: Nadam se da ne mo\u017ee gore od ovoga","datePublished":"2025-08-29T13:55:00+00:00","mainEntityOfPage":{"@id":"https:\/\/dmcsrb.com\/sport\/radovic-nadam-se-da-ne-moze-gore-od-ovoga\/"},"wordCount":168,"commentCount":0,"image":{"@id":"https:\/\/dmcsrb.com\/sport\/radovic-nadam-se-da-ne-moze-gore-od-ovoga\/#primaryimage"},"thumbnailUrl":"https:\/\/dmcsrb.com\/wp-content\/uploads\/2026\/01\/Bosko-Radovic-FIBA-.webp","keywords":["Bo\u0161ko Radovi\u0107","Eurobasket 2025","Mu\u0161ka ko\u0161arka\u0161ka reprezentacija Crne Gore","Mu\u0161ka ko\u0161arka\u0161ka reprezentacija Litvanije"],"articleSection":["Sport"],"inLanguage":"en-GB","potentialAction":[{"@type":"CommentAction","name":"Comment","target":["https:\/\/dmcsrb.com\/sport\/radovic-nadam-se-da-ne-moze-gore-od-ovoga\/#respond"]}]},{"@type":"WebPage","@id":"https:\/\/dmcsrb.com\/sport\/radovic-nadam-se-da-ne-moze-gore-od-ovoga\/","url":"https:\/\/dmcsrb.com\/sport\/radovic-nadam-se-da-ne-moze-gore-od-ovoga\/","name":"Radovi\u0107: Nadam se da ne mo\u017ee gore od ovoga - dmcsrb.com","isPartOf":{"@id":"https:\/\/dmcsrb.com\/#website"},"primaryImageOfPage":{"@id":"https:\/\/dmcsrb.com\/sport\/radovic-nadam-se-da-ne-moze-gore-od-ovoga\/#primaryimage"},"image":{"@id":"https:\/\/dmcsrb.com\/sport\/radovic-nadam-se-da-ne-moze-gore-od-ovoga\/#primaryimage"},"thumbnailUrl":"https:\/\/dmcsrb.com\/wp-content\/uploads\/2026\/01\/Bosko-Radovic-FIBA-.webp","datePublished":"2025-08-29T13:55:00+00:00","author":{"@id":"https:\/\/dmcsrb.com\/#\/schema\/person\/5c39170f12db1b8b457732d0b5c854e2"},"breadcrumb":{"@id":"https:\/\/dmcsrb.com\/sport\/radovic-nadam-se-da-ne-moze-gore-od-ovoga\/#breadcrumb"},"inLanguage":"en-GB","potentialAction":[{"@type":"ReadAction","target":["https:\/\/dmcsrb.com\/sport\/radovic-nadam-se-da-ne-moze-gore-od-ovoga\/"]}]},{"@type":"ImageObject","inLanguage":"en-GB","@id":"https:\/\/dmcsrb.com\/sport\/radovic-nadam-se-da-ne-moze-gore-od-ovoga\/#primaryimage","url":"https:\/\/dmcsrb.com\/wp-content\/uploads\/2026\/01\/Bosko-Radovic-FIBA-.webp","contentUrl":"https:\/\/dmcsrb.com\/wp-content\/uploads\/2026\/01\/Bosko-Radovic-FIBA-.webp","width":1280,"height":851},{"@type":"BreadcrumbList","@id":"https:\/\/dmcsrb.com\/sport\/radovic-nadam-se-da-ne-moze-gore-od-ovoga\/#breadcrumb","itemListElement":[{"@type":"ListItem","position":1,"name":"Home","item":"https:\/\/dmcsrb.com\/"},{"@type":"ListItem","position":2,"name":"Radovi\u0107: Nadam se da ne mo\u017ee gore od ovoga"}]},{"@type":"WebSite","@id":"https:\/\/dmcsrb.com\/#website","url":"https:\/\/dmcsrb.com\/","name":"dmcsrb.com","description":"","potentialAction":[{"@type":"SearchAction","target":{"@type":"EntryPoint","urlTemplate":"https:\/\/dmcsrb.com\/?s={search_term_string}"},"query-input":{"@type":"PropertyValueSpecification","valueRequired":true,"valueName":"search_term_string"}}],"inLanguage":"en-GB"},{"@type":"Person","@id":"https:\/\/dmcsrb.com\/#\/schema\/person\/5c39170f12db1b8b457732d0b5c854e2","name":"dmcsrbija.com@gmail.com","image":{"@type":"ImageObject","inLanguage":"en-GB","@id":"https:\/\/secure.gravatar.com\/avatar\/68592660ad6347fad0fb587f8d5d8f1a7b44961362f56e4f2cd524feb87e9069?s=96&d=mm&r=g","url":"https:\/\/secure.gravatar.com\/avatar\/68592660ad6347fad0fb587f8d5d8f1a7b44961362f56e4f2cd524feb87e9069?s=96&d=mm&r=g","contentUrl":"https:\/\/secure.gravatar.com\/avatar\/68592660ad6347fad0fb587f8d5d8f1a7b44961362f56e4f2cd524feb87e9069?s=96&d=mm&r=g","caption":"dmcsrbija.com@gmail.com"},"sameAs":["https:\/\/dmcsrb.com"],"url":"https:\/\/dmcsrb.com\/en\/author\/dmcsrbija-comgmail-com\/"}]}},"_links":{"self":[{"href":"https:\/\/dmcsrb.com\/en\/wp-json\/wp\/v2\/posts\/949072","targetHints":{"allow":["GET"]}}],"collection":[{"href":"https:\/\/dmcsrb.com\/en\/wp-json\/wp\/v2\/posts"}],"about":[{"href":"https:\/\/dmcsrb.com\/en\/wp-json\/wp\/v2\/types\/post"}],"author":[{"embeddable":true,"href":"https:\/\/dmcsrb.com\/en\/wp-json\/wp\/v2\/users\/1"}],"replies":[{"embeddable":true,"href":"https:\/\/dmcsrb.com\/en\/wp-json\/wp\/v2\/comments?post=949072"}],"version-history":[{"count":0,"href":"https:\/\/dmcsrb.com\/en\/wp-json\/wp\/v2\/posts\/949072\/revisions"}],"wp:featuredmedia":[{"embeddable":true,"href":"https:\/\/dmcsrb.com\/en\/wp-json\/wp\/v2\/media\/949073"}],"wp:attachment":[{"href":"https:\/\/dmcsrb.com\/en\/wp-json\/wp\/v2\/media?parent=949072"}],"wp:term":[{"taxonomy":"category","embeddable":true,"href":"https:\/\/dmcsrb.com\/en\/wp-json\/wp\/v2\/categories?post=949072"},{"taxonomy":"post_tag","embeddable":true,"href":"https:\/\/dmcsrb.com\/en\/wp-json\/wp\/v2\/tags?post=949072"},{"taxonomy":"naslovna","embeddable":true,"href":"https:\/\/dmcsrb.com\/en\/wp-json\/wp\/v2\/naslovna?post=949072"}],"curies":[{"name":"wp","href":"https:\/\/api.w.org\/{rel}","templated":true}]}}