{"id":949030,"date":"2025-08-29T15:48:00","date_gmt":"2025-08-29T13:48:00","guid":{"rendered":"https:\/\/dmcsrb.com\/uncategorized\/svecana-dodjela-nagrada-i-diva-futura-veceras-na-kanli-kuli\/"},"modified":"2025-08-29T15:48:00","modified_gmt":"2025-08-29T13:48:00","slug":"svecana-dodjela-nagrada-i-diva-futura-veceras-na-kanli-kuli","status":"publish","type":"post","link":"https:\/\/dmcsrb.com\/en\/kultura\/svecana-dodjela-nagrada-i-diva-futura-veceras-na-kanli-kuli\/","title":{"rendered":"Sve\u010dana dodjela nagrada i \u201cDiva futura\u201d ve\u010deras na Kanli kuli"},"content":{"rendered":"<p>\u017diri ove selekcije su reditelj Gor\u010din Stojanovi\u0107, glumica Nata\u0161a Ninkovi\u0107, filmska kriti\u010darka i teoreti\u010darka Maja Bogojevi\u0107, dramski pisac i scenarista Predrag Peri\u0161i\u0107 i Esra Demirkiran, direktorka sektora za filmsku produkciju TRT-a (Turske radiotelevizije) i koordinatorka festivala TRT 12 Punto.<\/p>\n\n\n\n<p>U takmi\u010darskoj selekciji dokumentarnog filma bi\u0107e dodijeljena Zlatna mimoza za najbolji dokumentarni film i specijalna priznanja \u017dirija.<\/p>\n\n\n\n<p>O ovim nagradama odlu\u010duje \u017eiri u sastavu: organizatorka filmskih doga\u0111aja i predava\u010dica na Univerzitetu u Krakovu Barbara Orli\u010d-S\u010dipula, filmski stvaralac sa Novog Zelanda Ajzak Najts-Vo\u0161born, filmska producentkinja, direktorka Nacionalnog filmskog centra Moldavije i \u010dlanica Evropske filmske akademije Valentina Jusufhod\u017eajeva, reditelji Bo\u017eidar Kalezi\u0107 i Raco Nikoli\u0107 i novinarka i filmska kriti\u010darka Marija Ivanovi\u0107-Niki\u010devi\u0107.<\/p>\n\n\n\n<p>U takmi\u010darskoj selekciji studentskog filma bi\u0107e dodijeljena Zlatna mimoza za najbolji studentski film, kao i specijalna priznanja \u017dirija.<\/p>\n\n\n\n<p>U \u017eiriju ove selekcije su scenaristkinja i spisateljica Maja Volk, glumac i producent Hazim Begagi\u0107 i dramaturg Aleksandar Radunovi\u0107 Popaj.<\/p>\n\n\n\n<p>O nagradi Federacije filmskih kriti\u010dara Evrope i Mediterana \u2013 FEDEORA za najbolji film odlu\u010duje \u017eiri u sastavu: Stefan Dobriou (Rumunija), Natascha Drubek-Meyer (Njema\u010dka) i Stojan Stameni\u0107 (Crna Gora).<\/p>\n\n\n\n<p>Po zavr\u0161etku ceremonije, pred publikom na Kanli kuli bi\u0107e film van takmi\u010darske konkurencije&nbsp;\u201eDiva Futura\u201d rediteljke Giulie Louise Steigerwalt.<\/p>\n\n\n\n<p>\u201cDiva Futura\u201d je svjetsku premijeru imao u okviru glavnog takmi\u010darskog programa festivala u Veneciji, a jednu od glavnih uloga tuma\u010di\u00a0\u00a0Lidija Kordi\u0107, prva crnogorska glumica koja je izabrana za u\u010de\u0161\u0107e u presti\u017enom programu \u201eEvropske zvijezde u usponu\u201c Filmskog festivala u Berlinu.<\/p>\n\n\n\n<p>Ovo je fiktivni biografski film koji prikazuje po\u010detke italijanske industrije za odrasle u osamdesetim i devedesetim godinama. Pri\u010da prati zvijezde i producente koji su mijenjali kulturu, otkrivaju\u0107i \u017eivotne pri\u010de skrivene iza glamura.<\/p>\n\n\n\n<p>Tokom proteklih sedam dana publika u Herceg Novom u\u017eivala je u vi\u0161e od 60 filmova, novim serijama i prate\u0107im programima, na pet lokacija.<\/p>","protected":false},"excerpt":{"rendered":"<p>Nagrade u takmi\u010darskoj selekciji dugometra\u017enog igranog filma su: Grand Prix \u2013 Zlatna mimoza za najbolji film, Zlatna mimoza za najbolju re\u017eiju, Zlatna mimoza za najbolji scenario, Zlatna mimoza za najbolju mu\u0161ku ulogu, Zlatna mimoza za najbolju \u017eensku ulogu, Nagrada \u017divko Nikoli\u0107 za specijalni doprinos filmskom izrazu i Plaketa Zoran \u017divkovi\u0107 za najbolju produkciju.<\/p>","protected":false},"author":1,"featured_media":949031,"comment_status":"open","ping_status":"open","sticky":false,"template":"","format":"standard","meta":{"_acf_changed":false,"footnotes":""},"categories":[50],"tags":[9810,48],"naslovna":[],"class_list":["post-949030","post","type-post","status-publish","format-standard","has-post-thumbnail","hentry","category-kultura","tag-filmski-festival","tag-herceg-novi"],"acf":[],"yoast_head":"<!-- This site is optimized with the Yoast SEO plugin v27.0 - https:\/\/yoast.com\/product\/yoast-seo-wordpress\/ -->\n<title>Sve\u010dana dodjela nagrada i \u201cDiva futura\u201d ve\u010deras na Kanli kuli - dmcsrb.com<\/title>\n<meta name=\"robots\" content=\"index, follow, max-snippet:-1, max-image-preview:large, max-video-preview:-1\" \/>\n<link rel=\"canonical\" href=\"https:\/\/dmcsrb.com\/en\/kultura\/svecana-dodjela-nagrada-i-diva-futura-veceras-na-kanli-kuli\/\" \/>\n<meta property=\"og:locale\" content=\"en_GB\" \/>\n<meta property=\"og:type\" content=\"article\" \/>\n<meta property=\"og:title\" content=\"Sve\u010dana dodjela nagrada i \u201cDiva futura\u201d ve\u010deras na Kanli kuli - dmcsrb.com\" \/>\n<meta property=\"og:description\" content=\"Nagrade u takmi\u010darskoj selekciji dugometra\u017enog igranog filma su: Grand Prix \u2013 Zlatna mimoza za najbolji film, Zlatna mimoza za najbolju re\u017eiju, Zlatna mimoza za najbolji scenario, Zlatna mimoza za najbolju mu\u0161ku ulogu, Zlatna mimoza za najbolju \u017eensku ulogu, Nagrada \u017divko Nikoli\u0107 za specijalni doprinos filmskom izrazu i Plaketa Zoran \u017divkovi\u0107 za najbolju produkciju.\" \/>\n<meta property=\"og:url\" content=\"https:\/\/dmcsrb.com\/en\/kultura\/svecana-dodjela-nagrada-i-diva-futura-veceras-na-kanli-kuli\/\" \/>\n<meta property=\"og:site_name\" content=\"dmcsrb.com\" \/>\n<meta property=\"article:published_time\" content=\"2025-08-29T13:48:00+00:00\" \/>\n<meta property=\"og:image\" content=\"https:\/\/dmcsrb.com\/wp-content\/uploads\/2026\/01\/kanli-kula-film.webp\" \/>\n\t<meta property=\"og:image:width\" content=\"800\" \/>\n\t<meta property=\"og:image:height\" content=\"351\" \/>\n\t<meta property=\"og:image:type\" content=\"image\/jpeg\" \/>\n<meta name=\"author\" content=\"dmcsrbija.com@gmail.com\" \/>\n<meta name=\"twitter:card\" content=\"summary_large_image\" \/>\n<meta name=\"twitter:label1\" content=\"Written by\" \/>\n\t<meta name=\"twitter:data1\" content=\"dmcsrbija.com@gmail.com\" \/>\n\t<meta name=\"twitter:label2\" content=\"Estimated reading time\" \/>\n\t<meta name=\"twitter:data2\" content=\"2 minutes\" \/>\n<script type=\"application\/ld+json\" class=\"yoast-schema-graph\">{\"@context\":\"https:\/\/schema.org\",\"@graph\":[{\"@type\":\"Article\",\"@id\":\"https:\/\/dmcsrb.com\/kultura\/svecana-dodjela-nagrada-i-diva-futura-veceras-na-kanli-kuli\/#article\",\"isPartOf\":{\"@id\":\"https:\/\/dmcsrb.com\/kultura\/svecana-dodjela-nagrada-i-diva-futura-veceras-na-kanli-kuli\/\"},\"author\":{\"name\":\"dmcsrbija.com@gmail.com\",\"@id\":\"https:\/\/dmcsrb.com\/#\/schema\/person\/5c39170f12db1b8b457732d0b5c854e2\"},\"headline\":\"Sve\u010dana dodjela nagrada i \u201cDiva futura\u201d ve\u010deras na Kanli kuli\",\"datePublished\":\"2025-08-29T13:48:00+00:00\",\"mainEntityOfPage\":{\"@id\":\"https:\/\/dmcsrb.com\/kultura\/svecana-dodjela-nagrada-i-diva-futura-veceras-na-kanli-kuli\/\"},\"wordCount\":337,\"commentCount\":0,\"image\":{\"@id\":\"https:\/\/dmcsrb.com\/kultura\/svecana-dodjela-nagrada-i-diva-futura-veceras-na-kanli-kuli\/#primaryimage\"},\"thumbnailUrl\":\"https:\/\/dmcsrb.com\/wp-content\/uploads\/2026\/01\/kanli-kula-film.webp\",\"keywords\":[\"filmski festival\",\"Herceg Novi\"],\"articleSection\":[\"Kultura\"],\"inLanguage\":\"en-GB\",\"potentialAction\":[{\"@type\":\"CommentAction\",\"name\":\"Comment\",\"target\":[\"https:\/\/dmcsrb.com\/kultura\/svecana-dodjela-nagrada-i-diva-futura-veceras-na-kanli-kuli\/#respond\"]}]},{\"@type\":\"WebPage\",\"@id\":\"https:\/\/dmcsrb.com\/kultura\/svecana-dodjela-nagrada-i-diva-futura-veceras-na-kanli-kuli\/\",\"url\":\"https:\/\/dmcsrb.com\/kultura\/svecana-dodjela-nagrada-i-diva-futura-veceras-na-kanli-kuli\/\",\"name\":\"Sve\u010dana dodjela nagrada i \u201cDiva futura\u201d ve\u010deras na Kanli kuli - dmcsrb.com\",\"isPartOf\":{\"@id\":\"https:\/\/dmcsrb.com\/#website\"},\"primaryImageOfPage\":{\"@id\":\"https:\/\/dmcsrb.com\/kultura\/svecana-dodjela-nagrada-i-diva-futura-veceras-na-kanli-kuli\/#primaryimage\"},\"image\":{\"@id\":\"https:\/\/dmcsrb.com\/kultura\/svecana-dodjela-nagrada-i-diva-futura-veceras-na-kanli-kuli\/#primaryimage\"},\"thumbnailUrl\":\"https:\/\/dmcsrb.com\/wp-content\/uploads\/2026\/01\/kanli-kula-film.webp\",\"datePublished\":\"2025-08-29T13:48:00+00:00\",\"author\":{\"@id\":\"https:\/\/dmcsrb.com\/#\/schema\/person\/5c39170f12db1b8b457732d0b5c854e2\"},\"breadcrumb\":{\"@id\":\"https:\/\/dmcsrb.com\/kultura\/svecana-dodjela-nagrada-i-diva-futura-veceras-na-kanli-kuli\/#breadcrumb\"},\"inLanguage\":\"en-GB\",\"potentialAction\":[{\"@type\":\"ReadAction\",\"target\":[\"https:\/\/dmcsrb.com\/kultura\/svecana-dodjela-nagrada-i-diva-futura-veceras-na-kanli-kuli\/\"]}]},{\"@type\":\"ImageObject\",\"inLanguage\":\"en-GB\",\"@id\":\"https:\/\/dmcsrb.com\/kultura\/svecana-dodjela-nagrada-i-diva-futura-veceras-na-kanli-kuli\/#primaryimage\",\"url\":\"https:\/\/dmcsrb.com\/wp-content\/uploads\/2026\/01\/kanli-kula-film.webp\",\"contentUrl\":\"https:\/\/dmcsrb.com\/wp-content\/uploads\/2026\/01\/kanli-kula-film.webp\",\"width\":800,\"height\":351},{\"@type\":\"BreadcrumbList\",\"@id\":\"https:\/\/dmcsrb.com\/kultura\/svecana-dodjela-nagrada-i-diva-futura-veceras-na-kanli-kuli\/#breadcrumb\",\"itemListElement\":[{\"@type\":\"ListItem\",\"position\":1,\"name\":\"Home\",\"item\":\"https:\/\/dmcsrb.com\/\"},{\"@type\":\"ListItem\",\"position\":2,\"name\":\"Sve\u010dana dodjela nagrada i \u201cDiva futura\u201d ve\u010deras na Kanli kuli\"}]},{\"@type\":\"WebSite\",\"@id\":\"https:\/\/dmcsrb.com\/#website\",\"url\":\"https:\/\/dmcsrb.com\/\",\"name\":\"dmcsrb.com\",\"description\":\"\",\"potentialAction\":[{\"@type\":\"SearchAction\",\"target\":{\"@type\":\"EntryPoint\",\"urlTemplate\":\"https:\/\/dmcsrb.com\/?s={search_term_string}\"},\"query-input\":{\"@type\":\"PropertyValueSpecification\",\"valueRequired\":true,\"valueName\":\"search_term_string\"}}],\"inLanguage\":\"en-GB\"},{\"@type\":\"Person\",\"@id\":\"https:\/\/dmcsrb.com\/#\/schema\/person\/5c39170f12db1b8b457732d0b5c854e2\",\"name\":\"dmcsrbija.com@gmail.com\",\"image\":{\"@type\":\"ImageObject\",\"inLanguage\":\"en-GB\",\"@id\":\"https:\/\/dmcsrb.com\/#\/schema\/person\/image\/\",\"url\":\"https:\/\/secure.gravatar.com\/avatar\/68592660ad6347fad0fb587f8d5d8f1a7b44961362f56e4f2cd524feb87e9069?s=96&d=mm&r=g\",\"contentUrl\":\"https:\/\/secure.gravatar.com\/avatar\/68592660ad6347fad0fb587f8d5d8f1a7b44961362f56e4f2cd524feb87e9069?s=96&d=mm&r=g\",\"caption\":\"dmcsrbija.com@gmail.com\"},\"sameAs\":[\"https:\/\/dmcsrb.com\"],\"url\":\"https:\/\/dmcsrb.com\/en\/author\/dmcsrbija-comgmail-com\/\"}]}<\/script>\n<!-- \/ Yoast SEO plugin. -->","yoast_head_json":{"title":"Sve\u010dana dodjela nagrada i \u201cDiva futura\u201d ve\u010deras na Kanli kuli - dmcsrb.com","robots":{"index":"index","follow":"follow","max-snippet":"max-snippet:-1","max-image-preview":"max-image-preview:large","max-video-preview":"max-video-preview:-1"},"canonical":"https:\/\/dmcsrb.com\/en\/kultura\/svecana-dodjela-nagrada-i-diva-futura-veceras-na-kanli-kuli\/","og_locale":"en_GB","og_type":"article","og_title":"Sve\u010dana dodjela nagrada i \u201cDiva futura\u201d ve\u010deras na Kanli kuli - dmcsrb.com","og_description":"Nagrade u takmi\u010darskoj selekciji dugometra\u017enog igranog filma su: Grand Prix \u2013 Zlatna mimoza za najbolji film, Zlatna mimoza za najbolju re\u017eiju, Zlatna mimoza za najbolji scenario, Zlatna mimoza za najbolju mu\u0161ku ulogu, Zlatna mimoza za najbolju \u017eensku ulogu, Nagrada \u017divko Nikoli\u0107 za specijalni doprinos filmskom izrazu i Plaketa Zoran \u017divkovi\u0107 za najbolju produkciju.","og_url":"https:\/\/dmcsrb.com\/en\/kultura\/svecana-dodjela-nagrada-i-diva-futura-veceras-na-kanli-kuli\/","og_site_name":"dmcsrb.com","article_published_time":"2025-08-29T13:48:00+00:00","og_image":[{"width":800,"height":351,"url":"https:\/\/dmcsrb.com\/wp-content\/uploads\/2026\/01\/kanli-kula-film.webp","type":"image\/jpeg"}],"author":"dmcsrbija.com@gmail.com","twitter_card":"summary_large_image","twitter_misc":{"Written by":"dmcsrbija.com@gmail.com","Estimated reading time":"2 minutes"},"schema":{"@context":"https:\/\/schema.org","@graph":[{"@type":"Article","@id":"https:\/\/dmcsrb.com\/kultura\/svecana-dodjela-nagrada-i-diva-futura-veceras-na-kanli-kuli\/#article","isPartOf":{"@id":"https:\/\/dmcsrb.com\/kultura\/svecana-dodjela-nagrada-i-diva-futura-veceras-na-kanli-kuli\/"},"author":{"name":"dmcsrbija.com@gmail.com","@id":"https:\/\/dmcsrb.com\/#\/schema\/person\/5c39170f12db1b8b457732d0b5c854e2"},"headline":"Sve\u010dana dodjela nagrada i \u201cDiva futura\u201d ve\u010deras na Kanli kuli","datePublished":"2025-08-29T13:48:00+00:00","mainEntityOfPage":{"@id":"https:\/\/dmcsrb.com\/kultura\/svecana-dodjela-nagrada-i-diva-futura-veceras-na-kanli-kuli\/"},"wordCount":337,"commentCount":0,"image":{"@id":"https:\/\/dmcsrb.com\/kultura\/svecana-dodjela-nagrada-i-diva-futura-veceras-na-kanli-kuli\/#primaryimage"},"thumbnailUrl":"https:\/\/dmcsrb.com\/wp-content\/uploads\/2026\/01\/kanli-kula-film.webp","keywords":["filmski festival","Herceg Novi"],"articleSection":["Kultura"],"inLanguage":"en-GB","potentialAction":[{"@type":"CommentAction","name":"Comment","target":["https:\/\/dmcsrb.com\/kultura\/svecana-dodjela-nagrada-i-diva-futura-veceras-na-kanli-kuli\/#respond"]}]},{"@type":"WebPage","@id":"https:\/\/dmcsrb.com\/kultura\/svecana-dodjela-nagrada-i-diva-futura-veceras-na-kanli-kuli\/","url":"https:\/\/dmcsrb.com\/kultura\/svecana-dodjela-nagrada-i-diva-futura-veceras-na-kanli-kuli\/","name":"Sve\u010dana dodjela nagrada i \u201cDiva futura\u201d ve\u010deras na Kanli kuli - dmcsrb.com","isPartOf":{"@id":"https:\/\/dmcsrb.com\/#website"},"primaryImageOfPage":{"@id":"https:\/\/dmcsrb.com\/kultura\/svecana-dodjela-nagrada-i-diva-futura-veceras-na-kanli-kuli\/#primaryimage"},"image":{"@id":"https:\/\/dmcsrb.com\/kultura\/svecana-dodjela-nagrada-i-diva-futura-veceras-na-kanli-kuli\/#primaryimage"},"thumbnailUrl":"https:\/\/dmcsrb.com\/wp-content\/uploads\/2026\/01\/kanli-kula-film.webp","datePublished":"2025-08-29T13:48:00+00:00","author":{"@id":"https:\/\/dmcsrb.com\/#\/schema\/person\/5c39170f12db1b8b457732d0b5c854e2"},"breadcrumb":{"@id":"https:\/\/dmcsrb.com\/kultura\/svecana-dodjela-nagrada-i-diva-futura-veceras-na-kanli-kuli\/#breadcrumb"},"inLanguage":"en-GB","potentialAction":[{"@type":"ReadAction","target":["https:\/\/dmcsrb.com\/kultura\/svecana-dodjela-nagrada-i-diva-futura-veceras-na-kanli-kuli\/"]}]},{"@type":"ImageObject","inLanguage":"en-GB","@id":"https:\/\/dmcsrb.com\/kultura\/svecana-dodjela-nagrada-i-diva-futura-veceras-na-kanli-kuli\/#primaryimage","url":"https:\/\/dmcsrb.com\/wp-content\/uploads\/2026\/01\/kanli-kula-film.webp","contentUrl":"https:\/\/dmcsrb.com\/wp-content\/uploads\/2026\/01\/kanli-kula-film.webp","width":800,"height":351},{"@type":"BreadcrumbList","@id":"https:\/\/dmcsrb.com\/kultura\/svecana-dodjela-nagrada-i-diva-futura-veceras-na-kanli-kuli\/#breadcrumb","itemListElement":[{"@type":"ListItem","position":1,"name":"Home","item":"https:\/\/dmcsrb.com\/"},{"@type":"ListItem","position":2,"name":"Sve\u010dana dodjela nagrada i \u201cDiva futura\u201d ve\u010deras na Kanli kuli"}]},{"@type":"WebSite","@id":"https:\/\/dmcsrb.com\/#website","url":"https:\/\/dmcsrb.com\/","name":"dmcsrb.com","description":"","potentialAction":[{"@type":"SearchAction","target":{"@type":"EntryPoint","urlTemplate":"https:\/\/dmcsrb.com\/?s={search_term_string}"},"query-input":{"@type":"PropertyValueSpecification","valueRequired":true,"valueName":"search_term_string"}}],"inLanguage":"en-GB"},{"@type":"Person","@id":"https:\/\/dmcsrb.com\/#\/schema\/person\/5c39170f12db1b8b457732d0b5c854e2","name":"dmcsrbija.com@gmail.com","image":{"@type":"ImageObject","inLanguage":"en-GB","@id":"https:\/\/dmcsrb.com\/#\/schema\/person\/image\/","url":"https:\/\/secure.gravatar.com\/avatar\/68592660ad6347fad0fb587f8d5d8f1a7b44961362f56e4f2cd524feb87e9069?s=96&d=mm&r=g","contentUrl":"https:\/\/secure.gravatar.com\/avatar\/68592660ad6347fad0fb587f8d5d8f1a7b44961362f56e4f2cd524feb87e9069?s=96&d=mm&r=g","caption":"dmcsrbija.com@gmail.com"},"sameAs":["https:\/\/dmcsrb.com"],"url":"https:\/\/dmcsrb.com\/en\/author\/dmcsrbija-comgmail-com\/"}]}},"_links":{"self":[{"href":"https:\/\/dmcsrb.com\/en\/wp-json\/wp\/v2\/posts\/949030","targetHints":{"allow":["GET"]}}],"collection":[{"href":"https:\/\/dmcsrb.com\/en\/wp-json\/wp\/v2\/posts"}],"about":[{"href":"https:\/\/dmcsrb.com\/en\/wp-json\/wp\/v2\/types\/post"}],"author":[{"embeddable":true,"href":"https:\/\/dmcsrb.com\/en\/wp-json\/wp\/v2\/users\/1"}],"replies":[{"embeddable":true,"href":"https:\/\/dmcsrb.com\/en\/wp-json\/wp\/v2\/comments?post=949030"}],"version-history":[{"count":0,"href":"https:\/\/dmcsrb.com\/en\/wp-json\/wp\/v2\/posts\/949030\/revisions"}],"wp:featuredmedia":[{"embeddable":true,"href":"https:\/\/dmcsrb.com\/en\/wp-json\/wp\/v2\/media\/949031"}],"wp:attachment":[{"href":"https:\/\/dmcsrb.com\/en\/wp-json\/wp\/v2\/media?parent=949030"}],"wp:term":[{"taxonomy":"category","embeddable":true,"href":"https:\/\/dmcsrb.com\/en\/wp-json\/wp\/v2\/categories?post=949030"},{"taxonomy":"post_tag","embeddable":true,"href":"https:\/\/dmcsrb.com\/en\/wp-json\/wp\/v2\/tags?post=949030"},{"taxonomy":"naslovna","embeddable":true,"href":"https:\/\/dmcsrb.com\/en\/wp-json\/wp\/v2\/naslovna?post=949030"}],"curies":[{"name":"wp","href":"https:\/\/api.w.org\/{rel}","templated":true}]}}