{"id":949018,"date":"2025-08-29T13:30:00","date_gmt":"2025-08-29T11:30:00","guid":{"rendered":"https:\/\/dmcsrb.com\/uncategorized\/mandic-skupstina-spremna-da-podrzi-inicijative-koje-doprinose-jacanju-medjunarodne-saradnje-i-dijaloga\/"},"modified":"2025-08-29T13:30:00","modified_gmt":"2025-08-29T11:30:00","slug":"mandic-skupstina-spremna-da-podrzi-inicijative-koje-doprinose-jacanju-medjunarodne-saradnje-i-dijaloga","status":"publish","type":"post","link":"https:\/\/dmcsrb.com\/en\/politika\/mandic-skupstina-spremna-da-podrzi-inicijative-koje-doprinose-jacanju-medjunarodne-saradnje-i-dijaloga\/","title":{"rendered":"Mandi\u0107: Skup\u0161tina spremna da podr\u017ei inicijative koje doprinose ja\u010danju me\u0111unarodne saradnje i dijaloga"},"content":{"rendered":"<p><\/p>\n\n\n\n<p>Tokom razgovora razmijenjena su mi\u0161ljenja o aktuelnim politi\u010dkim i dru\u0161tvenim prilikama u Crnoj Gori, regionu i \u0161irem evropskom okru\u017eenju, uz poseban osvrt na evropske perspektive Crne Gore, zna\u010daj regionalne integracije, dijaloga i stabilnosti u cilju odr\u017eivog razvoja.<\/p>\n\n\n\n<p>Predsjednik Mandi\u0107 je izrazio spremnost Skup\u0161tine da podr\u017ei inicijative koje doprinose ja\u010danju me\u0111unarodne saradnje i dijaloga, isti\u010du\u0107i va\u017enost kontinuiranog organizovanja tematskih skupova, kroz koje se ja\u010da regionalna saradnja, stabilnost i prosperitet.<\/p>\n\n\n\n<p>Sagovornici su se saglasili da \u0107e se saradnja nastaviti kroz zajedni\u010dke projekte, razmjenu ekspertiza i dodatno povezivanje sa relevantnim me\u0111unarodnim partnerima.<\/p>","protected":false},"excerpt":{"rendered":"<p>Predsjednik Skup\u0161tine Crne Gore Andrija Mandi\u0107 sastao se danas u Podgorici sa direktorom Me\u0111unarodnog instituta za bliskoisto\u010dne i balkanske studije (IFIMES) dr. Zijadom Be\u0107irovi\u0107em.<\/p>","protected":false},"author":1,"featured_media":949019,"comment_status":"open","ping_status":"open","sticky":false,"template":"","format":"standard","meta":{"_acf_changed":false,"footnotes":""},"categories":[12],"tags":[812,320,7345,5552,15],"naslovna":[],"class_list":["post-949018","post","type-post","status-publish","format-standard","has-post-thumbnail","hentry","category-politika","tag-andrija-mandic","tag-dijalog","tag-inicijativa","tag-medjunarodna-saradnja","tag-skupstina"],"acf":[],"yoast_head":"<!-- This site is optimized with the Yoast SEO plugin v27.0 - https:\/\/yoast.com\/product\/yoast-seo-wordpress\/ -->\n<title>Mandi\u0107: Skup\u0161tina spremna da podr\u017ei inicijative koje doprinose ja\u010danju me\u0111unarodne saradnje i dijaloga - dmcsrb.com<\/title>\n<meta name=\"robots\" content=\"index, follow, max-snippet:-1, max-image-preview:large, max-video-preview:-1\" \/>\n<link rel=\"canonical\" href=\"https:\/\/dmcsrb.com\/en\/politika\/mandic-skupstina-spremna-da-podrzi-inicijative-koje-doprinose-jacanju-medjunarodne-saradnje-i-dijaloga\/\" \/>\n<meta property=\"og:locale\" content=\"en_GB\" \/>\n<meta property=\"og:type\" content=\"article\" \/>\n<meta property=\"og:title\" content=\"Mandi\u0107: Skup\u0161tina spremna da podr\u017ei inicijative koje doprinose ja\u010danju me\u0111unarodne saradnje i dijaloga - dmcsrb.com\" \/>\n<meta property=\"og:description\" content=\"Predsjednik Skup\u0161tine Crne Gore Andrija Mandi\u0107 sastao se danas u Podgorici sa direktorom Me\u0111unarodnog instituta za bliskoisto\u010dne i balkanske studije (IFIMES) dr. Zijadom Be\u0107irovi\u0107em.\" \/>\n<meta property=\"og:url\" content=\"https:\/\/dmcsrb.com\/en\/politika\/mandic-skupstina-spremna-da-podrzi-inicijative-koje-doprinose-jacanju-medjunarodne-saradnje-i-dijaloga\/\" \/>\n<meta property=\"og:site_name\" content=\"dmcsrb.com\" \/>\n<meta property=\"article:published_time\" content=\"2025-08-29T11:30:00+00:00\" \/>\n<meta property=\"og:image\" content=\"https:\/\/dmcsrb.com\/wp-content\/uploads\/2026\/01\/IMG-20250829-WA00031-scaled-1.webp\" \/>\n\t<meta property=\"og:image:width\" content=\"2560\" \/>\n\t<meta property=\"og:image:height\" content=\"1920\" \/>\n\t<meta property=\"og:image:type\" content=\"image\/jpeg\" \/>\n<meta name=\"author\" content=\"dmcsrbija.com@gmail.com\" \/>\n<meta name=\"twitter:card\" content=\"summary_large_image\" \/>\n<meta name=\"twitter:label1\" content=\"Written by\" \/>\n\t<meta name=\"twitter:data1\" content=\"dmcsrbija.com@gmail.com\" \/>\n\t<meta name=\"twitter:label2\" content=\"Estimated reading time\" \/>\n\t<meta name=\"twitter:data2\" content=\"1 minute\" \/>\n<script type=\"application\/ld+json\" class=\"yoast-schema-graph\">{\"@context\":\"https:\/\/schema.org\",\"@graph\":[{\"@type\":\"Article\",\"@id\":\"https:\/\/dmcsrb.com\/politika\/mandic-skupstina-spremna-da-podrzi-inicijative-koje-doprinose-jacanju-medjunarodne-saradnje-i-dijaloga\/#article\",\"isPartOf\":{\"@id\":\"https:\/\/dmcsrb.com\/politika\/mandic-skupstina-spremna-da-podrzi-inicijative-koje-doprinose-jacanju-medjunarodne-saradnje-i-dijaloga\/\"},\"author\":{\"name\":\"dmcsrbija.com@gmail.com\",\"@id\":\"https:\/\/dmcsrb.com\/#\/schema\/person\/5c39170f12db1b8b457732d0b5c854e2\"},\"headline\":\"Mandi\u0107: Skup\u0161tina spremna da podr\u017ei inicijative koje doprinose ja\u010danju me\u0111unarodne saradnje i dijaloga\",\"datePublished\":\"2025-08-29T11:30:00+00:00\",\"mainEntityOfPage\":{\"@id\":\"https:\/\/dmcsrb.com\/politika\/mandic-skupstina-spremna-da-podrzi-inicijative-koje-doprinose-jacanju-medjunarodne-saradnje-i-dijaloga\/\"},\"wordCount\":122,\"commentCount\":0,\"image\":{\"@id\":\"https:\/\/dmcsrb.com\/politika\/mandic-skupstina-spremna-da-podrzi-inicijative-koje-doprinose-jacanju-medjunarodne-saradnje-i-dijaloga\/#primaryimage\"},\"thumbnailUrl\":\"https:\/\/dmcsrb.com\/wp-content\/uploads\/2026\/01\/IMG-20250829-WA00031-scaled-1.webp\",\"keywords\":[\"andrija mandi\u0107\",\"dijalog\",\"inicijativa\",\"Me\u0111unarodna saradnja\",\"Skup\u0161tina\"],\"articleSection\":[\"Politika\"],\"inLanguage\":\"en-GB\",\"potentialAction\":[{\"@type\":\"CommentAction\",\"name\":\"Comment\",\"target\":[\"https:\/\/dmcsrb.com\/politika\/mandic-skupstina-spremna-da-podrzi-inicijative-koje-doprinose-jacanju-medjunarodne-saradnje-i-dijaloga\/#respond\"]}]},{\"@type\":\"WebPage\",\"@id\":\"https:\/\/dmcsrb.com\/politika\/mandic-skupstina-spremna-da-podrzi-inicijative-koje-doprinose-jacanju-medjunarodne-saradnje-i-dijaloga\/\",\"url\":\"https:\/\/dmcsrb.com\/politika\/mandic-skupstina-spremna-da-podrzi-inicijative-koje-doprinose-jacanju-medjunarodne-saradnje-i-dijaloga\/\",\"name\":\"Mandi\u0107: Skup\u0161tina spremna da podr\u017ei inicijative koje doprinose ja\u010danju me\u0111unarodne saradnje i dijaloga - dmcsrb.com\",\"isPartOf\":{\"@id\":\"https:\/\/dmcsrb.com\/#website\"},\"primaryImageOfPage\":{\"@id\":\"https:\/\/dmcsrb.com\/politika\/mandic-skupstina-spremna-da-podrzi-inicijative-koje-doprinose-jacanju-medjunarodne-saradnje-i-dijaloga\/#primaryimage\"},\"image\":{\"@id\":\"https:\/\/dmcsrb.com\/politika\/mandic-skupstina-spremna-da-podrzi-inicijative-koje-doprinose-jacanju-medjunarodne-saradnje-i-dijaloga\/#primaryimage\"},\"thumbnailUrl\":\"https:\/\/dmcsrb.com\/wp-content\/uploads\/2026\/01\/IMG-20250829-WA00031-scaled-1.webp\",\"datePublished\":\"2025-08-29T11:30:00+00:00\",\"author\":{\"@id\":\"https:\/\/dmcsrb.com\/#\/schema\/person\/5c39170f12db1b8b457732d0b5c854e2\"},\"breadcrumb\":{\"@id\":\"https:\/\/dmcsrb.com\/politika\/mandic-skupstina-spremna-da-podrzi-inicijative-koje-doprinose-jacanju-medjunarodne-saradnje-i-dijaloga\/#breadcrumb\"},\"inLanguage\":\"en-GB\",\"potentialAction\":[{\"@type\":\"ReadAction\",\"target\":[\"https:\/\/dmcsrb.com\/politika\/mandic-skupstina-spremna-da-podrzi-inicijative-koje-doprinose-jacanju-medjunarodne-saradnje-i-dijaloga\/\"]}]},{\"@type\":\"ImageObject\",\"inLanguage\":\"en-GB\",\"@id\":\"https:\/\/dmcsrb.com\/politika\/mandic-skupstina-spremna-da-podrzi-inicijative-koje-doprinose-jacanju-medjunarodne-saradnje-i-dijaloga\/#primaryimage\",\"url\":\"https:\/\/dmcsrb.com\/wp-content\/uploads\/2026\/01\/IMG-20250829-WA00031-scaled-1.webp\",\"contentUrl\":\"https:\/\/dmcsrb.com\/wp-content\/uploads\/2026\/01\/IMG-20250829-WA00031-scaled-1.webp\",\"width\":2560,\"height\":1920},{\"@type\":\"BreadcrumbList\",\"@id\":\"https:\/\/dmcsrb.com\/politika\/mandic-skupstina-spremna-da-podrzi-inicijative-koje-doprinose-jacanju-medjunarodne-saradnje-i-dijaloga\/#breadcrumb\",\"itemListElement\":[{\"@type\":\"ListItem\",\"position\":1,\"name\":\"Home\",\"item\":\"https:\/\/dmcsrb.com\/\"},{\"@type\":\"ListItem\",\"position\":2,\"name\":\"Mandi\u0107: Skup\u0161tina spremna da podr\u017ei inicijative koje doprinose ja\u010danju me\u0111unarodne saradnje i dijaloga\"}]},{\"@type\":\"WebSite\",\"@id\":\"https:\/\/dmcsrb.com\/#website\",\"url\":\"https:\/\/dmcsrb.com\/\",\"name\":\"dmcsrb.com\",\"description\":\"\",\"potentialAction\":[{\"@type\":\"SearchAction\",\"target\":{\"@type\":\"EntryPoint\",\"urlTemplate\":\"https:\/\/dmcsrb.com\/?s={search_term_string}\"},\"query-input\":{\"@type\":\"PropertyValueSpecification\",\"valueRequired\":true,\"valueName\":\"search_term_string\"}}],\"inLanguage\":\"en-GB\"},{\"@type\":\"Person\",\"@id\":\"https:\/\/dmcsrb.com\/#\/schema\/person\/5c39170f12db1b8b457732d0b5c854e2\",\"name\":\"dmcsrbija.com@gmail.com\",\"image\":{\"@type\":\"ImageObject\",\"inLanguage\":\"en-GB\",\"@id\":\"https:\/\/dmcsrb.com\/#\/schema\/person\/image\/\",\"url\":\"https:\/\/secure.gravatar.com\/avatar\/68592660ad6347fad0fb587f8d5d8f1a7b44961362f56e4f2cd524feb87e9069?s=96&d=mm&r=g\",\"contentUrl\":\"https:\/\/secure.gravatar.com\/avatar\/68592660ad6347fad0fb587f8d5d8f1a7b44961362f56e4f2cd524feb87e9069?s=96&d=mm&r=g\",\"caption\":\"dmcsrbija.com@gmail.com\"},\"sameAs\":[\"https:\/\/dmcsrb.com\"],\"url\":\"https:\/\/dmcsrb.com\/en\/author\/dmcsrbija-comgmail-com\/\"}]}<\/script>\n<!-- \/ Yoast SEO plugin. -->","yoast_head_json":{"title":"Mandi\u0107: Skup\u0161tina spremna da podr\u017ei inicijative koje doprinose ja\u010danju me\u0111unarodne saradnje i dijaloga - dmcsrb.com","robots":{"index":"index","follow":"follow","max-snippet":"max-snippet:-1","max-image-preview":"max-image-preview:large","max-video-preview":"max-video-preview:-1"},"canonical":"https:\/\/dmcsrb.com\/en\/politika\/mandic-skupstina-spremna-da-podrzi-inicijative-koje-doprinose-jacanju-medjunarodne-saradnje-i-dijaloga\/","og_locale":"en_GB","og_type":"article","og_title":"Mandi\u0107: Skup\u0161tina spremna da podr\u017ei inicijative koje doprinose ja\u010danju me\u0111unarodne saradnje i dijaloga - dmcsrb.com","og_description":"Predsjednik Skup\u0161tine Crne Gore Andrija Mandi\u0107 sastao se danas u Podgorici sa direktorom Me\u0111unarodnog instituta za bliskoisto\u010dne i balkanske studije (IFIMES) dr. Zijadom Be\u0107irovi\u0107em.","og_url":"https:\/\/dmcsrb.com\/en\/politika\/mandic-skupstina-spremna-da-podrzi-inicijative-koje-doprinose-jacanju-medjunarodne-saradnje-i-dijaloga\/","og_site_name":"dmcsrb.com","article_published_time":"2025-08-29T11:30:00+00:00","og_image":[{"width":2560,"height":1920,"url":"https:\/\/dmcsrb.com\/wp-content\/uploads\/2026\/01\/IMG-20250829-WA00031-scaled-1.webp","type":"image\/jpeg"}],"author":"dmcsrbija.com@gmail.com","twitter_card":"summary_large_image","twitter_misc":{"Written by":"dmcsrbija.com@gmail.com","Estimated reading time":"1 minute"},"schema":{"@context":"https:\/\/schema.org","@graph":[{"@type":"Article","@id":"https:\/\/dmcsrb.com\/politika\/mandic-skupstina-spremna-da-podrzi-inicijative-koje-doprinose-jacanju-medjunarodne-saradnje-i-dijaloga\/#article","isPartOf":{"@id":"https:\/\/dmcsrb.com\/politika\/mandic-skupstina-spremna-da-podrzi-inicijative-koje-doprinose-jacanju-medjunarodne-saradnje-i-dijaloga\/"},"author":{"name":"dmcsrbija.com@gmail.com","@id":"https:\/\/dmcsrb.com\/#\/schema\/person\/5c39170f12db1b8b457732d0b5c854e2"},"headline":"Mandi\u0107: Skup\u0161tina spremna da podr\u017ei inicijative koje doprinose ja\u010danju me\u0111unarodne saradnje i dijaloga","datePublished":"2025-08-29T11:30:00+00:00","mainEntityOfPage":{"@id":"https:\/\/dmcsrb.com\/politika\/mandic-skupstina-spremna-da-podrzi-inicijative-koje-doprinose-jacanju-medjunarodne-saradnje-i-dijaloga\/"},"wordCount":122,"commentCount":0,"image":{"@id":"https:\/\/dmcsrb.com\/politika\/mandic-skupstina-spremna-da-podrzi-inicijative-koje-doprinose-jacanju-medjunarodne-saradnje-i-dijaloga\/#primaryimage"},"thumbnailUrl":"https:\/\/dmcsrb.com\/wp-content\/uploads\/2026\/01\/IMG-20250829-WA00031-scaled-1.webp","keywords":["andrija mandi\u0107","dijalog","inicijativa","Me\u0111unarodna saradnja","Skup\u0161tina"],"articleSection":["Politika"],"inLanguage":"en-GB","potentialAction":[{"@type":"CommentAction","name":"Comment","target":["https:\/\/dmcsrb.com\/politika\/mandic-skupstina-spremna-da-podrzi-inicijative-koje-doprinose-jacanju-medjunarodne-saradnje-i-dijaloga\/#respond"]}]},{"@type":"WebPage","@id":"https:\/\/dmcsrb.com\/politika\/mandic-skupstina-spremna-da-podrzi-inicijative-koje-doprinose-jacanju-medjunarodne-saradnje-i-dijaloga\/","url":"https:\/\/dmcsrb.com\/politika\/mandic-skupstina-spremna-da-podrzi-inicijative-koje-doprinose-jacanju-medjunarodne-saradnje-i-dijaloga\/","name":"Mandi\u0107: Skup\u0161tina spremna da podr\u017ei inicijative koje doprinose ja\u010danju me\u0111unarodne saradnje i dijaloga - dmcsrb.com","isPartOf":{"@id":"https:\/\/dmcsrb.com\/#website"},"primaryImageOfPage":{"@id":"https:\/\/dmcsrb.com\/politika\/mandic-skupstina-spremna-da-podrzi-inicijative-koje-doprinose-jacanju-medjunarodne-saradnje-i-dijaloga\/#primaryimage"},"image":{"@id":"https:\/\/dmcsrb.com\/politika\/mandic-skupstina-spremna-da-podrzi-inicijative-koje-doprinose-jacanju-medjunarodne-saradnje-i-dijaloga\/#primaryimage"},"thumbnailUrl":"https:\/\/dmcsrb.com\/wp-content\/uploads\/2026\/01\/IMG-20250829-WA00031-scaled-1.webp","datePublished":"2025-08-29T11:30:00+00:00","author":{"@id":"https:\/\/dmcsrb.com\/#\/schema\/person\/5c39170f12db1b8b457732d0b5c854e2"},"breadcrumb":{"@id":"https:\/\/dmcsrb.com\/politika\/mandic-skupstina-spremna-da-podrzi-inicijative-koje-doprinose-jacanju-medjunarodne-saradnje-i-dijaloga\/#breadcrumb"},"inLanguage":"en-GB","potentialAction":[{"@type":"ReadAction","target":["https:\/\/dmcsrb.com\/politika\/mandic-skupstina-spremna-da-podrzi-inicijative-koje-doprinose-jacanju-medjunarodne-saradnje-i-dijaloga\/"]}]},{"@type":"ImageObject","inLanguage":"en-GB","@id":"https:\/\/dmcsrb.com\/politika\/mandic-skupstina-spremna-da-podrzi-inicijative-koje-doprinose-jacanju-medjunarodne-saradnje-i-dijaloga\/#primaryimage","url":"https:\/\/dmcsrb.com\/wp-content\/uploads\/2026\/01\/IMG-20250829-WA00031-scaled-1.webp","contentUrl":"https:\/\/dmcsrb.com\/wp-content\/uploads\/2026\/01\/IMG-20250829-WA00031-scaled-1.webp","width":2560,"height":1920},{"@type":"BreadcrumbList","@id":"https:\/\/dmcsrb.com\/politika\/mandic-skupstina-spremna-da-podrzi-inicijative-koje-doprinose-jacanju-medjunarodne-saradnje-i-dijaloga\/#breadcrumb","itemListElement":[{"@type":"ListItem","position":1,"name":"Home","item":"https:\/\/dmcsrb.com\/"},{"@type":"ListItem","position":2,"name":"Mandi\u0107: Skup\u0161tina spremna da podr\u017ei inicijative koje doprinose ja\u010danju me\u0111unarodne saradnje i dijaloga"}]},{"@type":"WebSite","@id":"https:\/\/dmcsrb.com\/#website","url":"https:\/\/dmcsrb.com\/","name":"dmcsrb.com","description":"","potentialAction":[{"@type":"SearchAction","target":{"@type":"EntryPoint","urlTemplate":"https:\/\/dmcsrb.com\/?s={search_term_string}"},"query-input":{"@type":"PropertyValueSpecification","valueRequired":true,"valueName":"search_term_string"}}],"inLanguage":"en-GB"},{"@type":"Person","@id":"https:\/\/dmcsrb.com\/#\/schema\/person\/5c39170f12db1b8b457732d0b5c854e2","name":"dmcsrbija.com@gmail.com","image":{"@type":"ImageObject","inLanguage":"en-GB","@id":"https:\/\/dmcsrb.com\/#\/schema\/person\/image\/","url":"https:\/\/secure.gravatar.com\/avatar\/68592660ad6347fad0fb587f8d5d8f1a7b44961362f56e4f2cd524feb87e9069?s=96&d=mm&r=g","contentUrl":"https:\/\/secure.gravatar.com\/avatar\/68592660ad6347fad0fb587f8d5d8f1a7b44961362f56e4f2cd524feb87e9069?s=96&d=mm&r=g","caption":"dmcsrbija.com@gmail.com"},"sameAs":["https:\/\/dmcsrb.com"],"url":"https:\/\/dmcsrb.com\/en\/author\/dmcsrbija-comgmail-com\/"}]}},"_links":{"self":[{"href":"https:\/\/dmcsrb.com\/en\/wp-json\/wp\/v2\/posts\/949018","targetHints":{"allow":["GET"]}}],"collection":[{"href":"https:\/\/dmcsrb.com\/en\/wp-json\/wp\/v2\/posts"}],"about":[{"href":"https:\/\/dmcsrb.com\/en\/wp-json\/wp\/v2\/types\/post"}],"author":[{"embeddable":true,"href":"https:\/\/dmcsrb.com\/en\/wp-json\/wp\/v2\/users\/1"}],"replies":[{"embeddable":true,"href":"https:\/\/dmcsrb.com\/en\/wp-json\/wp\/v2\/comments?post=949018"}],"version-history":[{"count":0,"href":"https:\/\/dmcsrb.com\/en\/wp-json\/wp\/v2\/posts\/949018\/revisions"}],"wp:featuredmedia":[{"embeddable":true,"href":"https:\/\/dmcsrb.com\/en\/wp-json\/wp\/v2\/media\/949019"}],"wp:attachment":[{"href":"https:\/\/dmcsrb.com\/en\/wp-json\/wp\/v2\/media?parent=949018"}],"wp:term":[{"taxonomy":"category","embeddable":true,"href":"https:\/\/dmcsrb.com\/en\/wp-json\/wp\/v2\/categories?post=949018"},{"taxonomy":"post_tag","embeddable":true,"href":"https:\/\/dmcsrb.com\/en\/wp-json\/wp\/v2\/tags?post=949018"},{"taxonomy":"naslovna","embeddable":true,"href":"https:\/\/dmcsrb.com\/en\/wp-json\/wp\/v2\/naslovna?post=949018"}],"curies":[{"name":"wp","href":"https:\/\/api.w.org\/{rel}","templated":true}]}}