{"id":949013,"date":"2025-08-29T12:54:40","date_gmt":"2025-08-29T10:54:40","guid":{"rendered":"https:\/\/dmcsrb.com\/uncategorized\/dodik-sa-grenelom-sam-u-herceg-novom-razgovarao-o-saradnji-sa-novom-trampovom-administracijom\/"},"modified":"2025-08-29T12:54:40","modified_gmt":"2025-08-29T10:54:40","slug":"dodik-sa-grenelom-sam-u-herceg-novom-razgovarao-o-saradnji-sa-novom-trampovom-administracijom","status":"publish","type":"post","link":"https:\/\/dmcsrb.com\/en\/region\/dodik-sa-grenelom-sam-u-herceg-novom-razgovarao-o-saradnji-sa-novom-trampovom-administracijom\/","title":{"rendered":"Dodik: Sa Grenelom sam u Herceg Novom razgovarao o saradnji sa novom Trampovom administracijom"},"content":{"rendered":"<p><\/p>\n\n\n\n<p>&#8220;Razgovarali smo o aktuelnoj situaciji. Postoje stvari koje su uobi\u010dajene. One koje su va\u017ene ne\u0107u vam re\u0107i, jer se o tome ne govori. Ali mogu vam privatno ne\u0161to ispri\u010dati. Grenel je \u010dovjek pun energije koji poznaje ovaj prostor, koji razumije o \u010demu se ovde radi. Veoma je blizak predsjedniku Trampu, to se zna i Grenel je posve\u0107en tome da se sprovodi politika predsjednika Trampa \u0161irom svijeta. To je bilo dovoljno za nas&#8221;, kazao je Dodik u intervjuu za &#8220;Politiku&#8221;.<\/p>\n\n\n\n<p>On je naveo da je sastanak trajao oko dva sata i da je prisustvovalo jo\u0161 nekoliko ljudi.<\/p>\n\n\n\n<p>&#8220;Grenel je bio sa svojim saradnicima, bila je i jedna \u017eena, a ja sam bio sa \u017deljkom Cvijanovi\u0107. Sa ove distance, sada to mogu da ka\u017eem, jesmo razgovarali o poku\u0161aju kako da sara\u0111ujemo s novom administracijom predsjednika Trampa i kako da ta saradnja bude dobra i u tom pogledu, \u0161ta ko treba da u\u010dini&#8221;, izjavio je predsjednik Republike Srpske.<\/p>\n\n\n\n<p>Upitan o dolasku Marka Brnovi\u0107a na mjesto ameri\u010dkog ambasadora u Beogradu, kao i da li SAD trebaju da imaju ambasadora u BiH, Dodik je kazao da za tim nema potrebe.<\/p>\n\n\n\n<p>&#8220;Mislim da Amerika, ako je racionalna i ako pratimo politiku predsjednika Trampa, nema nijednog razloga da po\u0161alje ambasadora u Sarajevo i da to treba da bude pokriveno iz Beograda ili iz Zagreba. Sasvim je dovoljno&#8221;, kazao je Dodik.<\/p>\n\n\n\n<p>Dodao je i da je Bosna i Hercegovina &#8220;iluzija koju su gradili Trampovi protivinici sve ovo vrijeme&#8221;.<\/p>\n\n\n\n<p>&#8220;I mislim da ta poruka mora do\u0107i do predsjednika Trampa. Dakle, oni su tu iluziju hranili stalnim napadima na Republiku Srpsku, uzimanjem njenih prava da bi zadovoljili neke apetite koji tamo postoje&#8221;, kazao je predsjednik Republike Srpske.<\/p>","protected":false},"excerpt":{"rendered":"<p>Predsjednik Republike Srpske Milorad Dodik potvrdio je da se u hercenovskom luksuznom turisti\u010dkom kompleksu Portonovi sastao sa specijalnim izaslanikom predsjednika SAD-a Ri\u010dardom Grenelom.<\/p>","protected":false},"author":1,"featured_media":944700,"comment_status":"open","ping_status":"open","sticky":false,"template":"","format":"standard","meta":{"_acf_changed":false,"footnotes":""},"categories":[103],"tags":[6776,2295],"naslovna":[],"class_list":["post-949013","post","type-post","status-publish","format-standard","has-post-thumbnail","hentry","category-region","tag-dodik","tag-region"],"acf":[],"yoast_head":"<!-- This site is optimized with the Yoast SEO plugin v27.4 - https:\/\/yoast.com\/product\/yoast-seo-wordpress\/ -->\n<title>Dodik: Sa Grenelom sam u Herceg Novom razgovarao o saradnji sa novom Trampovom administracijom - dmcsrb.com<\/title>\n<meta name=\"robots\" content=\"index, follow, max-snippet:-1, max-image-preview:large, max-video-preview:-1\" \/>\n<link rel=\"canonical\" href=\"https:\/\/dmcsrb.com\/en\/region\/dodik-sa-grenelom-sam-u-herceg-novom-razgovarao-o-saradnji-sa-novom-trampovom-administracijom\/\" \/>\n<meta property=\"og:locale\" content=\"en_GB\" \/>\n<meta property=\"og:type\" content=\"article\" \/>\n<meta property=\"og:title\" content=\"Dodik: Sa Grenelom sam u Herceg Novom razgovarao o saradnji sa novom Trampovom administracijom - dmcsrb.com\" \/>\n<meta property=\"og:description\" content=\"Predsjednik Republike Srpske Milorad Dodik potvrdio je da se u hercenovskom luksuznom turisti\u010dkom kompleksu Portonovi sastao sa specijalnim izaslanikom predsjednika SAD-a Ri\u010dardom Grenelom.\" \/>\n<meta property=\"og:url\" content=\"https:\/\/dmcsrb.com\/en\/region\/dodik-sa-grenelom-sam-u-herceg-novom-razgovarao-o-saradnji-sa-novom-trampovom-administracijom\/\" \/>\n<meta property=\"og:site_name\" content=\"dmcsrb.com\" \/>\n<meta property=\"article:published_time\" content=\"2025-08-29T10:54:40+00:00\" \/>\n<meta property=\"og:image\" content=\"https:\/\/dmcsrb.com\/wp-content\/uploads\/2026\/01\/dodik-printscreen-rtrs.webp\" \/>\n\t<meta property=\"og:image:width\" content=\"798\" \/>\n\t<meta property=\"og:image:height\" content=\"489\" \/>\n\t<meta property=\"og:image:type\" content=\"image\/jpeg\" \/>\n<meta name=\"author\" content=\"dmcsrbija.com@gmail.com\" \/>\n<meta name=\"twitter:card\" content=\"summary_large_image\" \/>\n<meta name=\"twitter:label1\" content=\"Written by\" \/>\n\t<meta name=\"twitter:data1\" content=\"dmcsrbija.com@gmail.com\" \/>\n\t<meta name=\"twitter:label2\" content=\"Estimated reading time\" \/>\n\t<meta name=\"twitter:data2\" content=\"1 minute\" \/>\n<script type=\"application\/ld+json\" class=\"yoast-schema-graph\">{\"@context\":\"https:\\\/\\\/schema.org\",\"@graph\":[{\"@type\":\"Article\",\"@id\":\"https:\\\/\\\/dmcsrb.com\\\/region\\\/dodik-sa-grenelom-sam-u-herceg-novom-razgovarao-o-saradnji-sa-novom-trampovom-administracijom\\\/#article\",\"isPartOf\":{\"@id\":\"https:\\\/\\\/dmcsrb.com\\\/region\\\/dodik-sa-grenelom-sam-u-herceg-novom-razgovarao-o-saradnji-sa-novom-trampovom-administracijom\\\/\"},\"author\":{\"name\":\"dmcsrbija.com@gmail.com\",\"@id\":\"https:\\\/\\\/dmcsrb.com\\\/#\\\/schema\\\/person\\\/5c39170f12db1b8b457732d0b5c854e2\"},\"headline\":\"Dodik: Sa Grenelom sam u Herceg Novom razgovarao o saradnji sa novom Trampovom administracijom\",\"datePublished\":\"2025-08-29T10:54:40+00:00\",\"mainEntityOfPage\":{\"@id\":\"https:\\\/\\\/dmcsrb.com\\\/region\\\/dodik-sa-grenelom-sam-u-herceg-novom-razgovarao-o-saradnji-sa-novom-trampovom-administracijom\\\/\"},\"wordCount\":306,\"commentCount\":0,\"image\":{\"@id\":\"https:\\\/\\\/dmcsrb.com\\\/region\\\/dodik-sa-grenelom-sam-u-herceg-novom-razgovarao-o-saradnji-sa-novom-trampovom-administracijom\\\/#primaryimage\"},\"thumbnailUrl\":\"https:\\\/\\\/dmcsrb.com\\\/wp-content\\\/uploads\\\/2026\\\/01\\\/dodik-printscreen-rtrs.webp\",\"keywords\":[\"Dodik\",\"region\"],\"articleSection\":[\"Region\"],\"inLanguage\":\"en-GB\",\"potentialAction\":[{\"@type\":\"CommentAction\",\"name\":\"Comment\",\"target\":[\"https:\\\/\\\/dmcsrb.com\\\/region\\\/dodik-sa-grenelom-sam-u-herceg-novom-razgovarao-o-saradnji-sa-novom-trampovom-administracijom\\\/#respond\"]}]},{\"@type\":\"WebPage\",\"@id\":\"https:\\\/\\\/dmcsrb.com\\\/region\\\/dodik-sa-grenelom-sam-u-herceg-novom-razgovarao-o-saradnji-sa-novom-trampovom-administracijom\\\/\",\"url\":\"https:\\\/\\\/dmcsrb.com\\\/region\\\/dodik-sa-grenelom-sam-u-herceg-novom-razgovarao-o-saradnji-sa-novom-trampovom-administracijom\\\/\",\"name\":\"Dodik: Sa Grenelom sam u Herceg Novom razgovarao o saradnji sa novom Trampovom administracijom - dmcsrb.com\",\"isPartOf\":{\"@id\":\"https:\\\/\\\/dmcsrb.com\\\/#website\"},\"primaryImageOfPage\":{\"@id\":\"https:\\\/\\\/dmcsrb.com\\\/region\\\/dodik-sa-grenelom-sam-u-herceg-novom-razgovarao-o-saradnji-sa-novom-trampovom-administracijom\\\/#primaryimage\"},\"image\":{\"@id\":\"https:\\\/\\\/dmcsrb.com\\\/region\\\/dodik-sa-grenelom-sam-u-herceg-novom-razgovarao-o-saradnji-sa-novom-trampovom-administracijom\\\/#primaryimage\"},\"thumbnailUrl\":\"https:\\\/\\\/dmcsrb.com\\\/wp-content\\\/uploads\\\/2026\\\/01\\\/dodik-printscreen-rtrs.webp\",\"datePublished\":\"2025-08-29T10:54:40+00:00\",\"author\":{\"@id\":\"https:\\\/\\\/dmcsrb.com\\\/#\\\/schema\\\/person\\\/5c39170f12db1b8b457732d0b5c854e2\"},\"breadcrumb\":{\"@id\":\"https:\\\/\\\/dmcsrb.com\\\/region\\\/dodik-sa-grenelom-sam-u-herceg-novom-razgovarao-o-saradnji-sa-novom-trampovom-administracijom\\\/#breadcrumb\"},\"inLanguage\":\"en-GB\",\"potentialAction\":[{\"@type\":\"ReadAction\",\"target\":[\"https:\\\/\\\/dmcsrb.com\\\/region\\\/dodik-sa-grenelom-sam-u-herceg-novom-razgovarao-o-saradnji-sa-novom-trampovom-administracijom\\\/\"]}]},{\"@type\":\"ImageObject\",\"inLanguage\":\"en-GB\",\"@id\":\"https:\\\/\\\/dmcsrb.com\\\/region\\\/dodik-sa-grenelom-sam-u-herceg-novom-razgovarao-o-saradnji-sa-novom-trampovom-administracijom\\\/#primaryimage\",\"url\":\"https:\\\/\\\/dmcsrb.com\\\/wp-content\\\/uploads\\\/2026\\\/01\\\/dodik-printscreen-rtrs.webp\",\"contentUrl\":\"https:\\\/\\\/dmcsrb.com\\\/wp-content\\\/uploads\\\/2026\\\/01\\\/dodik-printscreen-rtrs.webp\",\"width\":798,\"height\":489},{\"@type\":\"BreadcrumbList\",\"@id\":\"https:\\\/\\\/dmcsrb.com\\\/region\\\/dodik-sa-grenelom-sam-u-herceg-novom-razgovarao-o-saradnji-sa-novom-trampovom-administracijom\\\/#breadcrumb\",\"itemListElement\":[{\"@type\":\"ListItem\",\"position\":1,\"name\":\"Home\",\"item\":\"https:\\\/\\\/dmcsrb.com\\\/\"},{\"@type\":\"ListItem\",\"position\":2,\"name\":\"Dodik: Sa Grenelom sam u Herceg Novom razgovarao o saradnji sa novom Trampovom administracijom\"}]},{\"@type\":\"WebSite\",\"@id\":\"https:\\\/\\\/dmcsrb.com\\\/#website\",\"url\":\"https:\\\/\\\/dmcsrb.com\\\/\",\"name\":\"dmcsrb.com\",\"description\":\"\",\"potentialAction\":[{\"@type\":\"SearchAction\",\"target\":{\"@type\":\"EntryPoint\",\"urlTemplate\":\"https:\\\/\\\/dmcsrb.com\\\/?s={search_term_string}\"},\"query-input\":{\"@type\":\"PropertyValueSpecification\",\"valueRequired\":true,\"valueName\":\"search_term_string\"}}],\"inLanguage\":\"en-GB\"},{\"@type\":\"Person\",\"@id\":\"https:\\\/\\\/dmcsrb.com\\\/#\\\/schema\\\/person\\\/5c39170f12db1b8b457732d0b5c854e2\",\"name\":\"dmcsrbija.com@gmail.com\",\"image\":{\"@type\":\"ImageObject\",\"inLanguage\":\"en-GB\",\"@id\":\"https:\\\/\\\/secure.gravatar.com\\\/avatar\\\/68592660ad6347fad0fb587f8d5d8f1a7b44961362f56e4f2cd524feb87e9069?s=96&d=mm&r=g\",\"url\":\"https:\\\/\\\/secure.gravatar.com\\\/avatar\\\/68592660ad6347fad0fb587f8d5d8f1a7b44961362f56e4f2cd524feb87e9069?s=96&d=mm&r=g\",\"contentUrl\":\"https:\\\/\\\/secure.gravatar.com\\\/avatar\\\/68592660ad6347fad0fb587f8d5d8f1a7b44961362f56e4f2cd524feb87e9069?s=96&d=mm&r=g\",\"caption\":\"dmcsrbija.com@gmail.com\"},\"sameAs\":[\"https:\\\/\\\/dmcsrb.com\"],\"url\":\"https:\\\/\\\/dmcsrb.com\\\/en\\\/author\\\/dmcsrbija-comgmail-com\\\/\"}]}<\/script>\n<!-- \/ Yoast SEO plugin. -->","yoast_head_json":{"title":"Dodik: Sa Grenelom sam u Herceg Novom razgovarao o saradnji sa novom Trampovom administracijom - dmcsrb.com","robots":{"index":"index","follow":"follow","max-snippet":"max-snippet:-1","max-image-preview":"max-image-preview:large","max-video-preview":"max-video-preview:-1"},"canonical":"https:\/\/dmcsrb.com\/en\/region\/dodik-sa-grenelom-sam-u-herceg-novom-razgovarao-o-saradnji-sa-novom-trampovom-administracijom\/","og_locale":"en_GB","og_type":"article","og_title":"Dodik: Sa Grenelom sam u Herceg Novom razgovarao o saradnji sa novom Trampovom administracijom - dmcsrb.com","og_description":"Predsjednik Republike Srpske Milorad Dodik potvrdio je da se u hercenovskom luksuznom turisti\u010dkom kompleksu Portonovi sastao sa specijalnim izaslanikom predsjednika SAD-a Ri\u010dardom Grenelom.","og_url":"https:\/\/dmcsrb.com\/en\/region\/dodik-sa-grenelom-sam-u-herceg-novom-razgovarao-o-saradnji-sa-novom-trampovom-administracijom\/","og_site_name":"dmcsrb.com","article_published_time":"2025-08-29T10:54:40+00:00","og_image":[{"width":798,"height":489,"url":"https:\/\/dmcsrb.com\/wp-content\/uploads\/2026\/01\/dodik-printscreen-rtrs.webp","type":"image\/jpeg"}],"author":"dmcsrbija.com@gmail.com","twitter_card":"summary_large_image","twitter_misc":{"Written by":"dmcsrbija.com@gmail.com","Estimated reading time":"1 minute"},"schema":{"@context":"https:\/\/schema.org","@graph":[{"@type":"Article","@id":"https:\/\/dmcsrb.com\/region\/dodik-sa-grenelom-sam-u-herceg-novom-razgovarao-o-saradnji-sa-novom-trampovom-administracijom\/#article","isPartOf":{"@id":"https:\/\/dmcsrb.com\/region\/dodik-sa-grenelom-sam-u-herceg-novom-razgovarao-o-saradnji-sa-novom-trampovom-administracijom\/"},"author":{"name":"dmcsrbija.com@gmail.com","@id":"https:\/\/dmcsrb.com\/#\/schema\/person\/5c39170f12db1b8b457732d0b5c854e2"},"headline":"Dodik: Sa Grenelom sam u Herceg Novom razgovarao o saradnji sa novom Trampovom administracijom","datePublished":"2025-08-29T10:54:40+00:00","mainEntityOfPage":{"@id":"https:\/\/dmcsrb.com\/region\/dodik-sa-grenelom-sam-u-herceg-novom-razgovarao-o-saradnji-sa-novom-trampovom-administracijom\/"},"wordCount":306,"commentCount":0,"image":{"@id":"https:\/\/dmcsrb.com\/region\/dodik-sa-grenelom-sam-u-herceg-novom-razgovarao-o-saradnji-sa-novom-trampovom-administracijom\/#primaryimage"},"thumbnailUrl":"https:\/\/dmcsrb.com\/wp-content\/uploads\/2026\/01\/dodik-printscreen-rtrs.webp","keywords":["Dodik","region"],"articleSection":["Region"],"inLanguage":"en-GB","potentialAction":[{"@type":"CommentAction","name":"Comment","target":["https:\/\/dmcsrb.com\/region\/dodik-sa-grenelom-sam-u-herceg-novom-razgovarao-o-saradnji-sa-novom-trampovom-administracijom\/#respond"]}]},{"@type":"WebPage","@id":"https:\/\/dmcsrb.com\/region\/dodik-sa-grenelom-sam-u-herceg-novom-razgovarao-o-saradnji-sa-novom-trampovom-administracijom\/","url":"https:\/\/dmcsrb.com\/region\/dodik-sa-grenelom-sam-u-herceg-novom-razgovarao-o-saradnji-sa-novom-trampovom-administracijom\/","name":"Dodik: Sa Grenelom sam u Herceg Novom razgovarao o saradnji sa novom Trampovom administracijom - dmcsrb.com","isPartOf":{"@id":"https:\/\/dmcsrb.com\/#website"},"primaryImageOfPage":{"@id":"https:\/\/dmcsrb.com\/region\/dodik-sa-grenelom-sam-u-herceg-novom-razgovarao-o-saradnji-sa-novom-trampovom-administracijom\/#primaryimage"},"image":{"@id":"https:\/\/dmcsrb.com\/region\/dodik-sa-grenelom-sam-u-herceg-novom-razgovarao-o-saradnji-sa-novom-trampovom-administracijom\/#primaryimage"},"thumbnailUrl":"https:\/\/dmcsrb.com\/wp-content\/uploads\/2026\/01\/dodik-printscreen-rtrs.webp","datePublished":"2025-08-29T10:54:40+00:00","author":{"@id":"https:\/\/dmcsrb.com\/#\/schema\/person\/5c39170f12db1b8b457732d0b5c854e2"},"breadcrumb":{"@id":"https:\/\/dmcsrb.com\/region\/dodik-sa-grenelom-sam-u-herceg-novom-razgovarao-o-saradnji-sa-novom-trampovom-administracijom\/#breadcrumb"},"inLanguage":"en-GB","potentialAction":[{"@type":"ReadAction","target":["https:\/\/dmcsrb.com\/region\/dodik-sa-grenelom-sam-u-herceg-novom-razgovarao-o-saradnji-sa-novom-trampovom-administracijom\/"]}]},{"@type":"ImageObject","inLanguage":"en-GB","@id":"https:\/\/dmcsrb.com\/region\/dodik-sa-grenelom-sam-u-herceg-novom-razgovarao-o-saradnji-sa-novom-trampovom-administracijom\/#primaryimage","url":"https:\/\/dmcsrb.com\/wp-content\/uploads\/2026\/01\/dodik-printscreen-rtrs.webp","contentUrl":"https:\/\/dmcsrb.com\/wp-content\/uploads\/2026\/01\/dodik-printscreen-rtrs.webp","width":798,"height":489},{"@type":"BreadcrumbList","@id":"https:\/\/dmcsrb.com\/region\/dodik-sa-grenelom-sam-u-herceg-novom-razgovarao-o-saradnji-sa-novom-trampovom-administracijom\/#breadcrumb","itemListElement":[{"@type":"ListItem","position":1,"name":"Home","item":"https:\/\/dmcsrb.com\/"},{"@type":"ListItem","position":2,"name":"Dodik: Sa Grenelom sam u Herceg Novom razgovarao o saradnji sa novom Trampovom administracijom"}]},{"@type":"WebSite","@id":"https:\/\/dmcsrb.com\/#website","url":"https:\/\/dmcsrb.com\/","name":"dmcsrb.com","description":"","potentialAction":[{"@type":"SearchAction","target":{"@type":"EntryPoint","urlTemplate":"https:\/\/dmcsrb.com\/?s={search_term_string}"},"query-input":{"@type":"PropertyValueSpecification","valueRequired":true,"valueName":"search_term_string"}}],"inLanguage":"en-GB"},{"@type":"Person","@id":"https:\/\/dmcsrb.com\/#\/schema\/person\/5c39170f12db1b8b457732d0b5c854e2","name":"dmcsrbija.com@gmail.com","image":{"@type":"ImageObject","inLanguage":"en-GB","@id":"https:\/\/secure.gravatar.com\/avatar\/68592660ad6347fad0fb587f8d5d8f1a7b44961362f56e4f2cd524feb87e9069?s=96&d=mm&r=g","url":"https:\/\/secure.gravatar.com\/avatar\/68592660ad6347fad0fb587f8d5d8f1a7b44961362f56e4f2cd524feb87e9069?s=96&d=mm&r=g","contentUrl":"https:\/\/secure.gravatar.com\/avatar\/68592660ad6347fad0fb587f8d5d8f1a7b44961362f56e4f2cd524feb87e9069?s=96&d=mm&r=g","caption":"dmcsrbija.com@gmail.com"},"sameAs":["https:\/\/dmcsrb.com"],"url":"https:\/\/dmcsrb.com\/en\/author\/dmcsrbija-comgmail-com\/"}]}},"_links":{"self":[{"href":"https:\/\/dmcsrb.com\/en\/wp-json\/wp\/v2\/posts\/949013","targetHints":{"allow":["GET"]}}],"collection":[{"href":"https:\/\/dmcsrb.com\/en\/wp-json\/wp\/v2\/posts"}],"about":[{"href":"https:\/\/dmcsrb.com\/en\/wp-json\/wp\/v2\/types\/post"}],"author":[{"embeddable":true,"href":"https:\/\/dmcsrb.com\/en\/wp-json\/wp\/v2\/users\/1"}],"replies":[{"embeddable":true,"href":"https:\/\/dmcsrb.com\/en\/wp-json\/wp\/v2\/comments?post=949013"}],"version-history":[{"count":0,"href":"https:\/\/dmcsrb.com\/en\/wp-json\/wp\/v2\/posts\/949013\/revisions"}],"wp:featuredmedia":[{"embeddable":true,"href":"https:\/\/dmcsrb.com\/en\/wp-json\/wp\/v2\/media\/944700"}],"wp:attachment":[{"href":"https:\/\/dmcsrb.com\/en\/wp-json\/wp\/v2\/media?parent=949013"}],"wp:term":[{"taxonomy":"category","embeddable":true,"href":"https:\/\/dmcsrb.com\/en\/wp-json\/wp\/v2\/categories?post=949013"},{"taxonomy":"post_tag","embeddable":true,"href":"https:\/\/dmcsrb.com\/en\/wp-json\/wp\/v2\/tags?post=949013"},{"taxonomy":"naslovna","embeddable":true,"href":"https:\/\/dmcsrb.com\/en\/wp-json\/wp\/v2\/naslovna?post=949013"}],"curies":[{"name":"wp","href":"https:\/\/api.w.org\/{rel}","templated":true}]}}