{"id":948956,"date":"2025-08-29T09:30:00","date_gmt":"2025-08-29T07:30:00","guid":{"rendered":"https:\/\/dmcsrb.com\/uncategorized\/vuksanovic-od-1-oktobra-gradjani-nece-moci-da-podizu-ljekove-na-recept-kod-privatnika-raspisan-javni-poziv\/"},"modified":"2025-08-29T09:30:00","modified_gmt":"2025-08-29T07:30:00","slug":"vuksanovic-od-1-oktobra-gradjani-nece-moci-da-podizu-ljekove-na-recept-kod-privatnika-raspisan-javni-poziv","status":"publish","type":"post","link":"https:\/\/dmcsrb.com\/en\/drustvo\/vuksanovic-od-1-oktobra-gradjani-nece-moci-da-podizu-ljekove-na-recept-kod-privatnika-raspisan-javni-poziv\/","title":{"rendered":"Vuksanovi\u0107: Od 1. oktobra gra\u0111ani ne\u0107e mo\u0107i da podi\u017eu ljekove na recept kod privatnika, raspisan javni poziv"},"content":{"rendered":"<p><\/p>\n\n\n\n<p>Prema njegovim rije\u010dima, zbog procedura je izvjesno da \u0107e najmanje mjesec dana samo Montefarm isporu\u010divati ljekove na recept gra\u0111anima, te da se po\u010detkom novembra mogu o\u010dekivati novi ugovori sa privatnim apotekama.<\/p>\n\n\n\n<p>&#8220;Javni poziv za izbor privatnih apoteka i njihovo uklju\u010divanje u sistem izdavanja ljekova na recept, objavljen je jutros i od danas privatne apoteke mogu da se prijavljuju na javni poziv, kazao je Vuksanovi\u0107.<\/p>\n\n\n\n<p>On je naveo da je na ju\u010dera\u0161njoj sjednici Upravnog odbora usvojen model po kojem \u0107e privredna dru\u0161tva, koja pru\u017eaju apotekarsku djelatnost, mo\u0107i \u0107e da kandiduju jednu apoteku po op\u0161tini. Vuksanovi\u0107 isti\u010de da je to model koji je funkcionisao i u prethodnom periodu.<\/p>\n\n\n\n<p>&#8220;Fond za zdravstveno osiguranje je imao inicijativu da se apoteke mogu prijaviti na na\u010din da vi\u0161e apoteka kandiduju po jednoj op\u0161tini i da model bude druga\u010diji nego \u0161to je bio u prethodne dvije godine, ali on nije prihva\u0107en&#8221;, kazao je Vuksanovi\u0107.<\/p>\n\n\n\n<p>Obja\u0161njava da se Fond jo\u0161 u maju obratio Ministarstvu zdravlja za davanje saglasnosti, te da je Upravni odbor u me\u0111uvremenu na par sjednica razmatrao vi\u0161e modela. <\/p>\n\n\n\n<p>Iz Fonda su sao\u0161tili i da su u prethodnom periodu imali ugovore sa 113 apoteka.<\/p>\n\n\n\n<p>&#8221; Zavisi od interesovanja, ali o\u010dekujemo pribli\u017eno isti broj. I za najugro\u017eenije op\u0161tine, sa manjkon dr\u017eavnih apoteka, dok se procedura ne zavr\u0161i i to su: Kotor, \u0160avnik, Bar, dijelom Podgorica i ruralna podru\u010dja u sjevernim op\u0161tinama&#8221;, kazali su iz Fonda.<\/p>\n\n\n\n<p>Pojasnili su i da \u0107e, u pojedinim naseljima kao \u0161to je Donja Gorica i Gornja Gorica, gra\u0111ani mo\u0107i da podi\u017eu ljekove samo u jednoj dr\u017eavnoj apoteci.<\/p>\n\n\n\n<p><strong><em>Op\u0161irnije o ovoj temi gledajte ve\u010deras u Dnevniku Gradske TV.<\/em><\/strong><\/p>","protected":false},"excerpt":{"rendered":"<p>Gra\u0111ani Crne Gore od 1. oktobra ne\u0107e mo\u0107i da podi\u017eu ljekove na recept u privatnim apotekama i to \u0107e jedan izvjesni period morati da radi isklju\u010divo Montefarm, kazao je za Gradsku pomo\u0107nik direktora Fonda za zdravstveno osiguranje, Zdravko Vuksanovi\u0107.<\/p>","protected":false},"author":1,"featured_media":948957,"comment_status":"open","ping_status":"open","sticky":false,"template":"","format":"standard","meta":{"_acf_changed":false,"footnotes":""},"categories":[2],"tags":[5242,7182,227,6949],"naslovna":[],"class_list":["post-948956","post","type-post","status-publish","format-standard","has-post-thumbnail","hentry","category-drustvo","tag-apoteke","tag-fond-za-zdravstveno-osiguranje","tag-montefarm","tag-zdravko-vuksanovic"],"acf":[],"yoast_head":"<!-- This site is optimized with the Yoast SEO plugin v27.4 - https:\/\/yoast.com\/product\/yoast-seo-wordpress\/ -->\n<title>Vuksanovi\u0107: Od 1. oktobra gra\u0111ani ne\u0107e mo\u0107i da podi\u017eu ljekove na recept kod privatnika, raspisan javni poziv - dmcsrb.com<\/title>\n<meta name=\"robots\" content=\"index, follow, max-snippet:-1, max-image-preview:large, max-video-preview:-1\" \/>\n<link rel=\"canonical\" href=\"https:\/\/dmcsrb.com\/en\/drustvo\/vuksanovic-od-1-oktobra-gradjani-nece-moci-da-podizu-ljekove-na-recept-kod-privatnika-raspisan-javni-poziv\/\" \/>\n<meta property=\"og:locale\" content=\"en_GB\" \/>\n<meta property=\"og:type\" content=\"article\" \/>\n<meta property=\"og:title\" content=\"Vuksanovi\u0107: Od 1. oktobra gra\u0111ani ne\u0107e mo\u0107i da podi\u017eu ljekove na recept kod privatnika, raspisan javni poziv - dmcsrb.com\" \/>\n<meta property=\"og:description\" content=\"Gra\u0111ani Crne Gore od 1. oktobra ne\u0107e mo\u0107i da podi\u017eu ljekove na recept u privatnim apotekama i to \u0107e jedan izvjesni period morati da radi isklju\u010divo Montefarm, kazao je za Gradsku pomo\u0107nik direktora Fonda za zdravstveno osiguranje, Zdravko Vuksanovi\u0107.\" \/>\n<meta property=\"og:url\" content=\"https:\/\/dmcsrb.com\/en\/drustvo\/vuksanovic-od-1-oktobra-gradjani-nece-moci-da-podizu-ljekove-na-recept-kod-privatnika-raspisan-javni-poziv\/\" \/>\n<meta property=\"og:site_name\" content=\"dmcsrb.com\" \/>\n<meta property=\"article:published_time\" content=\"2025-08-29T07:30:00+00:00\" \/>\n<meta property=\"og:image\" content=\"https:\/\/dmcsrb.com\/wp-content\/uploads\/2026\/01\/Zdravko-Vuksanovic-Fond-2-foto-gradski-me.webp\" \/>\n\t<meta property=\"og:image:width\" content=\"1563\" \/>\n\t<meta property=\"og:image:height\" content=\"909\" \/>\n\t<meta property=\"og:image:type\" content=\"image\/jpeg\" \/>\n<meta name=\"author\" content=\"dmcsrbija.com@gmail.com\" \/>\n<meta name=\"twitter:card\" content=\"summary_large_image\" \/>\n<meta name=\"twitter:label1\" content=\"Written by\" \/>\n\t<meta name=\"twitter:data1\" content=\"dmcsrbija.com@gmail.com\" \/>\n\t<meta name=\"twitter:label2\" content=\"Estimated reading time\" \/>\n\t<meta name=\"twitter:data2\" content=\"1 minute\" \/>\n<script type=\"application\/ld+json\" class=\"yoast-schema-graph\">{\"@context\":\"https:\\\/\\\/schema.org\",\"@graph\":[{\"@type\":\"Article\",\"@id\":\"https:\\\/\\\/dmcsrb.com\\\/drustvo\\\/vuksanovic-od-1-oktobra-gradjani-nece-moci-da-podizu-ljekove-na-recept-kod-privatnika-raspisan-javni-poziv\\\/#article\",\"isPartOf\":{\"@id\":\"https:\\\/\\\/dmcsrb.com\\\/drustvo\\\/vuksanovic-od-1-oktobra-gradjani-nece-moci-da-podizu-ljekove-na-recept-kod-privatnika-raspisan-javni-poziv\\\/\"},\"author\":{\"name\":\"dmcsrbija.com@gmail.com\",\"@id\":\"https:\\\/\\\/dmcsrb.com\\\/#\\\/schema\\\/person\\\/5c39170f12db1b8b457732d0b5c854e2\"},\"headline\":\"Vuksanovi\u0107: Od 1. oktobra gra\u0111ani ne\u0107e mo\u0107i da podi\u017eu ljekove na recept kod privatnika, raspisan javni poziv\",\"datePublished\":\"2025-08-29T07:30:00+00:00\",\"mainEntityOfPage\":{\"@id\":\"https:\\\/\\\/dmcsrb.com\\\/drustvo\\\/vuksanovic-od-1-oktobra-gradjani-nece-moci-da-podizu-ljekove-na-recept-kod-privatnika-raspisan-javni-poziv\\\/\"},\"wordCount\":318,\"commentCount\":0,\"image\":{\"@id\":\"https:\\\/\\\/dmcsrb.com\\\/drustvo\\\/vuksanovic-od-1-oktobra-gradjani-nece-moci-da-podizu-ljekove-na-recept-kod-privatnika-raspisan-javni-poziv\\\/#primaryimage\"},\"thumbnailUrl\":\"https:\\\/\\\/dmcsrb.com\\\/wp-content\\\/uploads\\\/2026\\\/01\\\/Zdravko-Vuksanovic-Fond-2-foto-gradski-me.webp\",\"keywords\":[\"apoteke\",\"Fond za zdravstveno osiguranje\",\"Montefarm\",\"Zdravko Vuksanovi\u0107\"],\"articleSection\":[\"Dru\u0161tvo\"],\"inLanguage\":\"en-GB\",\"potentialAction\":[{\"@type\":\"CommentAction\",\"name\":\"Comment\",\"target\":[\"https:\\\/\\\/dmcsrb.com\\\/drustvo\\\/vuksanovic-od-1-oktobra-gradjani-nece-moci-da-podizu-ljekove-na-recept-kod-privatnika-raspisan-javni-poziv\\\/#respond\"]}]},{\"@type\":\"WebPage\",\"@id\":\"https:\\\/\\\/dmcsrb.com\\\/drustvo\\\/vuksanovic-od-1-oktobra-gradjani-nece-moci-da-podizu-ljekove-na-recept-kod-privatnika-raspisan-javni-poziv\\\/\",\"url\":\"https:\\\/\\\/dmcsrb.com\\\/drustvo\\\/vuksanovic-od-1-oktobra-gradjani-nece-moci-da-podizu-ljekove-na-recept-kod-privatnika-raspisan-javni-poziv\\\/\",\"name\":\"Vuksanovi\u0107: Od 1. oktobra gra\u0111ani ne\u0107e mo\u0107i da podi\u017eu ljekove na recept kod privatnika, raspisan javni poziv - dmcsrb.com\",\"isPartOf\":{\"@id\":\"https:\\\/\\\/dmcsrb.com\\\/#website\"},\"primaryImageOfPage\":{\"@id\":\"https:\\\/\\\/dmcsrb.com\\\/drustvo\\\/vuksanovic-od-1-oktobra-gradjani-nece-moci-da-podizu-ljekove-na-recept-kod-privatnika-raspisan-javni-poziv\\\/#primaryimage\"},\"image\":{\"@id\":\"https:\\\/\\\/dmcsrb.com\\\/drustvo\\\/vuksanovic-od-1-oktobra-gradjani-nece-moci-da-podizu-ljekove-na-recept-kod-privatnika-raspisan-javni-poziv\\\/#primaryimage\"},\"thumbnailUrl\":\"https:\\\/\\\/dmcsrb.com\\\/wp-content\\\/uploads\\\/2026\\\/01\\\/Zdravko-Vuksanovic-Fond-2-foto-gradski-me.webp\",\"datePublished\":\"2025-08-29T07:30:00+00:00\",\"author\":{\"@id\":\"https:\\\/\\\/dmcsrb.com\\\/#\\\/schema\\\/person\\\/5c39170f12db1b8b457732d0b5c854e2\"},\"breadcrumb\":{\"@id\":\"https:\\\/\\\/dmcsrb.com\\\/drustvo\\\/vuksanovic-od-1-oktobra-gradjani-nece-moci-da-podizu-ljekove-na-recept-kod-privatnika-raspisan-javni-poziv\\\/#breadcrumb\"},\"inLanguage\":\"en-GB\",\"potentialAction\":[{\"@type\":\"ReadAction\",\"target\":[\"https:\\\/\\\/dmcsrb.com\\\/drustvo\\\/vuksanovic-od-1-oktobra-gradjani-nece-moci-da-podizu-ljekove-na-recept-kod-privatnika-raspisan-javni-poziv\\\/\"]}]},{\"@type\":\"ImageObject\",\"inLanguage\":\"en-GB\",\"@id\":\"https:\\\/\\\/dmcsrb.com\\\/drustvo\\\/vuksanovic-od-1-oktobra-gradjani-nece-moci-da-podizu-ljekove-na-recept-kod-privatnika-raspisan-javni-poziv\\\/#primaryimage\",\"url\":\"https:\\\/\\\/dmcsrb.com\\\/wp-content\\\/uploads\\\/2026\\\/01\\\/Zdravko-Vuksanovic-Fond-2-foto-gradski-me.webp\",\"contentUrl\":\"https:\\\/\\\/dmcsrb.com\\\/wp-content\\\/uploads\\\/2026\\\/01\\\/Zdravko-Vuksanovic-Fond-2-foto-gradski-me.webp\",\"width\":1563,\"height\":909},{\"@type\":\"BreadcrumbList\",\"@id\":\"https:\\\/\\\/dmcsrb.com\\\/drustvo\\\/vuksanovic-od-1-oktobra-gradjani-nece-moci-da-podizu-ljekove-na-recept-kod-privatnika-raspisan-javni-poziv\\\/#breadcrumb\",\"itemListElement\":[{\"@type\":\"ListItem\",\"position\":1,\"name\":\"Home\",\"item\":\"https:\\\/\\\/dmcsrb.com\\\/\"},{\"@type\":\"ListItem\",\"position\":2,\"name\":\"Vuksanovi\u0107: Od 1. oktobra gra\u0111ani ne\u0107e mo\u0107i da podi\u017eu ljekove na recept kod privatnika, raspisan javni poziv\"}]},{\"@type\":\"WebSite\",\"@id\":\"https:\\\/\\\/dmcsrb.com\\\/#website\",\"url\":\"https:\\\/\\\/dmcsrb.com\\\/\",\"name\":\"dmcsrb.com\",\"description\":\"\",\"potentialAction\":[{\"@type\":\"SearchAction\",\"target\":{\"@type\":\"EntryPoint\",\"urlTemplate\":\"https:\\\/\\\/dmcsrb.com\\\/?s={search_term_string}\"},\"query-input\":{\"@type\":\"PropertyValueSpecification\",\"valueRequired\":true,\"valueName\":\"search_term_string\"}}],\"inLanguage\":\"en-GB\"},{\"@type\":\"Person\",\"@id\":\"https:\\\/\\\/dmcsrb.com\\\/#\\\/schema\\\/person\\\/5c39170f12db1b8b457732d0b5c854e2\",\"name\":\"dmcsrbija.com@gmail.com\",\"image\":{\"@type\":\"ImageObject\",\"inLanguage\":\"en-GB\",\"@id\":\"https:\\\/\\\/secure.gravatar.com\\\/avatar\\\/68592660ad6347fad0fb587f8d5d8f1a7b44961362f56e4f2cd524feb87e9069?s=96&d=mm&r=g\",\"url\":\"https:\\\/\\\/secure.gravatar.com\\\/avatar\\\/68592660ad6347fad0fb587f8d5d8f1a7b44961362f56e4f2cd524feb87e9069?s=96&d=mm&r=g\",\"contentUrl\":\"https:\\\/\\\/secure.gravatar.com\\\/avatar\\\/68592660ad6347fad0fb587f8d5d8f1a7b44961362f56e4f2cd524feb87e9069?s=96&d=mm&r=g\",\"caption\":\"dmcsrbija.com@gmail.com\"},\"sameAs\":[\"https:\\\/\\\/dmcsrb.com\"],\"url\":\"https:\\\/\\\/dmcsrb.com\\\/en\\\/author\\\/dmcsrbija-comgmail-com\\\/\"}]}<\/script>\n<!-- \/ Yoast SEO plugin. -->","yoast_head_json":{"title":"Vuksanovi\u0107: Od 1. oktobra gra\u0111ani ne\u0107e mo\u0107i da podi\u017eu ljekove na recept kod privatnika, raspisan javni poziv - dmcsrb.com","robots":{"index":"index","follow":"follow","max-snippet":"max-snippet:-1","max-image-preview":"max-image-preview:large","max-video-preview":"max-video-preview:-1"},"canonical":"https:\/\/dmcsrb.com\/en\/drustvo\/vuksanovic-od-1-oktobra-gradjani-nece-moci-da-podizu-ljekove-na-recept-kod-privatnika-raspisan-javni-poziv\/","og_locale":"en_GB","og_type":"article","og_title":"Vuksanovi\u0107: Od 1. oktobra gra\u0111ani ne\u0107e mo\u0107i da podi\u017eu ljekove na recept kod privatnika, raspisan javni poziv - dmcsrb.com","og_description":"Gra\u0111ani Crne Gore od 1. oktobra ne\u0107e mo\u0107i da podi\u017eu ljekove na recept u privatnim apotekama i to \u0107e jedan izvjesni period morati da radi isklju\u010divo Montefarm, kazao je za Gradsku pomo\u0107nik direktora Fonda za zdravstveno osiguranje, Zdravko Vuksanovi\u0107.","og_url":"https:\/\/dmcsrb.com\/en\/drustvo\/vuksanovic-od-1-oktobra-gradjani-nece-moci-da-podizu-ljekove-na-recept-kod-privatnika-raspisan-javni-poziv\/","og_site_name":"dmcsrb.com","article_published_time":"2025-08-29T07:30:00+00:00","og_image":[{"width":1563,"height":909,"url":"https:\/\/dmcsrb.com\/wp-content\/uploads\/2026\/01\/Zdravko-Vuksanovic-Fond-2-foto-gradski-me.webp","type":"image\/jpeg"}],"author":"dmcsrbija.com@gmail.com","twitter_card":"summary_large_image","twitter_misc":{"Written by":"dmcsrbija.com@gmail.com","Estimated reading time":"1 minute"},"schema":{"@context":"https:\/\/schema.org","@graph":[{"@type":"Article","@id":"https:\/\/dmcsrb.com\/drustvo\/vuksanovic-od-1-oktobra-gradjani-nece-moci-da-podizu-ljekove-na-recept-kod-privatnika-raspisan-javni-poziv\/#article","isPartOf":{"@id":"https:\/\/dmcsrb.com\/drustvo\/vuksanovic-od-1-oktobra-gradjani-nece-moci-da-podizu-ljekove-na-recept-kod-privatnika-raspisan-javni-poziv\/"},"author":{"name":"dmcsrbija.com@gmail.com","@id":"https:\/\/dmcsrb.com\/#\/schema\/person\/5c39170f12db1b8b457732d0b5c854e2"},"headline":"Vuksanovi\u0107: Od 1. oktobra gra\u0111ani ne\u0107e mo\u0107i da podi\u017eu ljekove na recept kod privatnika, raspisan javni poziv","datePublished":"2025-08-29T07:30:00+00:00","mainEntityOfPage":{"@id":"https:\/\/dmcsrb.com\/drustvo\/vuksanovic-od-1-oktobra-gradjani-nece-moci-da-podizu-ljekove-na-recept-kod-privatnika-raspisan-javni-poziv\/"},"wordCount":318,"commentCount":0,"image":{"@id":"https:\/\/dmcsrb.com\/drustvo\/vuksanovic-od-1-oktobra-gradjani-nece-moci-da-podizu-ljekove-na-recept-kod-privatnika-raspisan-javni-poziv\/#primaryimage"},"thumbnailUrl":"https:\/\/dmcsrb.com\/wp-content\/uploads\/2026\/01\/Zdravko-Vuksanovic-Fond-2-foto-gradski-me.webp","keywords":["apoteke","Fond za zdravstveno osiguranje","Montefarm","Zdravko Vuksanovi\u0107"],"articleSection":["Dru\u0161tvo"],"inLanguage":"en-GB","potentialAction":[{"@type":"CommentAction","name":"Comment","target":["https:\/\/dmcsrb.com\/drustvo\/vuksanovic-od-1-oktobra-gradjani-nece-moci-da-podizu-ljekove-na-recept-kod-privatnika-raspisan-javni-poziv\/#respond"]}]},{"@type":"WebPage","@id":"https:\/\/dmcsrb.com\/drustvo\/vuksanovic-od-1-oktobra-gradjani-nece-moci-da-podizu-ljekove-na-recept-kod-privatnika-raspisan-javni-poziv\/","url":"https:\/\/dmcsrb.com\/drustvo\/vuksanovic-od-1-oktobra-gradjani-nece-moci-da-podizu-ljekove-na-recept-kod-privatnika-raspisan-javni-poziv\/","name":"Vuksanovi\u0107: Od 1. oktobra gra\u0111ani ne\u0107e mo\u0107i da podi\u017eu ljekove na recept kod privatnika, raspisan javni poziv - dmcsrb.com","isPartOf":{"@id":"https:\/\/dmcsrb.com\/#website"},"primaryImageOfPage":{"@id":"https:\/\/dmcsrb.com\/drustvo\/vuksanovic-od-1-oktobra-gradjani-nece-moci-da-podizu-ljekove-na-recept-kod-privatnika-raspisan-javni-poziv\/#primaryimage"},"image":{"@id":"https:\/\/dmcsrb.com\/drustvo\/vuksanovic-od-1-oktobra-gradjani-nece-moci-da-podizu-ljekove-na-recept-kod-privatnika-raspisan-javni-poziv\/#primaryimage"},"thumbnailUrl":"https:\/\/dmcsrb.com\/wp-content\/uploads\/2026\/01\/Zdravko-Vuksanovic-Fond-2-foto-gradski-me.webp","datePublished":"2025-08-29T07:30:00+00:00","author":{"@id":"https:\/\/dmcsrb.com\/#\/schema\/person\/5c39170f12db1b8b457732d0b5c854e2"},"breadcrumb":{"@id":"https:\/\/dmcsrb.com\/drustvo\/vuksanovic-od-1-oktobra-gradjani-nece-moci-da-podizu-ljekove-na-recept-kod-privatnika-raspisan-javni-poziv\/#breadcrumb"},"inLanguage":"en-GB","potentialAction":[{"@type":"ReadAction","target":["https:\/\/dmcsrb.com\/drustvo\/vuksanovic-od-1-oktobra-gradjani-nece-moci-da-podizu-ljekove-na-recept-kod-privatnika-raspisan-javni-poziv\/"]}]},{"@type":"ImageObject","inLanguage":"en-GB","@id":"https:\/\/dmcsrb.com\/drustvo\/vuksanovic-od-1-oktobra-gradjani-nece-moci-da-podizu-ljekove-na-recept-kod-privatnika-raspisan-javni-poziv\/#primaryimage","url":"https:\/\/dmcsrb.com\/wp-content\/uploads\/2026\/01\/Zdravko-Vuksanovic-Fond-2-foto-gradski-me.webp","contentUrl":"https:\/\/dmcsrb.com\/wp-content\/uploads\/2026\/01\/Zdravko-Vuksanovic-Fond-2-foto-gradski-me.webp","width":1563,"height":909},{"@type":"BreadcrumbList","@id":"https:\/\/dmcsrb.com\/drustvo\/vuksanovic-od-1-oktobra-gradjani-nece-moci-da-podizu-ljekove-na-recept-kod-privatnika-raspisan-javni-poziv\/#breadcrumb","itemListElement":[{"@type":"ListItem","position":1,"name":"Home","item":"https:\/\/dmcsrb.com\/"},{"@type":"ListItem","position":2,"name":"Vuksanovi\u0107: Od 1. oktobra gra\u0111ani ne\u0107e mo\u0107i da podi\u017eu ljekove na recept kod privatnika, raspisan javni poziv"}]},{"@type":"WebSite","@id":"https:\/\/dmcsrb.com\/#website","url":"https:\/\/dmcsrb.com\/","name":"dmcsrb.com","description":"","potentialAction":[{"@type":"SearchAction","target":{"@type":"EntryPoint","urlTemplate":"https:\/\/dmcsrb.com\/?s={search_term_string}"},"query-input":{"@type":"PropertyValueSpecification","valueRequired":true,"valueName":"search_term_string"}}],"inLanguage":"en-GB"},{"@type":"Person","@id":"https:\/\/dmcsrb.com\/#\/schema\/person\/5c39170f12db1b8b457732d0b5c854e2","name":"dmcsrbija.com@gmail.com","image":{"@type":"ImageObject","inLanguage":"en-GB","@id":"https:\/\/secure.gravatar.com\/avatar\/68592660ad6347fad0fb587f8d5d8f1a7b44961362f56e4f2cd524feb87e9069?s=96&d=mm&r=g","url":"https:\/\/secure.gravatar.com\/avatar\/68592660ad6347fad0fb587f8d5d8f1a7b44961362f56e4f2cd524feb87e9069?s=96&d=mm&r=g","contentUrl":"https:\/\/secure.gravatar.com\/avatar\/68592660ad6347fad0fb587f8d5d8f1a7b44961362f56e4f2cd524feb87e9069?s=96&d=mm&r=g","caption":"dmcsrbija.com@gmail.com"},"sameAs":["https:\/\/dmcsrb.com"],"url":"https:\/\/dmcsrb.com\/en\/author\/dmcsrbija-comgmail-com\/"}]}},"_links":{"self":[{"href":"https:\/\/dmcsrb.com\/en\/wp-json\/wp\/v2\/posts\/948956","targetHints":{"allow":["GET"]}}],"collection":[{"href":"https:\/\/dmcsrb.com\/en\/wp-json\/wp\/v2\/posts"}],"about":[{"href":"https:\/\/dmcsrb.com\/en\/wp-json\/wp\/v2\/types\/post"}],"author":[{"embeddable":true,"href":"https:\/\/dmcsrb.com\/en\/wp-json\/wp\/v2\/users\/1"}],"replies":[{"embeddable":true,"href":"https:\/\/dmcsrb.com\/en\/wp-json\/wp\/v2\/comments?post=948956"}],"version-history":[{"count":0,"href":"https:\/\/dmcsrb.com\/en\/wp-json\/wp\/v2\/posts\/948956\/revisions"}],"wp:featuredmedia":[{"embeddable":true,"href":"https:\/\/dmcsrb.com\/en\/wp-json\/wp\/v2\/media\/948957"}],"wp:attachment":[{"href":"https:\/\/dmcsrb.com\/en\/wp-json\/wp\/v2\/media?parent=948956"}],"wp:term":[{"taxonomy":"category","embeddable":true,"href":"https:\/\/dmcsrb.com\/en\/wp-json\/wp\/v2\/categories?post=948956"},{"taxonomy":"post_tag","embeddable":true,"href":"https:\/\/dmcsrb.com\/en\/wp-json\/wp\/v2\/tags?post=948956"},{"taxonomy":"naslovna","embeddable":true,"href":"https:\/\/dmcsrb.com\/en\/wp-json\/wp\/v2\/naslovna?post=948956"}],"curies":[{"name":"wp","href":"https:\/\/api.w.org\/{rel}","templated":true}]}}