{"id":948943,"date":"2025-08-29T09:23:00","date_gmt":"2025-08-29T07:23:00","guid":{"rendered":"https:\/\/dmcsrb.com\/uncategorized\/izrael-u-napadu-na-jemen-navodno-ubio-cijeli-politicki-i-vojni-vrh-hua\/"},"modified":"2025-08-29T09:23:00","modified_gmt":"2025-08-29T07:23:00","slug":"izrael-u-napadu-na-jemen-navodno-ubio-cijeli-politicki-i-vojni-vrh-hua","status":"publish","type":"post","link":"https:\/\/dmcsrb.com\/en\/svijet\/izrael-u-napadu-na-jemen-navodno-ubio-cijeli-politicki-i-vojni-vrh-hua\/","title":{"rendered":"Izrael u napadu na Jemen navodno ubio cijeli politi\u010dki i vojni vrh Hua"},"content":{"rendered":"<p><\/p>\n\n\n\n<p>Jemenski mediji, uklju\u010duju\u0107i kanal Al-Jumhuriya i novine Aden Al-Ghad, izvijestili su da je premijer Huta <strong>Ahmed al-Rahavi<\/strong> ubijen u napadu na stan, pri \u010demu je, prema pisanju potonjih, ubijeno i nekoliko njegovih pratitelja. Izrael zasad nije slu\u017ebeno potvrdio ovu informaciju.<\/p>\n\n\n\n<h3 class=\"wp-block-heading\">Napad na vojni i politi\u010dki vrh<\/h3>\n\n\n\n<p>\u010cini se da je rije\u010d o odvojenom napadu od onog koji je istog dana ciljao deset visokih ministara Huta. Oni su se navodno okupili na lokaciji izvan glavnog grada kako bi pratili govor vo\u0111e grupe, Abdula Malika al-Houthija.<\/p>\n\n\n\n<p>Ishod tog napada jo\u0161 nije u potpunosti jasan, iako politi\u010dki izvori koje je citirao izraelski Channel 13 tvrde da je &#8220;smjer (procjena) pozitivan, \u010dini se da je napad uspio&#8221;. Medij Ynet tako\u0111e navodi kako &#8220;raste procjena da je cijela vojna i vladina elita Huta eliminisana u napadu&#8221;.<\/p>\n\n\n\n<p>Prema medijskim napisima, izraelska obavje\u0161tajna slu\u017eba pru\u017eila je podatke o okupljanju u stvarnom vremenu, \u0161to je omogu\u0107ilo napad uprkos sna\u017enoj protivvazdu\u0161noj odbrani na tom podru\u010dju.<\/p>\n\n\n\n<p>Navodno je Izrael pratio govor al-Houthija kako bi utvrdio je li svjestan napada na svoje zvani\u010dnike, no on nije pokazivao nikakve znakove da zna \u0161to se doga\u0111a.<\/p>\n\n\n\n<h3 class=\"wp-block-heading\">Ko su bile klju\u010dne mete napada?<\/h3>\n\n\n\n<p>Me\u0111u ciljanim zvani\u010dnicima bili su ministar odbrane Muhammad Nasser al-Attafi i na\u010delnik Glavnog \u0161taba vojske Muhammad Al-Ghamari. Al-Attafi je na funkciji od 2016. godine i smatra se najvi\u0161im vojnim zvani\u010dnikom organizacije.<\/p>\n\n\n\n<p>Navodno je uspostavio bliske veze s iranskom Revolucionarnom gardom i Hezbolahom te je direktno uklju\u010den u operacije protiv Izraela. Na\u010delnik Glavnog \u0161taba Al-Ghamari, prema izvje\u0161tajima, bio je te\u0161ko povrije\u0111en, ali ne i ubijen, u ranijem izraelskom napadu na Jemen u junu.<\/p>\n\n\n\n<h3 class=\"wp-block-heading\">Huti negiraju, Izrael nastavlja udare<\/h3>\n\n\n\n<p>Izvor iz ministarstva odbrane Huta negirao je da su u napadu ciljani \u010dlanovi grupe, insistiraju\u0107i da Izrael napada &#8220;civilne ciljeve i jemenski narod zbog njihovih stavova podr\u0161ke Gazi&#8221;. Napadi u \u010detvrtak ozna\u010dili su 16. put da je Izrael izveo udare na pobunjeni\u010dku skupinu Huti u Jemenu, udaljenom oko 1800 kilometara.<\/p>\n\n\n\n<p>Huti, \u010diji slogan poziva na &#8220;Smrt Americi, Smrt Izraelu, (i) Prokletstvo \u017didovima&#8221;, zapo\u010deli su napade na Izrael i pomorski saobra\u0107aj u decembru 2023. godine. Napade su obustavili kada je u januaru 2025. postignut prekid vatre izme\u0111u Izraela i Hamasa, no nastavili su ih 18. marta nakon \u0161to je IDF nastavio ofanzivu u Gazi.<\/p>","protected":false},"excerpt":{"rendered":"<p>Premijer jemenske grupe Huti, koju podr\u017eava Iran, navodno je ubijen ju\u010de tokom izraelskih vazdu\u0161nih napada na glavni grad Sanu, pi\u0161e Times of Israel.<\/p>","protected":false},"author":1,"featured_media":948944,"comment_status":"open","ping_status":"open","sticky":false,"template":"","format":"standard","meta":{"_acf_changed":false,"footnotes":""},"categories":[144],"tags":[18656,6476,751],"naslovna":[],"class_list":["post-948943","post","type-post","status-publish","format-standard","has-post-thumbnail","hentry","category-svijet","tag-ahmed-al-rahavi","tag-huti","tag-izrael"],"acf":[],"yoast_head":"<!-- This site is optimized with the Yoast SEO plugin v27.4 - https:\/\/yoast.com\/product\/yoast-seo-wordpress\/ -->\n<title>Izrael u napadu na Jemen navodno ubio cijeli politi\u010dki i vojni vrh Hua - dmcsrb.com<\/title>\n<meta name=\"robots\" content=\"index, follow, max-snippet:-1, max-image-preview:large, max-video-preview:-1\" \/>\n<link rel=\"canonical\" href=\"https:\/\/dmcsrb.com\/en\/svijet\/izrael-u-napadu-na-jemen-navodno-ubio-cijeli-politicki-i-vojni-vrh-hua\/\" \/>\n<meta property=\"og:locale\" content=\"en_GB\" \/>\n<meta property=\"og:type\" content=\"article\" \/>\n<meta property=\"og:title\" content=\"Izrael u napadu na Jemen navodno ubio cijeli politi\u010dki i vojni vrh Hua - dmcsrb.com\" \/>\n<meta property=\"og:description\" content=\"Premijer jemenske grupe Huti, koju podr\u017eava Iran, navodno je ubijen ju\u010de tokom izraelskih vazdu\u0161nih napada na glavni grad Sanu, pi\u0161e Times of Israel.\" \/>\n<meta property=\"og:url\" content=\"https:\/\/dmcsrb.com\/en\/svijet\/izrael-u-napadu-na-jemen-navodno-ubio-cijeli-politicki-i-vojni-vrh-hua\/\" \/>\n<meta property=\"og:site_name\" content=\"dmcsrb.com\" \/>\n<meta property=\"article:published_time\" content=\"2025-08-29T07:23:00+00:00\" \/>\n<meta property=\"og:image\" content=\"https:\/\/dmcsrb.com\/wp-content\/uploads\/2026\/01\/Izraelska-vojska-IDF-foto-AP.webp\" \/>\n\t<meta property=\"og:image:width\" content=\"1013\" \/>\n\t<meta property=\"og:image:height\" content=\"667\" \/>\n\t<meta property=\"og:image:type\" content=\"image\/jpeg\" \/>\n<meta name=\"author\" content=\"dmcsrbija.com@gmail.com\" \/>\n<meta name=\"twitter:card\" content=\"summary_large_image\" \/>\n<meta name=\"twitter:label1\" content=\"Written by\" \/>\n\t<meta name=\"twitter:data1\" content=\"dmcsrbija.com@gmail.com\" \/>\n\t<meta name=\"twitter:label2\" content=\"Estimated reading time\" \/>\n\t<meta name=\"twitter:data2\" content=\"2 minutes\" \/>\n<script type=\"application\/ld+json\" class=\"yoast-schema-graph\">{\"@context\":\"https:\\\/\\\/schema.org\",\"@graph\":[{\"@type\":\"Article\",\"@id\":\"https:\\\/\\\/dmcsrb.com\\\/svijet\\\/izrael-u-napadu-na-jemen-navodno-ubio-cijeli-politicki-i-vojni-vrh-hua\\\/#article\",\"isPartOf\":{\"@id\":\"https:\\\/\\\/dmcsrb.com\\\/svijet\\\/izrael-u-napadu-na-jemen-navodno-ubio-cijeli-politicki-i-vojni-vrh-hua\\\/\"},\"author\":{\"name\":\"dmcsrbija.com@gmail.com\",\"@id\":\"https:\\\/\\\/dmcsrb.com\\\/#\\\/schema\\\/person\\\/5c39170f12db1b8b457732d0b5c854e2\"},\"headline\":\"Izrael u napadu na Jemen navodno ubio cijeli politi\u010dki i vojni vrh Hua\",\"datePublished\":\"2025-08-29T07:23:00+00:00\",\"mainEntityOfPage\":{\"@id\":\"https:\\\/\\\/dmcsrb.com\\\/svijet\\\/izrael-u-napadu-na-jemen-navodno-ubio-cijeli-politicki-i-vojni-vrh-hua\\\/\"},\"wordCount\":410,\"commentCount\":0,\"image\":{\"@id\":\"https:\\\/\\\/dmcsrb.com\\\/svijet\\\/izrael-u-napadu-na-jemen-navodno-ubio-cijeli-politicki-i-vojni-vrh-hua\\\/#primaryimage\"},\"thumbnailUrl\":\"https:\\\/\\\/dmcsrb.com\\\/wp-content\\\/uploads\\\/2026\\\/01\\\/Izraelska-vojska-IDF-foto-AP.webp\",\"keywords\":[\"Ahmed al-Rahavi\",\"Huti\",\"Izrael\"],\"articleSection\":[\"Svijet\"],\"inLanguage\":\"en-GB\",\"potentialAction\":[{\"@type\":\"CommentAction\",\"name\":\"Comment\",\"target\":[\"https:\\\/\\\/dmcsrb.com\\\/svijet\\\/izrael-u-napadu-na-jemen-navodno-ubio-cijeli-politicki-i-vojni-vrh-hua\\\/#respond\"]}]},{\"@type\":\"WebPage\",\"@id\":\"https:\\\/\\\/dmcsrb.com\\\/svijet\\\/izrael-u-napadu-na-jemen-navodno-ubio-cijeli-politicki-i-vojni-vrh-hua\\\/\",\"url\":\"https:\\\/\\\/dmcsrb.com\\\/svijet\\\/izrael-u-napadu-na-jemen-navodno-ubio-cijeli-politicki-i-vojni-vrh-hua\\\/\",\"name\":\"Izrael u napadu na Jemen navodno ubio cijeli politi\u010dki i vojni vrh Hua - dmcsrb.com\",\"isPartOf\":{\"@id\":\"https:\\\/\\\/dmcsrb.com\\\/#website\"},\"primaryImageOfPage\":{\"@id\":\"https:\\\/\\\/dmcsrb.com\\\/svijet\\\/izrael-u-napadu-na-jemen-navodno-ubio-cijeli-politicki-i-vojni-vrh-hua\\\/#primaryimage\"},\"image\":{\"@id\":\"https:\\\/\\\/dmcsrb.com\\\/svijet\\\/izrael-u-napadu-na-jemen-navodno-ubio-cijeli-politicki-i-vojni-vrh-hua\\\/#primaryimage\"},\"thumbnailUrl\":\"https:\\\/\\\/dmcsrb.com\\\/wp-content\\\/uploads\\\/2026\\\/01\\\/Izraelska-vojska-IDF-foto-AP.webp\",\"datePublished\":\"2025-08-29T07:23:00+00:00\",\"author\":{\"@id\":\"https:\\\/\\\/dmcsrb.com\\\/#\\\/schema\\\/person\\\/5c39170f12db1b8b457732d0b5c854e2\"},\"breadcrumb\":{\"@id\":\"https:\\\/\\\/dmcsrb.com\\\/svijet\\\/izrael-u-napadu-na-jemen-navodno-ubio-cijeli-politicki-i-vojni-vrh-hua\\\/#breadcrumb\"},\"inLanguage\":\"en-GB\",\"potentialAction\":[{\"@type\":\"ReadAction\",\"target\":[\"https:\\\/\\\/dmcsrb.com\\\/svijet\\\/izrael-u-napadu-na-jemen-navodno-ubio-cijeli-politicki-i-vojni-vrh-hua\\\/\"]}]},{\"@type\":\"ImageObject\",\"inLanguage\":\"en-GB\",\"@id\":\"https:\\\/\\\/dmcsrb.com\\\/svijet\\\/izrael-u-napadu-na-jemen-navodno-ubio-cijeli-politicki-i-vojni-vrh-hua\\\/#primaryimage\",\"url\":\"https:\\\/\\\/dmcsrb.com\\\/wp-content\\\/uploads\\\/2026\\\/01\\\/Izraelska-vojska-IDF-foto-AP.webp\",\"contentUrl\":\"https:\\\/\\\/dmcsrb.com\\\/wp-content\\\/uploads\\\/2026\\\/01\\\/Izraelska-vojska-IDF-foto-AP.webp\",\"width\":1013,\"height\":667},{\"@type\":\"BreadcrumbList\",\"@id\":\"https:\\\/\\\/dmcsrb.com\\\/svijet\\\/izrael-u-napadu-na-jemen-navodno-ubio-cijeli-politicki-i-vojni-vrh-hua\\\/#breadcrumb\",\"itemListElement\":[{\"@type\":\"ListItem\",\"position\":1,\"name\":\"Home\",\"item\":\"https:\\\/\\\/dmcsrb.com\\\/\"},{\"@type\":\"ListItem\",\"position\":2,\"name\":\"Izrael u napadu na Jemen navodno ubio cijeli politi\u010dki i vojni vrh Hua\"}]},{\"@type\":\"WebSite\",\"@id\":\"https:\\\/\\\/dmcsrb.com\\\/#website\",\"url\":\"https:\\\/\\\/dmcsrb.com\\\/\",\"name\":\"dmcsrb.com\",\"description\":\"\",\"potentialAction\":[{\"@type\":\"SearchAction\",\"target\":{\"@type\":\"EntryPoint\",\"urlTemplate\":\"https:\\\/\\\/dmcsrb.com\\\/?s={search_term_string}\"},\"query-input\":{\"@type\":\"PropertyValueSpecification\",\"valueRequired\":true,\"valueName\":\"search_term_string\"}}],\"inLanguage\":\"en-GB\"},{\"@type\":\"Person\",\"@id\":\"https:\\\/\\\/dmcsrb.com\\\/#\\\/schema\\\/person\\\/5c39170f12db1b8b457732d0b5c854e2\",\"name\":\"dmcsrbija.com@gmail.com\",\"image\":{\"@type\":\"ImageObject\",\"inLanguage\":\"en-GB\",\"@id\":\"https:\\\/\\\/secure.gravatar.com\\\/avatar\\\/68592660ad6347fad0fb587f8d5d8f1a7b44961362f56e4f2cd524feb87e9069?s=96&d=mm&r=g\",\"url\":\"https:\\\/\\\/secure.gravatar.com\\\/avatar\\\/68592660ad6347fad0fb587f8d5d8f1a7b44961362f56e4f2cd524feb87e9069?s=96&d=mm&r=g\",\"contentUrl\":\"https:\\\/\\\/secure.gravatar.com\\\/avatar\\\/68592660ad6347fad0fb587f8d5d8f1a7b44961362f56e4f2cd524feb87e9069?s=96&d=mm&r=g\",\"caption\":\"dmcsrbija.com@gmail.com\"},\"sameAs\":[\"https:\\\/\\\/dmcsrb.com\"],\"url\":\"https:\\\/\\\/dmcsrb.com\\\/en\\\/author\\\/dmcsrbija-comgmail-com\\\/\"}]}<\/script>\n<!-- \/ Yoast SEO plugin. -->","yoast_head_json":{"title":"Izrael u napadu na Jemen navodno ubio cijeli politi\u010dki i vojni vrh Hua - dmcsrb.com","robots":{"index":"index","follow":"follow","max-snippet":"max-snippet:-1","max-image-preview":"max-image-preview:large","max-video-preview":"max-video-preview:-1"},"canonical":"https:\/\/dmcsrb.com\/en\/svijet\/izrael-u-napadu-na-jemen-navodno-ubio-cijeli-politicki-i-vojni-vrh-hua\/","og_locale":"en_GB","og_type":"article","og_title":"Izrael u napadu na Jemen navodno ubio cijeli politi\u010dki i vojni vrh Hua - dmcsrb.com","og_description":"Premijer jemenske grupe Huti, koju podr\u017eava Iran, navodno je ubijen ju\u010de tokom izraelskih vazdu\u0161nih napada na glavni grad Sanu, pi\u0161e Times of Israel.","og_url":"https:\/\/dmcsrb.com\/en\/svijet\/izrael-u-napadu-na-jemen-navodno-ubio-cijeli-politicki-i-vojni-vrh-hua\/","og_site_name":"dmcsrb.com","article_published_time":"2025-08-29T07:23:00+00:00","og_image":[{"width":1013,"height":667,"url":"https:\/\/dmcsrb.com\/wp-content\/uploads\/2026\/01\/Izraelska-vojska-IDF-foto-AP.webp","type":"image\/jpeg"}],"author":"dmcsrbija.com@gmail.com","twitter_card":"summary_large_image","twitter_misc":{"Written by":"dmcsrbija.com@gmail.com","Estimated reading time":"2 minutes"},"schema":{"@context":"https:\/\/schema.org","@graph":[{"@type":"Article","@id":"https:\/\/dmcsrb.com\/svijet\/izrael-u-napadu-na-jemen-navodno-ubio-cijeli-politicki-i-vojni-vrh-hua\/#article","isPartOf":{"@id":"https:\/\/dmcsrb.com\/svijet\/izrael-u-napadu-na-jemen-navodno-ubio-cijeli-politicki-i-vojni-vrh-hua\/"},"author":{"name":"dmcsrbija.com@gmail.com","@id":"https:\/\/dmcsrb.com\/#\/schema\/person\/5c39170f12db1b8b457732d0b5c854e2"},"headline":"Izrael u napadu na Jemen navodno ubio cijeli politi\u010dki i vojni vrh Hua","datePublished":"2025-08-29T07:23:00+00:00","mainEntityOfPage":{"@id":"https:\/\/dmcsrb.com\/svijet\/izrael-u-napadu-na-jemen-navodno-ubio-cijeli-politicki-i-vojni-vrh-hua\/"},"wordCount":410,"commentCount":0,"image":{"@id":"https:\/\/dmcsrb.com\/svijet\/izrael-u-napadu-na-jemen-navodno-ubio-cijeli-politicki-i-vojni-vrh-hua\/#primaryimage"},"thumbnailUrl":"https:\/\/dmcsrb.com\/wp-content\/uploads\/2026\/01\/Izraelska-vojska-IDF-foto-AP.webp","keywords":["Ahmed al-Rahavi","Huti","Izrael"],"articleSection":["Svijet"],"inLanguage":"en-GB","potentialAction":[{"@type":"CommentAction","name":"Comment","target":["https:\/\/dmcsrb.com\/svijet\/izrael-u-napadu-na-jemen-navodno-ubio-cijeli-politicki-i-vojni-vrh-hua\/#respond"]}]},{"@type":"WebPage","@id":"https:\/\/dmcsrb.com\/svijet\/izrael-u-napadu-na-jemen-navodno-ubio-cijeli-politicki-i-vojni-vrh-hua\/","url":"https:\/\/dmcsrb.com\/svijet\/izrael-u-napadu-na-jemen-navodno-ubio-cijeli-politicki-i-vojni-vrh-hua\/","name":"Izrael u napadu na Jemen navodno ubio cijeli politi\u010dki i vojni vrh Hua - dmcsrb.com","isPartOf":{"@id":"https:\/\/dmcsrb.com\/#website"},"primaryImageOfPage":{"@id":"https:\/\/dmcsrb.com\/svijet\/izrael-u-napadu-na-jemen-navodno-ubio-cijeli-politicki-i-vojni-vrh-hua\/#primaryimage"},"image":{"@id":"https:\/\/dmcsrb.com\/svijet\/izrael-u-napadu-na-jemen-navodno-ubio-cijeli-politicki-i-vojni-vrh-hua\/#primaryimage"},"thumbnailUrl":"https:\/\/dmcsrb.com\/wp-content\/uploads\/2026\/01\/Izraelska-vojska-IDF-foto-AP.webp","datePublished":"2025-08-29T07:23:00+00:00","author":{"@id":"https:\/\/dmcsrb.com\/#\/schema\/person\/5c39170f12db1b8b457732d0b5c854e2"},"breadcrumb":{"@id":"https:\/\/dmcsrb.com\/svijet\/izrael-u-napadu-na-jemen-navodno-ubio-cijeli-politicki-i-vojni-vrh-hua\/#breadcrumb"},"inLanguage":"en-GB","potentialAction":[{"@type":"ReadAction","target":["https:\/\/dmcsrb.com\/svijet\/izrael-u-napadu-na-jemen-navodno-ubio-cijeli-politicki-i-vojni-vrh-hua\/"]}]},{"@type":"ImageObject","inLanguage":"en-GB","@id":"https:\/\/dmcsrb.com\/svijet\/izrael-u-napadu-na-jemen-navodno-ubio-cijeli-politicki-i-vojni-vrh-hua\/#primaryimage","url":"https:\/\/dmcsrb.com\/wp-content\/uploads\/2026\/01\/Izraelska-vojska-IDF-foto-AP.webp","contentUrl":"https:\/\/dmcsrb.com\/wp-content\/uploads\/2026\/01\/Izraelska-vojska-IDF-foto-AP.webp","width":1013,"height":667},{"@type":"BreadcrumbList","@id":"https:\/\/dmcsrb.com\/svijet\/izrael-u-napadu-na-jemen-navodno-ubio-cijeli-politicki-i-vojni-vrh-hua\/#breadcrumb","itemListElement":[{"@type":"ListItem","position":1,"name":"Home","item":"https:\/\/dmcsrb.com\/"},{"@type":"ListItem","position":2,"name":"Izrael u napadu na Jemen navodno ubio cijeli politi\u010dki i vojni vrh Hua"}]},{"@type":"WebSite","@id":"https:\/\/dmcsrb.com\/#website","url":"https:\/\/dmcsrb.com\/","name":"dmcsrb.com","description":"","potentialAction":[{"@type":"SearchAction","target":{"@type":"EntryPoint","urlTemplate":"https:\/\/dmcsrb.com\/?s={search_term_string}"},"query-input":{"@type":"PropertyValueSpecification","valueRequired":true,"valueName":"search_term_string"}}],"inLanguage":"en-GB"},{"@type":"Person","@id":"https:\/\/dmcsrb.com\/#\/schema\/person\/5c39170f12db1b8b457732d0b5c854e2","name":"dmcsrbija.com@gmail.com","image":{"@type":"ImageObject","inLanguage":"en-GB","@id":"https:\/\/secure.gravatar.com\/avatar\/68592660ad6347fad0fb587f8d5d8f1a7b44961362f56e4f2cd524feb87e9069?s=96&d=mm&r=g","url":"https:\/\/secure.gravatar.com\/avatar\/68592660ad6347fad0fb587f8d5d8f1a7b44961362f56e4f2cd524feb87e9069?s=96&d=mm&r=g","contentUrl":"https:\/\/secure.gravatar.com\/avatar\/68592660ad6347fad0fb587f8d5d8f1a7b44961362f56e4f2cd524feb87e9069?s=96&d=mm&r=g","caption":"dmcsrbija.com@gmail.com"},"sameAs":["https:\/\/dmcsrb.com"],"url":"https:\/\/dmcsrb.com\/en\/author\/dmcsrbija-comgmail-com\/"}]}},"_links":{"self":[{"href":"https:\/\/dmcsrb.com\/en\/wp-json\/wp\/v2\/posts\/948943","targetHints":{"allow":["GET"]}}],"collection":[{"href":"https:\/\/dmcsrb.com\/en\/wp-json\/wp\/v2\/posts"}],"about":[{"href":"https:\/\/dmcsrb.com\/en\/wp-json\/wp\/v2\/types\/post"}],"author":[{"embeddable":true,"href":"https:\/\/dmcsrb.com\/en\/wp-json\/wp\/v2\/users\/1"}],"replies":[{"embeddable":true,"href":"https:\/\/dmcsrb.com\/en\/wp-json\/wp\/v2\/comments?post=948943"}],"version-history":[{"count":0,"href":"https:\/\/dmcsrb.com\/en\/wp-json\/wp\/v2\/posts\/948943\/revisions"}],"wp:featuredmedia":[{"embeddable":true,"href":"https:\/\/dmcsrb.com\/en\/wp-json\/wp\/v2\/media\/948944"}],"wp:attachment":[{"href":"https:\/\/dmcsrb.com\/en\/wp-json\/wp\/v2\/media?parent=948943"}],"wp:term":[{"taxonomy":"category","embeddable":true,"href":"https:\/\/dmcsrb.com\/en\/wp-json\/wp\/v2\/categories?post=948943"},{"taxonomy":"post_tag","embeddable":true,"href":"https:\/\/dmcsrb.com\/en\/wp-json\/wp\/v2\/tags?post=948943"},{"taxonomy":"naslovna","embeddable":true,"href":"https:\/\/dmcsrb.com\/en\/wp-json\/wp\/v2\/naslovna?post=948943"}],"curies":[{"name":"wp","href":"https:\/\/api.w.org\/{rel}","templated":true}]}}