{"id":948922,"date":"2025-08-29T06:18:25","date_gmt":"2025-08-29T04:18:25","guid":{"rendered":"https:\/\/dmcsrb.com\/uncategorized\/up-u-podgorici-uhapsen-drzavljanin-srbije-sprijeceno-izvrsenje-teskog-krivicnog-djela\/"},"modified":"2025-08-29T06:18:25","modified_gmt":"2025-08-29T04:18:25","slug":"up-u-podgorici-uhapsen-drzavljanin-srbije-sprijeceno-izvrsenje-teskog-krivicnog-djela","status":"publish","type":"post","link":"https:\/\/dmcsrb.com\/en\/hronika\/up-u-podgorici-uhapsen-drzavljanin-srbije-sprijeceno-izvrsenje-teskog-krivicnog-djela\/","title":{"rendered":"UP: U Podgorici uhap\u0161en dr\u017eavljanin Srbije, sprije\u010deno izvr\u0161enje te\u0161kog krivi\u010dnog djela"},"content":{"rendered":"<p><\/p>\n\n\n\n<p>Postupaju\u0107i u okviru svojih nadle\u017enosti i intenzivnih operativnih aktivnosti usmjerenih na pripadnike organizovanih kriminalnih grupa, operativno interesantnih i sa njima povezanih lica, policijski slu\u017ebenici Regionalnog centra bezbjednosti \u201cCentar\u201d, Odjeljenja bezbjednosti Podgorica, ju\u010de su u naselju Pejton uo\u010dili i sustigli lice koje je prilikom poku\u0161aja bjekstva, od sebe odbacilo vatreno oru\u017eje.<\/p>\n\n\n\n<p>&#8220;Rije\u010d je o dr\u017eavljaninu Republike Srbije &#8211; N.S. (33), koji je ilegalno u\u0161ao na teritoriju Crne Gore. Detaljnom kontrolom i pretragom terena policijski slu\u017ebenici prona\u0161li su vatreno oru\u017eje &#8211; pi\u0161tolj marke \u201cWalther PP\u201d izbru\u0161enog fabri\u010dkog broja, sa metkom u cijevi i osam metaka u okviru pi\u0161tolja. Tako\u0111e, prona\u0111en je i kriptovani mobilni telefon za koji se sumnja da je kori\u0161ten u planiranim kriminalnim aktivnostima, a koji je osumjni\u010deni poku\u0161ao da odbaci tokom bjekstva. Preduzimaju\u0107i operativne aktivnosti na terenu, pravovremenoj i odlu\u010dnoj reakciji policijskih slu\u017ebenika, sprije\u010deno je izvr\u0161enje te\u0161kog krivi\u010dnog djela i neutralisana ozbiljna prijetnja po bezbjednost gra\u0111ana, \u0161to je u primarnom fokusu Uprave policije&#8221;, navode u saop\u0161tenju.<\/p>\n\n\n\n<p>Sa svim \u010dinjenicama upoznat je tu\u017eilac u Osnovnom dr\u017eavnom tu\u017eila\u0161tvu u Podgorici po \u010dijem je nalogu N.S. li\u0161en slobode zbog sumnje da je izvr\u0161io krivi\u010dno djelo &#8211; nedozvoljeno dr\u017eanje i no\u0161enje oru\u017eja i eksplozivnih materija, za koje je zaprije\u0107ena kazna zatvora do 10 godina.<\/p>\n\n\n\n<p>&#8220;Uprava policije nastavlja kontinuirane i intenzivne operativno takti\u010dke mjere i radnje na suprotstavljanju svim bezbjednosnim izazovima, sa posebnim fokusom na beskompromisnu borbu protiv organizovanog kriminala i za\u0161titu bezbjednosti svih gra\u0111ana. Podsje\u0107amo da su slu\u017ebenici Uprave policije do sada, tokom ove godine, u sedam odvojenih slu\u010dajeva sprije\u010dili izvr\u0161enje te\u0161kog krivi\u010dnog djela&#8221;, navode u Upravi policije.<\/p>","protected":false},"excerpt":{"rendered":"<p>Podgori\u010dka policija uhapsila je N.S. (33), dr\u017eavljanina Srbije, kod kojeg je prona\u0111enog oru\u017eje izbru\u0161enog fabri\u010dkog broja sa metkom u cijevi, kao i kriptovani mobilni telefon. Iz policije tvrde da je sprije\u010deno izvr\u0161enje te\u0161kog krivi\u010dnog djela.<\/p>","protected":false},"author":1,"featured_media":948923,"comment_status":"open","ping_status":"open","sticky":false,"template":"","format":"standard","meta":{"_acf_changed":false,"footnotes":""},"categories":[17],"tags":[963,72],"naslovna":[],"class_list":["post-948922","post","type-post","status-publish","format-standard","has-post-thumbnail","hentry","category-hronika","tag-drzavljanin-srbije","tag-uprava-policije"],"acf":[],"yoast_head":"<!-- This site is optimized with the Yoast SEO plugin v27.0 - https:\/\/yoast.com\/product\/yoast-seo-wordpress\/ -->\n<title>UP: U Podgorici uhap\u0161en dr\u017eavljanin Srbije, sprije\u010deno izvr\u0161enje te\u0161kog krivi\u010dnog djela - dmcsrb.com<\/title>\n<meta name=\"robots\" content=\"index, follow, max-snippet:-1, max-image-preview:large, max-video-preview:-1\" \/>\n<link rel=\"canonical\" href=\"https:\/\/dmcsrb.com\/en\/hronika\/up-u-podgorici-uhapsen-drzavljanin-srbije-sprijeceno-izvrsenje-teskog-krivicnog-djela\/\" \/>\n<meta property=\"og:locale\" content=\"en_GB\" \/>\n<meta property=\"og:type\" content=\"article\" \/>\n<meta property=\"og:title\" content=\"UP: U Podgorici uhap\u0161en dr\u017eavljanin Srbije, sprije\u010deno izvr\u0161enje te\u0161kog krivi\u010dnog djela - dmcsrb.com\" \/>\n<meta property=\"og:description\" content=\"Podgori\u010dka policija uhapsila je N.S. (33), dr\u017eavljanina Srbije, kod kojeg je prona\u0111enog oru\u017eje izbru\u0161enog fabri\u010dkog broja sa metkom u cijevi, kao i kriptovani mobilni telefon. Iz policije tvrde da je sprije\u010deno izvr\u0161enje te\u0161kog krivi\u010dnog djela.\" \/>\n<meta property=\"og:url\" content=\"https:\/\/dmcsrb.com\/en\/hronika\/up-u-podgorici-uhapsen-drzavljanin-srbije-sprijeceno-izvrsenje-teskog-krivicnog-djela\/\" \/>\n<meta property=\"og:site_name\" content=\"dmcsrb.com\" \/>\n<meta property=\"article:published_time\" content=\"2025-08-29T04:18:25+00:00\" \/>\n<meta property=\"og:image\" content=\"https:\/\/dmcsrb.com\/wp-content\/uploads\/2026\/01\/pistolj-oduzet-foto-Uprava-policije.webp\" \/>\n\t<meta property=\"og:image:width\" content=\"865\" \/>\n\t<meta property=\"og:image:height\" content=\"672\" \/>\n\t<meta property=\"og:image:type\" content=\"image\/jpeg\" \/>\n<meta name=\"author\" content=\"dmcsrbija.com@gmail.com\" \/>\n<meta name=\"twitter:card\" content=\"summary_large_image\" \/>\n<meta name=\"twitter:label1\" content=\"Written by\" \/>\n\t<meta name=\"twitter:data1\" content=\"dmcsrbija.com@gmail.com\" \/>\n\t<meta name=\"twitter:label2\" content=\"Estimated reading time\" \/>\n\t<meta name=\"twitter:data2\" content=\"2 minutes\" \/>\n<script type=\"application\/ld+json\" class=\"yoast-schema-graph\">{\"@context\":\"https:\/\/schema.org\",\"@graph\":[{\"@type\":\"Article\",\"@id\":\"https:\/\/dmcsrb.com\/hronika\/up-u-podgorici-uhapsen-drzavljanin-srbije-sprijeceno-izvrsenje-teskog-krivicnog-djela\/#article\",\"isPartOf\":{\"@id\":\"https:\/\/dmcsrb.com\/hronika\/up-u-podgorici-uhapsen-drzavljanin-srbije-sprijeceno-izvrsenje-teskog-krivicnog-djela\/\"},\"author\":{\"name\":\"dmcsrbija.com@gmail.com\",\"@id\":\"https:\/\/dmcsrb.com\/#\/schema\/person\/5c39170f12db1b8b457732d0b5c854e2\"},\"headline\":\"UP: U Podgorici uhap\u0161en dr\u017eavljanin Srbije, sprije\u010deno izvr\u0161enje te\u0161kog krivi\u010dnog djela\",\"datePublished\":\"2025-08-29T04:18:25+00:00\",\"mainEntityOfPage\":{\"@id\":\"https:\/\/dmcsrb.com\/hronika\/up-u-podgorici-uhapsen-drzavljanin-srbije-sprijeceno-izvrsenje-teskog-krivicnog-djela\/\"},\"wordCount\":323,\"commentCount\":0,\"image\":{\"@id\":\"https:\/\/dmcsrb.com\/hronika\/up-u-podgorici-uhapsen-drzavljanin-srbije-sprijeceno-izvrsenje-teskog-krivicnog-djela\/#primaryimage\"},\"thumbnailUrl\":\"https:\/\/dmcsrb.com\/wp-content\/uploads\/2026\/01\/pistolj-oduzet-foto-Uprava-policije.webp\",\"keywords\":[\"Dr\u017eavljanin Srbije\",\"Uprava policije\"],\"articleSection\":[\"Hronika\"],\"inLanguage\":\"en-GB\",\"potentialAction\":[{\"@type\":\"CommentAction\",\"name\":\"Comment\",\"target\":[\"https:\/\/dmcsrb.com\/hronika\/up-u-podgorici-uhapsen-drzavljanin-srbije-sprijeceno-izvrsenje-teskog-krivicnog-djela\/#respond\"]}]},{\"@type\":\"WebPage\",\"@id\":\"https:\/\/dmcsrb.com\/hronika\/up-u-podgorici-uhapsen-drzavljanin-srbije-sprijeceno-izvrsenje-teskog-krivicnog-djela\/\",\"url\":\"https:\/\/dmcsrb.com\/hronika\/up-u-podgorici-uhapsen-drzavljanin-srbije-sprijeceno-izvrsenje-teskog-krivicnog-djela\/\",\"name\":\"UP: U Podgorici uhap\u0161en dr\u017eavljanin Srbije, sprije\u010deno izvr\u0161enje te\u0161kog krivi\u010dnog djela - dmcsrb.com\",\"isPartOf\":{\"@id\":\"https:\/\/dmcsrb.com\/#website\"},\"primaryImageOfPage\":{\"@id\":\"https:\/\/dmcsrb.com\/hronika\/up-u-podgorici-uhapsen-drzavljanin-srbije-sprijeceno-izvrsenje-teskog-krivicnog-djela\/#primaryimage\"},\"image\":{\"@id\":\"https:\/\/dmcsrb.com\/hronika\/up-u-podgorici-uhapsen-drzavljanin-srbije-sprijeceno-izvrsenje-teskog-krivicnog-djela\/#primaryimage\"},\"thumbnailUrl\":\"https:\/\/dmcsrb.com\/wp-content\/uploads\/2026\/01\/pistolj-oduzet-foto-Uprava-policije.webp\",\"datePublished\":\"2025-08-29T04:18:25+00:00\",\"author\":{\"@id\":\"https:\/\/dmcsrb.com\/#\/schema\/person\/5c39170f12db1b8b457732d0b5c854e2\"},\"breadcrumb\":{\"@id\":\"https:\/\/dmcsrb.com\/hronika\/up-u-podgorici-uhapsen-drzavljanin-srbije-sprijeceno-izvrsenje-teskog-krivicnog-djela\/#breadcrumb\"},\"inLanguage\":\"en-GB\",\"potentialAction\":[{\"@type\":\"ReadAction\",\"target\":[\"https:\/\/dmcsrb.com\/hronika\/up-u-podgorici-uhapsen-drzavljanin-srbije-sprijeceno-izvrsenje-teskog-krivicnog-djela\/\"]}]},{\"@type\":\"ImageObject\",\"inLanguage\":\"en-GB\",\"@id\":\"https:\/\/dmcsrb.com\/hronika\/up-u-podgorici-uhapsen-drzavljanin-srbije-sprijeceno-izvrsenje-teskog-krivicnog-djela\/#primaryimage\",\"url\":\"https:\/\/dmcsrb.com\/wp-content\/uploads\/2026\/01\/pistolj-oduzet-foto-Uprava-policije.webp\",\"contentUrl\":\"https:\/\/dmcsrb.com\/wp-content\/uploads\/2026\/01\/pistolj-oduzet-foto-Uprava-policije.webp\",\"width\":865,\"height\":672},{\"@type\":\"BreadcrumbList\",\"@id\":\"https:\/\/dmcsrb.com\/hronika\/up-u-podgorici-uhapsen-drzavljanin-srbije-sprijeceno-izvrsenje-teskog-krivicnog-djela\/#breadcrumb\",\"itemListElement\":[{\"@type\":\"ListItem\",\"position\":1,\"name\":\"Home\",\"item\":\"https:\/\/dmcsrb.com\/\"},{\"@type\":\"ListItem\",\"position\":2,\"name\":\"UP: U Podgorici uhap\u0161en dr\u017eavljanin Srbije, sprije\u010deno izvr\u0161enje te\u0161kog krivi\u010dnog djela\"}]},{\"@type\":\"WebSite\",\"@id\":\"https:\/\/dmcsrb.com\/#website\",\"url\":\"https:\/\/dmcsrb.com\/\",\"name\":\"dmcsrb.com\",\"description\":\"\",\"potentialAction\":[{\"@type\":\"SearchAction\",\"target\":{\"@type\":\"EntryPoint\",\"urlTemplate\":\"https:\/\/dmcsrb.com\/?s={search_term_string}\"},\"query-input\":{\"@type\":\"PropertyValueSpecification\",\"valueRequired\":true,\"valueName\":\"search_term_string\"}}],\"inLanguage\":\"en-GB\"},{\"@type\":\"Person\",\"@id\":\"https:\/\/dmcsrb.com\/#\/schema\/person\/5c39170f12db1b8b457732d0b5c854e2\",\"name\":\"dmcsrbija.com@gmail.com\",\"image\":{\"@type\":\"ImageObject\",\"inLanguage\":\"en-GB\",\"@id\":\"https:\/\/dmcsrb.com\/#\/schema\/person\/image\/\",\"url\":\"https:\/\/secure.gravatar.com\/avatar\/68592660ad6347fad0fb587f8d5d8f1a7b44961362f56e4f2cd524feb87e9069?s=96&d=mm&r=g\",\"contentUrl\":\"https:\/\/secure.gravatar.com\/avatar\/68592660ad6347fad0fb587f8d5d8f1a7b44961362f56e4f2cd524feb87e9069?s=96&d=mm&r=g\",\"caption\":\"dmcsrbija.com@gmail.com\"},\"sameAs\":[\"https:\/\/dmcsrb.com\"],\"url\":\"https:\/\/dmcsrb.com\/en\/author\/dmcsrbija-comgmail-com\/\"}]}<\/script>\n<!-- \/ Yoast SEO plugin. -->","yoast_head_json":{"title":"UP: U Podgorici uhap\u0161en dr\u017eavljanin Srbije, sprije\u010deno izvr\u0161enje te\u0161kog krivi\u010dnog djela - dmcsrb.com","robots":{"index":"index","follow":"follow","max-snippet":"max-snippet:-1","max-image-preview":"max-image-preview:large","max-video-preview":"max-video-preview:-1"},"canonical":"https:\/\/dmcsrb.com\/en\/hronika\/up-u-podgorici-uhapsen-drzavljanin-srbije-sprijeceno-izvrsenje-teskog-krivicnog-djela\/","og_locale":"en_GB","og_type":"article","og_title":"UP: U Podgorici uhap\u0161en dr\u017eavljanin Srbije, sprije\u010deno izvr\u0161enje te\u0161kog krivi\u010dnog djela - dmcsrb.com","og_description":"Podgori\u010dka policija uhapsila je N.S. (33), dr\u017eavljanina Srbije, kod kojeg je prona\u0111enog oru\u017eje izbru\u0161enog fabri\u010dkog broja sa metkom u cijevi, kao i kriptovani mobilni telefon. Iz policije tvrde da je sprije\u010deno izvr\u0161enje te\u0161kog krivi\u010dnog djela.","og_url":"https:\/\/dmcsrb.com\/en\/hronika\/up-u-podgorici-uhapsen-drzavljanin-srbije-sprijeceno-izvrsenje-teskog-krivicnog-djela\/","og_site_name":"dmcsrb.com","article_published_time":"2025-08-29T04:18:25+00:00","og_image":[{"width":865,"height":672,"url":"https:\/\/dmcsrb.com\/wp-content\/uploads\/2026\/01\/pistolj-oduzet-foto-Uprava-policije.webp","type":"image\/jpeg"}],"author":"dmcsrbija.com@gmail.com","twitter_card":"summary_large_image","twitter_misc":{"Written by":"dmcsrbija.com@gmail.com","Estimated reading time":"2 minutes"},"schema":{"@context":"https:\/\/schema.org","@graph":[{"@type":"Article","@id":"https:\/\/dmcsrb.com\/hronika\/up-u-podgorici-uhapsen-drzavljanin-srbije-sprijeceno-izvrsenje-teskog-krivicnog-djela\/#article","isPartOf":{"@id":"https:\/\/dmcsrb.com\/hronika\/up-u-podgorici-uhapsen-drzavljanin-srbije-sprijeceno-izvrsenje-teskog-krivicnog-djela\/"},"author":{"name":"dmcsrbija.com@gmail.com","@id":"https:\/\/dmcsrb.com\/#\/schema\/person\/5c39170f12db1b8b457732d0b5c854e2"},"headline":"UP: U Podgorici uhap\u0161en dr\u017eavljanin Srbije, sprije\u010deno izvr\u0161enje te\u0161kog krivi\u010dnog djela","datePublished":"2025-08-29T04:18:25+00:00","mainEntityOfPage":{"@id":"https:\/\/dmcsrb.com\/hronika\/up-u-podgorici-uhapsen-drzavljanin-srbije-sprijeceno-izvrsenje-teskog-krivicnog-djela\/"},"wordCount":323,"commentCount":0,"image":{"@id":"https:\/\/dmcsrb.com\/hronika\/up-u-podgorici-uhapsen-drzavljanin-srbije-sprijeceno-izvrsenje-teskog-krivicnog-djela\/#primaryimage"},"thumbnailUrl":"https:\/\/dmcsrb.com\/wp-content\/uploads\/2026\/01\/pistolj-oduzet-foto-Uprava-policije.webp","keywords":["Dr\u017eavljanin Srbije","Uprava policije"],"articleSection":["Hronika"],"inLanguage":"en-GB","potentialAction":[{"@type":"CommentAction","name":"Comment","target":["https:\/\/dmcsrb.com\/hronika\/up-u-podgorici-uhapsen-drzavljanin-srbije-sprijeceno-izvrsenje-teskog-krivicnog-djela\/#respond"]}]},{"@type":"WebPage","@id":"https:\/\/dmcsrb.com\/hronika\/up-u-podgorici-uhapsen-drzavljanin-srbije-sprijeceno-izvrsenje-teskog-krivicnog-djela\/","url":"https:\/\/dmcsrb.com\/hronika\/up-u-podgorici-uhapsen-drzavljanin-srbije-sprijeceno-izvrsenje-teskog-krivicnog-djela\/","name":"UP: U Podgorici uhap\u0161en dr\u017eavljanin Srbije, sprije\u010deno izvr\u0161enje te\u0161kog krivi\u010dnog djela - dmcsrb.com","isPartOf":{"@id":"https:\/\/dmcsrb.com\/#website"},"primaryImageOfPage":{"@id":"https:\/\/dmcsrb.com\/hronika\/up-u-podgorici-uhapsen-drzavljanin-srbije-sprijeceno-izvrsenje-teskog-krivicnog-djela\/#primaryimage"},"image":{"@id":"https:\/\/dmcsrb.com\/hronika\/up-u-podgorici-uhapsen-drzavljanin-srbije-sprijeceno-izvrsenje-teskog-krivicnog-djela\/#primaryimage"},"thumbnailUrl":"https:\/\/dmcsrb.com\/wp-content\/uploads\/2026\/01\/pistolj-oduzet-foto-Uprava-policije.webp","datePublished":"2025-08-29T04:18:25+00:00","author":{"@id":"https:\/\/dmcsrb.com\/#\/schema\/person\/5c39170f12db1b8b457732d0b5c854e2"},"breadcrumb":{"@id":"https:\/\/dmcsrb.com\/hronika\/up-u-podgorici-uhapsen-drzavljanin-srbije-sprijeceno-izvrsenje-teskog-krivicnog-djela\/#breadcrumb"},"inLanguage":"en-GB","potentialAction":[{"@type":"ReadAction","target":["https:\/\/dmcsrb.com\/hronika\/up-u-podgorici-uhapsen-drzavljanin-srbije-sprijeceno-izvrsenje-teskog-krivicnog-djela\/"]}]},{"@type":"ImageObject","inLanguage":"en-GB","@id":"https:\/\/dmcsrb.com\/hronika\/up-u-podgorici-uhapsen-drzavljanin-srbije-sprijeceno-izvrsenje-teskog-krivicnog-djela\/#primaryimage","url":"https:\/\/dmcsrb.com\/wp-content\/uploads\/2026\/01\/pistolj-oduzet-foto-Uprava-policije.webp","contentUrl":"https:\/\/dmcsrb.com\/wp-content\/uploads\/2026\/01\/pistolj-oduzet-foto-Uprava-policije.webp","width":865,"height":672},{"@type":"BreadcrumbList","@id":"https:\/\/dmcsrb.com\/hronika\/up-u-podgorici-uhapsen-drzavljanin-srbije-sprijeceno-izvrsenje-teskog-krivicnog-djela\/#breadcrumb","itemListElement":[{"@type":"ListItem","position":1,"name":"Home","item":"https:\/\/dmcsrb.com\/"},{"@type":"ListItem","position":2,"name":"UP: U Podgorici uhap\u0161en dr\u017eavljanin Srbije, sprije\u010deno izvr\u0161enje te\u0161kog krivi\u010dnog djela"}]},{"@type":"WebSite","@id":"https:\/\/dmcsrb.com\/#website","url":"https:\/\/dmcsrb.com\/","name":"dmcsrb.com","description":"","potentialAction":[{"@type":"SearchAction","target":{"@type":"EntryPoint","urlTemplate":"https:\/\/dmcsrb.com\/?s={search_term_string}"},"query-input":{"@type":"PropertyValueSpecification","valueRequired":true,"valueName":"search_term_string"}}],"inLanguage":"en-GB"},{"@type":"Person","@id":"https:\/\/dmcsrb.com\/#\/schema\/person\/5c39170f12db1b8b457732d0b5c854e2","name":"dmcsrbija.com@gmail.com","image":{"@type":"ImageObject","inLanguage":"en-GB","@id":"https:\/\/dmcsrb.com\/#\/schema\/person\/image\/","url":"https:\/\/secure.gravatar.com\/avatar\/68592660ad6347fad0fb587f8d5d8f1a7b44961362f56e4f2cd524feb87e9069?s=96&d=mm&r=g","contentUrl":"https:\/\/secure.gravatar.com\/avatar\/68592660ad6347fad0fb587f8d5d8f1a7b44961362f56e4f2cd524feb87e9069?s=96&d=mm&r=g","caption":"dmcsrbija.com@gmail.com"},"sameAs":["https:\/\/dmcsrb.com"],"url":"https:\/\/dmcsrb.com\/en\/author\/dmcsrbija-comgmail-com\/"}]}},"_links":{"self":[{"href":"https:\/\/dmcsrb.com\/en\/wp-json\/wp\/v2\/posts\/948922","targetHints":{"allow":["GET"]}}],"collection":[{"href":"https:\/\/dmcsrb.com\/en\/wp-json\/wp\/v2\/posts"}],"about":[{"href":"https:\/\/dmcsrb.com\/en\/wp-json\/wp\/v2\/types\/post"}],"author":[{"embeddable":true,"href":"https:\/\/dmcsrb.com\/en\/wp-json\/wp\/v2\/users\/1"}],"replies":[{"embeddable":true,"href":"https:\/\/dmcsrb.com\/en\/wp-json\/wp\/v2\/comments?post=948922"}],"version-history":[{"count":0,"href":"https:\/\/dmcsrb.com\/en\/wp-json\/wp\/v2\/posts\/948922\/revisions"}],"wp:featuredmedia":[{"embeddable":true,"href":"https:\/\/dmcsrb.com\/en\/wp-json\/wp\/v2\/media\/948923"}],"wp:attachment":[{"href":"https:\/\/dmcsrb.com\/en\/wp-json\/wp\/v2\/media?parent=948922"}],"wp:term":[{"taxonomy":"category","embeddable":true,"href":"https:\/\/dmcsrb.com\/en\/wp-json\/wp\/v2\/categories?post=948922"},{"taxonomy":"post_tag","embeddable":true,"href":"https:\/\/dmcsrb.com\/en\/wp-json\/wp\/v2\/tags?post=948922"},{"taxonomy":"naslovna","embeddable":true,"href":"https:\/\/dmcsrb.com\/en\/wp-json\/wp\/v2\/naslovna?post=948922"}],"curies":[{"name":"wp","href":"https:\/\/api.w.org\/{rel}","templated":true}]}}