{"id":948888,"date":"2025-08-28T19:49:00","date_gmt":"2025-08-28T17:49:00","guid":{"rendered":"https:\/\/dmcsrb.com\/uncategorized\/dodik-trazit-cu-od-rusije-da-stavi-veto-na-produzenje-mandata-eufor-a-moramo-ih-se-osloboditi\/"},"modified":"2025-08-28T19:49:00","modified_gmt":"2025-08-28T17:49:00","slug":"dodik-trazit-cu-od-rusije-da-stavi-veto-na-produzenje-mandata-eufor-a-moramo-ih-se-osloboditi","status":"publish","type":"post","link":"https:\/\/dmcsrb.com\/en\/region\/dodik-trazit-cu-od-rusije-da-stavi-veto-na-produzenje-mandata-eufor-a-moramo-ih-se-osloboditi\/","title":{"rendered":"Dodik: Tra\u017eit \u0107u od Rusije da stavi veto na produ\u017eenje mandata EUFOR-a, moramo ih se osloboditi"},"content":{"rendered":"<p>Dodik smatra da je BiH \u201cpod okupacijom\u201d.<\/p>\n\n\n\n<p>\u201cImate lokalnu civilnu upravu od strane stranca koji se zove Schmidt i oru\u017eani dio te okupacije koji se zove Altea. Mi \u017eelimo da sklonimo i jedno, i drugo. A da bismo sklonili \u2013 moramo biti posebna dr\u017eava\u201d, rekao je Dodik.<\/p>\n\n\n\n<p>Na pitanje \u0161ta \u0107e prenijeti sagovornicima u Rusiji, Dodik je kazao da \u0107e najvjerovatnije tra\u017eiti da ukinu saglanost na Vije\u0107u sigurnosti UN-a i podignu veto za prisustvo evropskih me\u0111unarodnih snaga u BiH.<\/p>\n\n\n\n<p>\u201cOne su se naj\u010de\u0161\u0107e koristile kao prijetnja nama Srbima i kao dio te okupacione me\u0111unarodne vlasti. Da bismo se mi oslobodili svega toga moramo tra\u017eiti da se povuku te okupacione snage i da se stranci sklone od odlu\u010divanja. To nije mogu\u0107e na nivou BiH i zato se Republika Srpska mora proglasiti nezavisnom i imati svoj sistem funkcionisanja, mimo Sarajeva i mimo stranaca. A sad se vidi da \u0107e o\u010digledno do\u0107i ne samo do otopljavanja nego i do dogovora izme\u0111u predsjednika Putina i predsjednika Trumpa. Vidimo Evropljane kako bukvalno kme\u010de \u010dekaju\u0107i red. Prije dvije godine kad sam gostovao na diplomatskoj akademiji u Be\u010du pitali su me za\u0161to se sre\u0107em s predsjednikom (Putinom). Rekao sam im kad se sve ovo zavr\u0161i da najvjerovatnije kad vi stanete u red pred Putina ja ne\u0107u mo\u0107i pro\u0107i od vas koliko \u0107e vas tamo biti. To se sad ve\u0107 doga\u0111a\u201d, rekao je Dodik.<\/p>","protected":false},"excerpt":{"rendered":"<p>Biv\u0161i predsjednik Republike Srpske Milorad Dodik kojem je oduzet mandat jer je pravosna\u017eno osu\u0111en najavio je da uskoro ide u Moskvu gdje \u0107e od predstavnika Rusije tra\u017eiti da u Vije\u0107u sigurnosti UN-a stave veto na produ\u017eenje misije \u201cAlthea\u201d EUFOR-a u Bosni i Hercegovini.<\/p>","protected":false},"author":1,"featured_media":944211,"comment_status":"open","ping_status":"open","sticky":false,"template":"","format":"standard","meta":{"_acf_changed":false,"footnotes":""},"categories":[103],"tags":[6776,6723],"naslovna":[],"class_list":["post-948888","post","type-post","status-publish","format-standard","has-post-thumbnail","hentry","category-region","tag-dodik","tag-rs"],"acf":[],"yoast_head":"<!-- This site is optimized with the Yoast SEO plugin v27.4 - https:\/\/yoast.com\/product\/yoast-seo-wordpress\/ -->\n<title>Dodik: Tra\u017eit \u0107u od Rusije da stavi veto na produ\u017eenje mandata EUFOR-a, moramo ih se osloboditi - dmcsrb.com<\/title>\n<meta name=\"robots\" content=\"index, follow, max-snippet:-1, max-image-preview:large, max-video-preview:-1\" \/>\n<link rel=\"canonical\" href=\"https:\/\/dmcsrb.com\/en\/region\/dodik-trazit-cu-od-rusije-da-stavi-veto-na-produzenje-mandata-eufor-a-moramo-ih-se-osloboditi\/\" \/>\n<meta property=\"og:locale\" content=\"en_GB\" \/>\n<meta property=\"og:type\" content=\"article\" \/>\n<meta property=\"og:title\" content=\"Dodik: Tra\u017eit \u0107u od Rusije da stavi veto na produ\u017eenje mandata EUFOR-a, moramo ih se osloboditi - dmcsrb.com\" \/>\n<meta property=\"og:description\" content=\"Biv\u0161i predsjednik Republike Srpske Milorad Dodik kojem je oduzet mandat jer je pravosna\u017eno osu\u0111en najavio je da uskoro ide u Moskvu gdje \u0107e od predstavnika Rusije tra\u017eiti da u Vije\u0107u sigurnosti UN-a stave veto na produ\u017eenje misije \u201cAlthea\u201d EUFOR-a u Bosni i Hercegovini.\" \/>\n<meta property=\"og:url\" content=\"https:\/\/dmcsrb.com\/en\/region\/dodik-trazit-cu-od-rusije-da-stavi-veto-na-produzenje-mandata-eufor-a-moramo-ih-se-osloboditi\/\" \/>\n<meta property=\"og:site_name\" content=\"dmcsrb.com\" \/>\n<meta property=\"article:published_time\" content=\"2025-08-28T17:49:00+00:00\" \/>\n<meta property=\"og:image\" content=\"https:\/\/dmcsrb.com\/wp-content\/uploads\/2026\/01\/Milorad-Dodik-foto-AP.webp\" \/>\n\t<meta property=\"og:image:width\" content=\"1011\" \/>\n\t<meta property=\"og:image:height\" content=\"625\" \/>\n\t<meta property=\"og:image:type\" content=\"image\/jpeg\" \/>\n<meta name=\"author\" content=\"dmcsrbija.com@gmail.com\" \/>\n<meta name=\"twitter:card\" content=\"summary_large_image\" \/>\n<meta name=\"twitter:label1\" content=\"Written by\" \/>\n\t<meta name=\"twitter:data1\" content=\"dmcsrbija.com@gmail.com\" \/>\n\t<meta name=\"twitter:label2\" content=\"Estimated reading time\" \/>\n\t<meta name=\"twitter:data2\" content=\"1 minute\" \/>\n<script type=\"application\/ld+json\" class=\"yoast-schema-graph\">{\"@context\":\"https:\\\/\\\/schema.org\",\"@graph\":[{\"@type\":\"Article\",\"@id\":\"https:\\\/\\\/dmcsrb.com\\\/en\\\/region\\\/dodik-trazit-cu-od-rusije-da-stavi-veto-na-produzenje-mandata-eufor-a-moramo-ih-se-osloboditi\\\/#article\",\"isPartOf\":{\"@id\":\"https:\\\/\\\/dmcsrb.com\\\/en\\\/region\\\/dodik-trazit-cu-od-rusije-da-stavi-veto-na-produzenje-mandata-eufor-a-moramo-ih-se-osloboditi\\\/\"},\"author\":{\"name\":\"dmcsrbija.com@gmail.com\",\"@id\":\"https:\\\/\\\/dmcsrb.com\\\/#\\\/schema\\\/person\\\/5c39170f12db1b8b457732d0b5c854e2\"},\"headline\":\"Dodik: Tra\u017eit \u0107u od Rusije da stavi veto na produ\u017eenje mandata EUFOR-a, moramo ih se osloboditi\",\"datePublished\":\"2025-08-28T17:49:00+00:00\",\"mainEntityOfPage\":{\"@id\":\"https:\\\/\\\/dmcsrb.com\\\/en\\\/region\\\/dodik-trazit-cu-od-rusije-da-stavi-veto-na-produzenje-mandata-eufor-a-moramo-ih-se-osloboditi\\\/\"},\"wordCount\":267,\"commentCount\":0,\"image\":{\"@id\":\"https:\\\/\\\/dmcsrb.com\\\/en\\\/region\\\/dodik-trazit-cu-od-rusije-da-stavi-veto-na-produzenje-mandata-eufor-a-moramo-ih-se-osloboditi\\\/#primaryimage\"},\"thumbnailUrl\":\"https:\\\/\\\/dmcsrb.com\\\/wp-content\\\/uploads\\\/2026\\\/01\\\/Milorad-Dodik-foto-AP.webp\",\"keywords\":[\"Dodik\",\"RS\"],\"articleSection\":[\"Region\"],\"inLanguage\":\"en-GB\",\"potentialAction\":[{\"@type\":\"CommentAction\",\"name\":\"Comment\",\"target\":[\"https:\\\/\\\/dmcsrb.com\\\/en\\\/region\\\/dodik-trazit-cu-od-rusije-da-stavi-veto-na-produzenje-mandata-eufor-a-moramo-ih-se-osloboditi\\\/#respond\"]}]},{\"@type\":\"WebPage\",\"@id\":\"https:\\\/\\\/dmcsrb.com\\\/en\\\/region\\\/dodik-trazit-cu-od-rusije-da-stavi-veto-na-produzenje-mandata-eufor-a-moramo-ih-se-osloboditi\\\/\",\"url\":\"https:\\\/\\\/dmcsrb.com\\\/en\\\/region\\\/dodik-trazit-cu-od-rusije-da-stavi-veto-na-produzenje-mandata-eufor-a-moramo-ih-se-osloboditi\\\/\",\"name\":\"Dodik: Tra\u017eit \u0107u od Rusije da stavi veto na produ\u017eenje mandata EUFOR-a, moramo ih se osloboditi - dmcsrb.com\",\"isPartOf\":{\"@id\":\"https:\\\/\\\/dmcsrb.com\\\/#website\"},\"primaryImageOfPage\":{\"@id\":\"https:\\\/\\\/dmcsrb.com\\\/en\\\/region\\\/dodik-trazit-cu-od-rusije-da-stavi-veto-na-produzenje-mandata-eufor-a-moramo-ih-se-osloboditi\\\/#primaryimage\"},\"image\":{\"@id\":\"https:\\\/\\\/dmcsrb.com\\\/en\\\/region\\\/dodik-trazit-cu-od-rusije-da-stavi-veto-na-produzenje-mandata-eufor-a-moramo-ih-se-osloboditi\\\/#primaryimage\"},\"thumbnailUrl\":\"https:\\\/\\\/dmcsrb.com\\\/wp-content\\\/uploads\\\/2026\\\/01\\\/Milorad-Dodik-foto-AP.webp\",\"datePublished\":\"2025-08-28T17:49:00+00:00\",\"author\":{\"@id\":\"https:\\\/\\\/dmcsrb.com\\\/#\\\/schema\\\/person\\\/5c39170f12db1b8b457732d0b5c854e2\"},\"breadcrumb\":{\"@id\":\"https:\\\/\\\/dmcsrb.com\\\/en\\\/region\\\/dodik-trazit-cu-od-rusije-da-stavi-veto-na-produzenje-mandata-eufor-a-moramo-ih-se-osloboditi\\\/#breadcrumb\"},\"inLanguage\":\"en-GB\",\"potentialAction\":[{\"@type\":\"ReadAction\",\"target\":[\"https:\\\/\\\/dmcsrb.com\\\/en\\\/region\\\/dodik-trazit-cu-od-rusije-da-stavi-veto-na-produzenje-mandata-eufor-a-moramo-ih-se-osloboditi\\\/\"]}]},{\"@type\":\"ImageObject\",\"inLanguage\":\"en-GB\",\"@id\":\"https:\\\/\\\/dmcsrb.com\\\/en\\\/region\\\/dodik-trazit-cu-od-rusije-da-stavi-veto-na-produzenje-mandata-eufor-a-moramo-ih-se-osloboditi\\\/#primaryimage\",\"url\":\"https:\\\/\\\/dmcsrb.com\\\/wp-content\\\/uploads\\\/2026\\\/01\\\/Milorad-Dodik-foto-AP.webp\",\"contentUrl\":\"https:\\\/\\\/dmcsrb.com\\\/wp-content\\\/uploads\\\/2026\\\/01\\\/Milorad-Dodik-foto-AP.webp\",\"width\":1011,\"height\":625},{\"@type\":\"BreadcrumbList\",\"@id\":\"https:\\\/\\\/dmcsrb.com\\\/en\\\/region\\\/dodik-trazit-cu-od-rusije-da-stavi-veto-na-produzenje-mandata-eufor-a-moramo-ih-se-osloboditi\\\/#breadcrumb\",\"itemListElement\":[{\"@type\":\"ListItem\",\"position\":1,\"name\":\"Home\",\"item\":\"https:\\\/\\\/dmcsrb.com\\\/\"},{\"@type\":\"ListItem\",\"position\":2,\"name\":\"Dodik: Tra\u017eit \u0107u od Rusije da stavi veto na produ\u017eenje mandata EUFOR-a, moramo ih se osloboditi\"}]},{\"@type\":\"WebSite\",\"@id\":\"https:\\\/\\\/dmcsrb.com\\\/#website\",\"url\":\"https:\\\/\\\/dmcsrb.com\\\/\",\"name\":\"dmcsrb.com\",\"description\":\"\",\"potentialAction\":[{\"@type\":\"SearchAction\",\"target\":{\"@type\":\"EntryPoint\",\"urlTemplate\":\"https:\\\/\\\/dmcsrb.com\\\/?s={search_term_string}\"},\"query-input\":{\"@type\":\"PropertyValueSpecification\",\"valueRequired\":true,\"valueName\":\"search_term_string\"}}],\"inLanguage\":\"en-GB\"},{\"@type\":\"Person\",\"@id\":\"https:\\\/\\\/dmcsrb.com\\\/#\\\/schema\\\/person\\\/5c39170f12db1b8b457732d0b5c854e2\",\"name\":\"dmcsrbija.com@gmail.com\",\"image\":{\"@type\":\"ImageObject\",\"inLanguage\":\"en-GB\",\"@id\":\"https:\\\/\\\/secure.gravatar.com\\\/avatar\\\/68592660ad6347fad0fb587f8d5d8f1a7b44961362f56e4f2cd524feb87e9069?s=96&d=mm&r=g\",\"url\":\"https:\\\/\\\/secure.gravatar.com\\\/avatar\\\/68592660ad6347fad0fb587f8d5d8f1a7b44961362f56e4f2cd524feb87e9069?s=96&d=mm&r=g\",\"contentUrl\":\"https:\\\/\\\/secure.gravatar.com\\\/avatar\\\/68592660ad6347fad0fb587f8d5d8f1a7b44961362f56e4f2cd524feb87e9069?s=96&d=mm&r=g\",\"caption\":\"dmcsrbija.com@gmail.com\"},\"sameAs\":[\"https:\\\/\\\/dmcsrb.com\"],\"url\":\"https:\\\/\\\/dmcsrb.com\\\/en\\\/author\\\/dmcsrbija-comgmail-com\\\/\"}]}<\/script>\n<!-- \/ Yoast SEO plugin. -->","yoast_head_json":{"title":"Dodik: Tra\u017eit \u0107u od Rusije da stavi veto na produ\u017eenje mandata EUFOR-a, moramo ih se osloboditi - dmcsrb.com","robots":{"index":"index","follow":"follow","max-snippet":"max-snippet:-1","max-image-preview":"max-image-preview:large","max-video-preview":"max-video-preview:-1"},"canonical":"https:\/\/dmcsrb.com\/en\/region\/dodik-trazit-cu-od-rusije-da-stavi-veto-na-produzenje-mandata-eufor-a-moramo-ih-se-osloboditi\/","og_locale":"en_GB","og_type":"article","og_title":"Dodik: Tra\u017eit \u0107u od Rusije da stavi veto na produ\u017eenje mandata EUFOR-a, moramo ih se osloboditi - dmcsrb.com","og_description":"Biv\u0161i predsjednik Republike Srpske Milorad Dodik kojem je oduzet mandat jer je pravosna\u017eno osu\u0111en najavio je da uskoro ide u Moskvu gdje \u0107e od predstavnika Rusije tra\u017eiti da u Vije\u0107u sigurnosti UN-a stave veto na produ\u017eenje misije \u201cAlthea\u201d EUFOR-a u Bosni i Hercegovini.","og_url":"https:\/\/dmcsrb.com\/en\/region\/dodik-trazit-cu-od-rusije-da-stavi-veto-na-produzenje-mandata-eufor-a-moramo-ih-se-osloboditi\/","og_site_name":"dmcsrb.com","article_published_time":"2025-08-28T17:49:00+00:00","og_image":[{"width":1011,"height":625,"url":"https:\/\/dmcsrb.com\/wp-content\/uploads\/2026\/01\/Milorad-Dodik-foto-AP.webp","type":"image\/jpeg"}],"author":"dmcsrbija.com@gmail.com","twitter_card":"summary_large_image","twitter_misc":{"Written by":"dmcsrbija.com@gmail.com","Estimated reading time":"1 minute"},"schema":{"@context":"https:\/\/schema.org","@graph":[{"@type":"Article","@id":"https:\/\/dmcsrb.com\/en\/region\/dodik-trazit-cu-od-rusije-da-stavi-veto-na-produzenje-mandata-eufor-a-moramo-ih-se-osloboditi\/#article","isPartOf":{"@id":"https:\/\/dmcsrb.com\/en\/region\/dodik-trazit-cu-od-rusije-da-stavi-veto-na-produzenje-mandata-eufor-a-moramo-ih-se-osloboditi\/"},"author":{"name":"dmcsrbija.com@gmail.com","@id":"https:\/\/dmcsrb.com\/#\/schema\/person\/5c39170f12db1b8b457732d0b5c854e2"},"headline":"Dodik: Tra\u017eit \u0107u od Rusije da stavi veto na produ\u017eenje mandata EUFOR-a, moramo ih se osloboditi","datePublished":"2025-08-28T17:49:00+00:00","mainEntityOfPage":{"@id":"https:\/\/dmcsrb.com\/en\/region\/dodik-trazit-cu-od-rusije-da-stavi-veto-na-produzenje-mandata-eufor-a-moramo-ih-se-osloboditi\/"},"wordCount":267,"commentCount":0,"image":{"@id":"https:\/\/dmcsrb.com\/en\/region\/dodik-trazit-cu-od-rusije-da-stavi-veto-na-produzenje-mandata-eufor-a-moramo-ih-se-osloboditi\/#primaryimage"},"thumbnailUrl":"https:\/\/dmcsrb.com\/wp-content\/uploads\/2026\/01\/Milorad-Dodik-foto-AP.webp","keywords":["Dodik","RS"],"articleSection":["Region"],"inLanguage":"en-GB","potentialAction":[{"@type":"CommentAction","name":"Comment","target":["https:\/\/dmcsrb.com\/en\/region\/dodik-trazit-cu-od-rusije-da-stavi-veto-na-produzenje-mandata-eufor-a-moramo-ih-se-osloboditi\/#respond"]}]},{"@type":"WebPage","@id":"https:\/\/dmcsrb.com\/en\/region\/dodik-trazit-cu-od-rusije-da-stavi-veto-na-produzenje-mandata-eufor-a-moramo-ih-se-osloboditi\/","url":"https:\/\/dmcsrb.com\/en\/region\/dodik-trazit-cu-od-rusije-da-stavi-veto-na-produzenje-mandata-eufor-a-moramo-ih-se-osloboditi\/","name":"Dodik: Tra\u017eit \u0107u od Rusije da stavi veto na produ\u017eenje mandata EUFOR-a, moramo ih se osloboditi - dmcsrb.com","isPartOf":{"@id":"https:\/\/dmcsrb.com\/#website"},"primaryImageOfPage":{"@id":"https:\/\/dmcsrb.com\/en\/region\/dodik-trazit-cu-od-rusije-da-stavi-veto-na-produzenje-mandata-eufor-a-moramo-ih-se-osloboditi\/#primaryimage"},"image":{"@id":"https:\/\/dmcsrb.com\/en\/region\/dodik-trazit-cu-od-rusije-da-stavi-veto-na-produzenje-mandata-eufor-a-moramo-ih-se-osloboditi\/#primaryimage"},"thumbnailUrl":"https:\/\/dmcsrb.com\/wp-content\/uploads\/2026\/01\/Milorad-Dodik-foto-AP.webp","datePublished":"2025-08-28T17:49:00+00:00","author":{"@id":"https:\/\/dmcsrb.com\/#\/schema\/person\/5c39170f12db1b8b457732d0b5c854e2"},"breadcrumb":{"@id":"https:\/\/dmcsrb.com\/en\/region\/dodik-trazit-cu-od-rusije-da-stavi-veto-na-produzenje-mandata-eufor-a-moramo-ih-se-osloboditi\/#breadcrumb"},"inLanguage":"en-GB","potentialAction":[{"@type":"ReadAction","target":["https:\/\/dmcsrb.com\/en\/region\/dodik-trazit-cu-od-rusije-da-stavi-veto-na-produzenje-mandata-eufor-a-moramo-ih-se-osloboditi\/"]}]},{"@type":"ImageObject","inLanguage":"en-GB","@id":"https:\/\/dmcsrb.com\/en\/region\/dodik-trazit-cu-od-rusije-da-stavi-veto-na-produzenje-mandata-eufor-a-moramo-ih-se-osloboditi\/#primaryimage","url":"https:\/\/dmcsrb.com\/wp-content\/uploads\/2026\/01\/Milorad-Dodik-foto-AP.webp","contentUrl":"https:\/\/dmcsrb.com\/wp-content\/uploads\/2026\/01\/Milorad-Dodik-foto-AP.webp","width":1011,"height":625},{"@type":"BreadcrumbList","@id":"https:\/\/dmcsrb.com\/en\/region\/dodik-trazit-cu-od-rusije-da-stavi-veto-na-produzenje-mandata-eufor-a-moramo-ih-se-osloboditi\/#breadcrumb","itemListElement":[{"@type":"ListItem","position":1,"name":"Home","item":"https:\/\/dmcsrb.com\/"},{"@type":"ListItem","position":2,"name":"Dodik: Tra\u017eit \u0107u od Rusije da stavi veto na produ\u017eenje mandata EUFOR-a, moramo ih se osloboditi"}]},{"@type":"WebSite","@id":"https:\/\/dmcsrb.com\/#website","url":"https:\/\/dmcsrb.com\/","name":"dmcsrb.com","description":"","potentialAction":[{"@type":"SearchAction","target":{"@type":"EntryPoint","urlTemplate":"https:\/\/dmcsrb.com\/?s={search_term_string}"},"query-input":{"@type":"PropertyValueSpecification","valueRequired":true,"valueName":"search_term_string"}}],"inLanguage":"en-GB"},{"@type":"Person","@id":"https:\/\/dmcsrb.com\/#\/schema\/person\/5c39170f12db1b8b457732d0b5c854e2","name":"dmcsrbija.com@gmail.com","image":{"@type":"ImageObject","inLanguage":"en-GB","@id":"https:\/\/secure.gravatar.com\/avatar\/68592660ad6347fad0fb587f8d5d8f1a7b44961362f56e4f2cd524feb87e9069?s=96&d=mm&r=g","url":"https:\/\/secure.gravatar.com\/avatar\/68592660ad6347fad0fb587f8d5d8f1a7b44961362f56e4f2cd524feb87e9069?s=96&d=mm&r=g","contentUrl":"https:\/\/secure.gravatar.com\/avatar\/68592660ad6347fad0fb587f8d5d8f1a7b44961362f56e4f2cd524feb87e9069?s=96&d=mm&r=g","caption":"dmcsrbija.com@gmail.com"},"sameAs":["https:\/\/dmcsrb.com"],"url":"https:\/\/dmcsrb.com\/en\/author\/dmcsrbija-comgmail-com\/"}]}},"_links":{"self":[{"href":"https:\/\/dmcsrb.com\/en\/wp-json\/wp\/v2\/posts\/948888","targetHints":{"allow":["GET"]}}],"collection":[{"href":"https:\/\/dmcsrb.com\/en\/wp-json\/wp\/v2\/posts"}],"about":[{"href":"https:\/\/dmcsrb.com\/en\/wp-json\/wp\/v2\/types\/post"}],"author":[{"embeddable":true,"href":"https:\/\/dmcsrb.com\/en\/wp-json\/wp\/v2\/users\/1"}],"replies":[{"embeddable":true,"href":"https:\/\/dmcsrb.com\/en\/wp-json\/wp\/v2\/comments?post=948888"}],"version-history":[{"count":0,"href":"https:\/\/dmcsrb.com\/en\/wp-json\/wp\/v2\/posts\/948888\/revisions"}],"wp:featuredmedia":[{"embeddable":true,"href":"https:\/\/dmcsrb.com\/en\/wp-json\/wp\/v2\/media\/944211"}],"wp:attachment":[{"href":"https:\/\/dmcsrb.com\/en\/wp-json\/wp\/v2\/media?parent=948888"}],"wp:term":[{"taxonomy":"category","embeddable":true,"href":"https:\/\/dmcsrb.com\/en\/wp-json\/wp\/v2\/categories?post=948888"},{"taxonomy":"post_tag","embeddable":true,"href":"https:\/\/dmcsrb.com\/en\/wp-json\/wp\/v2\/tags?post=948888"},{"taxonomy":"naslovna","embeddable":true,"href":"https:\/\/dmcsrb.com\/en\/wp-json\/wp\/v2\/naslovna?post=948888"}],"curies":[{"name":"wp","href":"https:\/\/api.w.org\/{rel}","templated":true}]}}